{"id":342508,"date":"2024-06-27T13:00:55","date_gmt":"2024-06-27T13:00:55","guid":{"rendered":"https:\/\/belux.edmo.eu\/?p=342508"},"modified":"2024-07-30T10:51:40","modified_gmt":"2024-07-30T10:51:40","slug":"faktencheck-video-vum-futtballtrainer-pep-guardiola-gtt-als-protest-gint-israel-feelinterpretiert","status":"publish","type":"post","link":"https:\/\/belux.edmo.eu\/lb\/faktencheck-video-vum-futtballtrainer-pep-guardiola-gtt-als-protest-gint-israel-feelinterpretiert\/","title":{"rendered":"Faktencheck: Video vum Futtballtrainer Pep Guardiola g\u00ebtt als Protest g\u00e9int Israel feelinterpret\u00e9iert"},"content":{"rendered":"<article>\n<div>\n<div>\n<p>&nbsp;<\/p>\n<\/div>\n<div>\n<p>De bekannten Trainer vu Manchester City, de Pep Guardiola, geet an engem Stadion laanscht e Mann. Dass hien him net d&#8217;Hand reecht, w\u00e4erte B\u00e4itr\u00e4g a Sozialen Netzwierker als Gest vu Protest g\u00e9int de Mann mat angeeblech israeelesche Wuerzelen.<\/p>\n<p class=\"article-body__summary\">\u00a0Mat Symbolik am Kader vum Konflikt am Noen Osten huet d&#8217;Zeen awer n\u00e4ischt ze dinn. Bei d\u00ebsem Mann handelt et sech net \u00ebm en israeelesche Fonctionnaire, mee \u00ebm e fr\u00e9ieren englesche Futtballmanager.<\/p>\n<p class=\"article-body__summary\">An engem Video ges\u00e4it ee w\u00e9i de <a href=\"https:\/\/perma.cc\/3DZY-QUGN\" target=\"_blank\" rel=\"noopener\">Pep Guardiola<\/a> am Londoner Wembley-Stadion op der Trib\u00fcn laanscht e Mann geet, ouni hie m\u00e9i genee ze betruechten. Anere M\u00e4nner g\u00ebtt hie par konter d&#8217;Hand. Am Internet gi B\u00e4itr\u00e4g op <a href=\"https:\/\/web.archive.org\/web\/20240613092740\/https:\/\/www.instagram.com\/reel\/C7ewZZKs99c\/embed\/captioned\/\" target=\"_blank\" rel=\"noopener\">Instagram<\/a> an <a href=\"https:\/\/perma.cc\/7UEU-K8HD\" target=\"_blank\" rel=\"noopener\">Telegram<\/a> verbreet, wou d&#8217;Gesiicht vum Mann agekreest a mat engem israeelesche F\u00e4ndel mark\u00e9iert ass. D&#8217;B\u00e4itr\u00e4g interpret\u00e9ieren d&#8217;Zeen als politesche Gest g\u00e9int de Krich vum Land g\u00e9int d&#8217;Hamas. &#8220;Respekt fir de Guardiola fir s\u00e4in Zeeche vu Veruechtung duerch Netbetruechten&#8221;, heescht et an de B\u00e4itr\u00e4g. D&#8217;Behaaptung huet sech och op <a href=\"https:\/\/perma.cc\/8BN5-SCAR\" target=\"_blank\" rel=\"noopener\">Englesch<\/a>, <a href=\"https:\/\/perma.cc\/3GD6-VSGE?type=image\" target=\"_blank\" rel=\"noopener\">Frans\u00e9isch<\/a>, <a href=\"https:\/\/perma.cc\/3WXD-QLZB\" target=\"_blank\" rel=\"noopener\">Spuenesch<\/a>, <a href=\"https:\/\/perma.cc\/6ET8-9BX9?type=image\" target=\"_blank\" rel=\"noopener\">Griichesch<\/a> an <a href=\"https:\/\/perma.cc\/DF3D-AMLG\" target=\"_blank\" rel=\"noopener\">Indoneesesch<\/a> verbreet.<\/p>\n<p><img src=\"https:\/\/belux-edmo.s3-accelerate.amazonaws.com\/wp-content\/uploads\/2024\/06\/c5668ec54df4f2650f0534c416daca6d.jpeg\" alt=\"RTL\" \/> \u00a9 AFP<\/p>\n<p>D&#8217;B\u00e4itr\u00e4g koumen no der iwwerraschender <a href=\"https:\/\/perma.cc\/CF5Z-GCQ9\" target=\"_blank\" rel=\"noopener\">1:2-N\u00e9ierlag<\/a> vu Manchester City g\u00e9int de Lokalrival Manchester United an der <a href=\"https:\/\/perma.cc\/2BTK-MXL7\" target=\"_blank\" rel=\"noopener\">englescher Coupefinall<\/a> de 25. Mee 2024 op. De Video staamt awer net vun der FA-Cup-Finall an huet och n\u00e4ischt mat dem Krich t\u00ebscht Israel an der Hamas ze dinn.<\/p>\n<p>Eng <a href=\"https:\/\/www.youtube.com\/watch?v=Ez5o69CeXUw&amp;t=1s\" target=\"_blank\" rel=\"noopener\">\u00ebmgek\u00e9iert Biller<\/a>&#8211; a <a href=\"https:\/\/www.youtube.com\/watch?v=51u0SkyaAA0\" target=\"_blank\" rel=\"noopener\">St\u00e9chwierdersich<\/a> ergouf, dass de Video no engem <a href=\"https:\/\/www.youtube.com\/live\/UWyMIwQcG3E?t=7557s\" target=\"_blank\" rel=\"noopener\">Futtballmatch<\/a> de 6. August 2023 opgeholl gouf (<a href=\"https:\/\/perma.cc\/9CSR-C5BV\" target=\"_blank\" rel=\"noopener\">hei<\/a> archiv\u00e9iert). Dem Guardiola seng Ekipp hat deemools g\u00e9int Arsenal gespillt an hat am <a href=\"https:\/\/perma.cc\/Q76C-YJHA\" target=\"_blank\" rel=\"noopener\">Eelefmetersch\u00e9issen<\/a> de <a href=\"https:\/\/perma.cc\/3ZQY-ZM87\" target=\"_blank\" rel=\"noopener\">Community Shield<\/a> verluer.<\/p>\n<p><iframe title=\"YouTube video player\" src=\"https:\/\/www.youtube.com\/embed\/UWyMIwQcG3E?si=yw9cOMhAp8ygLd3S&amp;start=7557\" width=\"560\" height=\"315\" frameborder=\"0\" scrolling=\"auto\" allowfullscreen=\"allowfullscreen\"><\/iframe><\/p>\n<p><a href=\"https:\/\/perma.cc\/RJ5G-YDCF\">Artikel<\/a> und <a href=\"https:\/\/perma.cc\/Z8UR-GXF5\">Notzer vu Sozialen Netzwierker\u00a0<\/a>hunn de Mann, deen de Guardiola ze ignor\u00e9iere sch\u00e9ngt, als Alan Smith identifiz\u00e9iert, en eemolege Manager vum englesche Ver\u00e4i Crystal Palace.<\/p>\n<p>A verschiddenen <a href=\"https:\/\/x.com\/AG_Smithy\/status\/1688452080749400064\" target=\"_blank\" rel=\"noopener\">\u00c4ntwerten<\/a> op d&#8217;Fro vun engem X-User no deem Virfall hat de Smith deemools geschriwwen, hei w\u00e4r &#8220;net s\u00e9cher&#8221;, ob de Guardiola him absichtlech aus dem Wee gaange w\u00e4r, awer et w\u00e4r keng Beleidegung gewiescht (<a href=\"https:\/\/perma.cc\/JHR6-5KNP\" target=\"_blank\" rel=\"noopener\">hei<\/a> an <a href=\"https:\/\/perma.cc\/L966-XHSG\" target=\"_blank\" rel=\"noopener\">hei<\/a> archiv\u00e9iert). &#8220;Denks du, hien huet gemengt, ech w\u00e4r fir Arsenal??&#8221; huet de Smith de 7. August 2023 gegeckst.<\/p>\n<p>An engem anere <a href=\"https:\/\/perma.cc\/GMP8-X7WM\" target=\"_blank\" rel=\"noopener\">B\u00e4itrag<\/a> huet de Smith ugedeit, dass de Guardiola hie mam englesche Futtballverband a Verbindung bruecht hu k\u00e9int an &#8220;net gl\u00e9cklech iwwer d&#8217;Nospillz\u00e4it an d\u00e9i nei Reegele&#8221; war.<\/p>\n<p><a href=\"https:\/\/perma.cc\/V5G7-XXSS\" target=\"_blank\" rel=\"noopener\">Fotoe<\/a> vum <a href=\"https:\/\/perma.cc\/E2LJ-88HE\" target=\"_blank\" rel=\"noopener\">Smith<\/a> maachen d\u00e4itlech, dass hien de Mann ass, deen am Video gewise g\u00ebtt.<\/p>\n<p><img src=\"https:\/\/belux-edmo.s3-accelerate.amazonaws.com\/wp-content\/uploads\/2024\/06\/13e6f674b6607f8103da319cf2c354d1.jpeg\" alt=\"RTL\" \/> \u00a9 AFP<\/p>\n<p>W\u00e9i de Clip 2024 a Sozialen Netzwierker falsch duergestallt gouf, huet de Smith mat <a href=\"https:\/\/x.com\/AG_Smithy\/status\/1795158121414844805\" target=\"_blank\" rel=\"noopener\">laachenden Emojis<\/a> op eng Rei B\u00e4itr\u00e4g vu Crystal-Palace-Fans reag\u00e9iert. An engem B\u00e4itrag huet hie <a href=\"https:\/\/x.com\/AG_Smithy\/status\/1795138114479956419\" target=\"_blank\" rel=\"noopener\">geschriwwen<\/a>, et w\u00e4r &#8220;d&#8217;lescht Saison&#8221; geschitt, an an engem aneren huet hien iwwer seng Verwiesslung <a href=\"https:\/\/x.com\/AG_Smithy\/status\/1795144113873916242\" target=\"_blank\" rel=\"noopener\">gegeckst<\/a> (<a href=\"https:\/\/perma.cc\/A9C9-CL6U\" target=\"_blank\" rel=\"noopener\">hei<\/a>, <a href=\"https:\/\/perma.cc\/7W6L-A2UY\" target=\"_blank\" rel=\"noopener\">hei<\/a> an <a href=\"https:\/\/perma.cc\/FB79-6NBS\" target=\"_blank\" rel=\"noopener\">hei<\/a> archiv\u00e9iert).<\/p>\n<p>De Smith war och bei der FA-Cup-Finall de 25. Mee 2024 <a href=\"https:\/\/perma.cc\/WYH2-AXUA\" target=\"_blank\" rel=\"noopener\">am Stadion<\/a>. Nom Match huet de Guardiola him <a href=\"https:\/\/perma.cc\/Q4NH-GQWM\" target=\"_blank\" rel=\"noopener\">d&#8217;Hand ginn<\/a>, w\u00e9i Opname beweisen.<\/p>\n<p>D&#8217;AFP huet Manchester City \u00ebm e Kommentar gebieden, awer keng \u00c4ntwert kritt.<\/p>\n<p>De Guardiola ass just ee vu ville <a href=\"https:\/\/factcheck.afp.com\/doc.afp.com.346A24R\" target=\"_blank\" rel=\"noopener\">Prominenten<\/a>, d\u00e9i Zilscheif vun <a href=\"https:\/\/factcheck.afp.com\/doc.afp.com.33ZP4DN\" target=\"_blank\" rel=\"noopener\">Desinformatioun<\/a> iwwer de Krich t\u00ebscht Israel an der Hamas gi sinn. Sou huet d&#8217;AFP schonn d&#8217;Behaaptung opgedeckt, e Video g\u00e9if de Schauspiller <a href=\"https:\/\/factcheck.afp.com\/doc.afp.com.34QN667\" target=\"_blank\" rel=\"noopener\">Robert De Niro<\/a> bei der Konfrontatioun mat pro-pal\u00e4stinenseschen Demonstrante weisen, w\u00e4rend hien a Wierklechkeet bei Prouwe fir eng Zeen um Filmset war. D&#8217;AFP huet nach aner Desinformatiounen iwwer den <a href=\"..\/..\/storage\/data\/afp\/factcheck_v2\/DE\/list\/Nahostkonflikt\" target=\"_blank\" rel=\"noopener\">No-Ost-Konflikt<\/a> iwwerpr\u00e9ift.<\/p>\n<p><strong>Fazit:<\/strong> Den Trainer vu Manchester City, de Pep Guardiola, ignor\u00e9iert an engem online verbreete Video keen israeeleschen Offiziellen. Am Internet hunn Notzer de Video vum Guardiola, dee laanscht e Mann geet, als Protestsymbol gew\u00e4ert. Bei d\u00ebsem Mann handelt et sech allerd\u00e9ngs net \u00ebm e Vertrieder vun Israel, mee \u00ebm den Alan Smith, den eemolege Futtballmanager vum englesche Ver\u00e4i Crystal Palace.<\/p>\n<p><em>D\u00ebsen AFP-Artikel gouf vun RTL op L\u00ebtzebuergesch iwwersat.<\/em><\/p>\n<\/div>\n<\/div>\n<\/article>\n","protected":false},"excerpt":{"rendered":"<p>De bekannten Trainer vu Manchester City, de Pep Guardiola, geet an engem Stadion laanscht e Mann. Dass hien him net d&#8217;Hand reecht, w\u00e4erte B\u00e4itr\u00e4g a Sozialen Netzwierker als Gest vu Protest g\u00e9int de Mann mat angeeblech israeelesche Wuerzelen.<\/p>\n","protected":false},"author":1,"featured_media":342493,"comment_status":"closed","ping_status":"open","sticky":false,"template":"","format":"standard","meta":{"_acf_changed":false,"footnotes":""},"categories":[470,183,193],"tags":[],"class_list":{"0":"post-342508","1":"post","2":"type-post","3":"status-publish","4":"format-standard","5":"has-post-thumbnail","7":"category-editors-choice-lu","8":"category-fact-check-lb","9":"category-gesellschaft"},"acf":{"show_metatags":true,"id":"2206896","authors":"RTL L\u00ebtzebuerg","organization":"RTL","featured_image_copyright":"","text_copyright":"Copyright RTL \/ CLT-UFA S.A.","source":"https:\/\/www.rtl.lu\/news\/faktencheck\/a\/2206896.html","fact_checker":"https:\/\/belux.wpengine.com\/wp-content\/uploads\/2021\/12\/rtl_logo.png","type":"Closed Event","location":"","start_date":"","start_date_event_begins_at":"","start_date_event_ends_at":"","end_date":"","end_date_event_begins_at":"","end_date_event_ends_at":"","organizer":"","fact_checker_logo_image":false},"yoast_head":"<!-- This site is optimized with the Yoast SEO plugin v27.0 - https:\/\/yoast.com\/product\/yoast-seo-wordpress\/ -->\n<title>Faktencheck: Video vum Futtballtrainer Pep Guardiola g\u00ebtt als Protest g\u00e9int Israel feelinterpret\u00e9iert - EDMO Belux<\/title>\n<meta name=\"robots\" content=\"index, follow, max-snippet:-1, max-image-preview:large, max-video-preview:-1\" \/>\n<link rel=\"canonical\" href=\"https:\/\/belux.edmo.eu\/lb\/faktencheck-video-vum-futtballtrainer-pep-guardiola-gtt-als-protest-gint-israel-feelinterpretiert\/\" \/>\n<meta property=\"og:locale\" content=\"en_US\" \/>\n<meta property=\"og:type\" content=\"article\" \/>\n<meta property=\"og:title\" content=\"Faktencheck: Video vum Futtballtrainer Pep Guardiola g\u00ebtt als Protest g\u00e9int Israel feelinterpret\u00e9iert - EDMO Belux\" \/>\n<meta property=\"og:description\" content=\"De bekannten Trainer vu Manchester City, de Pep Guardiola, geet an engem Stadion laanscht e Mann. Dass hien him net d&#039;Hand reecht, w\u00e4erte B\u00e4itr\u00e4g a Sozialen Netzwierker als Gest vu Protest g\u00e9int de Mann mat angeeblech israeelesche Wuerzelen.\" \/>\n<meta property=\"og:url\" content=\"https:\/\/belux.edmo.eu\/lb\/faktencheck-video-vum-futtballtrainer-pep-guardiola-gtt-als-protest-gint-israel-feelinterpretiert\/\" \/>\n<meta property=\"og:site_name\" content=\"EDMO Belux\" \/>\n<meta property=\"article:published_time\" content=\"2024-06-27T13:00:55+00:00\" \/>\n<meta property=\"article:modified_time\" content=\"2024-07-30T10:51:40+00:00\" \/>\n<meta property=\"og:image\" content=\"https:\/\/belux-edmo.s3-accelerate.amazonaws.com\/wp-content\/uploads\/2024\/06\/91a3fee8c8cd4f26fc2fb902e6946e6c.jpeg\" \/>\n\t<meta property=\"og:image:width\" content=\"1080\" \/>\n\t<meta property=\"og:image:height\" content=\"608\" \/>\n\t<meta property=\"og:image:type\" content=\"image\/jpeg\" \/>\n<meta name=\"author\" content=\"master\" \/>\n<meta name=\"twitter:card\" content=\"summary_large_image\" \/>\n<meta name=\"twitter:creator\" content=\"@Edmo_Belux\" \/>\n<meta name=\"twitter:site\" content=\"@Edmo_Belux\" \/>\n<meta name=\"twitter:label1\" content=\"Written by\" \/>\n\t<meta name=\"twitter:data1\" content=\"master\" \/>\n\t<meta name=\"twitter:label2\" content=\"Est. reading time\" \/>\n\t<meta name=\"twitter:data2\" content=\"4 minutes\" \/>\n<script type=\"application\/ld+json\" class=\"yoast-schema-graph\">{\"@context\":\"https:\/\/schema.org\",\"@graph\":[{\"@type\":\"Article\",\"@id\":\"https:\/\/belux.edmo.eu\/lb\/faktencheck-video-vum-futtballtrainer-pep-guardiola-gtt-als-protest-gint-israel-feelinterpretiert\/#article\",\"isPartOf\":{\"@id\":\"https:\/\/belux.edmo.eu\/lb\/faktencheck-video-vum-futtballtrainer-pep-guardiola-gtt-als-protest-gint-israel-feelinterpretiert\/\"},\"author\":{\"name\":\"master\",\"@id\":\"https:\/\/belux.edmo.eu\/#\/schema\/person\/dbe3b252258537fd318f9b5645a30342\"},\"headline\":\"Faktencheck: Video vum Futtballtrainer Pep Guardiola g\u00ebtt als Protest g\u00e9int Israel feelinterpret\u00e9iert\",\"datePublished\":\"2024-06-27T13:00:55+00:00\",\"dateModified\":\"2024-07-30T10:51:40+00:00\",\"mainEntityOfPage\":{\"@id\":\"https:\/\/belux.edmo.eu\/lb\/faktencheck-video-vum-futtballtrainer-pep-guardiola-gtt-als-protest-gint-israel-feelinterpretiert\/\"},\"wordCount\":693,\"publisher\":{\"@id\":\"https:\/\/belux.edmo.eu\/#organization\"},\"image\":{\"@id\":\"https:\/\/belux.edmo.eu\/lb\/faktencheck-video-vum-futtballtrainer-pep-guardiola-gtt-als-protest-gint-israel-feelinterpretiert\/#primaryimage\"},\"thumbnailUrl\":\"https:\/\/belux-edmo.s3-accelerate.amazonaws.com\/wp-content\/uploads\/2024\/06\/91a3fee8c8cd4f26fc2fb902e6946e6c.jpeg\",\"articleSection\":[\"Editor's Choice Slider LU\",\"Fact Check\",\"Gesellschaft\"],\"inLanguage\":\"lb-LU\"},{\"@type\":\"WebPage\",\"@id\":\"https:\/\/belux.edmo.eu\/lb\/faktencheck-video-vum-futtballtrainer-pep-guardiola-gtt-als-protest-gint-israel-feelinterpretiert\/\",\"url\":\"https:\/\/belux.edmo.eu\/lb\/faktencheck-video-vum-futtballtrainer-pep-guardiola-gtt-als-protest-gint-israel-feelinterpretiert\/\",\"name\":\"Faktencheck: Video vum Futtballtrainer Pep Guardiola g\u00ebtt als Protest g\u00e9int Israel feelinterpret\u00e9iert - EDMO Belux\",\"isPartOf\":{\"@id\":\"https:\/\/belux.edmo.eu\/#website\"},\"primaryImageOfPage\":{\"@id\":\"https:\/\/belux.edmo.eu\/lb\/faktencheck-video-vum-futtballtrainer-pep-guardiola-gtt-als-protest-gint-israel-feelinterpretiert\/#primaryimage\"},\"image\":{\"@id\":\"https:\/\/belux.edmo.eu\/lb\/faktencheck-video-vum-futtballtrainer-pep-guardiola-gtt-als-protest-gint-israel-feelinterpretiert\/#primaryimage\"},\"thumbnailUrl\":\"https:\/\/belux-edmo.s3-accelerate.amazonaws.com\/wp-content\/uploads\/2024\/06\/91a3fee8c8cd4f26fc2fb902e6946e6c.jpeg\",\"datePublished\":\"2024-06-27T13:00:55+00:00\",\"dateModified\":\"2024-07-30T10:51:40+00:00\",\"breadcrumb\":{\"@id\":\"https:\/\/belux.edmo.eu\/lb\/faktencheck-video-vum-futtballtrainer-pep-guardiola-gtt-als-protest-gint-israel-feelinterpretiert\/#breadcrumb\"},\"inLanguage\":\"lb-LU\",\"potentialAction\":[{\"@type\":\"ReadAction\",\"target\":[\"https:\/\/belux.edmo.eu\/lb\/faktencheck-video-vum-futtballtrainer-pep-guardiola-gtt-als-protest-gint-israel-feelinterpretiert\/\"]}]},{\"@type\":\"ImageObject\",\"inLanguage\":\"lb-LU\",\"@id\":\"https:\/\/belux.edmo.eu\/lb\/faktencheck-video-vum-futtballtrainer-pep-guardiola-gtt-als-protest-gint-israel-feelinterpretiert\/#primaryimage\",\"url\":\"https:\/\/belux-edmo.s3-accelerate.amazonaws.com\/wp-content\/uploads\/2024\/06\/91a3fee8c8cd4f26fc2fb902e6946e6c.jpeg\",\"contentUrl\":\"https:\/\/belux-edmo.s3-accelerate.amazonaws.com\/wp-content\/uploads\/2024\/06\/91a3fee8c8cd4f26fc2fb902e6946e6c.jpeg\",\"width\":1080,\"height\":608,\"caption\":\"Faktencheck: Video vum Futtballtrainer Pep Guardiola g\u00ebtt als Protest g\u00e9int Israel feelinterpret\u00e9iert - Featured image\"},{\"@type\":\"BreadcrumbList\",\"@id\":\"https:\/\/belux.edmo.eu\/lb\/faktencheck-video-vum-futtballtrainer-pep-guardiola-gtt-als-protest-gint-israel-feelinterpretiert\/#breadcrumb\",\"itemListElement\":[{\"@type\":\"ListItem\",\"position\":1,\"name\":\"Home\",\"item\":\"https:\/\/belux.edmo.eu\/lb\/\"},{\"@type\":\"ListItem\",\"position\":2,\"name\":\"Faktencheck: Video vum Futtballtrainer Pep Guardiola g\u00ebtt als Protest g\u00e9int Israel feelinterpret\u00e9iert\"}]},{\"@type\":\"WebSite\",\"@id\":\"https:\/\/belux.edmo.eu\/#website\",\"url\":\"https:\/\/belux.edmo.eu\/\",\"name\":\"EDMO Belux\",\"description\":\"Monitoring Disinformation in Belgium and Luxembourg\",\"publisher\":{\"@id\":\"https:\/\/belux.edmo.eu\/#organization\"},\"potentialAction\":[{\"@type\":\"SearchAction\",\"target\":{\"@type\":\"EntryPoint\",\"urlTemplate\":\"https:\/\/belux.edmo.eu\/?s={search_term_string}\"},\"query-input\":{\"@type\":\"PropertyValueSpecification\",\"valueRequired\":true,\"valueName\":\"search_term_string\"}}],\"inLanguage\":\"lb-LU\"},{\"@type\":\"Organization\",\"@id\":\"https:\/\/belux.edmo.eu\/#organization\",\"name\":\"EDMO Belux\",\"url\":\"https:\/\/belux.edmo.eu\/\",\"logo\":{\"@type\":\"ImageObject\",\"inLanguage\":\"lb-LU\",\"@id\":\"https:\/\/belux.edmo.eu\/#\/schema\/logo\/image\/\",\"url\":\"https:\/\/belux.edmo.eu\/wp-content\/uploads\/2021\/12\/belux-logo-full-color-rgb.svg\",\"contentUrl\":\"https:\/\/belux.edmo.eu\/wp-content\/uploads\/2021\/12\/belux-logo-full-color-rgb.svg\",\"width\":1,\"height\":1,\"caption\":\"EDMO Belux\"},\"image\":{\"@id\":\"https:\/\/belux.edmo.eu\/#\/schema\/logo\/image\/\"},\"sameAs\":[\"https:\/\/x.com\/Edmo_Belux\"]},{\"@type\":\"Person\",\"@id\":\"https:\/\/belux.edmo.eu\/#\/schema\/person\/dbe3b252258537fd318f9b5645a30342\",\"name\":\"master\",\"sameAs\":[\"https:\/\/belux.wpengine.com\"],\"url\":\"https:\/\/belux.edmo.eu\/lb\/author\/master\/\"}]}<\/script>\n<!-- \/ Yoast SEO plugin. -->","yoast_head_json":{"title":"Faktencheck: Video vum Futtballtrainer Pep Guardiola g\u00ebtt als Protest g\u00e9int Israel feelinterpret\u00e9iert - EDMO Belux","robots":{"index":"index","follow":"follow","max-snippet":"max-snippet:-1","max-image-preview":"max-image-preview:large","max-video-preview":"max-video-preview:-1"},"canonical":"https:\/\/belux.edmo.eu\/lb\/faktencheck-video-vum-futtballtrainer-pep-guardiola-gtt-als-protest-gint-israel-feelinterpretiert\/","og_locale":"en_US","og_type":"article","og_title":"Faktencheck: Video vum Futtballtrainer Pep Guardiola g\u00ebtt als Protest g\u00e9int Israel feelinterpret\u00e9iert - EDMO Belux","og_description":"De bekannten Trainer vu Manchester City, de Pep Guardiola, geet an engem Stadion laanscht e Mann. Dass hien him net d'Hand reecht, w\u00e4erte B\u00e4itr\u00e4g a Sozialen Netzwierker als Gest vu Protest g\u00e9int de Mann mat angeeblech israeelesche Wuerzelen.","og_url":"https:\/\/belux.edmo.eu\/lb\/faktencheck-video-vum-futtballtrainer-pep-guardiola-gtt-als-protest-gint-israel-feelinterpretiert\/","og_site_name":"EDMO Belux","article_published_time":"2024-06-27T13:00:55+00:00","article_modified_time":"2024-07-30T10:51:40+00:00","og_image":[{"width":1080,"height":608,"url":"https:\/\/belux-edmo.s3-accelerate.amazonaws.com\/wp-content\/uploads\/2024\/06\/91a3fee8c8cd4f26fc2fb902e6946e6c.jpeg","type":"image\/jpeg"}],"author":"master","twitter_card":"summary_large_image","twitter_creator":"@Edmo_Belux","twitter_site":"@Edmo_Belux","twitter_misc":{"Written by":"master","Est. reading time":"4 minutes"},"schema":{"@context":"https:\/\/schema.org","@graph":[{"@type":"Article","@id":"https:\/\/belux.edmo.eu\/lb\/faktencheck-video-vum-futtballtrainer-pep-guardiola-gtt-als-protest-gint-israel-feelinterpretiert\/#article","isPartOf":{"@id":"https:\/\/belux.edmo.eu\/lb\/faktencheck-video-vum-futtballtrainer-pep-guardiola-gtt-als-protest-gint-israel-feelinterpretiert\/"},"author":{"name":"master","@id":"https:\/\/belux.edmo.eu\/#\/schema\/person\/dbe3b252258537fd318f9b5645a30342"},"headline":"Faktencheck: Video vum Futtballtrainer Pep Guardiola g\u00ebtt als Protest g\u00e9int Israel feelinterpret\u00e9iert","datePublished":"2024-06-27T13:00:55+00:00","dateModified":"2024-07-30T10:51:40+00:00","mainEntityOfPage":{"@id":"https:\/\/belux.edmo.eu\/lb\/faktencheck-video-vum-futtballtrainer-pep-guardiola-gtt-als-protest-gint-israel-feelinterpretiert\/"},"wordCount":693,"publisher":{"@id":"https:\/\/belux.edmo.eu\/#organization"},"image":{"@id":"https:\/\/belux.edmo.eu\/lb\/faktencheck-video-vum-futtballtrainer-pep-guardiola-gtt-als-protest-gint-israel-feelinterpretiert\/#primaryimage"},"thumbnailUrl":"https:\/\/belux-edmo.s3-accelerate.amazonaws.com\/wp-content\/uploads\/2024\/06\/91a3fee8c8cd4f26fc2fb902e6946e6c.jpeg","articleSection":["Editor's Choice Slider LU","Fact Check","Gesellschaft"],"inLanguage":"lb-LU"},{"@type":"WebPage","@id":"https:\/\/belux.edmo.eu\/lb\/faktencheck-video-vum-futtballtrainer-pep-guardiola-gtt-als-protest-gint-israel-feelinterpretiert\/","url":"https:\/\/belux.edmo.eu\/lb\/faktencheck-video-vum-futtballtrainer-pep-guardiola-gtt-als-protest-gint-israel-feelinterpretiert\/","name":"Faktencheck: Video vum Futtballtrainer Pep Guardiola g\u00ebtt als Protest g\u00e9int Israel feelinterpret\u00e9iert - EDMO Belux","isPartOf":{"@id":"https:\/\/belux.edmo.eu\/#website"},"primaryImageOfPage":{"@id":"https:\/\/belux.edmo.eu\/lb\/faktencheck-video-vum-futtballtrainer-pep-guardiola-gtt-als-protest-gint-israel-feelinterpretiert\/#primaryimage"},"image":{"@id":"https:\/\/belux.edmo.eu\/lb\/faktencheck-video-vum-futtballtrainer-pep-guardiola-gtt-als-protest-gint-israel-feelinterpretiert\/#primaryimage"},"thumbnailUrl":"https:\/\/belux-edmo.s3-accelerate.amazonaws.com\/wp-content\/uploads\/2024\/06\/91a3fee8c8cd4f26fc2fb902e6946e6c.jpeg","datePublished":"2024-06-27T13:00:55+00:00","dateModified":"2024-07-30T10:51:40+00:00","breadcrumb":{"@id":"https:\/\/belux.edmo.eu\/lb\/faktencheck-video-vum-futtballtrainer-pep-guardiola-gtt-als-protest-gint-israel-feelinterpretiert\/#breadcrumb"},"inLanguage":"lb-LU","potentialAction":[{"@type":"ReadAction","target":["https:\/\/belux.edmo.eu\/lb\/faktencheck-video-vum-futtballtrainer-pep-guardiola-gtt-als-protest-gint-israel-feelinterpretiert\/"]}]},{"@type":"ImageObject","inLanguage":"lb-LU","@id":"https:\/\/belux.edmo.eu\/lb\/faktencheck-video-vum-futtballtrainer-pep-guardiola-gtt-als-protest-gint-israel-feelinterpretiert\/#primaryimage","url":"https:\/\/belux-edmo.s3-accelerate.amazonaws.com\/wp-content\/uploads\/2024\/06\/91a3fee8c8cd4f26fc2fb902e6946e6c.jpeg","contentUrl":"https:\/\/belux-edmo.s3-accelerate.amazonaws.com\/wp-content\/uploads\/2024\/06\/91a3fee8c8cd4f26fc2fb902e6946e6c.jpeg","width":1080,"height":608,"caption":"Faktencheck: Video vum Futtballtrainer Pep Guardiola g\u00ebtt als Protest g\u00e9int Israel feelinterpret\u00e9iert - Featured image"},{"@type":"BreadcrumbList","@id":"https:\/\/belux.edmo.eu\/lb\/faktencheck-video-vum-futtballtrainer-pep-guardiola-gtt-als-protest-gint-israel-feelinterpretiert\/#breadcrumb","itemListElement":[{"@type":"ListItem","position":1,"name":"Home","item":"https:\/\/belux.edmo.eu\/lb\/"},{"@type":"ListItem","position":2,"name":"Faktencheck: Video vum Futtballtrainer Pep Guardiola g\u00ebtt als Protest g\u00e9int Israel feelinterpret\u00e9iert"}]},{"@type":"WebSite","@id":"https:\/\/belux.edmo.eu\/#website","url":"https:\/\/belux.edmo.eu\/","name":"EDMO Belux","description":"Monitoring Disinformation in Belgium and Luxembourg","publisher":{"@id":"https:\/\/belux.edmo.eu\/#organization"},"potentialAction":[{"@type":"SearchAction","target":{"@type":"EntryPoint","urlTemplate":"https:\/\/belux.edmo.eu\/?s={search_term_string}"},"query-input":{"@type":"PropertyValueSpecification","valueRequired":true,"valueName":"search_term_string"}}],"inLanguage":"lb-LU"},{"@type":"Organization","@id":"https:\/\/belux.edmo.eu\/#organization","name":"EDMO Belux","url":"https:\/\/belux.edmo.eu\/","logo":{"@type":"ImageObject","inLanguage":"lb-LU","@id":"https:\/\/belux.edmo.eu\/#\/schema\/logo\/image\/","url":"https:\/\/belux.edmo.eu\/wp-content\/uploads\/2021\/12\/belux-logo-full-color-rgb.svg","contentUrl":"https:\/\/belux.edmo.eu\/wp-content\/uploads\/2021\/12\/belux-logo-full-color-rgb.svg","width":1,"height":1,"caption":"EDMO Belux"},"image":{"@id":"https:\/\/belux.edmo.eu\/#\/schema\/logo\/image\/"},"sameAs":["https:\/\/x.com\/Edmo_Belux"]},{"@type":"Person","@id":"https:\/\/belux.edmo.eu\/#\/schema\/person\/dbe3b252258537fd318f9b5645a30342","name":"master","sameAs":["https:\/\/belux.wpengine.com"],"url":"https:\/\/belux.edmo.eu\/lb\/author\/master\/"}]}},"menu_order":0,"_links":{"self":[{"href":"https:\/\/belux.edmo.eu\/lb\/wp-json\/wp\/v2\/posts\/342508","targetHints":{"allow":["GET"]}}],"collection":[{"href":"https:\/\/belux.edmo.eu\/lb\/wp-json\/wp\/v2\/posts"}],"about":[{"href":"https:\/\/belux.edmo.eu\/lb\/wp-json\/wp\/v2\/types\/post"}],"author":[{"embeddable":true,"href":"https:\/\/belux.edmo.eu\/lb\/wp-json\/wp\/v2\/users\/1"}],"replies":[{"embeddable":true,"href":"https:\/\/belux.edmo.eu\/lb\/wp-json\/wp\/v2\/comments?post=342508"}],"version-history":[{"count":0,"href":"https:\/\/belux.edmo.eu\/lb\/wp-json\/wp\/v2\/posts\/342508\/revisions"}],"wp:featuredmedia":[{"embeddable":true,"href":"https:\/\/belux.edmo.eu\/lb\/wp-json\/wp\/v2\/media\/342493"}],"wp:attachment":[{"href":"https:\/\/belux.edmo.eu\/lb\/wp-json\/wp\/v2\/media?parent=342508"}],"wp:term":[{"taxonomy":"category","embeddable":true,"href":"https:\/\/belux.edmo.eu\/lb\/wp-json\/wp\/v2\/categories?post=342508"},{"taxonomy":"post_tag","embeddable":true,"href":"https:\/\/belux.edmo.eu\/lb\/wp-json\/wp\/v2\/tags?post=342508"}],"curies":[{"name":"wp","href":"https:\/\/api.w.org\/{rel}","templated":true}]}}