{"id":347356,"date":"2024-07-13T13:00:09","date_gmt":"2024-07-13T13:00:09","guid":{"rendered":"https:\/\/belux.edmo.eu\/?p=347356"},"modified":"2024-08-19T09:06:42","modified_gmt":"2024-08-19T09:06:42","slug":"faktencheck-google-huet-palstina-wrend-dem-gaza-krich-net-aus-senge-kaarten-erausgeholl","status":"publish","type":"post","link":"https:\/\/belux.edmo.eu\/lb\/faktencheck-google-huet-palstina-wrend-dem-gaza-krich-net-aus-senge-kaarten-erausgeholl\/","title":{"rendered":"Faktencheck: Google huet Pal\u00e4stina w\u00e4rend dem Gaza-Krich net aus senge Kaarten erausgeholl"},"content":{"rendered":"<article>\n<div>\n<div>\n<p>&nbsp;<\/p>\n<\/div>\n<div>\n<p>Google huet op en Neits eng Desinformatioun am Internet widderluecht, dass et Pal\u00e4stina aus senge Kaarte vun der Gazastr\u00e4if an dem Westjordanland erausgeholl h\u00e4tt, w\u00e9i de Krich t\u00ebscht Israel an der militaristescher Pal\u00e4stinenser-Organisatioun Hamas ugefaangen huet.<\/p>\n<p class=\"article-body__summary\">D\u00ebs Behaaptung war am Juni 2024 nees opgedaucht, w\u00e9i et zu enger globaler Beweegung koum, fir de Pal\u00e4stinenser en eegene Staat ze ginn.<\/p>\n<p class=\"article-body__summary\">Z\u00ebnter dem 7. Oktober ass e Krich t\u00ebscht Israel an der pal\u00e4stinensescher Organisatioun amgaangen, deen duerch d&#8217;Attack vun der Hamas de 7. Oktober 2023 ausgel\u00e9ist gi war.<\/p>\n<p class=\"article-body__summary\">&#8220;<em>Google huet Pal\u00e4stina vun der Landkaart geholl<\/em>&#8220;, steet am Kommentar zu engem <a href=\"https:\/\/web.archive.org\/web\/20240708025231\/https:\/\/www.facebook.com\/plugins\/video.php?height=476&amp;href=https%3A%2F%2Fwww.facebook.com%2Fdada.dadabhai.9%2Fvideos%2F928651542283484%2F%3Fidorvanity%3D4233110866762942&amp;show_text=true&amp;width=1428&amp;t=0\" target=\"_blank\" rel=\"noopener\">Video<\/a>, deen den 12. Juni 2024 an enger Facebook-Grupp mat m\u00e9i w\u00e9i 328.000 Membere ver\u00ebffentlecht gouf.<\/p>\n<p class=\"article-body__summary\">De Clip, deen iwwer 14.000 Views hat, sch\u00e9ngt eng Opnam vun engem Ecran bei enger Google-Sich no &#8220;Pal\u00e4stina&#8221; ze weisen.<\/p>\n<p class=\"article-body__summary\">Eng Kaart an de Resultater ass op Israel, de Libanon a Jordanien zentr\u00e9iert, a gestr\u00e9chelt Linne mark\u00e9ieren d\u00e9i pal\u00e4stinensesch Gebidder vun der Gaza-Str\u00e4if a vum Westjordanland.<\/p>\n<p class=\"article-body__summary\">Laut <a href=\"https:\/\/web.archive.org\/web\/20240708025231\/https:\/\/www.facebook.com\/plugins\/video.php?height=476&amp;href=https%3A%2F%2Fwww.facebook.com%2Fdada.dadabhai.9%2Fvideos%2F928651542283484%2F%3Fidorvanity%3D4233110866762942&amp;show_text=true&amp;width=1428&amp;t=0\">Google<\/a> mark\u00e9ieren d\u00e9i gestr\u00e9chelt Linnen \u00ebmstridde Grenzen (<a href=\"https:\/\/perma.cc\/MSX2-6WCJ\" target=\"_blank\" rel=\"noopener\">archiv\u00e9ierte Link<\/a>).<\/p>\n<p><img src=\"https:\/\/belux-edmo.s3-accelerate.amazonaws.com\/wp-content\/uploads\/2024\/07\/c32a91ca1150c8e8556c3e4c30f35d20.jpeg\" alt=\"RTL\" \/> \u00a9 AFP<\/p>\n<p>\u00c4nlech gef\u00e4lscht B\u00e4itr\u00e4g goufen och op Facebook (<a href=\"https:\/\/perma.cc\/7VST-XK3W?type=image\" target=\"_blank\" rel=\"noopener\">hei<\/a> an <a href=\"https:\/\/web.archive.org\/web\/20240708031045\/https:\/\/www.facebook.com\/plugins\/video.php?height=476&amp;href=https%3A%2F%2Fwww.facebook.com%2F100068882020668%2Fvideos%2F1647584502708082%2F&amp;show_text=true&amp;width=476&amp;t=0\" target=\"_blank\" rel=\"noopener\">hei<\/a>) a vun Notzer op de <a href=\"https:\/\/web.archive.org\/web\/20240708062909\/https:\/\/www.facebook.com\/plugins\/post.php?href=https%3A%2F%2Fwww.facebook.com%2Fpermalink.php%3Fstory_fbid%3D723998663080457%26id%3D100064109889456&amp;show_text=true&amp;width=500\" target=\"_blank\" rel=\"noopener\">Philippinnen<\/a>, a <a href=\"https:\/\/perma.cc\/3KD3-CYMK?type=image\" target=\"_blank\" rel=\"noopener\">Kenia<\/a> an a <a href=\"https:\/\/web.archive.org\/web\/20240708031232\/https:\/\/www.facebook.com\/plugins\/video.php?height=476&amp;href=https%3A%2F%2Fwww.facebook.com%2F61559082736441%2Fvideos%2F481117781051472%2F&amp;show_text=true&amp;width=476&amp;t=0\" target=\"_blank\" rel=\"noopener\">Saudiarabien<\/a> gedeelt.<\/p>\n<p>D&#8217;Behaaptung, d\u00e9i vun der AFP schonn am Juli 2020 <a href=\"..\/..\/storage\/data\/afp\/factcheck_v2\/EN\/misleading-claim-circulates-online-google-and-apple-removed-label-palestine-maps\" target=\"_blank\" rel=\"noopener\">opgedeckt<\/a> gi war, war nees opgedaucht, w\u00e9i w\u00e9inst dem Gaza-Krich eng <a href=\"https:\/\/web.archive.org\/web\/20240708033658\/https:\/\/www.france24.com\/en\/live-news\/20240528-145-countries-now-recognise-a-palestinian-state\" target=\"_blank\" rel=\"noopener\">global Beweegung<\/a> entstane war, dass d&#8217;Pal\u00e4stinenser hiren eegene Staat sollte kr\u00e9ien.<\/p>\n<p>D&#8217;Majorit\u00e9it vun den UN-Memberstaaten huet d\u00e9i pal\u00e4stinensesch Eegestaatlechkeet m\u00ebttlerweil unerkannt &#8211; dozou geh\u00e9ieren d\u00e9i meescht L\u00e4nner aus dem Noen Osten, aus Afrika, Lat\u00e4inamerika an Asien, awer net d&#8217;Vereenegt Staate vun Amerika, Kanada, d&#8217;Majorit\u00e9it vun de westeurop\u00e4esche L\u00e4nner, Australien, Japan oder S\u00fcdkorea.<\/p>\n<p>De Krich gouf duerch d\u00e9i Attack, w\u00e9i et der bis ewell just w\u00e9ineg gouf, vun der militanter Pal\u00e4stinenser-Grupp Hamas op S\u00fcdisrael de 7. Oktober 2023 ausgel\u00e9ist, bei d\u00e4r enger AFP-Zielung no, d\u00e9i op israeeleschen Zuele berout, 1.195 M\u00ebnschen \u00ebmbruecht goufen. D\u00e9i meescht Leit dovu waren Zivilisten.<\/p>\n<p>D\u00e9i israeelesch Revancheoffensiv huet op d&#8217;mannst 38.200 M\u00ebnschen an der Gaza-Str\u00e4if d&#8217;Liewe kascht, virun allem Zivilisten, sou de Gesondheetsminist\u00e8re vum Gebitt, dat vun der Hamas reg\u00e9iert g\u00ebtt.<\/p>\n<p style=\"text-align: center;\">Keng Ver\u00e4nnerung<\/p>\n<p>E Spriecher vu Google huet der AFP den 9. Juli 2024 an enger E-Mail matgedeelt, dass d&#8217;Duerstellung vu Pal\u00e4stina op Google Maps net ver\u00e4nnert gi w\u00e4r.<\/p>\n<p>Am Video sote si, dass eng Sich no Pal\u00e4stina op Google Maps eng Kaart vum Gebitt mat Beschr\u00ebftunge fir d&#8217;Westjordanland an d&#8217;Gaza-Str\u00e4if gewisen h\u00e4tt, awer well et keen eenheetleche Konsens t\u00ebscht den internationale Gremien iwwer d&#8217;Gebidder vu Pal\u00e4stina g\u00ebtt, k\u00e9int Google d&#8217;Grenzen zu d\u00ebsem Z\u00e4itpunkt net zouverl\u00e4sseg uweisen a kennzeechnen.<\/p>\n<p>Am Video sote si och, dass Google zoust\u00e4nneg wier, fir d\u00e9i \u00ebmstridde Gebidder op senge Kaarten objektiv unzeweisen. Google g\u00e9if dat maachen, andeem et Donn\u00e9e\u00eb vu globale kartographeschen Agenc\u00eb consult\u00e9iert an all \u00ebmstridde Grenzen als gestr\u00e9chelt gro Linnen uweist.<\/p>\n<p>D&#8217;Christine Leuenberger, Dozentin op der Cornell University, d\u00e9i sech op d&#8217;Geschicht a Soziologie vun der Kartographie vun Israel an de pal\u00e4stinensesche Gebidder spezialis\u00e9iert huet, huet der AFP den 21. Juli 2020 an enger E-Mail matgedeelt, dass &#8220;d&#8217;Wuert Pal\u00e4stina nimools op d\u00ebse Landkaarte gewiescht w\u00e4r &#8211; h\u00e9chstens de Begr\u00ebff Westjordanland a Gaza&#8221;.<\/p>\n<p>&#8220;Op de Landkaarte g\u00ebtt den Numm &#8216;Pal\u00e4stina&#8217; normalerweis mat dem historesche Pal\u00e4stina virun der Gr\u00ebnnung vum israeelesche Staat a Verbindung bruecht a g\u00ebtt net an de Mainstream-Noriichte vum Weste benotzt&#8221;, sot si.<\/p>\n<p>&#8220;Normalerweis ginn d&#8217;pal\u00e4stinensesch Gebidder duerch eng gestr\u00e9chelt Demarkatiounslinn gekennzeechent, d\u00e9i \u00ebmstridde Gebidder concern\u00e9iert an d&#8217;Gebidder (vu Gaza a Westjordanland) ginn net ernimmt. Alternativ ginn d&#8217;Gebidder mat esou gestr\u00e9chelte Demarkatiounslinnen duergestallt an och mat &#8216;Westjordanland&#8217; a &#8216;Gaza&#8217; beschr\u00ebft.&#8221;<\/p>\n<p><em>D\u00ebsen AFP-Artikel gouf vun RTL op L\u00ebtzebuergesch iwwersat.<\/em><\/p>\n<\/div>\n<\/div>\n<\/article>\n","protected":false},"excerpt":{"rendered":"<p>Google huet op en Neits eng Desinformatioun am Internet widderluecht, dass et Pal\u00e4stina aus senge Kaarte vun der Gazastr\u00e4if an dem Westjordanland erausgeholl h\u00e4tt, w\u00e9i de Krich t\u00ebscht Israel an der militaristescher Pal\u00e4stinenser-Organisatioun Hamas ugefaangen huet.<\/p>\n","protected":false},"author":1,"featured_media":347346,"comment_status":"closed","ping_status":"closed","sticky":false,"template":"","format":"standard","meta":{"_acf_changed":false,"footnotes":""},"categories":[183,402,191],"tags":[],"class_list":{"0":"post-347356","1":"post","2":"type-post","3":"status-publish","4":"format-standard","5":"has-post-thumbnail","7":"category-fact-check-lb","8":"category-noen-osten","9":"category-politik"},"acf":{"show_metatags":true,"id":"2212967","authors":"RTL L\u00ebtzebuerg","organization":"RTL","featured_image_copyright":"","text_copyright":"Copyright RTL \/ CLT-UFA S.A.","source":"https:\/\/www.rtl.lu\/news\/faktencheck\/a\/2212967.html","fact_checker":"https:\/\/belux.wpengine.com\/wp-content\/uploads\/2021\/12\/rtl_logo.png","type":"Closed Event","location":"","start_date":"","start_date_event_begins_at":"","start_date_event_ends_at":"","end_date":"","end_date_event_begins_at":"","end_date_event_ends_at":"","organizer":"","fact_checker_logo_image":false},"yoast_head":"<!-- This site is optimized with the Yoast SEO plugin v27.0 - https:\/\/yoast.com\/product\/yoast-seo-wordpress\/ -->\n<title>Faktencheck: Google huet Pal\u00e4stina w\u00e4rend dem Gaza-Krich net aus senge Kaarten erausgeholl - EDMO Belux<\/title>\n<meta name=\"robots\" content=\"index, follow, max-snippet:-1, max-image-preview:large, max-video-preview:-1\" \/>\n<link rel=\"canonical\" href=\"https:\/\/belux.edmo.eu\/lb\/faktencheck-google-huet-palstina-wrend-dem-gaza-krich-net-aus-senge-kaarten-erausgeholl\/\" \/>\n<meta property=\"og:locale\" content=\"en_US\" \/>\n<meta property=\"og:type\" content=\"article\" \/>\n<meta property=\"og:title\" content=\"Faktencheck: Google huet Pal\u00e4stina w\u00e4rend dem Gaza-Krich net aus senge Kaarten erausgeholl - EDMO Belux\" \/>\n<meta property=\"og:description\" content=\"Google huet op en Neits eng Desinformatioun am Internet widderluecht, dass et Pal\u00e4stina aus senge Kaarte vun der Gazastr\u00e4if an dem Westjordanland erausgeholl h\u00e4tt, w\u00e9i de Krich t\u00ebscht Israel an der militaristescher Pal\u00e4stinenser-Organisatioun Hamas ugefaangen huet.\" \/>\n<meta property=\"og:url\" content=\"https:\/\/belux.edmo.eu\/lb\/faktencheck-google-huet-palstina-wrend-dem-gaza-krich-net-aus-senge-kaarten-erausgeholl\/\" \/>\n<meta property=\"og:site_name\" content=\"EDMO Belux\" \/>\n<meta property=\"article:published_time\" content=\"2024-07-13T13:00:09+00:00\" \/>\n<meta property=\"article:modified_time\" content=\"2024-08-19T09:06:42+00:00\" \/>\n<meta property=\"og:image\" content=\"https:\/\/belux-edmo.s3-accelerate.amazonaws.com\/wp-content\/uploads\/2024\/07\/dbccb5aabaa3f1dd20628d66b4837e26.jpeg\" \/>\n\t<meta property=\"og:image:width\" content=\"1080\" \/>\n\t<meta property=\"og:image:height\" content=\"608\" \/>\n\t<meta property=\"og:image:type\" content=\"image\/jpeg\" \/>\n<meta name=\"author\" content=\"master\" \/>\n<meta name=\"twitter:card\" content=\"summary_large_image\" \/>\n<meta name=\"twitter:creator\" content=\"@Edmo_Belux\" \/>\n<meta name=\"twitter:site\" content=\"@Edmo_Belux\" \/>\n<meta name=\"twitter:label1\" content=\"Written by\" \/>\n\t<meta name=\"twitter:data1\" content=\"master\" \/>\n\t<meta name=\"twitter:label2\" content=\"Est. reading time\" \/>\n\t<meta name=\"twitter:data2\" content=\"3 minutes\" \/>\n<script type=\"application\/ld+json\" class=\"yoast-schema-graph\">{\"@context\":\"https:\/\/schema.org\",\"@graph\":[{\"@type\":\"Article\",\"@id\":\"https:\/\/belux.edmo.eu\/lb\/faktencheck-google-huet-palstina-wrend-dem-gaza-krich-net-aus-senge-kaarten-erausgeholl\/#article\",\"isPartOf\":{\"@id\":\"https:\/\/belux.edmo.eu\/lb\/faktencheck-google-huet-palstina-wrend-dem-gaza-krich-net-aus-senge-kaarten-erausgeholl\/\"},\"author\":{\"name\":\"master\",\"@id\":\"https:\/\/belux.edmo.eu\/#\/schema\/person\/dbe3b252258537fd318f9b5645a30342\"},\"headline\":\"Faktencheck: Google huet Pal\u00e4stina w\u00e4rend dem Gaza-Krich net aus senge Kaarten erausgeholl\",\"datePublished\":\"2024-07-13T13:00:09+00:00\",\"dateModified\":\"2024-08-19T09:06:42+00:00\",\"mainEntityOfPage\":{\"@id\":\"https:\/\/belux.edmo.eu\/lb\/faktencheck-google-huet-palstina-wrend-dem-gaza-krich-net-aus-senge-kaarten-erausgeholl\/\"},\"wordCount\":707,\"publisher\":{\"@id\":\"https:\/\/belux.edmo.eu\/#organization\"},\"image\":{\"@id\":\"https:\/\/belux.edmo.eu\/lb\/faktencheck-google-huet-palstina-wrend-dem-gaza-krich-net-aus-senge-kaarten-erausgeholl\/#primaryimage\"},\"thumbnailUrl\":\"https:\/\/belux-edmo.s3-accelerate.amazonaws.com\/wp-content\/uploads\/2024\/07\/dbccb5aabaa3f1dd20628d66b4837e26.jpeg\",\"articleSection\":[\"Fact Check\",\"Noen Osten\",\"Politik\"],\"inLanguage\":\"lb-LU\"},{\"@type\":\"WebPage\",\"@id\":\"https:\/\/belux.edmo.eu\/lb\/faktencheck-google-huet-palstina-wrend-dem-gaza-krich-net-aus-senge-kaarten-erausgeholl\/\",\"url\":\"https:\/\/belux.edmo.eu\/lb\/faktencheck-google-huet-palstina-wrend-dem-gaza-krich-net-aus-senge-kaarten-erausgeholl\/\",\"name\":\"Faktencheck: Google huet Pal\u00e4stina w\u00e4rend dem Gaza-Krich net aus senge Kaarten erausgeholl - EDMO Belux\",\"isPartOf\":{\"@id\":\"https:\/\/belux.edmo.eu\/#website\"},\"primaryImageOfPage\":{\"@id\":\"https:\/\/belux.edmo.eu\/lb\/faktencheck-google-huet-palstina-wrend-dem-gaza-krich-net-aus-senge-kaarten-erausgeholl\/#primaryimage\"},\"image\":{\"@id\":\"https:\/\/belux.edmo.eu\/lb\/faktencheck-google-huet-palstina-wrend-dem-gaza-krich-net-aus-senge-kaarten-erausgeholl\/#primaryimage\"},\"thumbnailUrl\":\"https:\/\/belux-edmo.s3-accelerate.amazonaws.com\/wp-content\/uploads\/2024\/07\/dbccb5aabaa3f1dd20628d66b4837e26.jpeg\",\"datePublished\":\"2024-07-13T13:00:09+00:00\",\"dateModified\":\"2024-08-19T09:06:42+00:00\",\"breadcrumb\":{\"@id\":\"https:\/\/belux.edmo.eu\/lb\/faktencheck-google-huet-palstina-wrend-dem-gaza-krich-net-aus-senge-kaarten-erausgeholl\/#breadcrumb\"},\"inLanguage\":\"lb-LU\",\"potentialAction\":[{\"@type\":\"ReadAction\",\"target\":[\"https:\/\/belux.edmo.eu\/lb\/faktencheck-google-huet-palstina-wrend-dem-gaza-krich-net-aus-senge-kaarten-erausgeholl\/\"]}]},{\"@type\":\"ImageObject\",\"inLanguage\":\"lb-LU\",\"@id\":\"https:\/\/belux.edmo.eu\/lb\/faktencheck-google-huet-palstina-wrend-dem-gaza-krich-net-aus-senge-kaarten-erausgeholl\/#primaryimage\",\"url\":\"https:\/\/belux-edmo.s3-accelerate.amazonaws.com\/wp-content\/uploads\/2024\/07\/dbccb5aabaa3f1dd20628d66b4837e26.jpeg\",\"contentUrl\":\"https:\/\/belux-edmo.s3-accelerate.amazonaws.com\/wp-content\/uploads\/2024\/07\/dbccb5aabaa3f1dd20628d66b4837e26.jpeg\",\"width\":1080,\"height\":608,\"caption\":\"Faktencheck: Google huet Pal\u00e4stina w\u00e4rend dem Gaza-Krich net aus senge Kaarten erausgeholl - Featured image\"},{\"@type\":\"BreadcrumbList\",\"@id\":\"https:\/\/belux.edmo.eu\/lb\/faktencheck-google-huet-palstina-wrend-dem-gaza-krich-net-aus-senge-kaarten-erausgeholl\/#breadcrumb\",\"itemListElement\":[{\"@type\":\"ListItem\",\"position\":1,\"name\":\"Home\",\"item\":\"https:\/\/belux.edmo.eu\/lb\/\"},{\"@type\":\"ListItem\",\"position\":2,\"name\":\"Faktencheck: Google huet Pal\u00e4stina w\u00e4rend dem Gaza-Krich net aus senge Kaarten erausgeholl\"}]},{\"@type\":\"WebSite\",\"@id\":\"https:\/\/belux.edmo.eu\/#website\",\"url\":\"https:\/\/belux.edmo.eu\/\",\"name\":\"EDMO Belux\",\"description\":\"Monitoring Disinformation in Belgium and Luxembourg\",\"publisher\":{\"@id\":\"https:\/\/belux.edmo.eu\/#organization\"},\"potentialAction\":[{\"@type\":\"SearchAction\",\"target\":{\"@type\":\"EntryPoint\",\"urlTemplate\":\"https:\/\/belux.edmo.eu\/?s={search_term_string}\"},\"query-input\":{\"@type\":\"PropertyValueSpecification\",\"valueRequired\":true,\"valueName\":\"search_term_string\"}}],\"inLanguage\":\"lb-LU\"},{\"@type\":\"Organization\",\"@id\":\"https:\/\/belux.edmo.eu\/#organization\",\"name\":\"EDMO Belux\",\"url\":\"https:\/\/belux.edmo.eu\/\",\"logo\":{\"@type\":\"ImageObject\",\"inLanguage\":\"lb-LU\",\"@id\":\"https:\/\/belux.edmo.eu\/#\/schema\/logo\/image\/\",\"url\":\"https:\/\/belux.edmo.eu\/wp-content\/uploads\/2021\/12\/belux-logo-full-color-rgb.svg\",\"contentUrl\":\"https:\/\/belux.edmo.eu\/wp-content\/uploads\/2021\/12\/belux-logo-full-color-rgb.svg\",\"width\":1,\"height\":1,\"caption\":\"EDMO Belux\"},\"image\":{\"@id\":\"https:\/\/belux.edmo.eu\/#\/schema\/logo\/image\/\"},\"sameAs\":[\"https:\/\/x.com\/Edmo_Belux\"]},{\"@type\":\"Person\",\"@id\":\"https:\/\/belux.edmo.eu\/#\/schema\/person\/dbe3b252258537fd318f9b5645a30342\",\"name\":\"master\",\"sameAs\":[\"https:\/\/belux.wpengine.com\"],\"url\":\"https:\/\/belux.edmo.eu\/lb\/author\/master\/\"}]}<\/script>\n<!-- \/ Yoast SEO plugin. -->","yoast_head_json":{"title":"Faktencheck: Google huet Pal\u00e4stina w\u00e4rend dem Gaza-Krich net aus senge Kaarten erausgeholl - EDMO Belux","robots":{"index":"index","follow":"follow","max-snippet":"max-snippet:-1","max-image-preview":"max-image-preview:large","max-video-preview":"max-video-preview:-1"},"canonical":"https:\/\/belux.edmo.eu\/lb\/faktencheck-google-huet-palstina-wrend-dem-gaza-krich-net-aus-senge-kaarten-erausgeholl\/","og_locale":"en_US","og_type":"article","og_title":"Faktencheck: Google huet Pal\u00e4stina w\u00e4rend dem Gaza-Krich net aus senge Kaarten erausgeholl - EDMO Belux","og_description":"Google huet op en Neits eng Desinformatioun am Internet widderluecht, dass et Pal\u00e4stina aus senge Kaarte vun der Gazastr\u00e4if an dem Westjordanland erausgeholl h\u00e4tt, w\u00e9i de Krich t\u00ebscht Israel an der militaristescher Pal\u00e4stinenser-Organisatioun Hamas ugefaangen huet.","og_url":"https:\/\/belux.edmo.eu\/lb\/faktencheck-google-huet-palstina-wrend-dem-gaza-krich-net-aus-senge-kaarten-erausgeholl\/","og_site_name":"EDMO Belux","article_published_time":"2024-07-13T13:00:09+00:00","article_modified_time":"2024-08-19T09:06:42+00:00","og_image":[{"width":1080,"height":608,"url":"https:\/\/belux-edmo.s3-accelerate.amazonaws.com\/wp-content\/uploads\/2024\/07\/dbccb5aabaa3f1dd20628d66b4837e26.jpeg","type":"image\/jpeg"}],"author":"master","twitter_card":"summary_large_image","twitter_creator":"@Edmo_Belux","twitter_site":"@Edmo_Belux","twitter_misc":{"Written by":"master","Est. reading time":"3 minutes"},"schema":{"@context":"https:\/\/schema.org","@graph":[{"@type":"Article","@id":"https:\/\/belux.edmo.eu\/lb\/faktencheck-google-huet-palstina-wrend-dem-gaza-krich-net-aus-senge-kaarten-erausgeholl\/#article","isPartOf":{"@id":"https:\/\/belux.edmo.eu\/lb\/faktencheck-google-huet-palstina-wrend-dem-gaza-krich-net-aus-senge-kaarten-erausgeholl\/"},"author":{"name":"master","@id":"https:\/\/belux.edmo.eu\/#\/schema\/person\/dbe3b252258537fd318f9b5645a30342"},"headline":"Faktencheck: Google huet Pal\u00e4stina w\u00e4rend dem Gaza-Krich net aus senge Kaarten erausgeholl","datePublished":"2024-07-13T13:00:09+00:00","dateModified":"2024-08-19T09:06:42+00:00","mainEntityOfPage":{"@id":"https:\/\/belux.edmo.eu\/lb\/faktencheck-google-huet-palstina-wrend-dem-gaza-krich-net-aus-senge-kaarten-erausgeholl\/"},"wordCount":707,"publisher":{"@id":"https:\/\/belux.edmo.eu\/#organization"},"image":{"@id":"https:\/\/belux.edmo.eu\/lb\/faktencheck-google-huet-palstina-wrend-dem-gaza-krich-net-aus-senge-kaarten-erausgeholl\/#primaryimage"},"thumbnailUrl":"https:\/\/belux-edmo.s3-accelerate.amazonaws.com\/wp-content\/uploads\/2024\/07\/dbccb5aabaa3f1dd20628d66b4837e26.jpeg","articleSection":["Fact Check","Noen Osten","Politik"],"inLanguage":"lb-LU"},{"@type":"WebPage","@id":"https:\/\/belux.edmo.eu\/lb\/faktencheck-google-huet-palstina-wrend-dem-gaza-krich-net-aus-senge-kaarten-erausgeholl\/","url":"https:\/\/belux.edmo.eu\/lb\/faktencheck-google-huet-palstina-wrend-dem-gaza-krich-net-aus-senge-kaarten-erausgeholl\/","name":"Faktencheck: Google huet Pal\u00e4stina w\u00e4rend dem Gaza-Krich net aus senge Kaarten erausgeholl - EDMO Belux","isPartOf":{"@id":"https:\/\/belux.edmo.eu\/#website"},"primaryImageOfPage":{"@id":"https:\/\/belux.edmo.eu\/lb\/faktencheck-google-huet-palstina-wrend-dem-gaza-krich-net-aus-senge-kaarten-erausgeholl\/#primaryimage"},"image":{"@id":"https:\/\/belux.edmo.eu\/lb\/faktencheck-google-huet-palstina-wrend-dem-gaza-krich-net-aus-senge-kaarten-erausgeholl\/#primaryimage"},"thumbnailUrl":"https:\/\/belux-edmo.s3-accelerate.amazonaws.com\/wp-content\/uploads\/2024\/07\/dbccb5aabaa3f1dd20628d66b4837e26.jpeg","datePublished":"2024-07-13T13:00:09+00:00","dateModified":"2024-08-19T09:06:42+00:00","breadcrumb":{"@id":"https:\/\/belux.edmo.eu\/lb\/faktencheck-google-huet-palstina-wrend-dem-gaza-krich-net-aus-senge-kaarten-erausgeholl\/#breadcrumb"},"inLanguage":"lb-LU","potentialAction":[{"@type":"ReadAction","target":["https:\/\/belux.edmo.eu\/lb\/faktencheck-google-huet-palstina-wrend-dem-gaza-krich-net-aus-senge-kaarten-erausgeholl\/"]}]},{"@type":"ImageObject","inLanguage":"lb-LU","@id":"https:\/\/belux.edmo.eu\/lb\/faktencheck-google-huet-palstina-wrend-dem-gaza-krich-net-aus-senge-kaarten-erausgeholl\/#primaryimage","url":"https:\/\/belux-edmo.s3-accelerate.amazonaws.com\/wp-content\/uploads\/2024\/07\/dbccb5aabaa3f1dd20628d66b4837e26.jpeg","contentUrl":"https:\/\/belux-edmo.s3-accelerate.amazonaws.com\/wp-content\/uploads\/2024\/07\/dbccb5aabaa3f1dd20628d66b4837e26.jpeg","width":1080,"height":608,"caption":"Faktencheck: Google huet Pal\u00e4stina w\u00e4rend dem Gaza-Krich net aus senge Kaarten erausgeholl - Featured image"},{"@type":"BreadcrumbList","@id":"https:\/\/belux.edmo.eu\/lb\/faktencheck-google-huet-palstina-wrend-dem-gaza-krich-net-aus-senge-kaarten-erausgeholl\/#breadcrumb","itemListElement":[{"@type":"ListItem","position":1,"name":"Home","item":"https:\/\/belux.edmo.eu\/lb\/"},{"@type":"ListItem","position":2,"name":"Faktencheck: Google huet Pal\u00e4stina w\u00e4rend dem Gaza-Krich net aus senge Kaarten erausgeholl"}]},{"@type":"WebSite","@id":"https:\/\/belux.edmo.eu\/#website","url":"https:\/\/belux.edmo.eu\/","name":"EDMO Belux","description":"Monitoring Disinformation in Belgium and Luxembourg","publisher":{"@id":"https:\/\/belux.edmo.eu\/#organization"},"potentialAction":[{"@type":"SearchAction","target":{"@type":"EntryPoint","urlTemplate":"https:\/\/belux.edmo.eu\/?s={search_term_string}"},"query-input":{"@type":"PropertyValueSpecification","valueRequired":true,"valueName":"search_term_string"}}],"inLanguage":"lb-LU"},{"@type":"Organization","@id":"https:\/\/belux.edmo.eu\/#organization","name":"EDMO Belux","url":"https:\/\/belux.edmo.eu\/","logo":{"@type":"ImageObject","inLanguage":"lb-LU","@id":"https:\/\/belux.edmo.eu\/#\/schema\/logo\/image\/","url":"https:\/\/belux.edmo.eu\/wp-content\/uploads\/2021\/12\/belux-logo-full-color-rgb.svg","contentUrl":"https:\/\/belux.edmo.eu\/wp-content\/uploads\/2021\/12\/belux-logo-full-color-rgb.svg","width":1,"height":1,"caption":"EDMO Belux"},"image":{"@id":"https:\/\/belux.edmo.eu\/#\/schema\/logo\/image\/"},"sameAs":["https:\/\/x.com\/Edmo_Belux"]},{"@type":"Person","@id":"https:\/\/belux.edmo.eu\/#\/schema\/person\/dbe3b252258537fd318f9b5645a30342","name":"master","sameAs":["https:\/\/belux.wpengine.com"],"url":"https:\/\/belux.edmo.eu\/lb\/author\/master\/"}]}},"menu_order":0,"_links":{"self":[{"href":"https:\/\/belux.edmo.eu\/lb\/wp-json\/wp\/v2\/posts\/347356","targetHints":{"allow":["GET"]}}],"collection":[{"href":"https:\/\/belux.edmo.eu\/lb\/wp-json\/wp\/v2\/posts"}],"about":[{"href":"https:\/\/belux.edmo.eu\/lb\/wp-json\/wp\/v2\/types\/post"}],"author":[{"embeddable":true,"href":"https:\/\/belux.edmo.eu\/lb\/wp-json\/wp\/v2\/users\/1"}],"replies":[{"embeddable":true,"href":"https:\/\/belux.edmo.eu\/lb\/wp-json\/wp\/v2\/comments?post=347356"}],"version-history":[{"count":0,"href":"https:\/\/belux.edmo.eu\/lb\/wp-json\/wp\/v2\/posts\/347356\/revisions"}],"wp:featuredmedia":[{"embeddable":true,"href":"https:\/\/belux.edmo.eu\/lb\/wp-json\/wp\/v2\/media\/347346"}],"wp:attachment":[{"href":"https:\/\/belux.edmo.eu\/lb\/wp-json\/wp\/v2\/media?parent=347356"}],"wp:term":[{"taxonomy":"category","embeddable":true,"href":"https:\/\/belux.edmo.eu\/lb\/wp-json\/wp\/v2\/categories?post=347356"},{"taxonomy":"post_tag","embeddable":true,"href":"https:\/\/belux.edmo.eu\/lb\/wp-json\/wp\/v2\/tags?post=347356"}],"curies":[{"name":"wp","href":"https:\/\/api.w.org\/{rel}","templated":true}]}}