{"id":349049,"date":"2024-07-21T13:00:45","date_gmt":"2024-07-21T13:00:45","guid":{"rendered":"https:\/\/belux.edmo.eu\/?p=349049"},"modified":"2024-08-19T08:50:24","modified_gmt":"2024-08-19T08:50:24","slug":"faktencheck-dgreat-barrier-reef-ass-massiv-bedrot-trotz-korallenzouwuess","status":"publish","type":"post","link":"https:\/\/belux.edmo.eu\/lb\/faktencheck-dgreat-barrier-reef-ass-massiv-bedrot-trotz-korallenzouwuess\/","title":{"rendered":"Faktencheck: D&#8217;Great Barrier Reef ass massiv bedrot, trotz Korallenzouwuess"},"content":{"rendered":"<article>\n<div>\n<div>\n<p>&nbsp;<\/p>\n<\/div>\n<div>\n<p>Dat australescht Great Barrier Reef huet \u00ebmmer nees mat bedrolechen Zuelen iwwer Korallestierwe Schlagzeile gemaach. Trotzdeem behaapte klimaskeptesch St\u00ebmmen a Sozialen Netzwierker, dass am Joer 2024 eng Rekordzuel u Koralle b\u00e4ikomm w\u00e4r. Den Informatioune vun der australescher Mieresagence no goufen d&#8217;Donn\u00e9e\u00eb fir 2024 awer nach guer net ver\u00ebffentlecht.<\/p>\n<p class=\"article-body__summary\">Expertinnen an Experten hunn ausserdeem erkl\u00e4ert, dass d\u00e9i r\u00e9ng Zouwuesstauxe keng ausr\u00e4ichend Gr\u00e9isst fir d&#8217;Gesondheet vun engem Riff w\u00e4ren.<\/p>\n<p class=\"article-body__summary\"><em>&#8220;Passt net bei d&#8217;Propaganda, awer 2024 g\u00ebtt et e Rekord u Korallenzouwuess fir d&#8217;Great Barrier Reef bas\u00e9ierend op offiziellen Donn\u00e9e\u00ebn&#8221;<\/em>, schreift en Notzer de 6. Juli 2024 op <a href=\"https:\/\/perma.cc\/2SCG-3NDF?type=image\" target=\"_blank\" rel=\"noopener\">Facebook<\/a>. Ausserdeem post hien eng Grafik mat Zouwuesszuele vun der Korallebedeckung, d\u00e9i angeeblech vum\u00a0<a href=\"https:\/\/web.archive.org\/web\/20240712135007\/https:\/\/www.aims.gov.au\/\" target=\"_blank\" rel=\"noopener\">Australeschen Institut fir Mieresw\u00ebssenschafte<\/a> (AIMS) stame sollen.<\/p>\n<p class=\"article-body__summary\">Aner Notzerinnen an Notzer hunn \u00e4nlech Aussoen an Zuelen op de Plattforme <a href=\"https:\/\/perma.cc\/C6P2-S4BY?type=image\" target=\"_blank\" rel=\"noopener\">Facebook<\/a>, <a href=\"https:\/\/perma.cc\/37ET-LLS4\" target=\"_blank\" rel=\"noopener\">X<\/a> an <a href=\"https:\/\/perma.cc\/EPJ7-EQZN\" target=\"_blank\" rel=\"noopener\">Telegram<\/a> gedeelt. Vill verlinken heib\u00e4i op e <a href=\"https:\/\/perma.cc\/7787-2FFX\" target=\"_blank\" rel=\"noopener\">Blog-Artikel<\/a> vum Europ\u00e4eschen Institut fir Klima an Energie (EIKE). Och an anere Sproochen ass d&#8217;Behaaptung am \u00cbmlaf, dor\u00ebnner <a href=\"https:\/\/perma.cc\/VZT6-NV5D\">Englesch<\/a>, <a href=\"https:\/\/perma.cc\/9VBH-WCJC\">Holl\u00e4nnesch<\/a> a <a href=\"https:\/\/perma.cc\/C95L-CLTN\">Frans\u00e9isch<\/a>.<\/p>\n<p><img src=\"https:\/\/belux-edmo.s3-accelerate.amazonaws.com\/wp-content\/uploads\/2024\/07\/6224103d3a861cb1ca89b63306783410.jpeg\" alt=\"RTL\" \/> \u00a9 AFP<\/p>\n<p>De Ver\u00e4in EIKE bedreift en d\u00e4itschsproochege Blogg, deen an der Vergaangenheet schonn e puermol mat klimaskepteschen Artikelen opgefall ass (<a href=\"https:\/\/perma.cc\/KQ4E-7774\" target=\"_blank\" rel=\"noopener\">hei<\/a>,\u00a0<a href=\"https:\/\/perma.cc\/3CJ8-Y48T\" target=\"_blank\" rel=\"noopener\">hei<\/a>). De B\u00e4itrag, deen den 2. Juli 2024 op d\u00ebser S\u00e4it ver\u00ebffentlecht gouf, ass d&#8217;Iwwersetzung vun engem <a href=\"https:\/\/perma.cc\/3C6X-XVK6\" target=\"_blank\" rel=\"noopener\">Text<\/a> vun der australescher Autorin <a href=\"https:\/\/perma.cc\/8P4S-5MUC\" target=\"_blank\" rel=\"noopener\">Joanne Nova<\/a>. Am engleschsproochegen Original ass en den 29. Juni 2024 erauskomm. D&#8217;Nova huet an de leschte Joren <a href=\"https:\/\/perma.cc\/7M4Y-TVUN\" target=\"_blank\" rel=\"noopener\">\u00ebmmer nees<\/a> d&#8217;Auswierkunge vun der <a href=\"https:\/\/perma.cc\/6MBS-H8K7\" target=\"_blank\" rel=\"noopener\">Korallebleech<\/a> a vun der <a href=\"https:\/\/perma.cc\/M8YQ-XBCP\" target=\"_blank\" rel=\"noopener\">Versauerung vum Ozean<\/a> op d&#8217;Ekosystemer am Mier zer\u00e9ckgewisen.<\/p>\n<p>Mee all d&#8217;Behaaptungen, de Korallen am Great Barrier Reef g\u00e9ing et am Moment besser w\u00e9i jee goen, w\u00e4ren ierf\u00e9ierend, hu Mieresexpertinnen an -experte g\u00e9intiwwer der AFP erkl\u00e4ert.<\/p>\n<p>Koralle leide massiv \u00ebnner der Bleech<\/p>\n<p><em>&#8220;All Ausso, dass sech d&#8217;Riff am Moment a sengem beschten Zoustand bef\u00ebnnt, ass falsch &#8211; virun allem, wann een d\u00e9i lescht Bleech consider\u00e9iert, d\u00e9i vill Gebidder, d&#8217;Great Barrier Reef mat abegraff, betraff huet&#8221;<\/em>, sot de <a href=\"https:\/\/perma.cc\/T9QX-VRS6\">Peter Mumby<\/a> vum Zenter fir Mieresw\u00ebssenschaften op der University of Queensland g\u00e9intiwwer der AFP den 8. Juli 2024.<\/p>\n<p>Eng <a href=\"https:\/\/perma.cc\/H9TD-J3AW\" target=\"_blank\" rel=\"noopener\">Korallebleech<\/a> f\u00ebnnt statt, wann d&#8217;Waassertemperatur kl\u00ebmmt an d&#8217;Korallen dow\u00e9inst mikroskopesch kleng Algen &#8211; sougenannt <a href=\"https:\/\/perma.cc\/LN3Z-QA7B\" target=\"_blank\" rel=\"noopener\">Zooxanthellen<\/a> &#8211; ausstoussen, fir ze iwwerliewen. D&#8217;<a href=\"https:\/\/perma.cc\/RQM9-5N57\" target=\"_blank\" rel=\"noopener\">Great Barrier Reef<\/a> g\u00ebllt als de gr\u00e9isste Koralleriffsystem vun der \u00c4erd. An de Summeren 2023\/2024 huet do d\u00e9i <a href=\"https:\/\/perma.cc\/SGS3-J7W5\" target=\"_blank\" rel=\"noopener\">gr\u00e9isst H\u00e4erdebleech<\/a> z\u00ebnter dem Ufank vun den Opzeechnunge stattfonnt.<\/p>\n<p><img src=\"https:\/\/belux-edmo.s3-accelerate.amazonaws.com\/wp-content\/uploads\/2024\/07\/4cc112e2159598008f607e6eb42784af.jpeg\" alt=\"RTL\" \/> \u00a9 AFP<\/p>\n<p>An <a href=\"https:\/\/perma.cc\/MB3B-46TH\" target=\"_blank\" rel=\"noopener\">alle G\u00e9igende vum Great Barrier Reef<\/a> sinn extreem Bleechen opgetrueden, d\u00e9i m\u00e9i w\u00e9i 90 Prozent vum Korallebestand betraff hunn. D&#8217;Phenomeen ass un d&#8217;Temperaturrekorder gekoppelt an ass z\u00ebnter 2016 f\u00ebnnef Mol opgetrueden, verst\u00e4erkt duerch d\u00e9i vum M\u00ebnsch gemaach <a href=\"https:\/\/perma.cc\/7WKJ-B8YC\" target=\"_blank\" rel=\"noopener\">global \u00c4erderwiermung<\/a>.<\/p>\n<p>Donn\u00e9e\u00eb fir 2024 stinn nach aus<\/p>\n<p>An den ierf\u00e9ierende B\u00e4itr\u00e4g ginn Donn\u00e9e\u00eb vum Australeschen Institut fir Mieresw\u00ebssenschaften als suppos\u00e9ierte Beweis fir den angeebleche &#8220;Rekordwuesstum&#8221; vum Korallesystem am Joer 2024 genannt.<\/p>\n<p>E Spriecher vum AIMS huet awer den 9. Juli 2024 g\u00e9intiwwer der AFP erkl\u00e4ert, dass d\u00ebs Zuelen net st\u00ebmme k\u00e9inten. D&#8217;Institut h\u00e4tt nach keng definitiv Donn\u00e9e\u00eb fir d&#8217;Joer 2024 virgeluecht. De Bericht soll er\u00e9ischt am August 2024 ver\u00ebffentlecht ginn.<\/p>\n<p>D&#8217;Institut h\u00e4tt schonn en <a href=\"https:\/\/perma.cc\/Q96L-D6Z5\" target=\"_blank\" rel=\"noopener\">\u00e9ischten Deel vun den Donn\u00e9e\u00ebn erhuewen<\/a>, awer dem AIMS-Spriecher no huet de Groussdeel vun d\u00ebser Erhiewung virum H\u00e9ichpunkt vun der Belaaschtung duerch d&#8217;H\u00ebtzt an der domat verbonnener Bleech stattfonnt. D\u00e9i aktuell Korallebleech w\u00e4r<em> &#8220;eng vun den \u00ebmfangr\u00e4ichsten a grav\u00e9ierendsten an der Geschicht&#8221;. <\/em>Ausserdeem w\u00e4r <em>&#8220;d&#8217;H\u00e4erdebleech nach net eriwwer&#8221;<\/em>, firwat et nach ze fr\u00e9i w\u00e4r, fir d\u00e9i komplett Auswierkungen erkennen ze k\u00ebnnen. <em>&#8220;D&#8217;Ekippe vum AIMS w\u00e4erten am September nees an d&#8217;Waasser goen, fir d\u00e9i komplett Auswierkunge vun der Bleech vun 2024 op d&#8217;Korallebedeckung ze dokument\u00e9ieren. D\u00ebs Ereegnesser gi M\u00ebtt 2025 an eisem Joresrapport iwwer d&#8217;Korallebedeckung ver\u00ebffentlecht&#8221;<\/em>, huet de Spriecher prezis\u00e9iert.<\/p>\n<p>Korallebedeckung seet nach n\u00e4ischt iwwer d&#8217;Gesondheet vun de Korallen aus<\/p>\n<p>Dat <a href=\"https:\/\/perma.cc\/4JTV-HGX3\" target=\"_blank\" rel=\"noopener\">Globaalt Netzwierk fir d&#8217;Iwwerwaachung vu Koralleriffer<\/a> analys\u00e9iert weltw\u00e4it den Zoustand vun der Korallebedeckung. D\u00ebsen <a href=\"https:\/\/perma.cc\/W6GJ-LK9E\" target=\"_blank\" rel=\"noopener\">Donn\u00e9e\u00ebn<\/a> no l\u00e9isst sech vun 2009 bis 2018 en d\u00e4itlechen Trend no \u00ebnne bei der Quantit\u00e9it u Korallen am Great Barrier Reef beobachten.<em> &#8220;D\u00ebse Verloscht spigelt d\u00e9i kumulativ Auswierkunge vu fr\u00e9iere Korallebleechen a lokale Belaaschtungen er\u00ebm, beispillsweis duerch Mieresverschmotzung, K\u00fcstenentw\u00e9cklung oder iwwerm\u00e9issegt F\u00ebschen&#8221;<\/em>, sot den AIMS-Spriecher.<\/p>\n<p><img src=\"https:\/\/belux-edmo.s3-accelerate.amazonaws.com\/wp-content\/uploads\/2024\/07\/73a786351ff1ff9d720cbb3fae665cb7.jpeg\" alt=\"RTL\" \/> \u00a9 AFP<\/p>\n<p>Dass d&#8217;Korallebedeckung am Great Barrier Reef an de leschte Joren z\u00ebnter 2018 nees e b\u00ebssen zougeholl huet, seet awer nach n\u00e4ischt iwwer de generellen Zoustand vum Riff aus, soten Expertinnen an Experte g\u00e9intiwwer der AFP.<\/p>\n<p>D&#8217;<a href=\"https:\/\/perma.cc\/ZU28-X9LQ\">Jen McWhorter,<\/a> W\u00ebssenschaftlerin am <a href=\"https:\/\/perma.cc\/4JTV-HGX3\" target=\"_blank\" rel=\"noopener\">Ozeanographeschen a Meteorologesche Labo<\/a> vum <a href=\"https:\/\/perma.cc\/RR6L-K2V7\" target=\"_blank\" rel=\"noopener\">US-Institut fir Ozean- an Atmosph\u00e4rfuerschung<\/a> (NOAA),sot den 10. Juli 2024 g\u00e9intiwwer der AFP, dass en Zouhuele vun der Korallebedeckung <em>&#8220;warscheinlech vu <a href=\"https:\/\/perma.cc\/BSG7-P2R3\">verzweigte Koralle<\/a> k\u00ebnnt an net representativ fir d&#8217;Erhuelung vum Riff als Ganzt ass.&#8221;<\/em><\/p>\n<p>Och d&#8217;<a href=\"https:\/\/perma.cc\/2J82-M8FZ\">Sally Keith<\/a>, Dozentin fir Mieresbiologie op der University of Lancaster am Vereenegte Kinnekr\u00e4ich, huet der AFP den 10. Juli 2024 matgedeelt, d&#8217;Korallebedeckung w\u00e4r en &#8220;einfache Moossstaf&#8221;, deen d&#8217;Auswierkunge vun H\u00e4erdebleechen op a vum Stierwe vu verschiddenen Zorten net erfaasse g\u00e9if. <em>&#8220;D&#8217;Zesummesetzung vun de Korallen ass wichteg fir d&#8217;Funktion\u00e9iere vum Ekosystem an d\u00e9i grondlee\u00ebnd Aartevillfalt&#8221;<\/em>, sot d&#8217;Keith.<\/p>\n<p>Grav\u00e9ierend Auswierkunge vun der Bleech<\/p>\n<p>Koralleriffer, w\u00e9i d&#8217;Great Barrier Reef, exist\u00e9ieren z\u00ebnter Joerdausenden. Dem <a href=\"https:\/\/perma.cc\/X7HV-TYSJ?type=image\" target=\"_blank\" rel=\"noopener\">Terry Hughes<\/a> no, Direkter vum Exzellenzzenter vum Australesche Fuerschungsrot fir Et\u00fcden iwwer Koralleriffer, w\u00e4r et dow\u00e9inst extreem wichteg ze \u00ebnnersichen, w\u00e9i sech<em> &#8220;d&#8217;M\u00ebschung vun den Aarten, d\u00e9i op an der G\u00e9igend vun de Riffer virkommen, a j\u00e9ngster Z\u00e4it ver\u00e4nnert huet&#8221;.<\/em> Just esou k\u00e9int dokument\u00e9iert ginn, wat fir Auswierkungen Extreemphenomeener, w\u00e9i d\u00e9i aktuell Korallebleechen, op de ganzen Ekosystem am Mier hunn.<\/p>\n<p>De <a href=\"https:\/\/perma.cc\/2J82-M8FZ\" target=\"_blank\" rel=\"noopener\">Weltklimarot vun de Vereenten Natioune<\/a> seet, dass<em> &#8220;eng weider Verschlechterung vun de Riffer opgrond vum zuk\u00fcnftege Klimawandel elo onvermeidlech sch\u00e9ngt, mat grav\u00e9ierende Konsequenze fir aner Ekosystemer am Mier an un der K\u00fcst.&#8221;<\/em><\/p>\n<p>D&#8217;AFP huet an der Vergaangenheet schonn aner Behaaptungen iwwer d&#8217;<a href=\"..\/..\/storage\/data\/afp\/factcheck_v2\/DE\/doc.afp.com.34QW387\" target=\"_blank\" rel=\"noopener\">Great Barrier Reef<\/a> iwwerpr\u00e9ift a widderluecht. Faktenchecken zum Sujet Klima sammelt d&#8217;AFP <a href=\"..\/..\/storage\/data\/afp\/factcheck_v2\/DE\/list\/Klima\" target=\"_blank\" rel=\"noopener\">hei<\/a>.<\/p>\n<p><strong>Fazit:<\/strong> D&#8217;Behaaptungen, d\u00e9i am Internet am \u00cbmlaf sinn, wou gesot g\u00ebtt, d&#8217;Koralleriffer vum australesche Great Barrier Reef w\u00e4re m\u00e9i gesond w\u00e9i jee, sinn ierf\u00e9ierend. D&#8217;Aussoe goufe vun engem klimaskeptesche Blog verbreet, dee sech op vermeintlech offiziell Zuele vun der australescher Mieresagence fir 2024 berifft. Mee der Agence no goufen d&#8217;Zuele fir 2024 nach guer net ver\u00ebffentlecht. Ausserdeem hunn Expertinnen an Experten der AFP erkl\u00e4ert, dass Donn\u00e9e\u00ebn iwwer d&#8217;Quantit\u00e9it u Korallen nach keng relevant Ausso iwwer d\u00e9i wierklech Gesondheet vun engem Riff aussoen. D&#8217;Great Barrier Reef ass nach \u00ebmmer massiv vu Korallebleeche betraff, wat grav\u00e9ierend Konsequenze fir d\u00e9i biologesch Villfalt vun den Ozeaner huet.<\/p>\n<p><em>D\u00ebsen AFP-Artikel gouf vun RTL op L\u00ebtzebuergesch iwwersat.<\/em><\/p>\n<\/div>\n<\/div>\n<\/article>\n","protected":false},"excerpt":{"rendered":"<p>Dat australescht Great Barrier Reef huet \u00ebmmer nees mat bedrolechen Zuelen iwwer Korallestierwe Schlagzeile gemaach. Trotzdeem behaapte klimaskeptesch St\u00ebmmen a Sozialen Netzwierker, dass am Joer 2024 eng Rekordzuel u Koralle b\u00e4ikomm w\u00e4r. Den Informatioune vun der australescher Mieresagence no goufen d&#8217;Donn\u00e9e\u00eb fir 2024 awer nach guer net ver\u00ebffentlecht.<\/p>\n","protected":false},"author":1,"featured_media":349029,"comment_status":"closed","ping_status":"closed","sticky":false,"template":"","format":"standard","meta":{"_acf_changed":false,"footnotes":""},"categories":[189,183,192],"tags":[],"class_list":{"0":"post-349049","1":"post","2":"type-post","3":"status-publish","4":"format-standard","5":"has-post-thumbnail","7":"category-emwelt","8":"category-fact-check-lb","9":"category-wessenschaft"},"acf":{"show_metatags":true,"id":"2214770","authors":"RTL L\u00ebtzebuerg","organization":"RTL","featured_image_copyright":"","text_copyright":"Copyright RTL \/ CLT-UFA S.A.","source":"https:\/\/www.rtl.lu\/news\/faktencheck\/a\/2214770.html","fact_checker":"https:\/\/belux.wpengine.com\/wp-content\/uploads\/2021\/12\/afp_logo.png","type":"Closed Event","location":"","start_date":"","start_date_event_begins_at":"","start_date_event_ends_at":"","end_date":"","end_date_event_begins_at":"","end_date_event_ends_at":"","organizer":"","fact_checker_logo_image":false},"yoast_head":"<!-- This site is optimized with the Yoast SEO plugin v27.0 - https:\/\/yoast.com\/product\/yoast-seo-wordpress\/ -->\n<title>Faktencheck: D&#039;Great Barrier Reef ass massiv bedrot, trotz Korallenzouwuess - EDMO Belux<\/title>\n<meta name=\"robots\" content=\"index, follow, max-snippet:-1, max-image-preview:large, max-video-preview:-1\" \/>\n<link rel=\"canonical\" href=\"https:\/\/belux.edmo.eu\/lb\/faktencheck-dgreat-barrier-reef-ass-massiv-bedrot-trotz-korallenzouwuess\/\" \/>\n<meta property=\"og:locale\" content=\"en_US\" \/>\n<meta property=\"og:type\" content=\"article\" \/>\n<meta property=\"og:title\" content=\"Faktencheck: D&#039;Great Barrier Reef ass massiv bedrot, trotz Korallenzouwuess - EDMO Belux\" \/>\n<meta property=\"og:description\" content=\"Dat australescht Great Barrier Reef huet \u00ebmmer nees mat bedrolechen Zuelen iwwer Korallestierwe Schlagzeile gemaach. Trotzdeem behaapte klimaskeptesch St\u00ebmmen a Sozialen Netzwierker, dass am Joer 2024 eng Rekordzuel u Koralle b\u00e4ikomm w\u00e4r. Den Informatioune vun der australescher Mieresagence no goufen d&#039;Donn\u00e9e\u00eb fir 2024 awer nach guer net ver\u00ebffentlecht.\" \/>\n<meta property=\"og:url\" content=\"https:\/\/belux.edmo.eu\/lb\/faktencheck-dgreat-barrier-reef-ass-massiv-bedrot-trotz-korallenzouwuess\/\" \/>\n<meta property=\"og:site_name\" content=\"EDMO Belux\" \/>\n<meta property=\"article:published_time\" content=\"2024-07-21T13:00:45+00:00\" \/>\n<meta property=\"article:modified_time\" content=\"2024-08-19T08:50:24+00:00\" \/>\n<meta property=\"og:image\" content=\"https:\/\/belux-edmo.s3-accelerate.amazonaws.com\/wp-content\/uploads\/2024\/07\/737cb627e369345a800f49395b8255c7.jpeg\" \/>\n\t<meta property=\"og:image:width\" content=\"1080\" \/>\n\t<meta property=\"og:image:height\" content=\"540\" \/>\n\t<meta property=\"og:image:type\" content=\"image\/jpeg\" \/>\n<meta name=\"author\" content=\"master\" \/>\n<meta name=\"twitter:card\" content=\"summary_large_image\" \/>\n<meta name=\"twitter:creator\" content=\"@Edmo_Belux\" \/>\n<meta name=\"twitter:site\" content=\"@Edmo_Belux\" \/>\n<meta name=\"twitter:label1\" content=\"Written by\" \/>\n\t<meta name=\"twitter:data1\" content=\"master\" \/>\n\t<meta name=\"twitter:label2\" content=\"Est. reading time\" \/>\n\t<meta name=\"twitter:data2\" content=\"6 minutes\" \/>\n<script type=\"application\/ld+json\" class=\"yoast-schema-graph\">{\"@context\":\"https:\/\/schema.org\",\"@graph\":[{\"@type\":\"Article\",\"@id\":\"https:\/\/belux.edmo.eu\/lb\/faktencheck-dgreat-barrier-reef-ass-massiv-bedrot-trotz-korallenzouwuess\/#article\",\"isPartOf\":{\"@id\":\"https:\/\/belux.edmo.eu\/lb\/faktencheck-dgreat-barrier-reef-ass-massiv-bedrot-trotz-korallenzouwuess\/\"},\"author\":{\"name\":\"master\",\"@id\":\"https:\/\/belux.edmo.eu\/#\/schema\/person\/dbe3b252258537fd318f9b5645a30342\"},\"headline\":\"Faktencheck: D&#8217;Great Barrier Reef ass massiv bedrot, trotz Korallenzouwuess\",\"datePublished\":\"2024-07-21T13:00:45+00:00\",\"dateModified\":\"2024-08-19T08:50:24+00:00\",\"mainEntityOfPage\":{\"@id\":\"https:\/\/belux.edmo.eu\/lb\/faktencheck-dgreat-barrier-reef-ass-massiv-bedrot-trotz-korallenzouwuess\/\"},\"wordCount\":1230,\"publisher\":{\"@id\":\"https:\/\/belux.edmo.eu\/#organization\"},\"image\":{\"@id\":\"https:\/\/belux.edmo.eu\/lb\/faktencheck-dgreat-barrier-reef-ass-massiv-bedrot-trotz-korallenzouwuess\/#primaryimage\"},\"thumbnailUrl\":\"https:\/\/belux-edmo.s3-accelerate.amazonaws.com\/wp-content\/uploads\/2024\/07\/737cb627e369345a800f49395b8255c7.jpeg\",\"articleSection\":[\"\u00cbmwelt\",\"Fact Check\",\"W\u00ebssenschaft\"],\"inLanguage\":\"lb-LU\"},{\"@type\":\"WebPage\",\"@id\":\"https:\/\/belux.edmo.eu\/lb\/faktencheck-dgreat-barrier-reef-ass-massiv-bedrot-trotz-korallenzouwuess\/\",\"url\":\"https:\/\/belux.edmo.eu\/lb\/faktencheck-dgreat-barrier-reef-ass-massiv-bedrot-trotz-korallenzouwuess\/\",\"name\":\"Faktencheck: D'Great Barrier Reef ass massiv bedrot, trotz Korallenzouwuess - EDMO Belux\",\"isPartOf\":{\"@id\":\"https:\/\/belux.edmo.eu\/#website\"},\"primaryImageOfPage\":{\"@id\":\"https:\/\/belux.edmo.eu\/lb\/faktencheck-dgreat-barrier-reef-ass-massiv-bedrot-trotz-korallenzouwuess\/#primaryimage\"},\"image\":{\"@id\":\"https:\/\/belux.edmo.eu\/lb\/faktencheck-dgreat-barrier-reef-ass-massiv-bedrot-trotz-korallenzouwuess\/#primaryimage\"},\"thumbnailUrl\":\"https:\/\/belux-edmo.s3-accelerate.amazonaws.com\/wp-content\/uploads\/2024\/07\/737cb627e369345a800f49395b8255c7.jpeg\",\"datePublished\":\"2024-07-21T13:00:45+00:00\",\"dateModified\":\"2024-08-19T08:50:24+00:00\",\"breadcrumb\":{\"@id\":\"https:\/\/belux.edmo.eu\/lb\/faktencheck-dgreat-barrier-reef-ass-massiv-bedrot-trotz-korallenzouwuess\/#breadcrumb\"},\"inLanguage\":\"lb-LU\",\"potentialAction\":[{\"@type\":\"ReadAction\",\"target\":[\"https:\/\/belux.edmo.eu\/lb\/faktencheck-dgreat-barrier-reef-ass-massiv-bedrot-trotz-korallenzouwuess\/\"]}]},{\"@type\":\"ImageObject\",\"inLanguage\":\"lb-LU\",\"@id\":\"https:\/\/belux.edmo.eu\/lb\/faktencheck-dgreat-barrier-reef-ass-massiv-bedrot-trotz-korallenzouwuess\/#primaryimage\",\"url\":\"https:\/\/belux-edmo.s3-accelerate.amazonaws.com\/wp-content\/uploads\/2024\/07\/737cb627e369345a800f49395b8255c7.jpeg\",\"contentUrl\":\"https:\/\/belux-edmo.s3-accelerate.amazonaws.com\/wp-content\/uploads\/2024\/07\/737cb627e369345a800f49395b8255c7.jpeg\",\"width\":1080,\"height\":540,\"caption\":\"Faktencheck: D'Great Barrier Reef ass massiv bedrot, trotz Korallenzouwuess - Featured image\"},{\"@type\":\"BreadcrumbList\",\"@id\":\"https:\/\/belux.edmo.eu\/lb\/faktencheck-dgreat-barrier-reef-ass-massiv-bedrot-trotz-korallenzouwuess\/#breadcrumb\",\"itemListElement\":[{\"@type\":\"ListItem\",\"position\":1,\"name\":\"Home\",\"item\":\"https:\/\/belux.edmo.eu\/lb\/\"},{\"@type\":\"ListItem\",\"position\":2,\"name\":\"Faktencheck: D&#8217;Great Barrier Reef ass massiv bedrot, trotz Korallenzouwuess\"}]},{\"@type\":\"WebSite\",\"@id\":\"https:\/\/belux.edmo.eu\/#website\",\"url\":\"https:\/\/belux.edmo.eu\/\",\"name\":\"EDMO Belux\",\"description\":\"Monitoring Disinformation in Belgium and Luxembourg\",\"publisher\":{\"@id\":\"https:\/\/belux.edmo.eu\/#organization\"},\"potentialAction\":[{\"@type\":\"SearchAction\",\"target\":{\"@type\":\"EntryPoint\",\"urlTemplate\":\"https:\/\/belux.edmo.eu\/?s={search_term_string}\"},\"query-input\":{\"@type\":\"PropertyValueSpecification\",\"valueRequired\":true,\"valueName\":\"search_term_string\"}}],\"inLanguage\":\"lb-LU\"},{\"@type\":\"Organization\",\"@id\":\"https:\/\/belux.edmo.eu\/#organization\",\"name\":\"EDMO Belux\",\"url\":\"https:\/\/belux.edmo.eu\/\",\"logo\":{\"@type\":\"ImageObject\",\"inLanguage\":\"lb-LU\",\"@id\":\"https:\/\/belux.edmo.eu\/#\/schema\/logo\/image\/\",\"url\":\"https:\/\/belux.edmo.eu\/wp-content\/uploads\/2021\/12\/belux-logo-full-color-rgb.svg\",\"contentUrl\":\"https:\/\/belux.edmo.eu\/wp-content\/uploads\/2021\/12\/belux-logo-full-color-rgb.svg\",\"width\":1,\"height\":1,\"caption\":\"EDMO Belux\"},\"image\":{\"@id\":\"https:\/\/belux.edmo.eu\/#\/schema\/logo\/image\/\"},\"sameAs\":[\"https:\/\/x.com\/Edmo_Belux\"]},{\"@type\":\"Person\",\"@id\":\"https:\/\/belux.edmo.eu\/#\/schema\/person\/dbe3b252258537fd318f9b5645a30342\",\"name\":\"master\",\"sameAs\":[\"https:\/\/belux.wpengine.com\"],\"url\":\"https:\/\/belux.edmo.eu\/lb\/author\/master\/\"}]}<\/script>\n<!-- \/ Yoast SEO plugin. -->","yoast_head_json":{"title":"Faktencheck: D'Great Barrier Reef ass massiv bedrot, trotz Korallenzouwuess - EDMO Belux","robots":{"index":"index","follow":"follow","max-snippet":"max-snippet:-1","max-image-preview":"max-image-preview:large","max-video-preview":"max-video-preview:-1"},"canonical":"https:\/\/belux.edmo.eu\/lb\/faktencheck-dgreat-barrier-reef-ass-massiv-bedrot-trotz-korallenzouwuess\/","og_locale":"en_US","og_type":"article","og_title":"Faktencheck: D'Great Barrier Reef ass massiv bedrot, trotz Korallenzouwuess - EDMO Belux","og_description":"Dat australescht Great Barrier Reef huet \u00ebmmer nees mat bedrolechen Zuelen iwwer Korallestierwe Schlagzeile gemaach. Trotzdeem behaapte klimaskeptesch St\u00ebmmen a Sozialen Netzwierker, dass am Joer 2024 eng Rekordzuel u Koralle b\u00e4ikomm w\u00e4r. Den Informatioune vun der australescher Mieresagence no goufen d'Donn\u00e9e\u00eb fir 2024 awer nach guer net ver\u00ebffentlecht.","og_url":"https:\/\/belux.edmo.eu\/lb\/faktencheck-dgreat-barrier-reef-ass-massiv-bedrot-trotz-korallenzouwuess\/","og_site_name":"EDMO Belux","article_published_time":"2024-07-21T13:00:45+00:00","article_modified_time":"2024-08-19T08:50:24+00:00","og_image":[{"width":1080,"height":540,"url":"https:\/\/belux-edmo.s3-accelerate.amazonaws.com\/wp-content\/uploads\/2024\/07\/737cb627e369345a800f49395b8255c7.jpeg","type":"image\/jpeg"}],"author":"master","twitter_card":"summary_large_image","twitter_creator":"@Edmo_Belux","twitter_site":"@Edmo_Belux","twitter_misc":{"Written by":"master","Est. reading time":"6 minutes"},"schema":{"@context":"https:\/\/schema.org","@graph":[{"@type":"Article","@id":"https:\/\/belux.edmo.eu\/lb\/faktencheck-dgreat-barrier-reef-ass-massiv-bedrot-trotz-korallenzouwuess\/#article","isPartOf":{"@id":"https:\/\/belux.edmo.eu\/lb\/faktencheck-dgreat-barrier-reef-ass-massiv-bedrot-trotz-korallenzouwuess\/"},"author":{"name":"master","@id":"https:\/\/belux.edmo.eu\/#\/schema\/person\/dbe3b252258537fd318f9b5645a30342"},"headline":"Faktencheck: D&#8217;Great Barrier Reef ass massiv bedrot, trotz Korallenzouwuess","datePublished":"2024-07-21T13:00:45+00:00","dateModified":"2024-08-19T08:50:24+00:00","mainEntityOfPage":{"@id":"https:\/\/belux.edmo.eu\/lb\/faktencheck-dgreat-barrier-reef-ass-massiv-bedrot-trotz-korallenzouwuess\/"},"wordCount":1230,"publisher":{"@id":"https:\/\/belux.edmo.eu\/#organization"},"image":{"@id":"https:\/\/belux.edmo.eu\/lb\/faktencheck-dgreat-barrier-reef-ass-massiv-bedrot-trotz-korallenzouwuess\/#primaryimage"},"thumbnailUrl":"https:\/\/belux-edmo.s3-accelerate.amazonaws.com\/wp-content\/uploads\/2024\/07\/737cb627e369345a800f49395b8255c7.jpeg","articleSection":["\u00cbmwelt","Fact Check","W\u00ebssenschaft"],"inLanguage":"lb-LU"},{"@type":"WebPage","@id":"https:\/\/belux.edmo.eu\/lb\/faktencheck-dgreat-barrier-reef-ass-massiv-bedrot-trotz-korallenzouwuess\/","url":"https:\/\/belux.edmo.eu\/lb\/faktencheck-dgreat-barrier-reef-ass-massiv-bedrot-trotz-korallenzouwuess\/","name":"Faktencheck: D'Great Barrier Reef ass massiv bedrot, trotz Korallenzouwuess - EDMO Belux","isPartOf":{"@id":"https:\/\/belux.edmo.eu\/#website"},"primaryImageOfPage":{"@id":"https:\/\/belux.edmo.eu\/lb\/faktencheck-dgreat-barrier-reef-ass-massiv-bedrot-trotz-korallenzouwuess\/#primaryimage"},"image":{"@id":"https:\/\/belux.edmo.eu\/lb\/faktencheck-dgreat-barrier-reef-ass-massiv-bedrot-trotz-korallenzouwuess\/#primaryimage"},"thumbnailUrl":"https:\/\/belux-edmo.s3-accelerate.amazonaws.com\/wp-content\/uploads\/2024\/07\/737cb627e369345a800f49395b8255c7.jpeg","datePublished":"2024-07-21T13:00:45+00:00","dateModified":"2024-08-19T08:50:24+00:00","breadcrumb":{"@id":"https:\/\/belux.edmo.eu\/lb\/faktencheck-dgreat-barrier-reef-ass-massiv-bedrot-trotz-korallenzouwuess\/#breadcrumb"},"inLanguage":"lb-LU","potentialAction":[{"@type":"ReadAction","target":["https:\/\/belux.edmo.eu\/lb\/faktencheck-dgreat-barrier-reef-ass-massiv-bedrot-trotz-korallenzouwuess\/"]}]},{"@type":"ImageObject","inLanguage":"lb-LU","@id":"https:\/\/belux.edmo.eu\/lb\/faktencheck-dgreat-barrier-reef-ass-massiv-bedrot-trotz-korallenzouwuess\/#primaryimage","url":"https:\/\/belux-edmo.s3-accelerate.amazonaws.com\/wp-content\/uploads\/2024\/07\/737cb627e369345a800f49395b8255c7.jpeg","contentUrl":"https:\/\/belux-edmo.s3-accelerate.amazonaws.com\/wp-content\/uploads\/2024\/07\/737cb627e369345a800f49395b8255c7.jpeg","width":1080,"height":540,"caption":"Faktencheck: D'Great Barrier Reef ass massiv bedrot, trotz Korallenzouwuess - Featured image"},{"@type":"BreadcrumbList","@id":"https:\/\/belux.edmo.eu\/lb\/faktencheck-dgreat-barrier-reef-ass-massiv-bedrot-trotz-korallenzouwuess\/#breadcrumb","itemListElement":[{"@type":"ListItem","position":1,"name":"Home","item":"https:\/\/belux.edmo.eu\/lb\/"},{"@type":"ListItem","position":2,"name":"Faktencheck: D&#8217;Great Barrier Reef ass massiv bedrot, trotz Korallenzouwuess"}]},{"@type":"WebSite","@id":"https:\/\/belux.edmo.eu\/#website","url":"https:\/\/belux.edmo.eu\/","name":"EDMO Belux","description":"Monitoring Disinformation in Belgium and Luxembourg","publisher":{"@id":"https:\/\/belux.edmo.eu\/#organization"},"potentialAction":[{"@type":"SearchAction","target":{"@type":"EntryPoint","urlTemplate":"https:\/\/belux.edmo.eu\/?s={search_term_string}"},"query-input":{"@type":"PropertyValueSpecification","valueRequired":true,"valueName":"search_term_string"}}],"inLanguage":"lb-LU"},{"@type":"Organization","@id":"https:\/\/belux.edmo.eu\/#organization","name":"EDMO Belux","url":"https:\/\/belux.edmo.eu\/","logo":{"@type":"ImageObject","inLanguage":"lb-LU","@id":"https:\/\/belux.edmo.eu\/#\/schema\/logo\/image\/","url":"https:\/\/belux.edmo.eu\/wp-content\/uploads\/2021\/12\/belux-logo-full-color-rgb.svg","contentUrl":"https:\/\/belux.edmo.eu\/wp-content\/uploads\/2021\/12\/belux-logo-full-color-rgb.svg","width":1,"height":1,"caption":"EDMO Belux"},"image":{"@id":"https:\/\/belux.edmo.eu\/#\/schema\/logo\/image\/"},"sameAs":["https:\/\/x.com\/Edmo_Belux"]},{"@type":"Person","@id":"https:\/\/belux.edmo.eu\/#\/schema\/person\/dbe3b252258537fd318f9b5645a30342","name":"master","sameAs":["https:\/\/belux.wpengine.com"],"url":"https:\/\/belux.edmo.eu\/lb\/author\/master\/"}]}},"menu_order":0,"_links":{"self":[{"href":"https:\/\/belux.edmo.eu\/lb\/wp-json\/wp\/v2\/posts\/349049","targetHints":{"allow":["GET"]}}],"collection":[{"href":"https:\/\/belux.edmo.eu\/lb\/wp-json\/wp\/v2\/posts"}],"about":[{"href":"https:\/\/belux.edmo.eu\/lb\/wp-json\/wp\/v2\/types\/post"}],"author":[{"embeddable":true,"href":"https:\/\/belux.edmo.eu\/lb\/wp-json\/wp\/v2\/users\/1"}],"replies":[{"embeddable":true,"href":"https:\/\/belux.edmo.eu\/lb\/wp-json\/wp\/v2\/comments?post=349049"}],"version-history":[{"count":0,"href":"https:\/\/belux.edmo.eu\/lb\/wp-json\/wp\/v2\/posts\/349049\/revisions"}],"wp:featuredmedia":[{"embeddable":true,"href":"https:\/\/belux.edmo.eu\/lb\/wp-json\/wp\/v2\/media\/349029"}],"wp:attachment":[{"href":"https:\/\/belux.edmo.eu\/lb\/wp-json\/wp\/v2\/media?parent=349049"}],"wp:term":[{"taxonomy":"category","embeddable":true,"href":"https:\/\/belux.edmo.eu\/lb\/wp-json\/wp\/v2\/categories?post=349049"},{"taxonomy":"post_tag","embeddable":true,"href":"https:\/\/belux.edmo.eu\/lb\/wp-json\/wp\/v2\/tags?post=349049"}],"curies":[{"name":"wp","href":"https:\/\/api.w.org\/{rel}","templated":true}]}}