{"id":35011,"date":"2022-05-05T08:00:37","date_gmt":"2022-05-05T08:00:37","guid":{"rendered":"https:\/\/belux.wpengine.com\/?p=35011"},"modified":"2022-10-06T14:03:12","modified_gmt":"2022-10-06T14:03:12","slug":"faktencheck-hat-de-karl-marx-zur-versklavung-vun-de-vlker-opgeruff","status":"publish","type":"post","link":"https:\/\/belux.edmo.eu\/lb\/faktencheck-hat-de-karl-marx-zur-versklavung-vun-de-vlker-opgeruff\/","title":{"rendered":"Faktencheck: Hat de Karl Marx zur &#8220;Versklavung vun de V\u00eblker&#8221; opgeruff?"},"content":{"rendered":"<article>\n<div>\n<div>\n<p>&nbsp;<\/p>\n<\/div>\n<div>\n<p>An de sozialen Netzwierker m\u00e9cht eng presum\u00e9iert L\u00ebscht vum Philosoph Karl Marx d&#8217;Ronn, an d\u00e4r zur Weltherrschaft opgeruff g\u00ebtt.<\/p>\n<p>Honnerten Notzerinnen an Notzer hunn eng L\u00ebscht, d\u00e9i angeeblech vum Karl Marx stame soll, M\u00ebtt M\u00e4erz 2022 op en Neits op Facebook gedeelt (<a href=\"https:\/\/perma.cc\/7LRZ-BBZH?type=image\" target=\"_blank\" rel=\"noopener\">hei<\/a>, <a href=\"https:\/\/perma.cc\/4VTZ-N8Z2?type=image\" target=\"_blank\" rel=\"noopener\">hei<\/a>). Schonn am Januar 2020 hate sech honnerte Leit d\u00ebs L\u00ebscht do ugekuckt. Op Telegram huet d&#8217;Behaaptung aktuell <a href=\"https:\/\/perma.cc\/C4BC-8GUU?type=image\" target=\"_blank\" rel=\"noopener\">iwwer z\u00e9ngdausend Leit<\/a> erreecht.<\/p>\n<p><img src=\"https:\/\/belux.wpengine.com\/wp-content\/uploads\/2022\/05\/6e1a2e57530c3a63c4f8ca093badd3f2.jpeg\" alt=\"RTL\" \/> Screenshot der Behauptung auf Facebook: 13.04.2022<\/p>\n<p>Den d\u00e4itsche <a href=\"https:\/\/www.bundesarchiv.de\/DE\/Content\/Dokumente-zur-Zeitgeschichte\/18180505-karl_marx.html\" target=\"_blank\" rel=\"noopener\">Philosoph Karl Marx<\/a>, deen 1818 gebuer gouf, g\u00ebllt als ee vun de bedeitendste vum 19. Joerhonnert. Seng Kritik un der kapitalistescher Produktiounsweis a sengem Haaptwierk &#8220;Das Kapital&#8221; hat w\u00e4itreechend Konsequenzen op d&#8217;Aarbechterbeweegung an d&#8217;Geschicht vum 20. Joerhonnert. Och haut <a href=\"https:\/\/www.deutschlandfunk.de\/karl-marx-und-seine-bedeutung-heute-100.html\" target=\"_blank\" rel=\"noopener\">g\u00ebtt hien nach wichteg Impulser<\/a> fir Kritik um Kapitalismus. W\u00e9inst dem Afloss vu sengen Aarbechten op d\u00e9i kommunistesch Ideologie blouf s\u00e4in Numm awer \u00ebmmer <a href=\"https:\/\/www.profil.at\/gesellschaft\/karl-marx-vor-200-jahren-geboren-und-noch-immer-umstritten\/400914416\" target=\"_blank\" rel=\"noopener\">\u00ebmstridden<\/a>.<\/p>\n<p><a>G\u00ebtt et d\u00ebs L\u00ebscht am brittesche Mus\u00e9e zu London?<\/a><\/p>\n<p>D&#8217;AFP huet online no d\u00e4r op Facebook gedeelter Katalognummer &#8220;3926&#8221; an dem St\u00e9chwuert &#8220;Marx&#8221; am Archiv vum brittesche Mus\u00e9e zu London gesicht. D&#8217;Sich huet <a href=\"https:\/\/www.britishmuseum.org\/collection\/search?keyword=3926&amp;keyword=marx&amp;view=grid&amp;sort=object_name__asc&amp;page=1\" target=\"_blank\" rel=\"noopener\">keng Resultater<\/a> erginn. Och eng Sich no der presum\u00e9ierter <a href=\"https:\/\/www.britishmuseum.org\/collection\/search?keyword=3926&amp;view=grid&amp;sort=object_name__asc&amp;page=1#page-top\" target=\"_blank\" rel=\"noopener\">Katalognummer eleng<\/a> huet keng relevant Resultater bruecht, d\u00e9i d\u00e9i gedeelt L\u00ebscht confirm\u00e9ieren.<\/p>\n<p>D&#8217;AFP huet beim brittesche Mus\u00e9e zu London no der L\u00ebscht an der Katalognummer gefrot. De 14. Abr\u00ebll 2022 huet d&#8217;Kommunikatiounsdepartement Folgendes an enger E-Mail geschriwwen: &#8220;Eis Archivekipp huet keng Opzeechnungen doriwwer.&#8221;<\/p>\n<p>Well de Groussdeel vun de schr\u00ebftleche Sammlunge vum Mus\u00e9e an der <a href=\"https:\/\/www.bl.uk\/\" target=\"_blank\" rel=\"noopener\">British Library<\/a> versuergt g\u00ebtt, huet d&#8217;AFP och do souwuel no der Katalognummer, w\u00e9i och dem St\u00e9chwuert &#8220;Marx&#8221; an no &#8220;Marx Versklavung vun de V\u00eblker&#8221; gesicht, awer keng <a href=\"http:\/\/explore.bl.uk\/primo_library\/libweb\/action\/search.do?fn=search&amp;ct=search&amp;initialSearch=true&amp;mode=Basic&amp;tab=local_tab&amp;indx=1&amp;dum=true&amp;srt=rank&amp;vid=BLVU1&amp;frbg=&amp;tb=t&amp;vl%28freeText0%29=3926+marx&amp;scp.scps=scope%3A%28BLCONTENT%29&amp;vl%282084770704UI0%29=any&amp;vl%282084770704UI0%29=title&amp;vl%282084770704UI0%29=any\" target=\"_blank\" rel=\"noopener\">relevant Resultater<\/a> fonnt.<\/p>\n<p>Och eng Spriecherin vun der British Library, d&#8217;Lishnai Ramanayake, huet op Ufro vun der AFP an enger E-Mail vum 26. Abr\u00ebll 2022 matgedeelt, dass do bei enger \u00e9ischter Recherche esou eng L\u00ebscht net fonnt gi w\u00e4r. Si huet dorop higewisen, dass schonn d\u00e9i D\u00e4itsch Presseagence (dpa) e <a href=\"https:\/\/gbr01.safelinks.protection.outlook.com\/?url=https%3A%2F%2Fdpa-factchecking.com%2Faustria%2F210205-99-313787%2F&amp;data=05%7C01%7C%7C53b7a3c201ac48cce2c708da2761bdc6%7C21a44cb7f9c34f009afabd1e8e88bcd9%7C0%7C0%7C637865597990658303%7CUnknown%7CTWFpbGZsb3d8eyJWIjoiMC4wLjAwMDAiLCJQIjoiV2luMzIiLCJBTiI6Ik1haWwiLCJXVCI6Mn0%3D%7C3000%7C%7C%7C&amp;sdata=9S%2BKS2woKtB34rmoDTicD182HnKfUNFLGtuaWizoc%2BQ%3D&amp;reserved=0\" target=\"_blank\" rel=\"noopener\">Faktencheck iwwer d\u00e9i L\u00ebscht<\/a> publiz\u00e9iert huet.<\/p>\n<p>Experten: L\u00ebscht passt net zum Karl Marx<\/p>\n<p>D&#8217;Punkte vun der L\u00ebscht selwer passen op den \u00e9ischte Bl\u00e9ck net zu bekannten Haltunge vum Marx. Obwuel sech de kapitalismuskritesche Karl Marx fir d&#8217;Aarbechterbeweegung agesat huet, kann een aus der op Facebook gedeelter L\u00ebscht schl\u00e9issen, dass de Marx \u00eb.a. recommand\u00e9iert h\u00e4tt, &#8220;L\u00e9in ouni Virdeel fir d&#8217;Aarbechter ze erh\u00e9ijen&#8221; a &#8220;Verm\u00e9ige schl\u00e9ckend Monopoler ze schafen&#8221;.<\/p>\n<p>D&#8217;AFP huet de <a href=\"https:\/\/www.uni-muenster.de\/PhilSem\/mitglieder\/quante\/quante.html\" target=\"_blank\" rel=\"noopener\">Michael Quante<\/a>, Philosophie-Professer op der westf\u00e4lescher Wilhelms-Universit\u00e4t zu M\u00fcnster, gefrot, ob de Karl Marx esou eng L\u00ebscht jeemools publiz\u00e9iert huet. Hien \u00e4ntwert den 18. M\u00e4erz 2022 an enger E-Mail: &#8220;Den Text passt inhaltlech net zur Positioun vum Karl Marx.&#8221; A weider schreift hien aus senger Expertise eraus: &#8220;Aus der Siicht vun Editeuren, d\u00e9i fir d\u00e9i kritesch Editioun vum Marx an Engels responsabel sinn, handelt et sech net \u00ebm en Text, deen dem Karl Marx zougeuerdent ka ginn.&#8221;<\/p>\n<p>De Quante huet och dorop higewisen, dass hie scho virun enger Rei Joren eng \u00e4nlech Ufro kritt h\u00e4tt. 2020 hat d\u00e9i d\u00e4itsch Presseagence (dpa) an engem <a href=\"https:\/\/www.presseportal.de\/pm\/133833\/4522945?fbclid=IwAR192cFCAFCUqL-76zYcWx0YFBC1CPQGjEMb_aaJVDYfF4U23Ssqbj4pcds\" target=\"_blank\" rel=\"noopener\">Faktencheck<\/a> d&#8217;L\u00ebscht, d\u00e9i haut er\u00ebm d&#8217;Ronn m\u00e9cht, iwwerpr\u00e9ift.<\/p>\n<p>Och de <a href=\"https:\/\/marxforschung.de\/vereinsvorstellung\/\" target=\"_blank\" rel=\"noopener\">Rolf Hecker<\/a> vum &#8220;Berliner Verein zur F\u00f6rderung der Marx-Engels-Gesamtausgabe&#8221;, deem Marx-Expertinnen an -Experten ugeh\u00e9ieren, huet den 20. Abr\u00ebll an enger E-Mail confirm\u00e9iert: &#8220;Esou eng L\u00ebscht aus der Fieder vum Marx exist\u00e9iert net an och inhaltlech k\u00ebnnen d\u00e9i eenzel Argumenter net konstru\u00e9iert gi sinn.&#8221; Et g\u00e9if am gesamte bekannte Wierk vum Karl Marx \u00c4usserungen, d\u00e9i inhaltlech an eng \u00e4nlech Richtung ginn, w\u00e9i an der propag\u00e9ierter L\u00ebscht.<\/p>\n<p>Och de <a href=\"https:\/\/www.geschichte.hu-berlin.de\/de\/bereiche-und-lehrstuehle\/alte-geschichte\/personen\/nippel\" target=\"_blank\" rel=\"noopener\">Wilfried Nippel<\/a>, Geschichtsprofesser op der Humboldt-Universit\u00e9it zu Berlin, huet den 19. Abr\u00ebll 2022 an enger E-Mail un d&#8217;AFP erkl\u00e4ert: &#8220;Esou eng L\u00ebscht kennt d&#8217;Marx-Fuerschung, d\u00e9i all Ziedel vun him \u00ebnnersicht, net. Gew\u00ebss k\u00e9int een an zwee oder dr\u00e4i Punkten en Zousp\u00ebtzen oder eng Verdr\u00e9inung vun der Klassenkampf-Theorie vum Marx er\u00ebmerkennen, awer de Rescht huet n\u00e4ischt mam Marx ze dinn.&#8221;<\/p>\n<p><a>L\u00ebscht k\u00e9int op dem antisemittesche Buch &#8220;Protokoll vun de Weese vun Zion&#8221; berouen<\/a><\/p>\n<p>De Professer Nippel huet och op e m\u00e9iglechen Ursprong higewisen: &#8220;Behaaptunge, dass et en Originaltext fir d\u00e9i gef\u00e4lscht &#8220;Protokoller vun de Weese vun Zion&#8221; am Brittesche Mus\u00e9e g\u00e9if ginn, huet et schonns an den 1920er Jore ginn. M\u00e9iglecherweis ass d\u00ebsen Text iwwer d\u00e9i &#8216;j\u00fcddesch Weltverschwierung&#8217; d&#8217;Virbild, awer dat ass en Text vun e puer Dose S\u00e4iten, net just eng L\u00ebscht.&#8221;<\/p>\n<p>Eng Google-Books-Sich no &#8220;British Museum 3926&#8221; f\u00e9iert zu enger ganz \u00e4nlecher Source am antisemittesche Pamphlet &#8220;<a href=\"https:\/\/perma.cc\/24JF-K6HV?type=image\" target=\"_blank\" rel=\"noopener\">Protokolle der Weisen von Zion<\/a>&#8220;. D'&#8221;Protokoller vun de Weese vun Zion&#8221; sinn eng <a href=\"https:\/\/www.dhm.de\/lemo\/kapitel\/weimarer-republik\/antisemitismus\/protokolle-der-weisen-von-zion.html\" target=\"_blank\" rel=\"noopener\">antisemittesch Textsammlung<\/a>, d\u00e9i presum\u00e9iert Matschr\u00ebfte vu j\u00fcddesche Geheims\u00ebtzungen enthalen, d\u00e9i do d&#8217;Weltherrschaft plange g\u00e9ifen. Am Virwuert vun der englescher Iwwersetzung heescht et, dass eng Kopie vum angeebleche russeschen Original vun 1905 an der British Museum Library ze fanne w\u00e4r.<\/p>\n<p>Esou e Wierk g\u00ebtt et do awer net. Weder Recherchen op e<a href=\"http:\/\/explore.bl.uk\/primo_library\/libweb\/action\/search.do?ct=Next+Page&amp;pag=nxt&amp;indx=11&amp;pageNumberComingFrom=2&amp;frbg=&amp;indx=11&amp;fn=search&amp;dscnt=0&amp;vl(2084770704UI0)=any&amp;scp.scps=scope%3A(BLCONTENT)&amp;tb=t&amp;mode=Basic&amp;vid=BLVU1&amp;ct=Next%20Page&amp;srt=rank&amp;tab=local_tab&amp;dum=true&amp;vl(freeText0)=Protocols%20of%20the%20Learned%20Elders%20of%20Zion&amp;dstmp=1649936877126\" target=\"_blank\" rel=\"noopener\">nglesch<\/a> nach op r<a href=\"http:\/\/explore.bl.uk\/primo_library\/libweb\/action\/search.do?fn=search&amp;ct=search&amp;initialSearch=true&amp;mode=Basic&amp;tab=local_tab&amp;indx=1&amp;dum=true&amp;srt=rank&amp;vid=BLVU1&amp;frbg=&amp;tb=t&amp;vl%28freeText0%29=%D0%9F%D1%80%D0%BE%D1%82%D0%BE%D0%BA%D0%BE%D0%BB%D1%8B+%D1%81%D0%B8%D0%BE%D0%BD%D1%81%D0%BA%D0%B8%D1%85+%D0%BC%D1%83%D0%B4%D1%80%D0%B5%D1%86%D0%BE%D0%B2&amp;scp.scps=scope%3A%28BLCONTENT%29&amp;vl%282084770704UI0%29=any&amp;vl%282084770704UI0%29=title&amp;vl%282084770704UI0%29=any\" target=\"_blank\" rel=\"noopener\">ussesch<\/a> hu relevant Resultater erginn.<\/p>\n<p>Verschidde vun de Recommandatiounen aus de &#8220;Protokoller&#8221; entspriechen inhaltlech ongef\u00e9ier de Punkten op der aktuell gedeelter L\u00ebscht. Esou faasst de w\u00ebssenschaftleche Mataarbechter vum Institut f\u00fcr Geschichts- und Kulturwissenschaften op der Fr\u00e4ier Universit\u00e9it Berlin, de <a href=\"https:\/\/www.geschkult.fu-berlin.de\/e\/fmi\/bereiche\/ab_bauerkaemper\/Ehemalige\/Di-Palma-Francesco.html\" target=\"_blank\" rel=\"noopener\">Francesco Di Palma<\/a>, den Inhalt vun de &#8220;Protokoller&#8221; an engem <a href=\"https:\/\/ssl2.cms.fu-berlin.de\/fu-berlin\/sites\/weiterbildung\/PM_gasthoerercard\/Ringvorlesungen\/Geschichte-als-Waffe\/Video-8\/index.html\" target=\"_blank\" rel=\"noopener\">Virtrag<\/a> aus dem Joer 2020 zesummen.<\/p>\n<p>Iwwerschneidunge sinn, dass &#8220;d&#8217;V\u00eblker&#8221; \u00ebnner anerem duerch Streidegkeeten (w\u00e9i am aktuell gedeelte Post bei Punkt 13, Um. v. d. Red.) an Hongersn\u00e9it (Punkt 11) demoralis\u00e9iert solle ginn. Och erb\u00e4igefouert Staatsverscholdunge (Punkt 17) w\u00e4ren en am Buch recommand\u00e9iert M\u00ebttel. D&#8217;Bildung vu j\u00fcddesche Monopoler w\u00e4r an de &#8220;Protokoller&#8221; och Theema (Punkt 16). En Zesummenhang mat der angeeblecher L\u00ebscht vum Karl Marx erw\u00e4\u00e4nt den Di Palma a sengem Virtrag allerd\u00e9ngs net.<\/p>\n<p>Den <a href=\"https:\/\/www.tu-berlin.de\/fakultaet_i\/zentrum_fuer_antisemitismusforschung\/menue\/ueber_uns\/mitarbeiterinnen_und_mitarbeiter\/jensen_prof_dr_uffa\/\" target=\"_blank\" rel=\"noopener\">Uffa Jensen<\/a>, stellvertriedenden Direkter vum Zenter fir Antisemitismusfuerschung, huet de 14. Abr\u00ebll 2022 an enger E-Mail un d&#8217;AFP geschriwwen: &#8220;D\u00e9i Saach ass kloer en aktuelle Produit, dat sech un de klasseschen Texter w\u00e9i de Protokoller zerw\u00e9iert. D&#8217;Formul\u00e9ierung &#8216;Arbeitgeber&#8217; an &#8216;-nehmer&#8217;, nach m\u00e9i awer de Verweis op d&#8217;Impfung loosse kaum Zweiwel, dass den Editeur oder d&#8217;Editeurin am antisemitteschen d\u00e4itschsproochegen Internet vun der G\u00e9igewaart ze vermudden ass. Dat huet ni am Liewen eppes mam Marx ze dinn.&#8221;<\/p>\n<p><strong>Fazit<\/strong>: Et g\u00ebtt keng Preuven dofir, dass d&#8217;L\u00ebscht, d\u00e9i op Facebook d&#8217;Ronn m\u00e9cht, iwwer d'&#8221;Versklavung vun de V\u00eblker&#8221; vum Karl Marx staamt. D&#8217;L\u00ebscht ass net am Brittesche Mus\u00e9e archiv\u00e9iert. Zwee Marx-Experten hunn ausserdeem erkl\u00e4ert, d\u00e9i L\u00ebscht, d\u00e9i dem Marx f\u00e4lschlecherweis zougeschriwwe g\u00ebtt, w\u00e4r scho m\u00e9i al, g\u00e9if inhaltlech net zum Marx passen a g\u00e9if net vum Philosoph stamen. D&#8217;L\u00ebscht enth\u00e4lt amplaz Punkten, d\u00e9i dem Inhalt vum antisemitesche Buch &#8220;Die Protokolle der Weisen von Zion&#8221; gl\u00e4ichen. Och dat staamt net vum Marx.<\/p>\n<\/div>\n<p><em>D\u00ebsen Artikel vun der AFP gouf vun RTL op L\u00ebtzebuergesch iwwersat.<\/em><\/p>\n<\/div>\n<\/article>\n","protected":false},"excerpt":{"rendered":"<p>&nbsp; An de sozialen Netzwierker m\u00e9cht eng presum\u00e9iert L\u00ebscht vum Philosoph Karl Marx d&#8217;Ronn, an d\u00e4r zur Weltherrschaft opgeruff g\u00ebtt&#8230;.<\/p>\n","protected":false},"author":1,"featured_media":51731,"comment_status":"closed","ping_status":"open","sticky":false,"template":"","format":"standard","meta":{"_acf_changed":false,"footnotes":""},"categories":[193],"tags":[],"class_list":{"0":"post-35011","1":"post","2":"type-post","3":"status-publish","4":"format-standard","5":"has-post-thumbnail","7":"category-gesellschaft"},"acf":{"show_metatags":true,"id":"1907317","authors":"RTL L\u00ebtzebuerg","organization":"RTL","featured_image_copyright":"( AFP \/ TOLGA AKMEN)","text_copyright":"Copyright RTL \/ CLT-UFA S.A.","source":"http:\/\/www.rtl.lu\/news\/faktencheck\/a\/1907317.html","fact_checker":"https:\/\/belux.wpengine.com\/wp-content\/uploads\/2021\/12\/rtl_logo.png","fact_checker_logo_image":false,"type":"Closed Event","location":"","start_date":"","start_date_event_begins_at":"","start_date_event_ends_at":"","end_date":"","end_date_event_begins_at":"","end_date_event_ends_at":"","organizer":""},"yoast_head":"<!-- This site is optimized with the Yoast SEO plugin v27.0 - https:\/\/yoast.com\/product\/yoast-seo-wordpress\/ -->\n<title>Faktencheck: Hat de Karl Marx zur &quot;Versklavung vun de V\u00eblker&quot; opgeruff? - EDMO Belux<\/title>\n<meta name=\"robots\" content=\"index, follow, max-snippet:-1, max-image-preview:large, max-video-preview:-1\" \/>\n<link rel=\"canonical\" href=\"https:\/\/belux.edmo.eu\/lb\/faktencheck-hat-de-karl-marx-zur-versklavung-vun-de-vlker-opgeruff\/\" \/>\n<meta property=\"og:locale\" content=\"en_US\" \/>\n<meta property=\"og:type\" content=\"article\" \/>\n<meta property=\"og:title\" content=\"Faktencheck: Hat de Karl Marx zur &quot;Versklavung vun de V\u00eblker&quot; opgeruff? - EDMO Belux\" \/>\n<meta property=\"og:description\" content=\"&nbsp; An de sozialen Netzwierker m\u00e9cht eng presum\u00e9iert L\u00ebscht vum Philosoph Karl Marx d&#8217;Ronn, an d\u00e4r zur Weltherrschaft opgeruff g\u00ebtt....\" \/>\n<meta property=\"og:url\" content=\"https:\/\/belux.edmo.eu\/lb\/faktencheck-hat-de-karl-marx-zur-versklavung-vun-de-vlker-opgeruff\/\" \/>\n<meta property=\"og:site_name\" content=\"EDMO Belux\" \/>\n<meta property=\"article:published_time\" content=\"2022-05-05T08:00:37+00:00\" \/>\n<meta property=\"article:modified_time\" content=\"2022-10-06T14:03:12+00:00\" \/>\n<meta property=\"og:image\" content=\"https:\/\/belux.edmo.eu\/wp-content\/uploads\/2022\/05\/e1875392367f6ae46b7dbe6b9f7cb24e.jpg\" \/>\n\t<meta property=\"og:image:width\" content=\"800\" \/>\n\t<meta property=\"og:image:height\" content=\"533\" \/>\n\t<meta property=\"og:image:type\" content=\"image\/jpeg\" \/>\n<meta name=\"author\" content=\"master\" \/>\n<meta name=\"twitter:card\" content=\"summary_large_image\" \/>\n<meta name=\"twitter:creator\" content=\"@Edmo_Belux\" \/>\n<meta name=\"twitter:site\" content=\"@Edmo_Belux\" \/>\n<meta name=\"twitter:label1\" content=\"Written by\" \/>\n\t<meta name=\"twitter:data1\" content=\"master\" \/>\n\t<meta name=\"twitter:label2\" content=\"Est. reading time\" \/>\n\t<meta name=\"twitter:data2\" content=\"6 minutes\" \/>\n<script type=\"application\/ld+json\" class=\"yoast-schema-graph\">{\"@context\":\"https:\/\/schema.org\",\"@graph\":[{\"@type\":\"Article\",\"@id\":\"https:\/\/belux.edmo.eu\/lb\/faktencheck-hat-de-karl-marx-zur-versklavung-vun-de-vlker-opgeruff\/#article\",\"isPartOf\":{\"@id\":\"https:\/\/belux.edmo.eu\/lb\/faktencheck-hat-de-karl-marx-zur-versklavung-vun-de-vlker-opgeruff\/\"},\"author\":{\"name\":\"master\",\"@id\":\"https:\/\/belux.edmo.eu\/#\/schema\/person\/dbe3b252258537fd318f9b5645a30342\"},\"headline\":\"Faktencheck: Hat de Karl Marx zur &#8220;Versklavung vun de V\u00eblker&#8221; opgeruff?\",\"datePublished\":\"2022-05-05T08:00:37+00:00\",\"dateModified\":\"2022-10-06T14:03:12+00:00\",\"mainEntityOfPage\":{\"@id\":\"https:\/\/belux.edmo.eu\/lb\/faktencheck-hat-de-karl-marx-zur-versklavung-vun-de-vlker-opgeruff\/\"},\"wordCount\":1258,\"publisher\":{\"@id\":\"https:\/\/belux.edmo.eu\/#organization\"},\"image\":{\"@id\":\"https:\/\/belux.edmo.eu\/lb\/faktencheck-hat-de-karl-marx-zur-versklavung-vun-de-vlker-opgeruff\/#primaryimage\"},\"thumbnailUrl\":\"https:\/\/belux.edmo.eu\/wp-content\/uploads\/2022\/05\/e1875392367f6ae46b7dbe6b9f7cb24e.jpg\",\"articleSection\":[\"Gesellschaft\"],\"inLanguage\":\"lb-LU\"},{\"@type\":\"WebPage\",\"@id\":\"https:\/\/belux.edmo.eu\/lb\/faktencheck-hat-de-karl-marx-zur-versklavung-vun-de-vlker-opgeruff\/\",\"url\":\"https:\/\/belux.edmo.eu\/lb\/faktencheck-hat-de-karl-marx-zur-versklavung-vun-de-vlker-opgeruff\/\",\"name\":\"Faktencheck: Hat de Karl Marx zur \\\"Versklavung vun de V\u00eblker\\\" opgeruff? - EDMO Belux\",\"isPartOf\":{\"@id\":\"https:\/\/belux.edmo.eu\/#website\"},\"primaryImageOfPage\":{\"@id\":\"https:\/\/belux.edmo.eu\/lb\/faktencheck-hat-de-karl-marx-zur-versklavung-vun-de-vlker-opgeruff\/#primaryimage\"},\"image\":{\"@id\":\"https:\/\/belux.edmo.eu\/lb\/faktencheck-hat-de-karl-marx-zur-versklavung-vun-de-vlker-opgeruff\/#primaryimage\"},\"thumbnailUrl\":\"https:\/\/belux.edmo.eu\/wp-content\/uploads\/2022\/05\/e1875392367f6ae46b7dbe6b9f7cb24e.jpg\",\"datePublished\":\"2022-05-05T08:00:37+00:00\",\"dateModified\":\"2022-10-06T14:03:12+00:00\",\"breadcrumb\":{\"@id\":\"https:\/\/belux.edmo.eu\/lb\/faktencheck-hat-de-karl-marx-zur-versklavung-vun-de-vlker-opgeruff\/#breadcrumb\"},\"inLanguage\":\"lb-LU\",\"potentialAction\":[{\"@type\":\"ReadAction\",\"target\":[\"https:\/\/belux.edmo.eu\/lb\/faktencheck-hat-de-karl-marx-zur-versklavung-vun-de-vlker-opgeruff\/\"]}]},{\"@type\":\"ImageObject\",\"inLanguage\":\"lb-LU\",\"@id\":\"https:\/\/belux.edmo.eu\/lb\/faktencheck-hat-de-karl-marx-zur-versklavung-vun-de-vlker-opgeruff\/#primaryimage\",\"url\":\"https:\/\/belux.edmo.eu\/wp-content\/uploads\/2022\/05\/e1875392367f6ae46b7dbe6b9f7cb24e.jpg\",\"contentUrl\":\"https:\/\/belux.edmo.eu\/wp-content\/uploads\/2022\/05\/e1875392367f6ae46b7dbe6b9f7cb24e.jpg\",\"width\":800,\"height\":533},{\"@type\":\"BreadcrumbList\",\"@id\":\"https:\/\/belux.edmo.eu\/lb\/faktencheck-hat-de-karl-marx-zur-versklavung-vun-de-vlker-opgeruff\/#breadcrumb\",\"itemListElement\":[{\"@type\":\"ListItem\",\"position\":1,\"name\":\"Home\",\"item\":\"https:\/\/belux.edmo.eu\/lb\/\"},{\"@type\":\"ListItem\",\"position\":2,\"name\":\"Faktencheck: Hat de Karl Marx zur &#8220;Versklavung vun de V\u00eblker&#8221; opgeruff?\"}]},{\"@type\":\"WebSite\",\"@id\":\"https:\/\/belux.edmo.eu\/#website\",\"url\":\"https:\/\/belux.edmo.eu\/\",\"name\":\"EDMO Belux\",\"description\":\"Monitoring Disinformation in Belgium and Luxembourg\",\"publisher\":{\"@id\":\"https:\/\/belux.edmo.eu\/#organization\"},\"potentialAction\":[{\"@type\":\"SearchAction\",\"target\":{\"@type\":\"EntryPoint\",\"urlTemplate\":\"https:\/\/belux.edmo.eu\/?s={search_term_string}\"},\"query-input\":{\"@type\":\"PropertyValueSpecification\",\"valueRequired\":true,\"valueName\":\"search_term_string\"}}],\"inLanguage\":\"lb-LU\"},{\"@type\":\"Organization\",\"@id\":\"https:\/\/belux.edmo.eu\/#organization\",\"name\":\"EDMO Belux\",\"url\":\"https:\/\/belux.edmo.eu\/\",\"logo\":{\"@type\":\"ImageObject\",\"inLanguage\":\"lb-LU\",\"@id\":\"https:\/\/belux.edmo.eu\/#\/schema\/logo\/image\/\",\"url\":\"https:\/\/belux.edmo.eu\/wp-content\/uploads\/2021\/12\/belux-logo-full-color-rgb.svg\",\"contentUrl\":\"https:\/\/belux.edmo.eu\/wp-content\/uploads\/2021\/12\/belux-logo-full-color-rgb.svg\",\"width\":1,\"height\":1,\"caption\":\"EDMO Belux\"},\"image\":{\"@id\":\"https:\/\/belux.edmo.eu\/#\/schema\/logo\/image\/\"},\"sameAs\":[\"https:\/\/x.com\/Edmo_Belux\"]},{\"@type\":\"Person\",\"@id\":\"https:\/\/belux.edmo.eu\/#\/schema\/person\/dbe3b252258537fd318f9b5645a30342\",\"name\":\"master\",\"sameAs\":[\"https:\/\/belux.wpengine.com\"],\"url\":\"https:\/\/belux.edmo.eu\/lb\/author\/master\/\"}]}<\/script>\n<!-- \/ Yoast SEO plugin. -->","yoast_head_json":{"title":"Faktencheck: Hat de Karl Marx zur \"Versklavung vun de V\u00eblker\" opgeruff? - EDMO Belux","robots":{"index":"index","follow":"follow","max-snippet":"max-snippet:-1","max-image-preview":"max-image-preview:large","max-video-preview":"max-video-preview:-1"},"canonical":"https:\/\/belux.edmo.eu\/lb\/faktencheck-hat-de-karl-marx-zur-versklavung-vun-de-vlker-opgeruff\/","og_locale":"en_US","og_type":"article","og_title":"Faktencheck: Hat de Karl Marx zur \"Versklavung vun de V\u00eblker\" opgeruff? - EDMO Belux","og_description":"&nbsp; An de sozialen Netzwierker m\u00e9cht eng presum\u00e9iert L\u00ebscht vum Philosoph Karl Marx d&#8217;Ronn, an d\u00e4r zur Weltherrschaft opgeruff g\u00ebtt....","og_url":"https:\/\/belux.edmo.eu\/lb\/faktencheck-hat-de-karl-marx-zur-versklavung-vun-de-vlker-opgeruff\/","og_site_name":"EDMO Belux","article_published_time":"2022-05-05T08:00:37+00:00","article_modified_time":"2022-10-06T14:03:12+00:00","og_image":[{"width":800,"height":533,"url":"https:\/\/belux.edmo.eu\/wp-content\/uploads\/2022\/05\/e1875392367f6ae46b7dbe6b9f7cb24e.jpg","type":"image\/jpeg"}],"author":"master","twitter_card":"summary_large_image","twitter_creator":"@Edmo_Belux","twitter_site":"@Edmo_Belux","twitter_misc":{"Written by":"master","Est. reading time":"6 minutes"},"schema":{"@context":"https:\/\/schema.org","@graph":[{"@type":"Article","@id":"https:\/\/belux.edmo.eu\/lb\/faktencheck-hat-de-karl-marx-zur-versklavung-vun-de-vlker-opgeruff\/#article","isPartOf":{"@id":"https:\/\/belux.edmo.eu\/lb\/faktencheck-hat-de-karl-marx-zur-versklavung-vun-de-vlker-opgeruff\/"},"author":{"name":"master","@id":"https:\/\/belux.edmo.eu\/#\/schema\/person\/dbe3b252258537fd318f9b5645a30342"},"headline":"Faktencheck: Hat de Karl Marx zur &#8220;Versklavung vun de V\u00eblker&#8221; opgeruff?","datePublished":"2022-05-05T08:00:37+00:00","dateModified":"2022-10-06T14:03:12+00:00","mainEntityOfPage":{"@id":"https:\/\/belux.edmo.eu\/lb\/faktencheck-hat-de-karl-marx-zur-versklavung-vun-de-vlker-opgeruff\/"},"wordCount":1258,"publisher":{"@id":"https:\/\/belux.edmo.eu\/#organization"},"image":{"@id":"https:\/\/belux.edmo.eu\/lb\/faktencheck-hat-de-karl-marx-zur-versklavung-vun-de-vlker-opgeruff\/#primaryimage"},"thumbnailUrl":"https:\/\/belux.edmo.eu\/wp-content\/uploads\/2022\/05\/e1875392367f6ae46b7dbe6b9f7cb24e.jpg","articleSection":["Gesellschaft"],"inLanguage":"lb-LU"},{"@type":"WebPage","@id":"https:\/\/belux.edmo.eu\/lb\/faktencheck-hat-de-karl-marx-zur-versklavung-vun-de-vlker-opgeruff\/","url":"https:\/\/belux.edmo.eu\/lb\/faktencheck-hat-de-karl-marx-zur-versklavung-vun-de-vlker-opgeruff\/","name":"Faktencheck: Hat de Karl Marx zur \"Versklavung vun de V\u00eblker\" opgeruff? - EDMO Belux","isPartOf":{"@id":"https:\/\/belux.edmo.eu\/#website"},"primaryImageOfPage":{"@id":"https:\/\/belux.edmo.eu\/lb\/faktencheck-hat-de-karl-marx-zur-versklavung-vun-de-vlker-opgeruff\/#primaryimage"},"image":{"@id":"https:\/\/belux.edmo.eu\/lb\/faktencheck-hat-de-karl-marx-zur-versklavung-vun-de-vlker-opgeruff\/#primaryimage"},"thumbnailUrl":"https:\/\/belux.edmo.eu\/wp-content\/uploads\/2022\/05\/e1875392367f6ae46b7dbe6b9f7cb24e.jpg","datePublished":"2022-05-05T08:00:37+00:00","dateModified":"2022-10-06T14:03:12+00:00","breadcrumb":{"@id":"https:\/\/belux.edmo.eu\/lb\/faktencheck-hat-de-karl-marx-zur-versklavung-vun-de-vlker-opgeruff\/#breadcrumb"},"inLanguage":"lb-LU","potentialAction":[{"@type":"ReadAction","target":["https:\/\/belux.edmo.eu\/lb\/faktencheck-hat-de-karl-marx-zur-versklavung-vun-de-vlker-opgeruff\/"]}]},{"@type":"ImageObject","inLanguage":"lb-LU","@id":"https:\/\/belux.edmo.eu\/lb\/faktencheck-hat-de-karl-marx-zur-versklavung-vun-de-vlker-opgeruff\/#primaryimage","url":"https:\/\/belux.edmo.eu\/wp-content\/uploads\/2022\/05\/e1875392367f6ae46b7dbe6b9f7cb24e.jpg","contentUrl":"https:\/\/belux.edmo.eu\/wp-content\/uploads\/2022\/05\/e1875392367f6ae46b7dbe6b9f7cb24e.jpg","width":800,"height":533},{"@type":"BreadcrumbList","@id":"https:\/\/belux.edmo.eu\/lb\/faktencheck-hat-de-karl-marx-zur-versklavung-vun-de-vlker-opgeruff\/#breadcrumb","itemListElement":[{"@type":"ListItem","position":1,"name":"Home","item":"https:\/\/belux.edmo.eu\/lb\/"},{"@type":"ListItem","position":2,"name":"Faktencheck: Hat de Karl Marx zur &#8220;Versklavung vun de V\u00eblker&#8221; opgeruff?"}]},{"@type":"WebSite","@id":"https:\/\/belux.edmo.eu\/#website","url":"https:\/\/belux.edmo.eu\/","name":"EDMO Belux","description":"Monitoring Disinformation in Belgium and Luxembourg","publisher":{"@id":"https:\/\/belux.edmo.eu\/#organization"},"potentialAction":[{"@type":"SearchAction","target":{"@type":"EntryPoint","urlTemplate":"https:\/\/belux.edmo.eu\/?s={search_term_string}"},"query-input":{"@type":"PropertyValueSpecification","valueRequired":true,"valueName":"search_term_string"}}],"inLanguage":"lb-LU"},{"@type":"Organization","@id":"https:\/\/belux.edmo.eu\/#organization","name":"EDMO Belux","url":"https:\/\/belux.edmo.eu\/","logo":{"@type":"ImageObject","inLanguage":"lb-LU","@id":"https:\/\/belux.edmo.eu\/#\/schema\/logo\/image\/","url":"https:\/\/belux.edmo.eu\/wp-content\/uploads\/2021\/12\/belux-logo-full-color-rgb.svg","contentUrl":"https:\/\/belux.edmo.eu\/wp-content\/uploads\/2021\/12\/belux-logo-full-color-rgb.svg","width":1,"height":1,"caption":"EDMO Belux"},"image":{"@id":"https:\/\/belux.edmo.eu\/#\/schema\/logo\/image\/"},"sameAs":["https:\/\/x.com\/Edmo_Belux"]},{"@type":"Person","@id":"https:\/\/belux.edmo.eu\/#\/schema\/person\/dbe3b252258537fd318f9b5645a30342","name":"master","sameAs":["https:\/\/belux.wpengine.com"],"url":"https:\/\/belux.edmo.eu\/lb\/author\/master\/"}]}},"menu_order":0,"_links":{"self":[{"href":"https:\/\/belux.edmo.eu\/lb\/wp-json\/wp\/v2\/posts\/35011","targetHints":{"allow":["GET"]}}],"collection":[{"href":"https:\/\/belux.edmo.eu\/lb\/wp-json\/wp\/v2\/posts"}],"about":[{"href":"https:\/\/belux.edmo.eu\/lb\/wp-json\/wp\/v2\/types\/post"}],"author":[{"embeddable":true,"href":"https:\/\/belux.edmo.eu\/lb\/wp-json\/wp\/v2\/users\/1"}],"replies":[{"embeddable":true,"href":"https:\/\/belux.edmo.eu\/lb\/wp-json\/wp\/v2\/comments?post=35011"}],"version-history":[{"count":0,"href":"https:\/\/belux.edmo.eu\/lb\/wp-json\/wp\/v2\/posts\/35011\/revisions"}],"wp:featuredmedia":[{"embeddable":true,"href":"https:\/\/belux.edmo.eu\/lb\/wp-json\/wp\/v2\/media\/51731"}],"wp:attachment":[{"href":"https:\/\/belux.edmo.eu\/lb\/wp-json\/wp\/v2\/media?parent=35011"}],"wp:term":[{"taxonomy":"category","embeddable":true,"href":"https:\/\/belux.edmo.eu\/lb\/wp-json\/wp\/v2\/categories?post=35011"},{"taxonomy":"post_tag","embeddable":true,"href":"https:\/\/belux.edmo.eu\/lb\/wp-json\/wp\/v2\/tags?post=35011"}],"curies":[{"name":"wp","href":"https:\/\/api.w.org\/{rel}","templated":true}]}}