{"id":353456,"date":"2024-08-08T12:01:30","date_gmt":"2024-08-08T12:01:30","guid":{"rendered":"https:\/\/belux.edmo.eu\/?p=353456"},"modified":"2024-08-19T09:18:38","modified_gmt":"2024-08-19T09:18:38","slug":"faktencheck-huet-eng-luxair-maschinn-um-flughafen-op-kreta-gebrannt","status":"publish","type":"post","link":"https:\/\/belux.edmo.eu\/lb\/faktencheck-huet-eng-luxair-maschinn-um-flughafen-op-kreta-gebrannt\/","title":{"rendered":"Faktencheck: Huet eng Luxair-Maschinn um Flughafen op Kreta gebrannt?"},"content":{"rendered":"<article>\n<div>\n<div>\n<p><b>\u00a9 Screenshot vun Tiktok<\/b><\/p>\n<\/div>\n<div>\n<p>Op engem Video, deen an de soziale Medien am \u00cbmlaf ass, g\u00ebtt behaapt, dass eng Luxair-Maschinn op Kreta gebrannt huet. Dat ass awer falsch.<\/p>\n<p>Op d\u00ebsem Video ges\u00e4it een, dass aus engem Fluchhafen eraus gefilmt g\u00ebtt. Op der Piste sti Fligeren an et ges\u00e4it een eng w\u00e4iss Dampwollek. Am Titel steet eng Luxair 737 g\u00e9if op Kreta brennen. Um Video ass net ze erkennen, dass et e Luxair-Fliger ass, ma d&#8217;Luxair confirm\u00e9iert, dass e Fliger vun hinnen an dem Kontext betraff war, et h\u00e4tt awer net gebrannt an d&#8217;Maschinn selwer wier och net concern\u00e9iert gewiescht.<\/p>\n<blockquote class=\"tiktok-embed\" style=\"max-width: 605px; min-width: 325px;\" cite=\"https:\/\/www.tiktok.com\/@isaac_aviation_lover\/video\/7399647664540765472\" data-video-id=\"7399647664540765472\">\n<section><a title=\"@isaac_aviation_lover\" href=\"https:\/\/www.tiktok.com\/@isaac_aviation_lover?refer=embed\" target=\"_blank\" rel=\"noopener\">@isaac_aviation_lover<\/a> <a title=\"aviation\" href=\"https:\/\/www.tiktok.com\/tag\/aviation?refer=embed\" target=\"_blank\" rel=\"noopener\">#aviation<\/a> <a title=\"planes\" href=\"https:\/\/www.tiktok.com\/tag\/planes?refer=embed\" target=\"_blank\" rel=\"noopener\">#planes<\/a> <a title=\"disaster\" href=\"https:\/\/www.tiktok.com\/tag\/disaster?refer=embed\" target=\"_blank\" rel=\"noopener\">#disaster<\/a> <a title=\"crete\" href=\"https:\/\/www.tiktok.com\/tag\/crete?refer=embed\" target=\"_blank\" rel=\"noopener\">#crete<\/a><a title=\"plane\" href=\"https:\/\/www.tiktok.com\/tag\/plane?refer=embed\" target=\"_blank\" rel=\"noopener\">#plane<\/a> <a title=\"luxair\" href=\"https:\/\/www.tiktok.com\/tag\/luxair?refer=embed\" target=\"_blank\" rel=\"noopener\">#luxair<\/a> <a title=\"737\" href=\"https:\/\/www.tiktok.com\/tag\/737?refer=embed\" target=\"_blank\" rel=\"noopener\">#737<\/a> <a title=\"\u266c original sound - Isaac_aviation\" href=\"https:\/\/www.tiktok.com\/music\/original-sound-7399647702960999200?refer=embed\" target=\"_blank\" rel=\"noopener\">\u266c original sound &#8211; Isaac_aviation<\/a><\/section>\n<\/blockquote>\n<p><script async src=\"https:\/\/www.tiktok.com\/embed.js\"><\/script><\/p>\n<p>De Video weist e Fait, deen de 4. August 2024 zu Heraklion op Kreta geschitt ass. Heib\u00e4i koum et zu engem technesche Problem bei engem Stroumaggregat vum Flughafen. De Generator huet de Fliger vun der Luxair bei der T\u00ebschelandung mat Stroum versuergt. D\u00ebsen huet du w\u00e9inst engem technesche Problem ugefaange vill Damp ze entw\u00e9ckelen, deen dunn an d&#8217;Richtung vum Fliger gezunn ass. &#8220;<em>De Fliger war zu kengem Z\u00e4itpunkt vun d\u00ebsem Virfall betraff, mee den Damp huet de Pilot an d&#8217;Besatzung dozou beweegt de Boarding ze \u00ebnnerbriechen an d&#8217;Passag\u00e9ier aus dem Fliger aus S\u00e9cherheetsgr\u00ebnn erausklammen ze loossen<\/em>&#8220;, esou Explikatioune vun der Fluggesellschaft Luxair.<\/p>\n<p>D&#8217;Passag\u00e9ier goufen duerno r\u00ebm bei den Terminal bruecht, w\u00e4rend d&#8217;Besatzung dofir gesuergt huet, den Damp aus dem Fliger ze kr\u00e9ien. Nodeems d&#8217;Situatioun \u00ebnner Kontroll war, huet ee mam Boarding virugemaach an de Fliger konnt mat e b\u00ebsse Versp\u00e9idung starten.<\/p>\n<\/div>\n<\/div>\n<\/article>\n","protected":false},"excerpt":{"rendered":"<p>Op engem Video, deen an de soziale Medien am \u00cbmlaf ass, g\u00ebtt behaapt, dass eng Luxair-Maschinn op Kreta gebrannt huet. Dat ass awer falsch.<\/p>\n","protected":false},"author":1,"featured_media":353451,"comment_status":"closed","ping_status":"closed","sticky":false,"template":"","format":"standard","meta":{"_acf_changed":false,"footnotes":""},"categories":[183,193],"tags":[],"class_list":{"0":"post-353456","1":"post","2":"type-post","3":"status-publish","4":"format-standard","5":"has-post-thumbnail","7":"category-fact-check-lb","8":"category-gesellschaft"},"acf":{"show_metatags":true,"id":"2221753","authors":"RTL L\u00ebtzebuerg","organization":"RTL","featured_image_copyright":"","text_copyright":"Copyright RTL \/ CLT-UFA S.A.","source":"https:\/\/www.rtl.lu\/news\/faktencheck\/a\/2221753.html","fact_checker":"https:\/\/belux.wpengine.com\/wp-content\/uploads\/2021\/12\/rtl_logo.png","type":"Closed Event","location":"","start_date":"","start_date_event_begins_at":"","start_date_event_ends_at":"","end_date":"","end_date_event_begins_at":"","end_date_event_ends_at":"","organizer":"","fact_checker_logo_image":false},"yoast_head":"<!-- This site is optimized with the Yoast SEO plugin v27.0 - https:\/\/yoast.com\/product\/yoast-seo-wordpress\/ -->\n<title>Faktencheck: Huet eng Luxair-Maschinn um Flughafen op Kreta gebrannt? - EDMO Belux<\/title>\n<meta name=\"robots\" content=\"index, follow, max-snippet:-1, max-image-preview:large, max-video-preview:-1\" \/>\n<link rel=\"canonical\" href=\"https:\/\/belux.edmo.eu\/lb\/faktencheck-huet-eng-luxair-maschinn-um-flughafen-op-kreta-gebrannt\/\" \/>\n<meta property=\"og:locale\" content=\"en_US\" \/>\n<meta property=\"og:type\" content=\"article\" \/>\n<meta property=\"og:title\" content=\"Faktencheck: Huet eng Luxair-Maschinn um Flughafen op Kreta gebrannt? - EDMO Belux\" \/>\n<meta property=\"og:description\" content=\"Op engem Video, deen an de soziale Medien am \u00cbmlaf ass, g\u00ebtt behaapt, dass eng Luxair-Maschinn op Kreta gebrannt huet. Dat ass awer falsch.\" \/>\n<meta property=\"og:url\" content=\"https:\/\/belux.edmo.eu\/lb\/faktencheck-huet-eng-luxair-maschinn-um-flughafen-op-kreta-gebrannt\/\" \/>\n<meta property=\"og:site_name\" content=\"EDMO Belux\" \/>\n<meta property=\"article:published_time\" content=\"2024-08-08T12:01:30+00:00\" \/>\n<meta property=\"article:modified_time\" content=\"2024-08-19T09:18:38+00:00\" \/>\n<meta property=\"og:image\" content=\"https:\/\/belux-edmo.s3-accelerate.amazonaws.com\/wp-content\/uploads\/2024\/08\/cdc49e7ef126555ea013fbb5f561d638.png\" \/>\n\t<meta property=\"og:image:width\" content=\"1023\" \/>\n\t<meta property=\"og:image:height\" content=\"576\" \/>\n\t<meta property=\"og:image:type\" content=\"image\/png\" \/>\n<meta name=\"author\" content=\"master\" \/>\n<meta name=\"twitter:card\" content=\"summary_large_image\" \/>\n<meta name=\"twitter:creator\" content=\"@Edmo_Belux\" \/>\n<meta name=\"twitter:site\" content=\"@Edmo_Belux\" \/>\n<meta name=\"twitter:label1\" content=\"Written by\" \/>\n\t<meta name=\"twitter:data1\" content=\"master\" \/>\n\t<meta name=\"twitter:label2\" content=\"Est. reading time\" \/>\n\t<meta name=\"twitter:data2\" content=\"2 minutes\" \/>\n<script type=\"application\/ld+json\" class=\"yoast-schema-graph\">{\"@context\":\"https:\/\/schema.org\",\"@graph\":[{\"@type\":\"Article\",\"@id\":\"https:\/\/belux.edmo.eu\/lb\/faktencheck-huet-eng-luxair-maschinn-um-flughafen-op-kreta-gebrannt\/#article\",\"isPartOf\":{\"@id\":\"https:\/\/belux.edmo.eu\/lb\/faktencheck-huet-eng-luxair-maschinn-um-flughafen-op-kreta-gebrannt\/\"},\"author\":{\"name\":\"master\",\"@id\":\"https:\/\/belux.edmo.eu\/#\/schema\/person\/dbe3b252258537fd318f9b5645a30342\"},\"headline\":\"Faktencheck: Huet eng Luxair-Maschinn um Flughafen op Kreta gebrannt?\",\"datePublished\":\"2024-08-08T12:01:30+00:00\",\"dateModified\":\"2024-08-19T09:18:38+00:00\",\"mainEntityOfPage\":{\"@id\":\"https:\/\/belux.edmo.eu\/lb\/faktencheck-huet-eng-luxair-maschinn-um-flughafen-op-kreta-gebrannt\/\"},\"wordCount\":293,\"publisher\":{\"@id\":\"https:\/\/belux.edmo.eu\/#organization\"},\"image\":{\"@id\":\"https:\/\/belux.edmo.eu\/lb\/faktencheck-huet-eng-luxair-maschinn-um-flughafen-op-kreta-gebrannt\/#primaryimage\"},\"thumbnailUrl\":\"https:\/\/belux-edmo.s3-accelerate.amazonaws.com\/wp-content\/uploads\/2024\/08\/cdc49e7ef126555ea013fbb5f561d638.png\",\"articleSection\":[\"Fact Check\",\"Gesellschaft\"],\"inLanguage\":\"lb-LU\"},{\"@type\":\"WebPage\",\"@id\":\"https:\/\/belux.edmo.eu\/lb\/faktencheck-huet-eng-luxair-maschinn-um-flughafen-op-kreta-gebrannt\/\",\"url\":\"https:\/\/belux.edmo.eu\/lb\/faktencheck-huet-eng-luxair-maschinn-um-flughafen-op-kreta-gebrannt\/\",\"name\":\"Faktencheck: Huet eng Luxair-Maschinn um Flughafen op Kreta gebrannt? - EDMO Belux\",\"isPartOf\":{\"@id\":\"https:\/\/belux.edmo.eu\/#website\"},\"primaryImageOfPage\":{\"@id\":\"https:\/\/belux.edmo.eu\/lb\/faktencheck-huet-eng-luxair-maschinn-um-flughafen-op-kreta-gebrannt\/#primaryimage\"},\"image\":{\"@id\":\"https:\/\/belux.edmo.eu\/lb\/faktencheck-huet-eng-luxair-maschinn-um-flughafen-op-kreta-gebrannt\/#primaryimage\"},\"thumbnailUrl\":\"https:\/\/belux-edmo.s3-accelerate.amazonaws.com\/wp-content\/uploads\/2024\/08\/cdc49e7ef126555ea013fbb5f561d638.png\",\"datePublished\":\"2024-08-08T12:01:30+00:00\",\"dateModified\":\"2024-08-19T09:18:38+00:00\",\"breadcrumb\":{\"@id\":\"https:\/\/belux.edmo.eu\/lb\/faktencheck-huet-eng-luxair-maschinn-um-flughafen-op-kreta-gebrannt\/#breadcrumb\"},\"inLanguage\":\"lb-LU\",\"potentialAction\":[{\"@type\":\"ReadAction\",\"target\":[\"https:\/\/belux.edmo.eu\/lb\/faktencheck-huet-eng-luxair-maschinn-um-flughafen-op-kreta-gebrannt\/\"]}]},{\"@type\":\"ImageObject\",\"inLanguage\":\"lb-LU\",\"@id\":\"https:\/\/belux.edmo.eu\/lb\/faktencheck-huet-eng-luxair-maschinn-um-flughafen-op-kreta-gebrannt\/#primaryimage\",\"url\":\"https:\/\/belux-edmo.s3-accelerate.amazonaws.com\/wp-content\/uploads\/2024\/08\/cdc49e7ef126555ea013fbb5f561d638.png\",\"contentUrl\":\"https:\/\/belux-edmo.s3-accelerate.amazonaws.com\/wp-content\/uploads\/2024\/08\/cdc49e7ef126555ea013fbb5f561d638.png\",\"width\":1023,\"height\":576,\"caption\":\"Faktencheck: Huet eng Luxair-Maschinn um Flughafen op Kreta gebrannt? - Featured image\"},{\"@type\":\"BreadcrumbList\",\"@id\":\"https:\/\/belux.edmo.eu\/lb\/faktencheck-huet-eng-luxair-maschinn-um-flughafen-op-kreta-gebrannt\/#breadcrumb\",\"itemListElement\":[{\"@type\":\"ListItem\",\"position\":1,\"name\":\"Home\",\"item\":\"https:\/\/belux.edmo.eu\/lb\/\"},{\"@type\":\"ListItem\",\"position\":2,\"name\":\"Faktencheck: Huet eng Luxair-Maschinn um Flughafen op Kreta gebrannt?\"}]},{\"@type\":\"WebSite\",\"@id\":\"https:\/\/belux.edmo.eu\/#website\",\"url\":\"https:\/\/belux.edmo.eu\/\",\"name\":\"EDMO Belux\",\"description\":\"Monitoring Disinformation in Belgium and Luxembourg\",\"publisher\":{\"@id\":\"https:\/\/belux.edmo.eu\/#organization\"},\"potentialAction\":[{\"@type\":\"SearchAction\",\"target\":{\"@type\":\"EntryPoint\",\"urlTemplate\":\"https:\/\/belux.edmo.eu\/?s={search_term_string}\"},\"query-input\":{\"@type\":\"PropertyValueSpecification\",\"valueRequired\":true,\"valueName\":\"search_term_string\"}}],\"inLanguage\":\"lb-LU\"},{\"@type\":\"Organization\",\"@id\":\"https:\/\/belux.edmo.eu\/#organization\",\"name\":\"EDMO Belux\",\"url\":\"https:\/\/belux.edmo.eu\/\",\"logo\":{\"@type\":\"ImageObject\",\"inLanguage\":\"lb-LU\",\"@id\":\"https:\/\/belux.edmo.eu\/#\/schema\/logo\/image\/\",\"url\":\"https:\/\/belux.edmo.eu\/wp-content\/uploads\/2021\/12\/belux-logo-full-color-rgb.svg\",\"contentUrl\":\"https:\/\/belux.edmo.eu\/wp-content\/uploads\/2021\/12\/belux-logo-full-color-rgb.svg\",\"width\":1,\"height\":1,\"caption\":\"EDMO Belux\"},\"image\":{\"@id\":\"https:\/\/belux.edmo.eu\/#\/schema\/logo\/image\/\"},\"sameAs\":[\"https:\/\/x.com\/Edmo_Belux\"]},{\"@type\":\"Person\",\"@id\":\"https:\/\/belux.edmo.eu\/#\/schema\/person\/dbe3b252258537fd318f9b5645a30342\",\"name\":\"master\",\"sameAs\":[\"https:\/\/belux.wpengine.com\"],\"url\":\"https:\/\/belux.edmo.eu\/lb\/author\/master\/\"}]}<\/script>\n<!-- \/ Yoast SEO plugin. -->","yoast_head_json":{"title":"Faktencheck: Huet eng Luxair-Maschinn um Flughafen op Kreta gebrannt? - EDMO Belux","robots":{"index":"index","follow":"follow","max-snippet":"max-snippet:-1","max-image-preview":"max-image-preview:large","max-video-preview":"max-video-preview:-1"},"canonical":"https:\/\/belux.edmo.eu\/lb\/faktencheck-huet-eng-luxair-maschinn-um-flughafen-op-kreta-gebrannt\/","og_locale":"en_US","og_type":"article","og_title":"Faktencheck: Huet eng Luxair-Maschinn um Flughafen op Kreta gebrannt? - EDMO Belux","og_description":"Op engem Video, deen an de soziale Medien am \u00cbmlaf ass, g\u00ebtt behaapt, dass eng Luxair-Maschinn op Kreta gebrannt huet. Dat ass awer falsch.","og_url":"https:\/\/belux.edmo.eu\/lb\/faktencheck-huet-eng-luxair-maschinn-um-flughafen-op-kreta-gebrannt\/","og_site_name":"EDMO Belux","article_published_time":"2024-08-08T12:01:30+00:00","article_modified_time":"2024-08-19T09:18:38+00:00","og_image":[{"width":1023,"height":576,"url":"https:\/\/belux-edmo.s3-accelerate.amazonaws.com\/wp-content\/uploads\/2024\/08\/cdc49e7ef126555ea013fbb5f561d638.png","type":"image\/png"}],"author":"master","twitter_card":"summary_large_image","twitter_creator":"@Edmo_Belux","twitter_site":"@Edmo_Belux","twitter_misc":{"Written by":"master","Est. reading time":"2 minutes"},"schema":{"@context":"https:\/\/schema.org","@graph":[{"@type":"Article","@id":"https:\/\/belux.edmo.eu\/lb\/faktencheck-huet-eng-luxair-maschinn-um-flughafen-op-kreta-gebrannt\/#article","isPartOf":{"@id":"https:\/\/belux.edmo.eu\/lb\/faktencheck-huet-eng-luxair-maschinn-um-flughafen-op-kreta-gebrannt\/"},"author":{"name":"master","@id":"https:\/\/belux.edmo.eu\/#\/schema\/person\/dbe3b252258537fd318f9b5645a30342"},"headline":"Faktencheck: Huet eng Luxair-Maschinn um Flughafen op Kreta gebrannt?","datePublished":"2024-08-08T12:01:30+00:00","dateModified":"2024-08-19T09:18:38+00:00","mainEntityOfPage":{"@id":"https:\/\/belux.edmo.eu\/lb\/faktencheck-huet-eng-luxair-maschinn-um-flughafen-op-kreta-gebrannt\/"},"wordCount":293,"publisher":{"@id":"https:\/\/belux.edmo.eu\/#organization"},"image":{"@id":"https:\/\/belux.edmo.eu\/lb\/faktencheck-huet-eng-luxair-maschinn-um-flughafen-op-kreta-gebrannt\/#primaryimage"},"thumbnailUrl":"https:\/\/belux-edmo.s3-accelerate.amazonaws.com\/wp-content\/uploads\/2024\/08\/cdc49e7ef126555ea013fbb5f561d638.png","articleSection":["Fact Check","Gesellschaft"],"inLanguage":"lb-LU"},{"@type":"WebPage","@id":"https:\/\/belux.edmo.eu\/lb\/faktencheck-huet-eng-luxair-maschinn-um-flughafen-op-kreta-gebrannt\/","url":"https:\/\/belux.edmo.eu\/lb\/faktencheck-huet-eng-luxair-maschinn-um-flughafen-op-kreta-gebrannt\/","name":"Faktencheck: Huet eng Luxair-Maschinn um Flughafen op Kreta gebrannt? - EDMO Belux","isPartOf":{"@id":"https:\/\/belux.edmo.eu\/#website"},"primaryImageOfPage":{"@id":"https:\/\/belux.edmo.eu\/lb\/faktencheck-huet-eng-luxair-maschinn-um-flughafen-op-kreta-gebrannt\/#primaryimage"},"image":{"@id":"https:\/\/belux.edmo.eu\/lb\/faktencheck-huet-eng-luxair-maschinn-um-flughafen-op-kreta-gebrannt\/#primaryimage"},"thumbnailUrl":"https:\/\/belux-edmo.s3-accelerate.amazonaws.com\/wp-content\/uploads\/2024\/08\/cdc49e7ef126555ea013fbb5f561d638.png","datePublished":"2024-08-08T12:01:30+00:00","dateModified":"2024-08-19T09:18:38+00:00","breadcrumb":{"@id":"https:\/\/belux.edmo.eu\/lb\/faktencheck-huet-eng-luxair-maschinn-um-flughafen-op-kreta-gebrannt\/#breadcrumb"},"inLanguage":"lb-LU","potentialAction":[{"@type":"ReadAction","target":["https:\/\/belux.edmo.eu\/lb\/faktencheck-huet-eng-luxair-maschinn-um-flughafen-op-kreta-gebrannt\/"]}]},{"@type":"ImageObject","inLanguage":"lb-LU","@id":"https:\/\/belux.edmo.eu\/lb\/faktencheck-huet-eng-luxair-maschinn-um-flughafen-op-kreta-gebrannt\/#primaryimage","url":"https:\/\/belux-edmo.s3-accelerate.amazonaws.com\/wp-content\/uploads\/2024\/08\/cdc49e7ef126555ea013fbb5f561d638.png","contentUrl":"https:\/\/belux-edmo.s3-accelerate.amazonaws.com\/wp-content\/uploads\/2024\/08\/cdc49e7ef126555ea013fbb5f561d638.png","width":1023,"height":576,"caption":"Faktencheck: Huet eng Luxair-Maschinn um Flughafen op Kreta gebrannt? - Featured image"},{"@type":"BreadcrumbList","@id":"https:\/\/belux.edmo.eu\/lb\/faktencheck-huet-eng-luxair-maschinn-um-flughafen-op-kreta-gebrannt\/#breadcrumb","itemListElement":[{"@type":"ListItem","position":1,"name":"Home","item":"https:\/\/belux.edmo.eu\/lb\/"},{"@type":"ListItem","position":2,"name":"Faktencheck: Huet eng Luxair-Maschinn um Flughafen op Kreta gebrannt?"}]},{"@type":"WebSite","@id":"https:\/\/belux.edmo.eu\/#website","url":"https:\/\/belux.edmo.eu\/","name":"EDMO Belux","description":"Monitoring Disinformation in Belgium and Luxembourg","publisher":{"@id":"https:\/\/belux.edmo.eu\/#organization"},"potentialAction":[{"@type":"SearchAction","target":{"@type":"EntryPoint","urlTemplate":"https:\/\/belux.edmo.eu\/?s={search_term_string}"},"query-input":{"@type":"PropertyValueSpecification","valueRequired":true,"valueName":"search_term_string"}}],"inLanguage":"lb-LU"},{"@type":"Organization","@id":"https:\/\/belux.edmo.eu\/#organization","name":"EDMO Belux","url":"https:\/\/belux.edmo.eu\/","logo":{"@type":"ImageObject","inLanguage":"lb-LU","@id":"https:\/\/belux.edmo.eu\/#\/schema\/logo\/image\/","url":"https:\/\/belux.edmo.eu\/wp-content\/uploads\/2021\/12\/belux-logo-full-color-rgb.svg","contentUrl":"https:\/\/belux.edmo.eu\/wp-content\/uploads\/2021\/12\/belux-logo-full-color-rgb.svg","width":1,"height":1,"caption":"EDMO Belux"},"image":{"@id":"https:\/\/belux.edmo.eu\/#\/schema\/logo\/image\/"},"sameAs":["https:\/\/x.com\/Edmo_Belux"]},{"@type":"Person","@id":"https:\/\/belux.edmo.eu\/#\/schema\/person\/dbe3b252258537fd318f9b5645a30342","name":"master","sameAs":["https:\/\/belux.wpengine.com"],"url":"https:\/\/belux.edmo.eu\/lb\/author\/master\/"}]}},"menu_order":0,"_links":{"self":[{"href":"https:\/\/belux.edmo.eu\/lb\/wp-json\/wp\/v2\/posts\/353456","targetHints":{"allow":["GET"]}}],"collection":[{"href":"https:\/\/belux.edmo.eu\/lb\/wp-json\/wp\/v2\/posts"}],"about":[{"href":"https:\/\/belux.edmo.eu\/lb\/wp-json\/wp\/v2\/types\/post"}],"author":[{"embeddable":true,"href":"https:\/\/belux.edmo.eu\/lb\/wp-json\/wp\/v2\/users\/1"}],"replies":[{"embeddable":true,"href":"https:\/\/belux.edmo.eu\/lb\/wp-json\/wp\/v2\/comments?post=353456"}],"version-history":[{"count":0,"href":"https:\/\/belux.edmo.eu\/lb\/wp-json\/wp\/v2\/posts\/353456\/revisions"}],"wp:featuredmedia":[{"embeddable":true,"href":"https:\/\/belux.edmo.eu\/lb\/wp-json\/wp\/v2\/media\/353451"}],"wp:attachment":[{"href":"https:\/\/belux.edmo.eu\/lb\/wp-json\/wp\/v2\/media?parent=353456"}],"wp:term":[{"taxonomy":"category","embeddable":true,"href":"https:\/\/belux.edmo.eu\/lb\/wp-json\/wp\/v2\/categories?post=353456"},{"taxonomy":"post_tag","embeddable":true,"href":"https:\/\/belux.edmo.eu\/lb\/wp-json\/wp\/v2\/tags?post=353456"}],"curies":[{"name":"wp","href":"https:\/\/api.w.org\/{rel}","templated":true}]}}