{"id":364967,"date":"2024-10-13T12:00:19","date_gmt":"2024-10-13T12:00:19","guid":{"rendered":"https:\/\/belux.edmo.eu\/?p=364967"},"modified":"2024-10-28T10:20:57","modified_gmt":"2024-10-28T10:20:57","slug":"faktencheck-video-vun-enger-ukrainescher-dronenattack-op-russland-gtt-flschlecherweis-als-iranesch-attack-op-israel-duergestallt","status":"publish","type":"post","link":"https:\/\/belux.edmo.eu\/lb\/faktencheck-video-vun-enger-ukrainescher-dronenattack-op-russland-gtt-flschlecherweis-als-iranesch-attack-op-israel-duergestallt\/","title":{"rendered":"Faktencheck: Video vun enger ukrainescher Dronenattack op Russland g\u00ebtt f\u00e4lschlecherweis als iranesch Attack op Israel duergestallt"},"content":{"rendered":"<article>\n<div>\n<div>\n<p>&nbsp;<\/p>\n<\/div>\n<div>\n<p>E Video vun enger ukrainescher Dronenattack op d&#8217;russesch Haaptstad Moskau am Juli 2023 ass an de Sozialen Netzwierker nees an \u00cbmlaf bruecht ginn. An de B\u00e4itr\u00e4g g\u00ebtt f\u00e4lschlecherweis behaapt, e g\u00e9if eng Explosioun an Israel no enger iranescher Rak\u00e9itenattack den 1. Oktober 2024 weisen.<\/p>\n<p class=\"article-body__summary\">D&#8217;B\u00e4itr\u00e4g, d\u00e9i m\u00e9i w\u00e9i 1 Millioun Mol opgeruff goufen, zirkul\u00e9ieren am Internet, nodeem Israel vun enger Hellewull iranesche Rak\u00e9ite ugegraff gouf, d\u00e9i meescht Rak\u00e9iten eegenen Aussoen no awer ofgefaange konnte ginn. E puer Rak\u00e9ite sinn awer op Loftwaffest\u00fctzpunkter ageschloen, ouni dass et Affer oder Schied gouf.<\/p>\n<p class=\"article-body__summary\">&#8220;Iranesch Rak\u00e9ite schloen an en Tuerm am H\u00e4erz vun Tel Aviv an&#8221;, steet an engem Text vun engem <a href=\"https:\/\/perma.cc\/MH7X-P4EN\" target=\"_blank\" rel=\"noopener\">Facebook-B\u00e4itrag<\/a> vum 2. Oktober 2024.<\/p>\n<p class=\"article-body__summary\">Iwwer de Video g\u00ebtt nach gesot: &#8220;1. Oktober 2024 &#8230; Tel Aviv elo&#8221;, wat dorop hindeit, dass den Aschlag an d\u00ebsem Mount an an Israel stattfonnt huet.<\/p>\n<p class=\"article-body__summary\">Den Iran, den \u00c4erzfeind vun Israel, \u00ebnnerst\u00ebtzt d&#8217;Hamas an der Gazastr\u00e4if an huet an d\u00ebser Woch d&#8217;Attack vun der militanter Pal\u00e4stinensergrupp op Israel de 7. Oktober 2023 <a href=\"https:\/\/www.al-monitor.com\/originals\/2024\/10\/attacks-anniversary-israel-fights-sacred-multi-front-war\" target=\"_blank\" rel=\"noopener\">guttgeheescht<\/a>. Bei d\u00ebser Attack koumen enger AFP-Zielung no, d\u00e9i sech op offiziell israeelesch Zuele st\u00e4ipt, 1.206 M\u00ebnschen \u00ebm d&#8217;Liewen, d\u00e9i meescht waren Zivilisten. Vun den 251 M\u00ebnschen, d\u00e9i vun de Militanten als Geiselen an d&#8217;Gazastr\u00e4if verschleeft goufen, ginn der 97 nach \u00ebmmer festgehalen, dor\u00ebnner 34, d\u00e9i dem israeelesche Milit\u00e4r no dout sinn.<\/p>\n<p class=\"article-body__summary\">Den israeelesche Vergeltungsschlag op dat pal\u00e4stinensescht Gebitt huet den Donn\u00e9e\u00eb vum Gesondheetsminist\u00e8re, dee vun der Hamas geleet g\u00ebtt, no 41.909 M\u00ebnschen aus der Gazastr\u00e4if d&#8217;Liewe kascht, d\u00e9i meescht dovun Zivilisten. D&#8217;Zuele goufe vun de Vereenten Natiounen als zouverl\u00e4sseg agestuuft.<\/p>\n<p class=\"article-body__summary\">De Krich vun Israel g\u00e9int d&#8217;Hamas an der Gazastr\u00e4if huet sech op elo e puer Fronten ausgebreet an ziilt op aner Alli\u00e9ierter vum Iran am Libanon, a Syrien an am israeelesch besate Westjordanland.<\/p>\n<p class=\"article-body__summary\">Den 1. Oktober 2024 huet den Iran eng Hellewull Rak\u00e9iten op Israel geschoss, vun deenen d\u00e9i meescht israeeleschen Angaben no ofgefaange goufen, obwuel e puer a Loftwaffest\u00fctzpunkter ageschloe sinn, ouni dass et zu Affer oder Schied koum. Israel huet geschwuer, Revanche ze huelen, wat dozou f\u00e9iere k\u00e9int, dass et zu engem regionale Krich am Noen Oste komme k\u00e9int.<\/p>\n<p><img src=\"https:\/\/belux-edmo.s3-accelerate.amazonaws.com\/wp-content\/uploads\/2024\/10\/327f48e0017cbbc96e1fa94d8f859f89.jpeg\" alt=\"RTL\" \/> \u00a9 AFP<\/p>\n<p>E puer Social-Media-Notzer sch\u00e9ngen ze gleewen, dass de Video d&#8217;iranesch Attack op Israel den 1. Oktober weist.<\/p>\n<p>&#8220;Getraff! Hoffentlech ass Israel duerch d&#8217;Rak\u00e9itenexplosioun zerst\u00e9iert&#8221;, huet een Notzer komment\u00e9iert.<\/p>\n<p>&#8220;Wann ech mat gudden Noriichte w\u00e9i d\u00ebsen erw\u00e4chen, free\u00ebn ech mech dorop, op d&#8217;Aarbecht ze goen a m\u00e4i Kaffi ze gen\u00e9issen&#8230; Merci, IRAN&#8221;, huet en anere geschriwwen.<\/p>\n<p>\u00c4nlech Videoe goufen och op <a href=\"https:\/\/perma.cc\/R8KF-AYSH\" target=\"_blank\" rel=\"noopener\">YouTube<\/a> an op der Plattform <a href=\"https:\/\/perma.cc\/4JNV-QGLN\" target=\"_blank\" rel=\"noopener\">X<\/a> gedeelt, d\u00e9i insgesamt m\u00e9i w\u00e9i 1 Millioun Views haten.<\/p>\n<p>Allerd\u00e9ngs weist de Clip eng ukrainesch Attack op Russland am Joer virdrun.<\/p>\n<p style=\"text-align: center;\">Dronenattack<\/p>\n<p>Eng \u00ebmgek\u00e9iert Billersich op Google huet erginn, dass de Clip schonn am Juli 2023 vun engleschsproochege Medie w\u00e9i\u00a0<a href=\"https:\/\/www.nbcnews.com\/news\/world\/moscow-drone-attack-putin-ukraine-navy-day-parade-rcna97125\" target=\"_blank\" rel=\"noopener\">NBC<\/a> a <a href=\"https:\/\/edition.cnn.com\/videos\/world\/2023\/07\/30\/ukraine-drone-attack-moscow-russia-video-war-intl-cnntmw-vpx.cnn\" target=\"_blank\" rel=\"noopener\">CNN<\/a> ver\u00ebffentlecht gi war.<\/p>\n<p>D&#8217;Filmmaterial weist den Informatioune vun den US-Senderen no ukrainesch Dronenattacken op Moskau (<a href=\"https:\/\/web.archive.org\/web\/20241004054754\/https:\/\/www.nbcnews.com\/news\/world\/moscow-drone-attack-putin-ukraine-navy-day-parade-rcna97125\" target=\"_blank\" rel=\"noopener\">hei<\/a> an <a href=\"https:\/\/web.archive.org\/web\/20241002162430\/https:\/\/edition.cnn.com\/videos\/world\/2023\/07\/30\/ukraine-drone-attack-moscow-russia-video-war-intl-cnntmw-vpx.cnn\" target=\"_blank\" rel=\"noopener\">hei<\/a> archiv\u00e9iert).<\/p>\n<p>\u00cbnnen ass e Verglach vum falsche B\u00e4itrag (l\u00e9nks) an dem vun NBC ver\u00ebffentlechte Video (riets) ze gesinn:<\/p>\n<p><img src=\"https:\/\/belux-edmo.s3-accelerate.amazonaws.com\/wp-content\/uploads\/2024\/10\/017d9d5c31dc25c1757d42f9af463744.jpeg\" alt=\"RTL\" \/> \u00a9 AFP<\/p>\n<p>De CNN-Video mam Titel &#8220;Schock\u00e9ierende Video weist Dronenexplosioun a Russland&#8221; war follgendermoossen iwwerschriwwen: &#8220;De Video, dee vun engem Passant opgeholl gouf, weist de Moment, an deem eng Dron e Gebai zu Moskau tr\u00ebfft, d\u00e9i lescht an enger Rei vun Attacken, d\u00e9i den Ukrain-Krich an d&#8217;russesch Haaptstad bruecht hunn.&#8221;<\/p>\n<p>Den 30. Juli 2023 hat <a href=\"https:\/\/edition.cnn.com\/2023\/07\/30\/world\/moscow-city-drone-attack-sunday-russia-ukraine-intl-hnk\/index.html\" target=\"_blank\" rel=\"noopener\">Russland matgedeelt<\/a>, et h\u00e4tt iwwer Nuecht zwou verschidden ukrainesch Dronenattacken ofgewiert, vun deenen eng d&#8217;Haaptstad an d\u00e9i aner d&#8217;annekt\u00e9iert Krim als Zil hat (<a href=\"https:\/\/perma.cc\/G7CT-A47Y\" target=\"_blank\" rel=\"noopener\">hei<\/a> archiv\u00e9iert).<\/p>\n<p>Bei der \u00e9ischter Attack goufen zwee B\u00fcrosraim beschiedegt an en internationale Fluchhafe kuerzz\u00e4iteg gespaart, w\u00e9i d&#8217;<a href=\"https:\/\/www.barrons.com\/news\/zelensky-says-war-coming-to-russia-after-moscow-drone-attack-2895a4ea\" target=\"_blank\" rel=\"noopener\">AFP deemools gemellt<\/a> hat (<a href=\"https:\/\/perma.cc\/UH2V-JTKA\" target=\"_blank\" rel=\"noopener\">hei<\/a> archiv\u00e9iert).<\/p>\n<p>Engem AFP-Fotograf no sinn eng R\u00ebtsch F\u00ebnstere vun engem Gebai zerbrach, Stoltr\u00e4ger goufe fr\u00e4igeluecht an Dokumenter um Buedem virum Gebai verstreet.<\/p>\n<p>Eng Sich mat Yandex Maps, dem Kaartentool vun der russescher Sichmaschinn, liwwert visuell Beweiser, d\u00e9i confirm\u00e9ieren, dass de Video am falsche B\u00e4itrag zu Moskau opgeholl gouf, an zwar am Gesch\u00e4ftsquartier am westlechen Deel vun der Stad.<\/p>\n<p>\u00cbnnen ass e Screenshot-Verglach aus dem falsche Video (l\u00e9nks) a vu <a href=\"https:\/\/yandex.com\/maps\/10502\/paris\/?from=mapframe&amp;ll=2.351556%2C48.856663&amp;panorama%5Bdirection%5D=45.064632%2C10.642438&amp;panorama%5Bfull%5D=true&amp;panorama%5Bpoint%5D=37.534726%2C55.749257&amp;panorama%5Bspan%5D=114.501405%2C60.000000&amp;z=12\" target=\"_blank\" rel=\"noopener\">Yandex Maps <\/a>(riets), deen d&#8217;Gebai an d&#8217;Strooss zu Moskau weist, d\u00e9i am Video ze gesi sinn (<a href=\"https:\/\/perma.cc\/Y8K7-W6TW?type=image\" target=\"_blank\" rel=\"noopener\">archiv\u00e9ierte Link<\/a>):<\/p>\n<p><img src=\"https:\/\/belux-edmo.s3-accelerate.amazonaws.com\/wp-content\/uploads\/2024\/10\/bee0e0f2d68c2eea2abd45169ad70e82.jpeg\" alt=\"RTL\" \/> \u00a9 AFP<\/p>\n<p>Hei dr\u00ebnner ass eng Foto vun engem Moskauer B\u00fcrosgebai ze gesinn, d\u00e9i vun engem AFP-Fotograf gemaach gouf an d&#8217;Schied no der ukrainescher Dronenattack weist.<\/p>\n<p><img src=\"https:\/\/belux-edmo.s3-accelerate.amazonaws.com\/wp-content\/uploads\/2024\/10\/58a220d9f6606ff3e5e88b95553c44ca.jpeg\" alt=\"RTL\" \/> \u00a9 AFP<\/p>\n<p>D&#8217;AFP huet nach <a href=\"..\/..\/storage\/data\/afp\/factcheck_v2\/EN\/doc.afp.com.36HX3YR\" target=\"_blank\" rel=\"noopener\">\u00e4nlech Behaaptungen<\/a> am Zesummenhang mat <a href=\"..\/..\/storage\/data\/afp\/factcheck_v2\/EN\/doc.afp.com.36B88E9\" target=\"_blank\" rel=\"noopener\">iraneschen Attacken op Israel<\/a> opgedeckt.<\/p>\n<p><em>D\u00ebsen AFP-Artikel gouf vun RTL op L\u00ebtzebuergesch iwwersat.<\/em><\/p>\n<\/div>\n<\/div>\n<\/article>\n","protected":false},"excerpt":{"rendered":"<p>E Video vun enger ukrainescher Dronenattack op d&#8217;russesch Haaptstad Moskau am Juli 2023 ass an de Sozialen Netzwierker nees an \u00cbmlaf bruecht ginn. An de B\u00e4itr\u00e4g g\u00ebtt f\u00e4lschlecherweis behaapt, e g\u00e9if eng Explosioun an Israel no enger iranescher Rak\u00e9itenattack den 1. Oktober 2024 weisen.<\/p>\n","protected":false},"author":1,"featured_media":364942,"comment_status":"closed","ping_status":"closed","sticky":false,"template":"","format":"standard","meta":{"_acf_changed":false,"footnotes":""},"categories":[183,402,217],"tags":[],"class_list":{"0":"post-364967","1":"post","2":"type-post","3":"status-publish","4":"format-standard","5":"has-post-thumbnail","7":"category-fact-check-lb","8":"category-noen-osten","9":"category-ukraine-lb"},"acf":{"show_metatags":true,"id":"2239263","authors":"RTL L\u00ebtzebuerg","organization":"RTL","featured_image_copyright":"","text_copyright":"Copyright RTL \/ CLT-UFA S.A.","source":"https:\/\/www.rtl.lu\/news\/faktencheck\/a\/2239263.html","fact_checker":"https:\/\/belux.wpengine.com\/wp-content\/uploads\/2021\/12\/rtl_logo.png","type":"Closed Event","location":"","start_date":"","start_date_event_begins_at":"","start_date_event_ends_at":"","end_date":"","end_date_event_begins_at":"","end_date_event_ends_at":"","organizer":"","fact_checker_logo_image":false},"yoast_head":"<!-- This site is optimized with the Yoast SEO plugin v27.0 - https:\/\/yoast.com\/product\/yoast-seo-wordpress\/ -->\n<title>Faktencheck: Video vun enger ukrainescher Dronenattack op Russland g\u00ebtt f\u00e4lschlecherweis als iranesch Attack op Israel duergestallt - EDMO Belux<\/title>\n<meta name=\"robots\" content=\"index, follow, max-snippet:-1, max-image-preview:large, max-video-preview:-1\" \/>\n<link rel=\"canonical\" href=\"https:\/\/belux.edmo.eu\/lb\/faktencheck-video-vun-enger-ukrainescher-dronenattack-op-russland-gtt-flschlecherweis-als-iranesch-attack-op-israel-duergestallt\/\" \/>\n<meta property=\"og:locale\" content=\"en_US\" \/>\n<meta property=\"og:type\" content=\"article\" \/>\n<meta property=\"og:title\" content=\"Faktencheck: Video vun enger ukrainescher Dronenattack op Russland g\u00ebtt f\u00e4lschlecherweis als iranesch Attack op Israel duergestallt - EDMO Belux\" \/>\n<meta property=\"og:description\" content=\"E Video vun enger ukrainescher Dronenattack op d&#039;russesch Haaptstad Moskau am Juli 2023 ass an de Sozialen Netzwierker nees an \u00cbmlaf bruecht ginn. An de B\u00e4itr\u00e4g g\u00ebtt f\u00e4lschlecherweis behaapt, e g\u00e9if eng Explosioun an Israel no enger iranescher Rak\u00e9itenattack den 1. Oktober 2024 weisen.\" \/>\n<meta property=\"og:url\" content=\"https:\/\/belux.edmo.eu\/lb\/faktencheck-video-vun-enger-ukrainescher-dronenattack-op-russland-gtt-flschlecherweis-als-iranesch-attack-op-israel-duergestallt\/\" \/>\n<meta property=\"og:site_name\" content=\"EDMO Belux\" \/>\n<meta property=\"article:published_time\" content=\"2024-10-13T12:00:19+00:00\" \/>\n<meta property=\"article:modified_time\" content=\"2024-10-28T10:20:57+00:00\" \/>\n<meta property=\"og:image\" content=\"https:\/\/belux-edmo.s3-accelerate.amazonaws.com\/wp-content\/uploads\/2024\/10\/fd334e5a03923ebdca3983431ee32907.jpeg\" \/>\n\t<meta property=\"og:image:width\" content=\"1080\" \/>\n\t<meta property=\"og:image:height\" content=\"608\" \/>\n\t<meta property=\"og:image:type\" content=\"image\/jpeg\" \/>\n<meta name=\"author\" content=\"master\" \/>\n<meta name=\"twitter:card\" content=\"summary_large_image\" \/>\n<meta name=\"twitter:creator\" content=\"@Edmo_Belux\" \/>\n<meta name=\"twitter:site\" content=\"@Edmo_Belux\" \/>\n<meta name=\"twitter:label1\" content=\"Written by\" \/>\n\t<meta name=\"twitter:data1\" content=\"master\" \/>\n\t<meta name=\"twitter:label2\" content=\"Est. reading time\" \/>\n\t<meta name=\"twitter:data2\" content=\"5 minutes\" \/>\n<script type=\"application\/ld+json\" class=\"yoast-schema-graph\">{\"@context\":\"https:\/\/schema.org\",\"@graph\":[{\"@type\":\"Article\",\"@id\":\"https:\/\/belux.edmo.eu\/lb\/faktencheck-video-vun-enger-ukrainescher-dronenattack-op-russland-gtt-flschlecherweis-als-iranesch-attack-op-israel-duergestallt\/#article\",\"isPartOf\":{\"@id\":\"https:\/\/belux.edmo.eu\/lb\/faktencheck-video-vun-enger-ukrainescher-dronenattack-op-russland-gtt-flschlecherweis-als-iranesch-attack-op-israel-duergestallt\/\"},\"author\":{\"name\":\"master\",\"@id\":\"https:\/\/belux.edmo.eu\/#\/schema\/person\/dbe3b252258537fd318f9b5645a30342\"},\"headline\":\"Faktencheck: Video vun enger ukrainescher Dronenattack op Russland g\u00ebtt f\u00e4lschlecherweis als iranesch Attack op Israel duergestallt\",\"datePublished\":\"2024-10-13T12:00:19+00:00\",\"dateModified\":\"2024-10-28T10:20:57+00:00\",\"mainEntityOfPage\":{\"@id\":\"https:\/\/belux.edmo.eu\/lb\/faktencheck-video-vun-enger-ukrainescher-dronenattack-op-russland-gtt-flschlecherweis-als-iranesch-attack-op-israel-duergestallt\/\"},\"wordCount\":848,\"publisher\":{\"@id\":\"https:\/\/belux.edmo.eu\/#organization\"},\"image\":{\"@id\":\"https:\/\/belux.edmo.eu\/lb\/faktencheck-video-vun-enger-ukrainescher-dronenattack-op-russland-gtt-flschlecherweis-als-iranesch-attack-op-israel-duergestallt\/#primaryimage\"},\"thumbnailUrl\":\"https:\/\/belux-edmo.s3-accelerate.amazonaws.com\/wp-content\/uploads\/2024\/10\/fd334e5a03923ebdca3983431ee32907.jpeg\",\"articleSection\":[\"Fact Check\",\"Noen Osten\",\"Ukraine\"],\"inLanguage\":\"lb-LU\"},{\"@type\":\"WebPage\",\"@id\":\"https:\/\/belux.edmo.eu\/lb\/faktencheck-video-vun-enger-ukrainescher-dronenattack-op-russland-gtt-flschlecherweis-als-iranesch-attack-op-israel-duergestallt\/\",\"url\":\"https:\/\/belux.edmo.eu\/lb\/faktencheck-video-vun-enger-ukrainescher-dronenattack-op-russland-gtt-flschlecherweis-als-iranesch-attack-op-israel-duergestallt\/\",\"name\":\"Faktencheck: Video vun enger ukrainescher Dronenattack op Russland g\u00ebtt f\u00e4lschlecherweis als iranesch Attack op Israel duergestallt - EDMO Belux\",\"isPartOf\":{\"@id\":\"https:\/\/belux.edmo.eu\/#website\"},\"primaryImageOfPage\":{\"@id\":\"https:\/\/belux.edmo.eu\/lb\/faktencheck-video-vun-enger-ukrainescher-dronenattack-op-russland-gtt-flschlecherweis-als-iranesch-attack-op-israel-duergestallt\/#primaryimage\"},\"image\":{\"@id\":\"https:\/\/belux.edmo.eu\/lb\/faktencheck-video-vun-enger-ukrainescher-dronenattack-op-russland-gtt-flschlecherweis-als-iranesch-attack-op-israel-duergestallt\/#primaryimage\"},\"thumbnailUrl\":\"https:\/\/belux-edmo.s3-accelerate.amazonaws.com\/wp-content\/uploads\/2024\/10\/fd334e5a03923ebdca3983431ee32907.jpeg\",\"datePublished\":\"2024-10-13T12:00:19+00:00\",\"dateModified\":\"2024-10-28T10:20:57+00:00\",\"breadcrumb\":{\"@id\":\"https:\/\/belux.edmo.eu\/lb\/faktencheck-video-vun-enger-ukrainescher-dronenattack-op-russland-gtt-flschlecherweis-als-iranesch-attack-op-israel-duergestallt\/#breadcrumb\"},\"inLanguage\":\"lb-LU\",\"potentialAction\":[{\"@type\":\"ReadAction\",\"target\":[\"https:\/\/belux.edmo.eu\/lb\/faktencheck-video-vun-enger-ukrainescher-dronenattack-op-russland-gtt-flschlecherweis-als-iranesch-attack-op-israel-duergestallt\/\"]}]},{\"@type\":\"ImageObject\",\"inLanguage\":\"lb-LU\",\"@id\":\"https:\/\/belux.edmo.eu\/lb\/faktencheck-video-vun-enger-ukrainescher-dronenattack-op-russland-gtt-flschlecherweis-als-iranesch-attack-op-israel-duergestallt\/#primaryimage\",\"url\":\"https:\/\/belux-edmo.s3-accelerate.amazonaws.com\/wp-content\/uploads\/2024\/10\/fd334e5a03923ebdca3983431ee32907.jpeg\",\"contentUrl\":\"https:\/\/belux-edmo.s3-accelerate.amazonaws.com\/wp-content\/uploads\/2024\/10\/fd334e5a03923ebdca3983431ee32907.jpeg\",\"width\":1080,\"height\":608,\"caption\":\"Faktencheck: Video vun enger ukrainescher Dronenattack op Russland g\u00ebtt f\u00e4lschlecherweis als iranesch Attack op Israel duergestallt - Featured image\"},{\"@type\":\"BreadcrumbList\",\"@id\":\"https:\/\/belux.edmo.eu\/lb\/faktencheck-video-vun-enger-ukrainescher-dronenattack-op-russland-gtt-flschlecherweis-als-iranesch-attack-op-israel-duergestallt\/#breadcrumb\",\"itemListElement\":[{\"@type\":\"ListItem\",\"position\":1,\"name\":\"Home\",\"item\":\"https:\/\/belux.edmo.eu\/lb\/\"},{\"@type\":\"ListItem\",\"position\":2,\"name\":\"Faktencheck: Video vun enger ukrainescher Dronenattack op Russland g\u00ebtt f\u00e4lschlecherweis als iranesch Attack op Israel duergestallt\"}]},{\"@type\":\"WebSite\",\"@id\":\"https:\/\/belux.edmo.eu\/#website\",\"url\":\"https:\/\/belux.edmo.eu\/\",\"name\":\"EDMO Belux\",\"description\":\"Monitoring Disinformation in Belgium and Luxembourg\",\"publisher\":{\"@id\":\"https:\/\/belux.edmo.eu\/#organization\"},\"potentialAction\":[{\"@type\":\"SearchAction\",\"target\":{\"@type\":\"EntryPoint\",\"urlTemplate\":\"https:\/\/belux.edmo.eu\/?s={search_term_string}\"},\"query-input\":{\"@type\":\"PropertyValueSpecification\",\"valueRequired\":true,\"valueName\":\"search_term_string\"}}],\"inLanguage\":\"lb-LU\"},{\"@type\":\"Organization\",\"@id\":\"https:\/\/belux.edmo.eu\/#organization\",\"name\":\"EDMO Belux\",\"url\":\"https:\/\/belux.edmo.eu\/\",\"logo\":{\"@type\":\"ImageObject\",\"inLanguage\":\"lb-LU\",\"@id\":\"https:\/\/belux.edmo.eu\/#\/schema\/logo\/image\/\",\"url\":\"https:\/\/belux.edmo.eu\/wp-content\/uploads\/2021\/12\/belux-logo-full-color-rgb.svg\",\"contentUrl\":\"https:\/\/belux.edmo.eu\/wp-content\/uploads\/2021\/12\/belux-logo-full-color-rgb.svg\",\"width\":1,\"height\":1,\"caption\":\"EDMO Belux\"},\"image\":{\"@id\":\"https:\/\/belux.edmo.eu\/#\/schema\/logo\/image\/\"},\"sameAs\":[\"https:\/\/x.com\/Edmo_Belux\"]},{\"@type\":\"Person\",\"@id\":\"https:\/\/belux.edmo.eu\/#\/schema\/person\/dbe3b252258537fd318f9b5645a30342\",\"name\":\"master\",\"sameAs\":[\"https:\/\/belux.wpengine.com\"],\"url\":\"https:\/\/belux.edmo.eu\/lb\/author\/master\/\"}]}<\/script>\n<!-- \/ Yoast SEO plugin. -->","yoast_head_json":{"title":"Faktencheck: Video vun enger ukrainescher Dronenattack op Russland g\u00ebtt f\u00e4lschlecherweis als iranesch Attack op Israel duergestallt - EDMO Belux","robots":{"index":"index","follow":"follow","max-snippet":"max-snippet:-1","max-image-preview":"max-image-preview:large","max-video-preview":"max-video-preview:-1"},"canonical":"https:\/\/belux.edmo.eu\/lb\/faktencheck-video-vun-enger-ukrainescher-dronenattack-op-russland-gtt-flschlecherweis-als-iranesch-attack-op-israel-duergestallt\/","og_locale":"en_US","og_type":"article","og_title":"Faktencheck: Video vun enger ukrainescher Dronenattack op Russland g\u00ebtt f\u00e4lschlecherweis als iranesch Attack op Israel duergestallt - EDMO Belux","og_description":"E Video vun enger ukrainescher Dronenattack op d'russesch Haaptstad Moskau am Juli 2023 ass an de Sozialen Netzwierker nees an \u00cbmlaf bruecht ginn. An de B\u00e4itr\u00e4g g\u00ebtt f\u00e4lschlecherweis behaapt, e g\u00e9if eng Explosioun an Israel no enger iranescher Rak\u00e9itenattack den 1. Oktober 2024 weisen.","og_url":"https:\/\/belux.edmo.eu\/lb\/faktencheck-video-vun-enger-ukrainescher-dronenattack-op-russland-gtt-flschlecherweis-als-iranesch-attack-op-israel-duergestallt\/","og_site_name":"EDMO Belux","article_published_time":"2024-10-13T12:00:19+00:00","article_modified_time":"2024-10-28T10:20:57+00:00","og_image":[{"width":1080,"height":608,"url":"https:\/\/belux-edmo.s3-accelerate.amazonaws.com\/wp-content\/uploads\/2024\/10\/fd334e5a03923ebdca3983431ee32907.jpeg","type":"image\/jpeg"}],"author":"master","twitter_card":"summary_large_image","twitter_creator":"@Edmo_Belux","twitter_site":"@Edmo_Belux","twitter_misc":{"Written by":"master","Est. reading time":"5 minutes"},"schema":{"@context":"https:\/\/schema.org","@graph":[{"@type":"Article","@id":"https:\/\/belux.edmo.eu\/lb\/faktencheck-video-vun-enger-ukrainescher-dronenattack-op-russland-gtt-flschlecherweis-als-iranesch-attack-op-israel-duergestallt\/#article","isPartOf":{"@id":"https:\/\/belux.edmo.eu\/lb\/faktencheck-video-vun-enger-ukrainescher-dronenattack-op-russland-gtt-flschlecherweis-als-iranesch-attack-op-israel-duergestallt\/"},"author":{"name":"master","@id":"https:\/\/belux.edmo.eu\/#\/schema\/person\/dbe3b252258537fd318f9b5645a30342"},"headline":"Faktencheck: Video vun enger ukrainescher Dronenattack op Russland g\u00ebtt f\u00e4lschlecherweis als iranesch Attack op Israel duergestallt","datePublished":"2024-10-13T12:00:19+00:00","dateModified":"2024-10-28T10:20:57+00:00","mainEntityOfPage":{"@id":"https:\/\/belux.edmo.eu\/lb\/faktencheck-video-vun-enger-ukrainescher-dronenattack-op-russland-gtt-flschlecherweis-als-iranesch-attack-op-israel-duergestallt\/"},"wordCount":848,"publisher":{"@id":"https:\/\/belux.edmo.eu\/#organization"},"image":{"@id":"https:\/\/belux.edmo.eu\/lb\/faktencheck-video-vun-enger-ukrainescher-dronenattack-op-russland-gtt-flschlecherweis-als-iranesch-attack-op-israel-duergestallt\/#primaryimage"},"thumbnailUrl":"https:\/\/belux-edmo.s3-accelerate.amazonaws.com\/wp-content\/uploads\/2024\/10\/fd334e5a03923ebdca3983431ee32907.jpeg","articleSection":["Fact Check","Noen Osten","Ukraine"],"inLanguage":"lb-LU"},{"@type":"WebPage","@id":"https:\/\/belux.edmo.eu\/lb\/faktencheck-video-vun-enger-ukrainescher-dronenattack-op-russland-gtt-flschlecherweis-als-iranesch-attack-op-israel-duergestallt\/","url":"https:\/\/belux.edmo.eu\/lb\/faktencheck-video-vun-enger-ukrainescher-dronenattack-op-russland-gtt-flschlecherweis-als-iranesch-attack-op-israel-duergestallt\/","name":"Faktencheck: Video vun enger ukrainescher Dronenattack op Russland g\u00ebtt f\u00e4lschlecherweis als iranesch Attack op Israel duergestallt - EDMO Belux","isPartOf":{"@id":"https:\/\/belux.edmo.eu\/#website"},"primaryImageOfPage":{"@id":"https:\/\/belux.edmo.eu\/lb\/faktencheck-video-vun-enger-ukrainescher-dronenattack-op-russland-gtt-flschlecherweis-als-iranesch-attack-op-israel-duergestallt\/#primaryimage"},"image":{"@id":"https:\/\/belux.edmo.eu\/lb\/faktencheck-video-vun-enger-ukrainescher-dronenattack-op-russland-gtt-flschlecherweis-als-iranesch-attack-op-israel-duergestallt\/#primaryimage"},"thumbnailUrl":"https:\/\/belux-edmo.s3-accelerate.amazonaws.com\/wp-content\/uploads\/2024\/10\/fd334e5a03923ebdca3983431ee32907.jpeg","datePublished":"2024-10-13T12:00:19+00:00","dateModified":"2024-10-28T10:20:57+00:00","breadcrumb":{"@id":"https:\/\/belux.edmo.eu\/lb\/faktencheck-video-vun-enger-ukrainescher-dronenattack-op-russland-gtt-flschlecherweis-als-iranesch-attack-op-israel-duergestallt\/#breadcrumb"},"inLanguage":"lb-LU","potentialAction":[{"@type":"ReadAction","target":["https:\/\/belux.edmo.eu\/lb\/faktencheck-video-vun-enger-ukrainescher-dronenattack-op-russland-gtt-flschlecherweis-als-iranesch-attack-op-israel-duergestallt\/"]}]},{"@type":"ImageObject","inLanguage":"lb-LU","@id":"https:\/\/belux.edmo.eu\/lb\/faktencheck-video-vun-enger-ukrainescher-dronenattack-op-russland-gtt-flschlecherweis-als-iranesch-attack-op-israel-duergestallt\/#primaryimage","url":"https:\/\/belux-edmo.s3-accelerate.amazonaws.com\/wp-content\/uploads\/2024\/10\/fd334e5a03923ebdca3983431ee32907.jpeg","contentUrl":"https:\/\/belux-edmo.s3-accelerate.amazonaws.com\/wp-content\/uploads\/2024\/10\/fd334e5a03923ebdca3983431ee32907.jpeg","width":1080,"height":608,"caption":"Faktencheck: Video vun enger ukrainescher Dronenattack op Russland g\u00ebtt f\u00e4lschlecherweis als iranesch Attack op Israel duergestallt - Featured image"},{"@type":"BreadcrumbList","@id":"https:\/\/belux.edmo.eu\/lb\/faktencheck-video-vun-enger-ukrainescher-dronenattack-op-russland-gtt-flschlecherweis-als-iranesch-attack-op-israel-duergestallt\/#breadcrumb","itemListElement":[{"@type":"ListItem","position":1,"name":"Home","item":"https:\/\/belux.edmo.eu\/lb\/"},{"@type":"ListItem","position":2,"name":"Faktencheck: Video vun enger ukrainescher Dronenattack op Russland g\u00ebtt f\u00e4lschlecherweis als iranesch Attack op Israel duergestallt"}]},{"@type":"WebSite","@id":"https:\/\/belux.edmo.eu\/#website","url":"https:\/\/belux.edmo.eu\/","name":"EDMO Belux","description":"Monitoring Disinformation in Belgium and Luxembourg","publisher":{"@id":"https:\/\/belux.edmo.eu\/#organization"},"potentialAction":[{"@type":"SearchAction","target":{"@type":"EntryPoint","urlTemplate":"https:\/\/belux.edmo.eu\/?s={search_term_string}"},"query-input":{"@type":"PropertyValueSpecification","valueRequired":true,"valueName":"search_term_string"}}],"inLanguage":"lb-LU"},{"@type":"Organization","@id":"https:\/\/belux.edmo.eu\/#organization","name":"EDMO Belux","url":"https:\/\/belux.edmo.eu\/","logo":{"@type":"ImageObject","inLanguage":"lb-LU","@id":"https:\/\/belux.edmo.eu\/#\/schema\/logo\/image\/","url":"https:\/\/belux.edmo.eu\/wp-content\/uploads\/2021\/12\/belux-logo-full-color-rgb.svg","contentUrl":"https:\/\/belux.edmo.eu\/wp-content\/uploads\/2021\/12\/belux-logo-full-color-rgb.svg","width":1,"height":1,"caption":"EDMO Belux"},"image":{"@id":"https:\/\/belux.edmo.eu\/#\/schema\/logo\/image\/"},"sameAs":["https:\/\/x.com\/Edmo_Belux"]},{"@type":"Person","@id":"https:\/\/belux.edmo.eu\/#\/schema\/person\/dbe3b252258537fd318f9b5645a30342","name":"master","sameAs":["https:\/\/belux.wpengine.com"],"url":"https:\/\/belux.edmo.eu\/lb\/author\/master\/"}]}},"menu_order":0,"_links":{"self":[{"href":"https:\/\/belux.edmo.eu\/lb\/wp-json\/wp\/v2\/posts\/364967","targetHints":{"allow":["GET"]}}],"collection":[{"href":"https:\/\/belux.edmo.eu\/lb\/wp-json\/wp\/v2\/posts"}],"about":[{"href":"https:\/\/belux.edmo.eu\/lb\/wp-json\/wp\/v2\/types\/post"}],"author":[{"embeddable":true,"href":"https:\/\/belux.edmo.eu\/lb\/wp-json\/wp\/v2\/users\/1"}],"replies":[{"embeddable":true,"href":"https:\/\/belux.edmo.eu\/lb\/wp-json\/wp\/v2\/comments?post=364967"}],"version-history":[{"count":0,"href":"https:\/\/belux.edmo.eu\/lb\/wp-json\/wp\/v2\/posts\/364967\/revisions"}],"wp:featuredmedia":[{"embeddable":true,"href":"https:\/\/belux.edmo.eu\/lb\/wp-json\/wp\/v2\/media\/364942"}],"wp:attachment":[{"href":"https:\/\/belux.edmo.eu\/lb\/wp-json\/wp\/v2\/media?parent=364967"}],"wp:term":[{"taxonomy":"category","embeddable":true,"href":"https:\/\/belux.edmo.eu\/lb\/wp-json\/wp\/v2\/categories?post=364967"},{"taxonomy":"post_tag","embeddable":true,"href":"https:\/\/belux.edmo.eu\/lb\/wp-json\/wp\/v2\/tags?post=364967"}],"curies":[{"name":"wp","href":"https:\/\/api.w.org\/{rel}","templated":true}]}}