{"id":383818,"date":"2025-02-02T14:00:24","date_gmt":"2025-02-02T14:00:24","guid":{"rendered":"https:\/\/belux.edmo.eu\/?p=383818"},"modified":"2025-02-11T09:51:20","modified_gmt":"2025-02-11T09:51:20","slug":"faktencheck-deuropesch-zentralbank-wll-dsuen-um-compte-courant-net-op-3-000-limitieren","status":"publish","type":"post","link":"https:\/\/belux.edmo.eu\/lb\/faktencheck-deuropesch-zentralbank-wll-dsuen-um-compte-courant-net-op-3-000-limitieren\/","title":{"rendered":"Faktencheck: D&#8217;Europ\u00e4esch Zentralbank w\u00ebll d&#8217;Suen um Compte courant net op 3.000 \u20ac limit\u00e9ieren"},"content":{"rendered":"<article>\n<div>\n<p>D&#8217;Europ\u00e4esch Zentralbank (EZB) huet am Juli 2021 eng Phase d&#8217;\u00e9tude ageleet, fir bannent 5 Joer en digitalen Euro anzef\u00e9ieren.<\/p>\n<\/div>\n<div>\n<p class=\"article-body__summary\">A Sozialen Netzwierker hunn Internetnotzer argument\u00e9iert, dass d&#8217;EZB am Kader vun d\u00ebsem Projet eng &#8220;Steier&#8221; fir all Depot vu m\u00e9i w\u00e9i 3.000 Euro op Compte-courante virges\u00e4it. Dat ass awer falsch, w\u00e9i eng R\u00ebtsch Experte fir Bankinstituter g\u00e9intiwwer der AFP erkl\u00e4ert hunn.<\/p>\n<p class=\"article-body__summary\">Weider hunn d&#8217;Experten op d&#8217;rechtlech Onm\u00e9iglechkeet vun esou enger Moossnam higewisen. D&#8217;EZB envisag\u00e9iert par contre eng Uewergrenz vun 3.000 Euro fir d&#8217;Abezuelen op digitalen Euro-Portmonnien, d\u00e9i n\u00e4ischt mat de Compte-couranten ze dinn huet.<\/p>\n<p class=\"article-body__summary\">&#8220;D&#8217;Europ\u00e4esch Zentralbank plangt, Depoten iwwer 3.000 Euro ze bestrofen, fir d&#8217;finanziell Fr\u00e4iheet vun Eenzelen anzeschr\u00e4nken&#8221;, argument\u00e9ieren Internetnotzer a B\u00e4itr\u00e4g, d\u00e9i am Januar 2025 op de Plattformen <a href=\"https:\/\/mvau.lt\/media\/2d4ba60a-0fc2-4b3a-8a69-266c69d5a181\">X<\/a> a Facebook gedeelt goufen (<a href=\"https:\/\/mvau.lt\/media\/9fc67ab6-9463-4588-9c91-a03598452a7c\" target=\"_blank\" rel=\"noopener\">1<\/a>,\u00a0<a href=\"https:\/\/mvau.lt\/media\/2882603e-3ff9-46b9-b28e-8fa997ad8a9d\">2<\/a>, <a href=\"https:\/\/mvau.lt\/media\/ae675963-b925-44e7-906f-59bd8b0e241e\">3<\/a>, <a href=\"https:\/\/mvau.lt\/media\/a596d704-6262-4f99-801a-320d113f1b29\">4<\/a>).<\/p>\n<p class=\"article-body__summary\">&#8220;D&#8217;europ\u00e4esch Diktatur ges\u00e4it eng Steier fir 3.000 Euro vir, d\u00e9i op engem Bankkont steet. Den Digitalen Euro ass d&#8217;Enn vun der Fr\u00e4iheet&#8230;&#8221;, heescht et weider am Text, deen am vun den Notzer gedeelte Video &#8211; och op TikTok &#8211; ze gesinn ass (<a href=\"https:\/\/perma.cc\/CT8V-WEPA\">1<\/a>, <a href=\"https:\/\/perma.cc\/VHF9-326A\">2<\/a>).<\/p>\n<p><img src=\"https:\/\/belux-edmo.s3-accelerate.amazonaws.com\/wp-content\/uploads\/2025\/02\/d61159114efc44a2a335179f8d1882cc.jpeg\" alt=\"RTL\" \/> \u00a9 AFP<\/p>\n<p>Eng \u00ebmgek\u00e9iert Billersich weist, dass d\u00ebsen Extrait aus engem Video vum russesche Staatsmedium &#8220;Sputnik&#8221; staamt. Doran tr\u00ebtt den Eric Verhaeghe, Gr\u00ebnner vum Blogg &#8220;Le Courrier des Strat\u00e8ges&#8221; op. Seng \u00c4usserungen iwwer d&#8217;<a href=\"..\/..\/storage\/data\/afp\/factcheck_v2\/FR\/doc.afp.com.9UM38A\" target=\"_blank\" rel=\"noopener\">Covid-19-Kris<\/a> an iwwer den <a href=\"..\/..\/storage\/data\/afp\/factcheck_v2\/FR\/doc.afp.com.32MP9CN\" target=\"_blank\" rel=\"noopener\">Impfpass<\/a> ware scho G\u00e9igestand vun AFP-Faktenchecken.<\/p>\n<p>D&#8217;vollst\u00e4nneg Emissioun mam Titel &#8220;D&#8217;digital Identit\u00e9it an d&#8217;Enn vum Boergeld&#8221; ass schonn z\u00ebnter Oktober 2021 op der <a href=\"https:\/\/perma.cc\/TQ8F-TU3Q\" target=\"_blank\" rel=\"noopener\">Videoplattform &#8220;Odysee&#8221;<\/a> am \u00cbmlaf w\u00e9i och am russesche Sozialen Netzwierk <a href=\"https:\/\/perma.cc\/7ABG-T3TS\" target=\"_blank\" rel=\"noopener\">VKontakte<\/a>.<\/p>\n<p>An der Sequenz vun ongef\u00e9ier enger Minutt, d\u00e9i haut am \u00cbmlaf ass, behaapt den Eric Verhaeghe: &#8220;D&#8217;Europ\u00e4esch Zentralbank huet schonn ugedeit, dass si bei m\u00e9i w\u00e9i 3.000 Euro, d\u00e9i op engem Bankkont stinn, d&#8217;Geld anz\u00e9ien oder Stroftaxen impos\u00e9iere w\u00e4ert. Well si der Usiicht ass, dass M\u00ebnschen an Zukunft net ze vill Boergeld bes\u00ebtze sollten.&#8221;<\/p>\n<p>&#8220;D&#8217;Zil ass natierlech, [&#8230;] d&#8217;Onofh\u00e4ngegkeet vun de Leit ze briechen. Si an eng Situatioun ze br\u00e9ngen, an d\u00e4r si sech der staatlecher Kontroll net m\u00e9i entz\u00e9ie k\u00ebnnen. Verstitt Dir, wann Dir 3 Milliounen op \u00c4rem Bankkont hutt, k\u00ebnnt Dir soen: &#8216;Ech loosse mech suspend\u00e9ieren, ech refus\u00e9ieren Impfungen, ech hu genuch Suen, fir eng Z\u00e4it iwwer d&#8217;Ronnen ze kommen, \u00e9ier ech aarm sinn.&#8217; Wann Dir 3.000 Euro op \u00c4rem Bankkont hutt, hutt Dir net m\u00e9i d&#8217;M\u00e9iglechkeet, der Regierung net ze follegen. An dat ass den totalit\u00e4re Projet, deen um Wee ass&#8221;, sot hie weider.<\/p>\n<p>Den maximale Montant vun 3.000 Euro, op deen hie sech bezitt, concern\u00e9iert awer net d&#8217;Compte-couranten. Et handelt sech \u00ebm eng hypotheetesch Uewergrenz, d\u00e9i vun der Europ\u00e4escher Zentralbank (EZB) am Kader vum Projet fir d&#8217;Af\u00e9iere vum Digitalen Euro bis 2027 oder 2028 a Betruecht gezu g\u00ebtt. D\u00ebse g\u00e9if Banknouten a M\u00ebnz erg\u00e4nzen an eng zous\u00e4tzlech Bezuelm\u00e9iglechkeet duerstellen, fir op d\u00e9i klammend Entmaterialis\u00e9ierung vu Payementer an d&#8217;Zouhuele vu Kryptow\u00e4rungen ze reag\u00e9ieren.<\/p>\n<p>Op eng AFP-Ufro vum 23. Januar 2025 huet den <a href=\"https:\/\/www.sciencespobordeaux.fr\/fr\/acces-utiles\/annuaire\/l\/e\/h\/uduser-e-le-heron-fr.html\">Edwin Le H\u00e9ron<\/a> (<a href=\"https:\/\/perma.cc\/BLA8-KY8C\">Link archiv\u00e9iert<\/a>), Universit\u00e9itsprofesser op der Sciences Po Bordeaux, Spezialist fir Ekonomie an Auteur vum Buch &#8220;A quoi sert la Banque centrale europ\u00e9enne?&#8221; (La documentation fran\u00e7aise) erkl\u00e4ert: Evidenterweis steet d\u00ebs Limitatioun a kenger Relatioun mat de Compte-courante vun europ\u00e4esche St\u00e9it an Entreprisen. D&#8217;Geld vu Bankkonte g\u00ebtt vu Privatbanke ger\u00e9iert an ni vun der Europ\u00e4escher Zentralbank. Just d&#8217;Banken hu Konte bei der EZB.&#8221;<\/p>\n<p>Den <a href=\"https:\/\/www.bfbavocats.com\/cabinet-avocat.php\">Alexandre Barbelane<\/a>, en op Bankrecht spezialis\u00e9ierten Affekot vun der Etude BfB Avocats (<a href=\"https:\/\/perma.cc\/E6SG-SUM6\">Link archiv\u00e9iert<\/a>), deen de selwechten Dag vun der AFP kontakt\u00e9iert gouf, huet och matgedeelt, dass d&#8217;Behaaptungen, d\u00e9i an de Sozialen Netzwierker kurs\u00e9ieren, &#8220;kee S\u00ebnn erginn&#8221;. &#8220;Dofir misst et m\u00e9iglech sinn, dass d&#8217;EZB op vertraglech Bez\u00e9iungen t\u00ebscht enger Privatpersoun an hirer Bank awierke k\u00e9int. [&#8230;] D&#8217;EZB huet d\u00ebs Aufgab net, se huet d\u00ebs Muecht net. [&#8230;] Rechtlech gesinn ass dat net m\u00e9iglech.&#8221;<\/p>\n<p>De <a href=\"https:\/\/www.ofce.sciences-po.fr\/pages-chercheurs\/page.php?id=5\">Christophe Blot<\/a>, stellvertriedenden Direkter vum Departement fir Analysen a Prognose beim Observatoire fran\u00e7ais des conjonctures \u00e9conomiques (OFCE ; <a href=\"https:\/\/perma.cc\/G9J6-87L5\">Link archiv\u00e9iert<\/a>) a Spezialist fir Geldpolitik, huet de 24. Januar 2025 g\u00e9intiwwer der AFP zougest\u00ebmmt: De lafende Projet [vun der EZB] huet keng Auswierkungen op d&#8217;Regul\u00e9ierung [&#8230;] vun de Compte-courante bannent der EU. D&#8217;EZB ka keng Entscheedung treffen, d\u00e9i Strofen als Zil huet. Se tr\u00ebfft keng Entscheedungen iwwer d&#8217;F\u00e9iere vun d\u00ebse Konten, d\u00e9i an den Decisiounsber\u00e4ich vun de jeeweilege Banke falen, w\u00e9i et an de geltende Bankreglementatioune steet.&#8221;<\/p>\n<p>En digitale Portmonni mat enger m\u00e9iglecher Limitt vun 3.000 Euro<\/p>\n<p>W\u00e9i d&#8217;EZB op hirer <a href=\"https:\/\/www.ecb.europa.eu\/euro\/digital_euro\/how-it-works\/html\/index.fr.html\" target=\"_blank\" rel=\"noopener\">Internets\u00e4it<\/a> iwwer de Projet Digitalen Euro matdeelt (<a href=\"https:\/\/perma.cc\/GRS8-SK87\">Link archiv\u00e9iert<\/a>), g\u00e9if den Digitalen Euro \u00e9ischter w\u00e9i e Portmonni w\u00e9i w\u00e9i e Spuerkont funktion\u00e9ieren. &#8220;Soubal Dir \u00c4ren Digitalen-Euro-Portmonni ageriicht hutt, k\u00ebnnt Dir e mat Sue f\u00ebllen, entweeder vun engem verbonnene Bankkont oder duerch Abezuele vu Boergeld. Da misst Dir just nach eng \u00e9ischt K\u00e9ier mat den disponibelen digitalen Euroe bezuelen.&#8221;<\/p>\n<p>No enger \u00e9ischter Investigatiounsphas zum Digitalen Euro, d\u00e9i vun Oktober 2021 bis Oktober 2023 duerchgefouert gouf, huet d&#8217;EZB am selwechte Mount eng Preparatiounsphas ageleet, d\u00e9i besonnesch dora besteet, seng &#8220;Funktiounsreegele&#8221; festzelee\u00ebn an technesch Froen ze l\u00e9isen, d\u00e9i &#8220;mat senger Af\u00e9ierung a groussem Moossstaf&#8221; verbonne sinn, sou de frans\u00e9ische Minist\u00e8re fir Ekonomie a Finanzen op senger <a href=\"https:\/\/www.economie.gouv.fr\/cedef\/euro-numerique\" target=\"_blank\" rel=\"noopener\">Internets\u00e4it<\/a> (<a href=\"https:\/\/web.archive.org\/web\/20250124131134\/https:\/\/www.economie.gouv.fr\/cedef\/euro-numerique\">Link archiv\u00e9iert<\/a>).<\/p>\n<p>An der <a href=\"https:\/\/eur-lex.europa.eu\/legal-content\/FR\/TXT\/?uri=CELEX:52023PC0369\" target=\"_blank\" rel=\"noopener\">Propositioun fir e Reglement<\/a> vum Europ\u00e4esche Parlament a vum Europ\u00e4esche Rot (<a href=\"https:\/\/perma.cc\/2PZQ-AA76\">Link archiv\u00e9iert<\/a>) fir d&#8217;Af\u00e9iere vum Digitalen Euro heescht et eendeiteg, dass eng Utilisatioun ouni Restriktioune vum Digitalen Euro &#8220;d&#8217;Finanzestabilit\u00e9it vum Euroraum a Gefor br\u00e9nge&#8221; k\u00e9int, firwat et &#8220;noutwenneg&#8221; ersch\u00e9nge k\u00e9int, dass d&#8217;EZB d&#8217;Benotze vum Digitalen Euro limit\u00e9iert, besonnesch duerch &#8220;quantitativ Limitte fir individuell Avoiren an digitaler Form.&#8221;<\/p>\n<p>&#8220;Am Moment l\u00e4it d\u00e9i geplangt Uewergrenz bei 3.000 Euro a bezitt sech just op d\u00ebsen digitalen Euro-Portmonni, wat a kengem Verh\u00e4ltnis zu de Betr\u00e4g steet, d\u00e9i Eenzelpersounen op hirem Compte courant oder hire Spuerkonten hunn&#8221;, stellt de Christophe Blot fest.<\/p>\n<p>Am November 2023 hat d&#8217;EZB <a href=\"https:\/\/www.ecb.europa.eu\/press\/financial-stability-publications\/fsr\/focus\/2023\/html\/ecb.fsrbox202311_04~5f8d06f0d2.en.html\" target=\"_blank\" rel=\"noopener\">an enger Nott<\/a> iwwer d\u00e9i m\u00e9iglech Auswierkunge vum Digitalen Euro op d&#8217;Finanzstabilit\u00e9it effektiv de wirtschaftlechen Notze vun esou engem limit\u00e9ierte Montant betount (<a href=\"https:\/\/perma.cc\/RA3A-TE9P\">Link archiv\u00e9iert<\/a>). Enger <a href=\"https:\/\/www.senat.fr\/rap\/r23-708\/r23-708_mono.html\" target=\"_blank\" rel=\"noopener\">Zesummefaassung vum frans\u00e9ische Senat iwwer den Digitalen Euro<\/a> aus dem Juni 2024 (<a href=\"https:\/\/perma.cc\/KLS3-3FSL\">Link archiv\u00e9iert<\/a>) no k\u00e9int d\u00ebs Limit\u00e9ierung &#8220;moderat makroekonomesch Auswierkungen betreffend d&#8217;Ofwandere vun Depoten&#8221; no sech z\u00e9ien.<\/p>\n<p><img src=\"https:\/\/belux-edmo.s3-accelerate.amazonaws.com\/wp-content\/uploads\/2025\/02\/7dc1d9db725b638e0e27cbc93f9c13e0.jpeg\" alt=\"RTL\" \/> \u00a9 AFP<\/p>\n<p>E maximale Plaffong fir d&#8217;Finanzstabilit\u00e9it ze erhalen<\/p>\n<p>Well w\u00e9i de <a href=\"https:\/\/www.polytechnique-insights.com\/contributeurs\/julien-prat\/\">Julien Prat<\/a>, Fuercher um CNRS, CREST an der l&#8217;\u00c9cole polytechnique (IP Paris ;\u00a0<a href=\"https:\/\/perma.cc\/3D5Y-N6NN\">Link archiv\u00e9iert<\/a>), den 22. Januar 2025 g\u00e9intiwwer der AFP erkl\u00e4ert huet, g\u00e9if et eng gr\u00e9isser finanziell S\u00e9cherheet erm\u00e9iglechen, den Digitalen Euro mat engem maximale Plaffong auszer\u00ebschten. &#8220;Haut befanne mir eis an engem Pyramidesystem, an deem Dir iwwer d&#8217;Gesch\u00e4ftsbanke fuert, d\u00e9i hirers\u00e4its Fuerderunge vun der EZB hunn. Awer Dir stitt ni direkt mat der Zentralbank a Kontakt.&#8221;<\/p>\n<p>&#8220;Mam Digitalen Euro g\u00e9if \u00c4re Kont direkt bei der EZB registr\u00e9iert ginn, et g\u00e9if kee Kredittrisiko m\u00e9i, well d&#8217;Zentralbank net bankrott goe kann. [&#8230;] Also m\u00e9cht den Zenario vun enger Bankepanik, [bei d\u00e4r d&#8217;Spuerer aus Angscht virun engem Zesummebroch vun de Banken hir Erspuernesser massenhaft vun de Banken ofz\u00e9ien, Um. v. d. Red.], iwwer d&#8217;Zentralbank kee S\u00ebnn. D&#8217;Zentralbank w\u00e4ert \u00ebmmer kapabel sinn, de M\u00ebnschen ze d\u00e9ngen. [&#8230;] Kuerz gesot, e Kont bei der Zentralbank ass e Kont, dee vill m\u00e9i s\u00e9cher ass w\u00e9i e Kont bei enger Gesch\u00e4ftsbank&#8221;, sou den Expert weider.<\/p>\n<p>Et w\u00e4r awer noutwenneg, d\u00ebsem digitale Portmonni e maximale Plaffong zouzeweisen, fir d&#8217;Gl\u00e4ichgewiicht vum Finanzsystem ze erhalen. &#8220;D&#8217;Gesch\u00e4ftsbanke w\u00ebllen net desintermedit\u00e9iert ginn, well se op d\u00ebs Depoten ugewise sinn, fir ze funktion\u00e9ieren. Dow\u00e9inst g\u00ebtt d&#8217;Uewergrenz [fir den Digitalen-Euro-Portmonni, Um. v. d. Red.] a Betruecht gezunn, fir dass d&#8217;Leit net alles bei der EZB abezuelen a bei de Gesch\u00e4ftsbanke just nach Depoten iwwereg bleiwen&#8221;, betount de Julien Prat.<\/p>\n<p>Dat erkl\u00e4ert, firwat d&#8217;Gesch\u00e4ftsbanken hirers\u00e4its \u00e9ischter fir eng niddereg Limitt pl\u00e4d\u00e9ieren. Sou huet de Laurent Quignon, Chef vum Ekonomie-Departement, am November 2023 an engem <a href=\"https:\/\/economic-research.bnpparibas.com\/Media-Library\/fr-FR\/BCE-accorde-annees-supplementaires-lancer-euro-numerique-30\/11\/2023,c40162\" target=\"_blank\" rel=\"noopener\">Podcast<\/a> vun der Direction des \u00e9tudes \u00e9conomiques vu senger Bank BNP Paribas (<a href=\"https:\/\/perma.cc\/UCX5-7VN4\">Link archiv\u00e9iert<\/a>) geurteelt, dass eng individuell Limitt an der Gr\u00e9isstenuerdnung vu 500 Euro vill m\u00e9i r\u00e4sonabel w\u00e4r, virun allem well den Digitalen Euro kengem echte Bedarf entspr\u00e9cht an ugesiichts de verschiddene bestoende Bezuelm\u00e9iglechkeete keen neie Service bidde g\u00e9if.&#8221;<\/p>\n<p>&#8220;D&#8217;EZB hirers\u00e4its schw\u00e4tzt vun enger Limitt an der Gr\u00e9isstenuerdnung vun 3.000 Euro pro Notzer, wat potenziell en Digitalen-Euro-Bestand vun 1.000 Milliarden Euro bedeite k\u00e9int, wann all individuell Avoire vun den 340 Milliounen Awunner vum Euroraum d\u00ebs Grenz notze g\u00e9ifen. Dat g\u00e9if 7 Prozent vun den ausstoende Bankdepoten am Privatsecteur entspriechen&#8221;, huet hie geschriwwen.<\/p>\n<p>Digitalen Euro g\u00ebtt nach diskut\u00e9iert<\/p>\n<p>W\u00e9i d&#8217;Banque de France am Dezember 2024 op hirer <a href=\"https:\/\/www.banque-france.fr\/fr\/strategie-monetaire\/moyens-de-paiement\/leuro-numerique\" target=\"_blank\" rel=\"noopener\">Internets\u00e4it<\/a> resum\u00e9iert huet (<a href=\"https:\/\/perma.cc\/6J7U-HRZE\">Link archiv\u00e9iert<\/a>), &#8220;gouf an d\u00ebsem Stadium d&#8217;Entscheedung, en Digitalen Euro anzef\u00e9ieren, nach net getraff.&#8221;<\/p>\n<p>&#8220;D\u00ebs Entscheedung ka vum Eurosystem er\u00e9ischt getraff ginn, wann de rechtleche Kader festgeluecht ass. Sollt den EZB-Rot d&#8217;Af\u00e9ierung vun engem Digitalen Euro decid\u00e9ieren, k\u00e9int d\u00ebsen dann ab 2027 oder 2028 schr\u00ebttweis agefouert ginn&#8221;, sou d&#8217;Bank weider.<\/p>\n<p>De Projet vum Digitalen Euro war schonn am Dezember 2022 G\u00e9igestand vun enger viraler Rumeur gewiescht, w\u00e9i Internetnotzer behaapt haten, dat g\u00e9if d&#8217;Enn vum Boergeld an der Europ\u00e4escher Unioun bedeiten. Zu Onrecht, w\u00e9i <a href=\"..\/..\/storage\/data\/afp\/factcheck_v2\/FR\/doc.afp.com.334X7TN\" target=\"_blank\" rel=\"noopener\">d&#8217;AFP an engem Faktencheck erkl\u00e4ert<\/a> hat.<\/p>\n<p><em>D\u00ebse Faktencheck gouf vun RTL op L\u00ebtzebuergesch iwwersat.<br \/>\n<\/em><\/p>\n<\/div>\n<\/article>\n","protected":false},"excerpt":{"rendered":"<p>D&#8217;Europ\u00e4esch Zentralbank (EZB) huet am Juli 2021 eng Phase d&#8217;\u00e9tude ageleet, fir bannent 5 Joer en digitalen Euro anzef\u00e9ieren.<\/p>\n","protected":false},"author":1,"featured_media":383803,"comment_status":"closed","ping_status":"closed","sticky":false,"template":"","format":"standard","meta":{"_acf_changed":false,"footnotes":""},"categories":[470,425,183,193,191],"tags":[],"class_list":{"0":"post-383818","1":"post","2":"type-post","3":"status-publish","4":"format-standard","5":"has-post-thumbnail","7":"category-editors-choice-lu","8":"category-eu-lb-fact-check-lb","9":"category-fact-check-lb","10":"category-gesellschaft","11":"category-politik"},"acf":{"show_metatags":true,"id":"2271884","authors":"RTL L\u00ebtzebuerg","organization":"RTL","featured_image_copyright":"","text_copyright":"Copyright RTL \/ CLT-UFA S.A.","source":"https:\/\/www.rtl.lu\/news\/faktencheck\/a\/2271884.html","fact_checker":"https:\/\/belux.wpengine.com\/wp-content\/uploads\/2021\/12\/rtl_logo.png","type":"Closed Event","location":"","start_date":"","start_date_event_begins_at":"","start_date_event_ends_at":"","end_date":"","end_date_event_begins_at":"","end_date_event_ends_at":"","organizer":"","fact_checker_logo_image":false},"yoast_head":"<!-- This site is optimized with the Yoast SEO plugin v27.0 - https:\/\/yoast.com\/product\/yoast-seo-wordpress\/ -->\n<title>Faktencheck: D&#039;Europ\u00e4esch Zentralbank w\u00ebll d&#039;Suen um Compte courant net op 3.000 \u20ac limit\u00e9ieren - EDMO Belux<\/title>\n<meta name=\"robots\" content=\"index, follow, max-snippet:-1, max-image-preview:large, max-video-preview:-1\" \/>\n<link rel=\"canonical\" href=\"https:\/\/belux.edmo.eu\/lb\/faktencheck-deuropesch-zentralbank-wll-dsuen-um-compte-courant-net-op-3-000-limitieren\/\" \/>\n<meta property=\"og:locale\" content=\"en_US\" \/>\n<meta property=\"og:type\" content=\"article\" \/>\n<meta property=\"og:title\" content=\"Faktencheck: D&#039;Europ\u00e4esch Zentralbank w\u00ebll d&#039;Suen um Compte courant net op 3.000 \u20ac limit\u00e9ieren - EDMO Belux\" \/>\n<meta property=\"og:description\" content=\"D&#039;Europ\u00e4esch Zentralbank (EZB) huet am Juli 2021 eng Phase d&#039;\u00e9tude ageleet, fir bannent 5 Joer en digitalen Euro anzef\u00e9ieren.\" \/>\n<meta property=\"og:url\" content=\"https:\/\/belux.edmo.eu\/lb\/faktencheck-deuropesch-zentralbank-wll-dsuen-um-compte-courant-net-op-3-000-limitieren\/\" \/>\n<meta property=\"og:site_name\" content=\"EDMO Belux\" \/>\n<meta property=\"article:published_time\" content=\"2025-02-02T14:00:24+00:00\" \/>\n<meta property=\"article:modified_time\" content=\"2025-02-11T09:51:20+00:00\" \/>\n<meta property=\"og:image\" content=\"https:\/\/belux-edmo.s3-accelerate.amazonaws.com\/wp-content\/uploads\/2025\/02\/00d8c2b514cc3a46843b3a8af02f0b15.jpeg\" \/>\n\t<meta property=\"og:image:width\" content=\"1080\" \/>\n\t<meta property=\"og:image:height\" content=\"608\" \/>\n\t<meta property=\"og:image:type\" content=\"image\/jpeg\" \/>\n<meta name=\"author\" content=\"master\" \/>\n<meta name=\"twitter:card\" content=\"summary_large_image\" \/>\n<meta name=\"twitter:creator\" content=\"@Edmo_Belux\" \/>\n<meta name=\"twitter:site\" content=\"@Edmo_Belux\" \/>\n<meta name=\"twitter:label1\" content=\"Written by\" \/>\n\t<meta name=\"twitter:data1\" content=\"master\" \/>\n\t<meta name=\"twitter:label2\" content=\"Est. reading time\" \/>\n\t<meta name=\"twitter:data2\" content=\"7 minutes\" \/>\n<script type=\"application\/ld+json\" class=\"yoast-schema-graph\">{\"@context\":\"https:\/\/schema.org\",\"@graph\":[{\"@type\":\"Article\",\"@id\":\"https:\/\/belux.edmo.eu\/lb\/faktencheck-deuropesch-zentralbank-wll-dsuen-um-compte-courant-net-op-3-000-limitieren\/#article\",\"isPartOf\":{\"@id\":\"https:\/\/belux.edmo.eu\/lb\/faktencheck-deuropesch-zentralbank-wll-dsuen-um-compte-courant-net-op-3-000-limitieren\/\"},\"author\":{\"name\":\"master\",\"@id\":\"https:\/\/belux.edmo.eu\/#\/schema\/person\/dbe3b252258537fd318f9b5645a30342\"},\"headline\":\"Faktencheck: D&#8217;Europ\u00e4esch Zentralbank w\u00ebll d&#8217;Suen um Compte courant net op 3.000 \u20ac limit\u00e9ieren\",\"datePublished\":\"2025-02-02T14:00:24+00:00\",\"dateModified\":\"2025-02-11T09:51:20+00:00\",\"mainEntityOfPage\":{\"@id\":\"https:\/\/belux.edmo.eu\/lb\/faktencheck-deuropesch-zentralbank-wll-dsuen-um-compte-courant-net-op-3-000-limitieren\/\"},\"wordCount\":1730,\"publisher\":{\"@id\":\"https:\/\/belux.edmo.eu\/#organization\"},\"image\":{\"@id\":\"https:\/\/belux.edmo.eu\/lb\/faktencheck-deuropesch-zentralbank-wll-dsuen-um-compte-courant-net-op-3-000-limitieren\/#primaryimage\"},\"thumbnailUrl\":\"https:\/\/belux-edmo.s3-accelerate.amazonaws.com\/wp-content\/uploads\/2025\/02\/00d8c2b514cc3a46843b3a8af02f0b15.jpeg\",\"articleSection\":[\"Editor's Choice Slider LU\",\"EU\",\"Fact Check\",\"Gesellschaft\",\"Politik\"],\"inLanguage\":\"lb-LU\"},{\"@type\":\"WebPage\",\"@id\":\"https:\/\/belux.edmo.eu\/lb\/faktencheck-deuropesch-zentralbank-wll-dsuen-um-compte-courant-net-op-3-000-limitieren\/\",\"url\":\"https:\/\/belux.edmo.eu\/lb\/faktencheck-deuropesch-zentralbank-wll-dsuen-um-compte-courant-net-op-3-000-limitieren\/\",\"name\":\"Faktencheck: D'Europ\u00e4esch Zentralbank w\u00ebll d'Suen um Compte courant net op 3.000 \u20ac limit\u00e9ieren - EDMO Belux\",\"isPartOf\":{\"@id\":\"https:\/\/belux.edmo.eu\/#website\"},\"primaryImageOfPage\":{\"@id\":\"https:\/\/belux.edmo.eu\/lb\/faktencheck-deuropesch-zentralbank-wll-dsuen-um-compte-courant-net-op-3-000-limitieren\/#primaryimage\"},\"image\":{\"@id\":\"https:\/\/belux.edmo.eu\/lb\/faktencheck-deuropesch-zentralbank-wll-dsuen-um-compte-courant-net-op-3-000-limitieren\/#primaryimage\"},\"thumbnailUrl\":\"https:\/\/belux-edmo.s3-accelerate.amazonaws.com\/wp-content\/uploads\/2025\/02\/00d8c2b514cc3a46843b3a8af02f0b15.jpeg\",\"datePublished\":\"2025-02-02T14:00:24+00:00\",\"dateModified\":\"2025-02-11T09:51:20+00:00\",\"breadcrumb\":{\"@id\":\"https:\/\/belux.edmo.eu\/lb\/faktencheck-deuropesch-zentralbank-wll-dsuen-um-compte-courant-net-op-3-000-limitieren\/#breadcrumb\"},\"inLanguage\":\"lb-LU\",\"potentialAction\":[{\"@type\":\"ReadAction\",\"target\":[\"https:\/\/belux.edmo.eu\/lb\/faktencheck-deuropesch-zentralbank-wll-dsuen-um-compte-courant-net-op-3-000-limitieren\/\"]}]},{\"@type\":\"ImageObject\",\"inLanguage\":\"lb-LU\",\"@id\":\"https:\/\/belux.edmo.eu\/lb\/faktencheck-deuropesch-zentralbank-wll-dsuen-um-compte-courant-net-op-3-000-limitieren\/#primaryimage\",\"url\":\"https:\/\/belux-edmo.s3-accelerate.amazonaws.com\/wp-content\/uploads\/2025\/02\/00d8c2b514cc3a46843b3a8af02f0b15.jpeg\",\"contentUrl\":\"https:\/\/belux-edmo.s3-accelerate.amazonaws.com\/wp-content\/uploads\/2025\/02\/00d8c2b514cc3a46843b3a8af02f0b15.jpeg\",\"width\":1080,\"height\":608,\"caption\":\"Faktencheck: D'Europ\u00e4esch Zentralbank w\u00ebll d'Suen um Compte courant net op 3.000 \u20ac limit\u00e9ieren - Featured image\"},{\"@type\":\"BreadcrumbList\",\"@id\":\"https:\/\/belux.edmo.eu\/lb\/faktencheck-deuropesch-zentralbank-wll-dsuen-um-compte-courant-net-op-3-000-limitieren\/#breadcrumb\",\"itemListElement\":[{\"@type\":\"ListItem\",\"position\":1,\"name\":\"Home\",\"item\":\"https:\/\/belux.edmo.eu\/lb\/\"},{\"@type\":\"ListItem\",\"position\":2,\"name\":\"Faktencheck: D&#8217;Europ\u00e4esch Zentralbank w\u00ebll d&#8217;Suen um Compte courant net op 3.000 \u20ac limit\u00e9ieren\"}]},{\"@type\":\"WebSite\",\"@id\":\"https:\/\/belux.edmo.eu\/#website\",\"url\":\"https:\/\/belux.edmo.eu\/\",\"name\":\"EDMO Belux\",\"description\":\"Monitoring Disinformation in Belgium and Luxembourg\",\"publisher\":{\"@id\":\"https:\/\/belux.edmo.eu\/#organization\"},\"potentialAction\":[{\"@type\":\"SearchAction\",\"target\":{\"@type\":\"EntryPoint\",\"urlTemplate\":\"https:\/\/belux.edmo.eu\/?s={search_term_string}\"},\"query-input\":{\"@type\":\"PropertyValueSpecification\",\"valueRequired\":true,\"valueName\":\"search_term_string\"}}],\"inLanguage\":\"lb-LU\"},{\"@type\":\"Organization\",\"@id\":\"https:\/\/belux.edmo.eu\/#organization\",\"name\":\"EDMO Belux\",\"url\":\"https:\/\/belux.edmo.eu\/\",\"logo\":{\"@type\":\"ImageObject\",\"inLanguage\":\"lb-LU\",\"@id\":\"https:\/\/belux.edmo.eu\/#\/schema\/logo\/image\/\",\"url\":\"https:\/\/belux.edmo.eu\/wp-content\/uploads\/2021\/12\/belux-logo-full-color-rgb.svg\",\"contentUrl\":\"https:\/\/belux.edmo.eu\/wp-content\/uploads\/2021\/12\/belux-logo-full-color-rgb.svg\",\"width\":1,\"height\":1,\"caption\":\"EDMO Belux\"},\"image\":{\"@id\":\"https:\/\/belux.edmo.eu\/#\/schema\/logo\/image\/\"},\"sameAs\":[\"https:\/\/x.com\/Edmo_Belux\"]},{\"@type\":\"Person\",\"@id\":\"https:\/\/belux.edmo.eu\/#\/schema\/person\/dbe3b252258537fd318f9b5645a30342\",\"name\":\"master\",\"sameAs\":[\"https:\/\/belux.wpengine.com\"],\"url\":\"https:\/\/belux.edmo.eu\/lb\/author\/master\/\"}]}<\/script>\n<!-- \/ Yoast SEO plugin. -->","yoast_head_json":{"title":"Faktencheck: D'Europ\u00e4esch Zentralbank w\u00ebll d'Suen um Compte courant net op 3.000 \u20ac limit\u00e9ieren - EDMO Belux","robots":{"index":"index","follow":"follow","max-snippet":"max-snippet:-1","max-image-preview":"max-image-preview:large","max-video-preview":"max-video-preview:-1"},"canonical":"https:\/\/belux.edmo.eu\/lb\/faktencheck-deuropesch-zentralbank-wll-dsuen-um-compte-courant-net-op-3-000-limitieren\/","og_locale":"en_US","og_type":"article","og_title":"Faktencheck: D'Europ\u00e4esch Zentralbank w\u00ebll d'Suen um Compte courant net op 3.000 \u20ac limit\u00e9ieren - EDMO Belux","og_description":"D'Europ\u00e4esch Zentralbank (EZB) huet am Juli 2021 eng Phase d'\u00e9tude ageleet, fir bannent 5 Joer en digitalen Euro anzef\u00e9ieren.","og_url":"https:\/\/belux.edmo.eu\/lb\/faktencheck-deuropesch-zentralbank-wll-dsuen-um-compte-courant-net-op-3-000-limitieren\/","og_site_name":"EDMO Belux","article_published_time":"2025-02-02T14:00:24+00:00","article_modified_time":"2025-02-11T09:51:20+00:00","og_image":[{"width":1080,"height":608,"url":"https:\/\/belux-edmo.s3-accelerate.amazonaws.com\/wp-content\/uploads\/2025\/02\/00d8c2b514cc3a46843b3a8af02f0b15.jpeg","type":"image\/jpeg"}],"author":"master","twitter_card":"summary_large_image","twitter_creator":"@Edmo_Belux","twitter_site":"@Edmo_Belux","twitter_misc":{"Written by":"master","Est. reading time":"7 minutes"},"schema":{"@context":"https:\/\/schema.org","@graph":[{"@type":"Article","@id":"https:\/\/belux.edmo.eu\/lb\/faktencheck-deuropesch-zentralbank-wll-dsuen-um-compte-courant-net-op-3-000-limitieren\/#article","isPartOf":{"@id":"https:\/\/belux.edmo.eu\/lb\/faktencheck-deuropesch-zentralbank-wll-dsuen-um-compte-courant-net-op-3-000-limitieren\/"},"author":{"name":"master","@id":"https:\/\/belux.edmo.eu\/#\/schema\/person\/dbe3b252258537fd318f9b5645a30342"},"headline":"Faktencheck: D&#8217;Europ\u00e4esch Zentralbank w\u00ebll d&#8217;Suen um Compte courant net op 3.000 \u20ac limit\u00e9ieren","datePublished":"2025-02-02T14:00:24+00:00","dateModified":"2025-02-11T09:51:20+00:00","mainEntityOfPage":{"@id":"https:\/\/belux.edmo.eu\/lb\/faktencheck-deuropesch-zentralbank-wll-dsuen-um-compte-courant-net-op-3-000-limitieren\/"},"wordCount":1730,"publisher":{"@id":"https:\/\/belux.edmo.eu\/#organization"},"image":{"@id":"https:\/\/belux.edmo.eu\/lb\/faktencheck-deuropesch-zentralbank-wll-dsuen-um-compte-courant-net-op-3-000-limitieren\/#primaryimage"},"thumbnailUrl":"https:\/\/belux-edmo.s3-accelerate.amazonaws.com\/wp-content\/uploads\/2025\/02\/00d8c2b514cc3a46843b3a8af02f0b15.jpeg","articleSection":["Editor's Choice Slider LU","EU","Fact Check","Gesellschaft","Politik"],"inLanguage":"lb-LU"},{"@type":"WebPage","@id":"https:\/\/belux.edmo.eu\/lb\/faktencheck-deuropesch-zentralbank-wll-dsuen-um-compte-courant-net-op-3-000-limitieren\/","url":"https:\/\/belux.edmo.eu\/lb\/faktencheck-deuropesch-zentralbank-wll-dsuen-um-compte-courant-net-op-3-000-limitieren\/","name":"Faktencheck: D'Europ\u00e4esch Zentralbank w\u00ebll d'Suen um Compte courant net op 3.000 \u20ac limit\u00e9ieren - EDMO Belux","isPartOf":{"@id":"https:\/\/belux.edmo.eu\/#website"},"primaryImageOfPage":{"@id":"https:\/\/belux.edmo.eu\/lb\/faktencheck-deuropesch-zentralbank-wll-dsuen-um-compte-courant-net-op-3-000-limitieren\/#primaryimage"},"image":{"@id":"https:\/\/belux.edmo.eu\/lb\/faktencheck-deuropesch-zentralbank-wll-dsuen-um-compte-courant-net-op-3-000-limitieren\/#primaryimage"},"thumbnailUrl":"https:\/\/belux-edmo.s3-accelerate.amazonaws.com\/wp-content\/uploads\/2025\/02\/00d8c2b514cc3a46843b3a8af02f0b15.jpeg","datePublished":"2025-02-02T14:00:24+00:00","dateModified":"2025-02-11T09:51:20+00:00","breadcrumb":{"@id":"https:\/\/belux.edmo.eu\/lb\/faktencheck-deuropesch-zentralbank-wll-dsuen-um-compte-courant-net-op-3-000-limitieren\/#breadcrumb"},"inLanguage":"lb-LU","potentialAction":[{"@type":"ReadAction","target":["https:\/\/belux.edmo.eu\/lb\/faktencheck-deuropesch-zentralbank-wll-dsuen-um-compte-courant-net-op-3-000-limitieren\/"]}]},{"@type":"ImageObject","inLanguage":"lb-LU","@id":"https:\/\/belux.edmo.eu\/lb\/faktencheck-deuropesch-zentralbank-wll-dsuen-um-compte-courant-net-op-3-000-limitieren\/#primaryimage","url":"https:\/\/belux-edmo.s3-accelerate.amazonaws.com\/wp-content\/uploads\/2025\/02\/00d8c2b514cc3a46843b3a8af02f0b15.jpeg","contentUrl":"https:\/\/belux-edmo.s3-accelerate.amazonaws.com\/wp-content\/uploads\/2025\/02\/00d8c2b514cc3a46843b3a8af02f0b15.jpeg","width":1080,"height":608,"caption":"Faktencheck: D'Europ\u00e4esch Zentralbank w\u00ebll d'Suen um Compte courant net op 3.000 \u20ac limit\u00e9ieren - Featured image"},{"@type":"BreadcrumbList","@id":"https:\/\/belux.edmo.eu\/lb\/faktencheck-deuropesch-zentralbank-wll-dsuen-um-compte-courant-net-op-3-000-limitieren\/#breadcrumb","itemListElement":[{"@type":"ListItem","position":1,"name":"Home","item":"https:\/\/belux.edmo.eu\/lb\/"},{"@type":"ListItem","position":2,"name":"Faktencheck: D&#8217;Europ\u00e4esch Zentralbank w\u00ebll d&#8217;Suen um Compte courant net op 3.000 \u20ac limit\u00e9ieren"}]},{"@type":"WebSite","@id":"https:\/\/belux.edmo.eu\/#website","url":"https:\/\/belux.edmo.eu\/","name":"EDMO Belux","description":"Monitoring Disinformation in Belgium and Luxembourg","publisher":{"@id":"https:\/\/belux.edmo.eu\/#organization"},"potentialAction":[{"@type":"SearchAction","target":{"@type":"EntryPoint","urlTemplate":"https:\/\/belux.edmo.eu\/?s={search_term_string}"},"query-input":{"@type":"PropertyValueSpecification","valueRequired":true,"valueName":"search_term_string"}}],"inLanguage":"lb-LU"},{"@type":"Organization","@id":"https:\/\/belux.edmo.eu\/#organization","name":"EDMO Belux","url":"https:\/\/belux.edmo.eu\/","logo":{"@type":"ImageObject","inLanguage":"lb-LU","@id":"https:\/\/belux.edmo.eu\/#\/schema\/logo\/image\/","url":"https:\/\/belux.edmo.eu\/wp-content\/uploads\/2021\/12\/belux-logo-full-color-rgb.svg","contentUrl":"https:\/\/belux.edmo.eu\/wp-content\/uploads\/2021\/12\/belux-logo-full-color-rgb.svg","width":1,"height":1,"caption":"EDMO Belux"},"image":{"@id":"https:\/\/belux.edmo.eu\/#\/schema\/logo\/image\/"},"sameAs":["https:\/\/x.com\/Edmo_Belux"]},{"@type":"Person","@id":"https:\/\/belux.edmo.eu\/#\/schema\/person\/dbe3b252258537fd318f9b5645a30342","name":"master","sameAs":["https:\/\/belux.wpengine.com"],"url":"https:\/\/belux.edmo.eu\/lb\/author\/master\/"}]}},"menu_order":0,"_links":{"self":[{"href":"https:\/\/belux.edmo.eu\/lb\/wp-json\/wp\/v2\/posts\/383818","targetHints":{"allow":["GET"]}}],"collection":[{"href":"https:\/\/belux.edmo.eu\/lb\/wp-json\/wp\/v2\/posts"}],"about":[{"href":"https:\/\/belux.edmo.eu\/lb\/wp-json\/wp\/v2\/types\/post"}],"author":[{"embeddable":true,"href":"https:\/\/belux.edmo.eu\/lb\/wp-json\/wp\/v2\/users\/1"}],"replies":[{"embeddable":true,"href":"https:\/\/belux.edmo.eu\/lb\/wp-json\/wp\/v2\/comments?post=383818"}],"version-history":[{"count":0,"href":"https:\/\/belux.edmo.eu\/lb\/wp-json\/wp\/v2\/posts\/383818\/revisions"}],"wp:featuredmedia":[{"embeddable":true,"href":"https:\/\/belux.edmo.eu\/lb\/wp-json\/wp\/v2\/media\/383803"}],"wp:attachment":[{"href":"https:\/\/belux.edmo.eu\/lb\/wp-json\/wp\/v2\/media?parent=383818"}],"wp:term":[{"taxonomy":"category","embeddable":true,"href":"https:\/\/belux.edmo.eu\/lb\/wp-json\/wp\/v2\/categories?post=383818"},{"taxonomy":"post_tag","embeddable":true,"href":"https:\/\/belux.edmo.eu\/lb\/wp-json\/wp\/v2\/tags?post=383818"}],"curies":[{"name":"wp","href":"https:\/\/api.w.org\/{rel}","templated":true}]}}