{"id":384943,"date":"2025-02-08T14:00:44","date_gmt":"2025-02-08T14:00:44","guid":{"rendered":"https:\/\/belux.edmo.eu\/?p=384943"},"modified":"2025-02-11T09:49:09","modified_gmt":"2025-02-11T09:49:09","slug":"fligerkollisioun-zu-washington-rumeuren-iwwer-angeeblech-bedeelegt-transgender-pilotin-net-begrnnt","status":"publish","type":"post","link":"https:\/\/belux.edmo.eu\/lb\/fligerkollisioun-zu-washington-rumeuren-iwwer-angeeblech-bedeelegt-transgender-pilotin-net-begrnnt\/","title":{"rendered":"Fligerkollisioun zu Washington: Rumeuren iwwer angeeblech bedeelegt Transgender-Pilotin net begr\u00ebnnt"},"content":{"rendered":"<article>\n<div>\n<p>Bei enger Kollisioun t\u00ebscht engem Milit\u00e4rhelikopter an engem Fliger iwwer dem Floss Potomoc zu Washington koumen den 29. Januar 67 Leit \u00ebm d&#8217;Liewen.<\/p>\n<\/div>\n<div>\n<p class=\"article-body__summary\">D&#8217;Katastroph, wou d&#8217;Ursaache bis elo nach net eendeiteg gekl\u00e4ert sinn, huet a Sozialen Netzwierker zu Desinformatioune gef\u00e9iert. Internetnotzer ware sech s\u00e9ier s\u00e9cher, dass den Helikopter vun enger Transgender-Fra gesteiert gi war, hunn d\u00e4r hiren Numm genannt a Fotoe publiz\u00e9iert.<\/p>\n<p class=\"article-body__summary\">D&#8217;Zaldotin, d\u00e9i op de Biller ze gesinn ass, huet awer uginn, n\u00e4ischt mat der Kollisioun ze di gehat ze hunn. D&#8217;US-Arm\u00e9i huet d&#8217;Nimm vun de Pilote bekannt ginn, d\u00e9i vun deene kee mat der an de Sozialen Netzwierker gewisener Persoun iwwereneest\u00ebmmt.<\/p>\n<p class=\"article-body__summary\">&#8220;Crash zu Washington: D&#8217;Pilotin vum Black Hawk gouf als Chief Warrant Officer 2 (CW2) Jo Ellis, eng Transgender-Fra, identifiz\u00e9iert. D&#8217;Jo Ellis huet 15 Joer laang an der Nationalgard vu Virginia ged\u00e9ngt an huet hiren Iwwergang zur Fra w\u00e4rend der Z\u00e4it als Pilotin duerchlaf. D&#8217;Jo huet a Sozialen Netzwierker radikal Aussoen iwwer den Trump gemaach&#8221;, vers\u00e9chert e B\u00e4itrag, deen z\u00ebnter dem 31. Januar m\u00e9i w\u00e9i 1.000 Mol op der Plattform X gedeelt gouf, an deem och e puer Fotoe vun enger blonder Fra ze gesi sinn.<\/p>\n<p class=\"article-body__summary\">D\u00e9i selwecht Behaaptunge mat de selwechte Fotoe sinn och op Facebook zirkul\u00e9iert a goufen an englescher Sprooch op <a href=\"https:\/\/mvau.lt\/media\/57f840d3-a658-486f-bf31-de66a7e968f8\" target=\"_blank\" rel=\"noopener\">X<\/a>,\u00a0<a href=\"https:\/\/perma.cc\/2UQA-6BZJ\" target=\"_blank\" rel=\"noopener\">Threads<\/a>, <a href=\"https:\/\/mvau.lt\/media\/1f9bc124-cb94-4eff-92b5-2fe1051de105\" target=\"_blank\" rel=\"noopener\">Facebook<\/a>, <a href=\"https:\/\/perma.cc\/7L97-57WG\" target=\"_blank\" rel=\"noopener\">Instagram<\/a> an <a href=\"https:\/\/perma.cc\/47S6-QJTJ\" target=\"_blank\" rel=\"noopener\">TikTok<\/a> verbreet.<\/p>\n<p><img src=\"https:\/\/belux-edmo.s3-accelerate.amazonaws.com\/wp-content\/uploads\/2025\/02\/a67e80d00e902d9c84c38cad278bcfda.jpeg\" alt=\"RTL\" \/> \u00a9 AFP<\/p>\n<p>Aner Messagen, an deene behaapt gouf, d&#8217;Jo Ellis h\u00e4tt de Fliger gesteiert, waren och op Polnesch am \u00cbmlaf a goufen an der <a href=\"https:\/\/perma.cc\/FG5D-TYBR\" target=\"_blank\" rel=\"noopener\">griichescher Versioun<\/a> vun engem Site mam Numm &#8220;Pravda&#8221; verbreet, e Site, deen zu enger R\u00ebtsch Sitte geh\u00e9iert, d\u00e9i an diverse Sprooche schreiwen a w\u00e9i Noriichteportaler ausgesinn. D\u00ebs Sitte verbreeden awer reegelm\u00e9isseg falsch oder ierf\u00e9ierend Contenuen. D&#8217;AFP huet eng R\u00ebtsch dovu schonn iwwerpr\u00e9ift (<a href=\"..\/..\/storage\/data\/afp\/factcheck_v2\/FR\/doc.afp.com.36EX4CK\" target=\"_blank\" rel=\"noopener\">hei<\/a>, <a href=\"..\/..\/storage\/data\/afp\/factcheck_v2\/FR\/doc.afp.com.34QF66A\" target=\"_blank\" rel=\"noopener\">hei<\/a> oder <a href=\"..\/..\/storage\/data\/afp\/factcheck_v2\/FR\/doc.afp.com.34M98Q8\" target=\"_blank\" rel=\"noopener\">hei<\/a>).<\/p>\n<p>Dem frans\u00e9ischen D\u00e9ngscht <a href=\"https:\/\/perma.cc\/4SU2-SVYF\" target=\"_blank\" rel=\"noopener\">Viginum<\/a> no, dee sech op d&#8217;Noverfollge vun Desinformatiounen an digitaler Am\u00ebschung a Sozialen Netzwierker spezialis\u00e9iert huet, geh\u00e9iert &#8220;pravda.fr&#8221; zu engem &#8220;<a href=\"https:\/\/www.letemps.ch\/monde\/les-autorites-francaises-devoilent-un-vaste-reseau-de-sites-de-propagande-russe-vers-l-europe-et-les-etats-unis?srsltid=AfmBOooNIqoT6K130QZrZwWTOOzNR4cYKs5Pn0spNyQmiWbRW1b10flW\" target=\"_blank\" rel=\"noopener\">struktur\u00e9ierten a koordin\u00e9ierten<\/a>&#8221; Netzwierk vun 193 Internets\u00e4iten (Link <a href=\"https:\/\/perma.cc\/DP69-C9M8\" target=\"_blank\" rel=\"noopener\">hei<\/a> archiv\u00e9iert), d\u00e9i russesch Propaganda verbreeden, d\u00e9i europ\u00e4esch L\u00e4nner an d&#8217;USA als Zil hunn.<\/p>\n<p>D&#8217;Behaaptungen iwwer d\u00e9i angeeblech bedeelegt Pilotin gounge viral, nodeem den 29. Januar en Helikopter an e Fliger iwwer dem Floss Potomac an der Haaptstad vum amerikanesche Bundesstaat Virginia kollid\u00e9iert a 67 M\u00ebnschen \u00ebm d&#8217;Liewe komm waren.<\/p>\n<p>Den Dag virun der Katastroph hat den US-President Donald Trump, Chef vun der Arm\u00e9i, notamment en <a href=\"https:\/\/www.20min.ch\/fr\/story\/etats-unis-donald-trump-va-interdire-l-ideologie-transgenre-dans-l-armee-103268851\" target=\"_blank\" rel=\"noopener\">Dekreet \u00ebnnerschriwwen<\/a>, mat deem Transgender-Persounen aus der Arm\u00e9i ausgeschloss gi sollten (Link <a href=\"https:\/\/perma.cc\/3GT9-7HGB\" target=\"_blank\" rel=\"noopener\">hei<\/a> archiv\u00e9iert).<\/p>\n<p>Den Dag nom Accident huet den Trump s\u00e9ier Programmer, d\u00e9i Diversit\u00e9it an Inclusioun bei der Astellung vu Beamten f\u00ebrdere sollen, <a href=\"https:\/\/www.lefigaro.fr\/international\/crash-aerien-a-washington-donald-trump-met-en-cause-la-diversite-pour-expliquer-la-tragedie-20250130\" target=\"_blank\" rel=\"noopener\">fir d&#8217;Kollisioun verantwortlech gemaach<\/a>. Hien huet sech och iwwer politesch Mesuren opgereegt, d\u00e9i senger Meenung no vun den deemolegen demokratesche Presidenten Joe Biden a Barack Obama agefouert gi waren an d&#8217;Ufuerderungen un d&#8217;Fluchs\u00e9cherheet geschw\u00e4cht h\u00e4tten.<\/p>\n<p><img src=\"https:\/\/belux-edmo.s3-accelerate.amazonaws.com\/wp-content\/uploads\/2025\/02\/a8047f4309da45f455a94cce81d5d078.jpeg\" alt=\"RTL\" \/> \u00a9 AFP<\/p>\n<p>Et gouf och onbegr\u00ebnnt Behaaptungen, dass d&#8217;FAA (Federal Aviation Administration) e puer Deeg virum Trump sengem Retour an d&#8217;W\u00e4isst Haus Uweisunge ginn h\u00e4tt, fir d&#8217;Astelle vu Fluchkontrollere mat schw\u00e9iere Beh\u00ebnnerungen ze favoris\u00e9ieren. W\u00e9i an <a href=\"https:\/\/factcheck.afp.com\/doc.afp.com.36WU6P9\" target=\"_blank\" rel=\"noopener\">d\u00ebsem engleschsproochegen AFP-Faktencheck<\/a> ausf\u00e9ierlech duergeluecht, bestoung d\u00ebs ernimmt Uweisung scho w\u00e4rend senger \u00e9ischter Presidentschaft.<\/p>\n<p>Des Weidere sinn d&#8217;viral Behaaptungen, dass d&#8217;Transgender-Zaldotin Jjo Ellis d&#8217;Pilotin vum Helikopter war, falsch.<\/p>\n<p>En Dementi vum Jo Ellis<\/p>\n<p>Wann een op Facebook no St\u00e9chwierder sicht, f\u00ebnnt een e Kont mam Numm Jo Ellis, op deem d&#8217;Fotoen ze gesi sinn, d\u00e9i an de B\u00e4itr\u00e4g an de Sozialen Netzwierker verbreet goufen, wou vers\u00e9chert gouf, dass si de verongl\u00e9ckten Helikopter geflunn h\u00e4tt.<\/p>\n<p><img src=\"https:\/\/belux-edmo.s3-accelerate.amazonaws.com\/wp-content\/uploads\/2025\/02\/0f73a2beff2e7b0bb237b167c99a53d0.jpeg\" alt=\"RTL\" \/> \u00a9 AFP<\/p>\n<p>Den 31. Januar, zwee Deeg nom d\u00e9idleche Crash, huet d\u00ebse Kont <a href=\"https:\/\/www.facebook.com\/jellis3333\/videos\/1831995904294980\/\" target=\"_blank\" rel=\"noopener\">e Video gedeelt<\/a>, an deem d&#8217;Fra matgedeelt huet, dass si &#8220;um Liewen a bei gudder Gesondheet&#8221; w\u00e4r (Link <a href=\"https:\/\/mvau.lt\/media\/aa6281a5-b200-4641-b7a9-09120e6c934a\" target=\"_blank\" rel=\"noopener\">hei<\/a> archiv\u00e9iert).<\/p>\n<p><img src=\"https:\/\/belux-edmo.s3-accelerate.amazonaws.com\/wp-content\/uploads\/2025\/02\/17e4154cd488919cb016e366f2258669.jpeg\" alt=\"RTL\" \/> \u00a9 AFP<\/p>\n<p>D&#8217;Jo Ellis beschreift sech doran als &#8220;Pilotin vun engem Black Hawk [e Milit\u00e4rhelikopter, Um. v. d. Red.] vun der Nationalgard bei der Arm\u00e9i vu Virginia&#8221; a vers\u00e9chert: &#8220;Ech verstinn, dass e puer Leit m\u00e9cht mam Accident zu Washington DC a Verbindung bruecht hunn, wat awer net st\u00ebmmt&#8221;.<\/p>\n<p>An engem weidere <a href=\"https:\/\/www.facebook.com\/jellis3333\/posts\/9368648743182734\" target=\"_blank\" rel=\"noopener\">Message<\/a>, deen iwwer d\u00ebse Kont verbreet gouf, ginn d\u00ebs Behaaptungen als &#8220;beleidegend&#8221; fir d&#8217;Affer bezeechent an et dozou opgeruff, all d&#8217;Konten, d\u00e9i d\u00ebs falsch Behaaptunge verbreet hunn, ze &#8220;mellen&#8221; (Link <a href=\"https:\/\/mvau.lt\/media\/6d550c57-db7d-4754-abc0-76a421223b16\" target=\"_blank\" rel=\"noopener\">hei<\/a>\u00a0archiv\u00e9iert).<\/p>\n<p><img src=\"https:\/\/belux-edmo.s3-accelerate.amazonaws.com\/wp-content\/uploads\/2025\/02\/cb6fdb84e93bfbd33cef1dbea77d190e.jpeg\" alt=\"RTL\" \/> \u00a9 AFP<\/p>\n<p>Den 28. Januar gouf der Internets\u00e4it Smerconish.com en <a href=\"https:\/\/www.smerconish.com\/exclusive-content\/living-to-serve-living-as-myself-a-transgender-service-members-perspective\/\" target=\"_blank\" rel=\"noopener\">Artikel<\/a> publiz\u00e9iert, an deem d&#8217;Jo Ellis op hir Z\u00e4it als Transgender-Zaldotin an der US-Arm\u00e9i, besonnesch am Irak, zer\u00e9ckgekuckt an d&#8217;Absicht vum neien US-President ugeprangert huet, Transgender-Persounen aus der Arm\u00e9i erauszegeheien (Link <a href=\"https:\/\/perma.cc\/M57K-ASY4\" target=\"_blank\" rel=\"noopener\">hei<\/a> archiv\u00e9iert).<\/p>\n<p>Verschidden engleschsproocheg Konten, d\u00e9i d&#8217;Falschinformatioun fir d&#8217;\u00e9ischt verbreet haten, hunn vum 31. Januar un Noriichte verbreet, an deene si virun der Falschmeldung warnen, w\u00e9i zum Beispill d\u00ebsen <a href=\"https:\/\/mvau.lt\/media\/7392fb2d-e747-4918-a112-670cc633dac2\" target=\"_blank\" rel=\"noopener\">Notzer<\/a>. Den 3. Februar waren awer zeg Dausend gedeelt B\u00e4itrag \u00ebmmer nach op X a Facebook ze fannen.<\/p>\n<p>Dr\u00e4i Zaldoten u Bord vum verongl\u00e9ckten Helikopter<\/p>\n<p>Den 31. Januar huet den amerikanesche Verdeedegungsminist\u00e8re eng \u00e9ischt K\u00e9ier d&#8217;Nimm vun zwee vun den dr\u00e4i Helikopterpilote confirm\u00e9iert, nodeem an den Deeg virdrun eng R\u00ebtsch Informatiounen iwwer hir Identit\u00e9it vu Politiker oder hire Familljen un d&#8217;\u00cbffentlechkeet koumen.<\/p>\n<p>&#8220;Den 28-j\u00e4rege Chef-Sergent Austin O&#8217;Hara vu Lilburn, Georgia, g\u00ebllt bis zu senger Identifiz\u00e9ierung als verstuerwen. D&#8217;stierflech Iwwerreschter vum Chef-Adjutant Klass 2 Andrew Loyd Eaves, 39 Joer, vu Great Mills (Maryland) goufen nach net fonnt. Op Wonsch vun der Famill g\u00ebtt den Numm vum dr\u00ebtten Zaldot bis op Weideres net bekannt ginn. D\u00ebse Pilot ass och DUSTWUN [seng stierflech Iwwerreschter goufen nach net fonnt, Um. v. d. Red.]&#8221;, heescht et am <a href=\"https:\/\/www.army.mil\/article\/282768\/the_department_of_army_identifies_two_of_three_army_soldiers_involved_in_helicopter_crash\" target=\"_blank\" rel=\"noopener\">Communiqu\u00e9<\/a> (Link <a href=\"https:\/\/perma.cc\/A5BB-7PHE\" target=\"_blank\" rel=\"noopener\">hei<\/a> archiv\u00e9iert).<\/p>\n<p>Den 30. Januar hat och de Gouverneur vum Bundesstaat Georgia Brian Kemp op <a href=\"https:\/\/x.com\/GovKemp\/status\/1885050663102517611\" target=\"_blank\" rel=\"noopener\">X<\/a> &#8220;de Familljen a Fr\u00ebnn vum Ryan O&#8217;Hara a Sam Lilley&#8221;, engem Pilot vum American-Airlines-Fliger, s\u00e4i B\u00e4ileed ausgeschwat (Link <a href=\"https:\/\/perma.cc\/EYD8-E4WD\" target=\"_blank\" rel=\"noopener\">hei<\/a> archiv\u00e9iert).<\/p>\n<p><a href=\"https:\/\/www.wlbt.com\/2025\/01\/30\/crew-chief-blackhawk-helicopter-involved-fatal-crash-is-remembered-fondly\/\" target=\"_blank\" rel=\"noopener\">Lokal Medien<\/a> hate festgestallt, dass de Ryan O&#8217;Hara de Chef vun der Besatzung vum UH-60-Helikopter gewiescht war (Link <a href=\"https:\/\/archive.is\/ue2gf\" target=\"_blank\" rel=\"noopener\">hei<\/a> archiv\u00e9iert).<\/p>\n<p>Eng R\u00ebtsch aner amerikanesch Medien, w\u00e9i d&#8217;<a href=\"https:\/\/www.nytimes.com\/2025\/01\/31\/us\/politics\/army-helicopter-crew.html\" target=\"_blank\" rel=\"noopener\">New York Times<\/a>, hate gemellt, dass den dr\u00ebtten Zaldot u Bord vum Helikopter eng Fra war. Dat huet d&#8217;Arm\u00e9i den 1. Februar <a href=\"https:\/\/www.army.mil\/article\/282772\/army_identifies_third_soldier_involved_in_helicopter_crash\" target=\"_blank\" rel=\"noopener\">an engem Communiqu\u00e9 confirm\u00e9iert<\/a>, an deem si &#8220;an Ofst\u00ebmmung mat der Famill&#8221; weider Informatiounen iwwer d&#8217;Zaldotin publiz\u00e9iert huet.<\/p>\n<p>Et handelt sech \u00ebm &#8220;Kapit\u00e4nin Rebecca M. Lobach vun Durham, North Carolina&#8221;, d\u00e9i &#8220;vu Juli 2019 bis Januar 2025 als Loftwaffenoffiz\u00e9ier (15A) an der regul\u00e4rer Arm\u00e9i ged\u00e9ngt huet&#8221; (Link <a href=\"https:\/\/perma.cc\/ST5D-KCNS\" target=\"_blank\" rel=\"noopener\">hei<\/a> archiv\u00e9iert).<\/p>\n<p>Zesumme mat d\u00ebser Noriicht gouf eng Foto vun der Zaldotin versch\u00e9ckt, d\u00e9i eng Fra mat laange brongen Hoer weist.<\/p>\n<p><img src=\"https:\/\/belux-edmo.s3-accelerate.amazonaws.com\/wp-content\/uploads\/2025\/02\/bfa1fadc401747bbca666a52f78c3b37.jpeg\" alt=\"RTL\" \/> \u00a9 AFP<\/p>\n<p>Enqu\u00eat\u00eb lafen nach<\/p>\n<p>D&#8217;Ongl\u00e9ck an der Loft vum 29. Januar, z\u00ebnter 2009 <a href=\"https:\/\/www.journaldemontreal.com\/2025\/01\/30\/les-principaux-accidents-davion-de-lhistoire-recente-des-etats-unis\" target=\"_blank\" rel=\"noopener\">den d\u00e9idlechsten Accident<\/a> an den USA, war geschitt, w\u00e9i sech de Fliger vu Wichita, Kansas, am sp\u00e9iden Owend um Ronald Reagan National Airport lande wollt (Link <a href=\"https:\/\/perma.cc\/U3PA-55Q3\" target=\"_blank\" rel=\"noopener\">hei<\/a> archiv\u00e9iert).<\/p>\n<p>American Airlines huet matgedeelt, dass 60 Passag\u00e9ier a v\u00e9ier Membere vum Equipage u Bord vum Fliger waren. Kee vun de 67 bedeelegte Leit (64 am Fliger an dr\u00e4i Zaldoten am Helikopter) hunn d&#8217;Ongl\u00e9ck den Angabe vun den Autorit\u00e9iten iwwerlieft.<\/p>\n<p>Bis den 2. Februar den Angabe vun de lokalen Autorit\u00e9iten no 55 L\u00e4ichen <a href=\"https:\/\/www.lemonde.fr\/international\/article\/2025\/02\/03\/collision-aerienne-a-washington-55-corps-repeches-du-fleuve-potomac_6528635_3210.html\" target=\"_blank\" rel=\"noopener\">aus dem Potomac gebuerge<\/a> ginn (Link <a href=\"https:\/\/perma.cc\/KN7A-EY76\" target=\"_blank\" rel=\"noopener\">hei<\/a> archiv\u00e9iert).<\/p>\n<p>U Bord vum Fliger ware Sportler an Trainer aus der Elite vum \u00c4iskonschtlafen, dor\u00ebnner d&#8217;eemoleg russesch Weltmeeschter an der Koppel Evgenia Shichkova a Vadim Naumov.<\/p>\n<p>Enqu\u00eate, fir ze erkl\u00e4ren, wat geschitt ass, sinn amgaangen: D&#8217;Amerikanesch Agence fir Verk\u00e9ierss\u00e9cherheet (NTSB), d\u00e9i onofh\u00e4ngeg vun der Regierung aktiv ass, hofft \u00ebnner anerem, bannent 30 Deeg e virleefege Bericht publiz\u00e9ieren ze k\u00ebnnen. D\u00e9i komplett Enqu\u00eate k\u00e9int ee Joer daueren.<\/p>\n<p><img src=\"https:\/\/belux-edmo.s3-accelerate.amazonaws.com\/wp-content\/uploads\/2025\/02\/bb3e85f24cc2bc8da3fcf3c4c2b4aad0.jpeg\" alt=\"RTL\" \/> \u00a9 AFP<\/p>\n<p><em>D\u00ebsen AFP-Artikel gouf vun RTL op L\u00ebtzebuergesch iwwersat.<br \/>\n<\/em><\/p>\n<\/div>\n<\/article>\n","protected":false},"excerpt":{"rendered":"<p>Bei enger Kollisioun t\u00ebscht engem Milit\u00e4rhelikopter an engem Fliger iwwer dem Floss Potomoc zu Washington koumen den 29. Januar 67 Leit \u00ebm d&#8217;Liewen.<\/p>\n","protected":false},"author":1,"featured_media":384903,"comment_status":"closed","ping_status":"closed","sticky":false,"template":"","format":"standard","meta":{"_acf_changed":false,"footnotes":""},"categories":[470,183,193,191],"tags":[],"class_list":{"0":"post-384943","1":"post","2":"type-post","3":"status-publish","4":"format-standard","5":"has-post-thumbnail","7":"category-editors-choice-lu","8":"category-fact-check-lb","9":"category-gesellschaft","10":"category-politik"},"acf":{"show_metatags":true,"id":"2274141","authors":"RTL L\u00ebtzebuerg","organization":"RTL","featured_image_copyright":"","text_copyright":"Copyright RTL \/ CLT-UFA S.A.","source":"https:\/\/www.rtl.lu\/news\/faktencheck\/a\/2274141.html","fact_checker":"https:\/\/belux.wpengine.com\/wp-content\/uploads\/2021\/12\/rtl_logo.png","type":"Closed Event","location":"","start_date":"","start_date_event_begins_at":"","start_date_event_ends_at":"","end_date":"","end_date_event_begins_at":"","end_date_event_ends_at":"","organizer":"","fact_checker_logo_image":false},"yoast_head":"<!-- This site is optimized with the Yoast SEO plugin v27.0 - https:\/\/yoast.com\/product\/yoast-seo-wordpress\/ -->\n<title>Fligerkollisioun zu Washington: Rumeuren iwwer angeeblech bedeelegt Transgender-Pilotin net begr\u00ebnnt - EDMO Belux<\/title>\n<meta name=\"robots\" content=\"index, follow, max-snippet:-1, max-image-preview:large, max-video-preview:-1\" \/>\n<link rel=\"canonical\" href=\"https:\/\/belux.edmo.eu\/lb\/fligerkollisioun-zu-washington-rumeuren-iwwer-angeeblech-bedeelegt-transgender-pilotin-net-begrnnt\/\" \/>\n<meta property=\"og:locale\" content=\"en_US\" \/>\n<meta property=\"og:type\" content=\"article\" \/>\n<meta property=\"og:title\" content=\"Fligerkollisioun zu Washington: Rumeuren iwwer angeeblech bedeelegt Transgender-Pilotin net begr\u00ebnnt - EDMO Belux\" \/>\n<meta property=\"og:description\" content=\"Bei enger Kollisioun t\u00ebscht engem Milit\u00e4rhelikopter an engem Fliger iwwer dem Floss Potomoc zu Washington koumen den 29. Januar 67 Leit \u00ebm d&#039;Liewen.\" \/>\n<meta property=\"og:url\" content=\"https:\/\/belux.edmo.eu\/lb\/fligerkollisioun-zu-washington-rumeuren-iwwer-angeeblech-bedeelegt-transgender-pilotin-net-begrnnt\/\" \/>\n<meta property=\"og:site_name\" content=\"EDMO Belux\" \/>\n<meta property=\"article:published_time\" content=\"2025-02-08T14:00:44+00:00\" \/>\n<meta property=\"article:modified_time\" content=\"2025-02-11T09:49:09+00:00\" \/>\n<meta property=\"og:image\" content=\"https:\/\/belux-edmo.s3-accelerate.amazonaws.com\/wp-content\/uploads\/2025\/02\/7fc53ebb4311159f745b668ed51aa247.jpeg\" \/>\n\t<meta property=\"og:image:width\" content=\"1080\" \/>\n\t<meta property=\"og:image:height\" content=\"608\" \/>\n\t<meta property=\"og:image:type\" content=\"image\/jpeg\" \/>\n<meta name=\"author\" content=\"master\" \/>\n<meta name=\"twitter:card\" content=\"summary_large_image\" \/>\n<meta name=\"twitter:creator\" content=\"@Edmo_Belux\" \/>\n<meta name=\"twitter:site\" content=\"@Edmo_Belux\" \/>\n<meta name=\"twitter:label1\" content=\"Written by\" \/>\n\t<meta name=\"twitter:data1\" content=\"master\" \/>\n\t<meta name=\"twitter:label2\" content=\"Est. reading time\" \/>\n\t<meta name=\"twitter:data2\" content=\"7 minutes\" \/>\n<script type=\"application\/ld+json\" class=\"yoast-schema-graph\">{\"@context\":\"https:\/\/schema.org\",\"@graph\":[{\"@type\":\"Article\",\"@id\":\"https:\/\/belux.edmo.eu\/lb\/fligerkollisioun-zu-washington-rumeuren-iwwer-angeeblech-bedeelegt-transgender-pilotin-net-begrnnt\/#article\",\"isPartOf\":{\"@id\":\"https:\/\/belux.edmo.eu\/lb\/fligerkollisioun-zu-washington-rumeuren-iwwer-angeeblech-bedeelegt-transgender-pilotin-net-begrnnt\/\"},\"author\":{\"name\":\"master\",\"@id\":\"https:\/\/belux.edmo.eu\/#\/schema\/person\/dbe3b252258537fd318f9b5645a30342\"},\"headline\":\"Fligerkollisioun zu Washington: Rumeuren iwwer angeeblech bedeelegt Transgender-Pilotin net begr\u00ebnnt\",\"datePublished\":\"2025-02-08T14:00:44+00:00\",\"dateModified\":\"2025-02-11T09:49:09+00:00\",\"mainEntityOfPage\":{\"@id\":\"https:\/\/belux.edmo.eu\/lb\/fligerkollisioun-zu-washington-rumeuren-iwwer-angeeblech-bedeelegt-transgender-pilotin-net-begrnnt\/\"},\"wordCount\":1405,\"publisher\":{\"@id\":\"https:\/\/belux.edmo.eu\/#organization\"},\"image\":{\"@id\":\"https:\/\/belux.edmo.eu\/lb\/fligerkollisioun-zu-washington-rumeuren-iwwer-angeeblech-bedeelegt-transgender-pilotin-net-begrnnt\/#primaryimage\"},\"thumbnailUrl\":\"https:\/\/belux-edmo.s3-accelerate.amazonaws.com\/wp-content\/uploads\/2025\/02\/7fc53ebb4311159f745b668ed51aa247.jpeg\",\"articleSection\":[\"Editor's Choice Slider LU\",\"Fact Check\",\"Gesellschaft\",\"Politik\"],\"inLanguage\":\"lb-LU\"},{\"@type\":\"WebPage\",\"@id\":\"https:\/\/belux.edmo.eu\/lb\/fligerkollisioun-zu-washington-rumeuren-iwwer-angeeblech-bedeelegt-transgender-pilotin-net-begrnnt\/\",\"url\":\"https:\/\/belux.edmo.eu\/lb\/fligerkollisioun-zu-washington-rumeuren-iwwer-angeeblech-bedeelegt-transgender-pilotin-net-begrnnt\/\",\"name\":\"Fligerkollisioun zu Washington: Rumeuren iwwer angeeblech bedeelegt Transgender-Pilotin net begr\u00ebnnt - EDMO Belux\",\"isPartOf\":{\"@id\":\"https:\/\/belux.edmo.eu\/#website\"},\"primaryImageOfPage\":{\"@id\":\"https:\/\/belux.edmo.eu\/lb\/fligerkollisioun-zu-washington-rumeuren-iwwer-angeeblech-bedeelegt-transgender-pilotin-net-begrnnt\/#primaryimage\"},\"image\":{\"@id\":\"https:\/\/belux.edmo.eu\/lb\/fligerkollisioun-zu-washington-rumeuren-iwwer-angeeblech-bedeelegt-transgender-pilotin-net-begrnnt\/#primaryimage\"},\"thumbnailUrl\":\"https:\/\/belux-edmo.s3-accelerate.amazonaws.com\/wp-content\/uploads\/2025\/02\/7fc53ebb4311159f745b668ed51aa247.jpeg\",\"datePublished\":\"2025-02-08T14:00:44+00:00\",\"dateModified\":\"2025-02-11T09:49:09+00:00\",\"breadcrumb\":{\"@id\":\"https:\/\/belux.edmo.eu\/lb\/fligerkollisioun-zu-washington-rumeuren-iwwer-angeeblech-bedeelegt-transgender-pilotin-net-begrnnt\/#breadcrumb\"},\"inLanguage\":\"lb-LU\",\"potentialAction\":[{\"@type\":\"ReadAction\",\"target\":[\"https:\/\/belux.edmo.eu\/lb\/fligerkollisioun-zu-washington-rumeuren-iwwer-angeeblech-bedeelegt-transgender-pilotin-net-begrnnt\/\"]}]},{\"@type\":\"ImageObject\",\"inLanguage\":\"lb-LU\",\"@id\":\"https:\/\/belux.edmo.eu\/lb\/fligerkollisioun-zu-washington-rumeuren-iwwer-angeeblech-bedeelegt-transgender-pilotin-net-begrnnt\/#primaryimage\",\"url\":\"https:\/\/belux-edmo.s3-accelerate.amazonaws.com\/wp-content\/uploads\/2025\/02\/7fc53ebb4311159f745b668ed51aa247.jpeg\",\"contentUrl\":\"https:\/\/belux-edmo.s3-accelerate.amazonaws.com\/wp-content\/uploads\/2025\/02\/7fc53ebb4311159f745b668ed51aa247.jpeg\",\"width\":1080,\"height\":608,\"caption\":\"Fligerkollisioun zu Washington: Rumeuren iwwer angeeblech bedeelegt Transgender-Pilotin net begr\u00ebnnt - Featured image\"},{\"@type\":\"BreadcrumbList\",\"@id\":\"https:\/\/belux.edmo.eu\/lb\/fligerkollisioun-zu-washington-rumeuren-iwwer-angeeblech-bedeelegt-transgender-pilotin-net-begrnnt\/#breadcrumb\",\"itemListElement\":[{\"@type\":\"ListItem\",\"position\":1,\"name\":\"Home\",\"item\":\"https:\/\/belux.edmo.eu\/lb\/\"},{\"@type\":\"ListItem\",\"position\":2,\"name\":\"Fligerkollisioun zu Washington: Rumeuren iwwer angeeblech bedeelegt Transgender-Pilotin net begr\u00ebnnt\"}]},{\"@type\":\"WebSite\",\"@id\":\"https:\/\/belux.edmo.eu\/#website\",\"url\":\"https:\/\/belux.edmo.eu\/\",\"name\":\"EDMO Belux\",\"description\":\"Monitoring Disinformation in Belgium and Luxembourg\",\"publisher\":{\"@id\":\"https:\/\/belux.edmo.eu\/#organization\"},\"potentialAction\":[{\"@type\":\"SearchAction\",\"target\":{\"@type\":\"EntryPoint\",\"urlTemplate\":\"https:\/\/belux.edmo.eu\/?s={search_term_string}\"},\"query-input\":{\"@type\":\"PropertyValueSpecification\",\"valueRequired\":true,\"valueName\":\"search_term_string\"}}],\"inLanguage\":\"lb-LU\"},{\"@type\":\"Organization\",\"@id\":\"https:\/\/belux.edmo.eu\/#organization\",\"name\":\"EDMO Belux\",\"url\":\"https:\/\/belux.edmo.eu\/\",\"logo\":{\"@type\":\"ImageObject\",\"inLanguage\":\"lb-LU\",\"@id\":\"https:\/\/belux.edmo.eu\/#\/schema\/logo\/image\/\",\"url\":\"https:\/\/belux.edmo.eu\/wp-content\/uploads\/2021\/12\/belux-logo-full-color-rgb.svg\",\"contentUrl\":\"https:\/\/belux.edmo.eu\/wp-content\/uploads\/2021\/12\/belux-logo-full-color-rgb.svg\",\"width\":1,\"height\":1,\"caption\":\"EDMO Belux\"},\"image\":{\"@id\":\"https:\/\/belux.edmo.eu\/#\/schema\/logo\/image\/\"},\"sameAs\":[\"https:\/\/x.com\/Edmo_Belux\"]},{\"@type\":\"Person\",\"@id\":\"https:\/\/belux.edmo.eu\/#\/schema\/person\/dbe3b252258537fd318f9b5645a30342\",\"name\":\"master\",\"sameAs\":[\"https:\/\/belux.wpengine.com\"],\"url\":\"https:\/\/belux.edmo.eu\/lb\/author\/master\/\"}]}<\/script>\n<!-- \/ Yoast SEO plugin. -->","yoast_head_json":{"title":"Fligerkollisioun zu Washington: Rumeuren iwwer angeeblech bedeelegt Transgender-Pilotin net begr\u00ebnnt - EDMO Belux","robots":{"index":"index","follow":"follow","max-snippet":"max-snippet:-1","max-image-preview":"max-image-preview:large","max-video-preview":"max-video-preview:-1"},"canonical":"https:\/\/belux.edmo.eu\/lb\/fligerkollisioun-zu-washington-rumeuren-iwwer-angeeblech-bedeelegt-transgender-pilotin-net-begrnnt\/","og_locale":"en_US","og_type":"article","og_title":"Fligerkollisioun zu Washington: Rumeuren iwwer angeeblech bedeelegt Transgender-Pilotin net begr\u00ebnnt - EDMO Belux","og_description":"Bei enger Kollisioun t\u00ebscht engem Milit\u00e4rhelikopter an engem Fliger iwwer dem Floss Potomoc zu Washington koumen den 29. Januar 67 Leit \u00ebm d'Liewen.","og_url":"https:\/\/belux.edmo.eu\/lb\/fligerkollisioun-zu-washington-rumeuren-iwwer-angeeblech-bedeelegt-transgender-pilotin-net-begrnnt\/","og_site_name":"EDMO Belux","article_published_time":"2025-02-08T14:00:44+00:00","article_modified_time":"2025-02-11T09:49:09+00:00","og_image":[{"width":1080,"height":608,"url":"https:\/\/belux-edmo.s3-accelerate.amazonaws.com\/wp-content\/uploads\/2025\/02\/7fc53ebb4311159f745b668ed51aa247.jpeg","type":"image\/jpeg"}],"author":"master","twitter_card":"summary_large_image","twitter_creator":"@Edmo_Belux","twitter_site":"@Edmo_Belux","twitter_misc":{"Written by":"master","Est. reading time":"7 minutes"},"schema":{"@context":"https:\/\/schema.org","@graph":[{"@type":"Article","@id":"https:\/\/belux.edmo.eu\/lb\/fligerkollisioun-zu-washington-rumeuren-iwwer-angeeblech-bedeelegt-transgender-pilotin-net-begrnnt\/#article","isPartOf":{"@id":"https:\/\/belux.edmo.eu\/lb\/fligerkollisioun-zu-washington-rumeuren-iwwer-angeeblech-bedeelegt-transgender-pilotin-net-begrnnt\/"},"author":{"name":"master","@id":"https:\/\/belux.edmo.eu\/#\/schema\/person\/dbe3b252258537fd318f9b5645a30342"},"headline":"Fligerkollisioun zu Washington: Rumeuren iwwer angeeblech bedeelegt Transgender-Pilotin net begr\u00ebnnt","datePublished":"2025-02-08T14:00:44+00:00","dateModified":"2025-02-11T09:49:09+00:00","mainEntityOfPage":{"@id":"https:\/\/belux.edmo.eu\/lb\/fligerkollisioun-zu-washington-rumeuren-iwwer-angeeblech-bedeelegt-transgender-pilotin-net-begrnnt\/"},"wordCount":1405,"publisher":{"@id":"https:\/\/belux.edmo.eu\/#organization"},"image":{"@id":"https:\/\/belux.edmo.eu\/lb\/fligerkollisioun-zu-washington-rumeuren-iwwer-angeeblech-bedeelegt-transgender-pilotin-net-begrnnt\/#primaryimage"},"thumbnailUrl":"https:\/\/belux-edmo.s3-accelerate.amazonaws.com\/wp-content\/uploads\/2025\/02\/7fc53ebb4311159f745b668ed51aa247.jpeg","articleSection":["Editor's Choice Slider LU","Fact Check","Gesellschaft","Politik"],"inLanguage":"lb-LU"},{"@type":"WebPage","@id":"https:\/\/belux.edmo.eu\/lb\/fligerkollisioun-zu-washington-rumeuren-iwwer-angeeblech-bedeelegt-transgender-pilotin-net-begrnnt\/","url":"https:\/\/belux.edmo.eu\/lb\/fligerkollisioun-zu-washington-rumeuren-iwwer-angeeblech-bedeelegt-transgender-pilotin-net-begrnnt\/","name":"Fligerkollisioun zu Washington: Rumeuren iwwer angeeblech bedeelegt Transgender-Pilotin net begr\u00ebnnt - EDMO Belux","isPartOf":{"@id":"https:\/\/belux.edmo.eu\/#website"},"primaryImageOfPage":{"@id":"https:\/\/belux.edmo.eu\/lb\/fligerkollisioun-zu-washington-rumeuren-iwwer-angeeblech-bedeelegt-transgender-pilotin-net-begrnnt\/#primaryimage"},"image":{"@id":"https:\/\/belux.edmo.eu\/lb\/fligerkollisioun-zu-washington-rumeuren-iwwer-angeeblech-bedeelegt-transgender-pilotin-net-begrnnt\/#primaryimage"},"thumbnailUrl":"https:\/\/belux-edmo.s3-accelerate.amazonaws.com\/wp-content\/uploads\/2025\/02\/7fc53ebb4311159f745b668ed51aa247.jpeg","datePublished":"2025-02-08T14:00:44+00:00","dateModified":"2025-02-11T09:49:09+00:00","breadcrumb":{"@id":"https:\/\/belux.edmo.eu\/lb\/fligerkollisioun-zu-washington-rumeuren-iwwer-angeeblech-bedeelegt-transgender-pilotin-net-begrnnt\/#breadcrumb"},"inLanguage":"lb-LU","potentialAction":[{"@type":"ReadAction","target":["https:\/\/belux.edmo.eu\/lb\/fligerkollisioun-zu-washington-rumeuren-iwwer-angeeblech-bedeelegt-transgender-pilotin-net-begrnnt\/"]}]},{"@type":"ImageObject","inLanguage":"lb-LU","@id":"https:\/\/belux.edmo.eu\/lb\/fligerkollisioun-zu-washington-rumeuren-iwwer-angeeblech-bedeelegt-transgender-pilotin-net-begrnnt\/#primaryimage","url":"https:\/\/belux-edmo.s3-accelerate.amazonaws.com\/wp-content\/uploads\/2025\/02\/7fc53ebb4311159f745b668ed51aa247.jpeg","contentUrl":"https:\/\/belux-edmo.s3-accelerate.amazonaws.com\/wp-content\/uploads\/2025\/02\/7fc53ebb4311159f745b668ed51aa247.jpeg","width":1080,"height":608,"caption":"Fligerkollisioun zu Washington: Rumeuren iwwer angeeblech bedeelegt Transgender-Pilotin net begr\u00ebnnt - Featured image"},{"@type":"BreadcrumbList","@id":"https:\/\/belux.edmo.eu\/lb\/fligerkollisioun-zu-washington-rumeuren-iwwer-angeeblech-bedeelegt-transgender-pilotin-net-begrnnt\/#breadcrumb","itemListElement":[{"@type":"ListItem","position":1,"name":"Home","item":"https:\/\/belux.edmo.eu\/lb\/"},{"@type":"ListItem","position":2,"name":"Fligerkollisioun zu Washington: Rumeuren iwwer angeeblech bedeelegt Transgender-Pilotin net begr\u00ebnnt"}]},{"@type":"WebSite","@id":"https:\/\/belux.edmo.eu\/#website","url":"https:\/\/belux.edmo.eu\/","name":"EDMO Belux","description":"Monitoring Disinformation in Belgium and Luxembourg","publisher":{"@id":"https:\/\/belux.edmo.eu\/#organization"},"potentialAction":[{"@type":"SearchAction","target":{"@type":"EntryPoint","urlTemplate":"https:\/\/belux.edmo.eu\/?s={search_term_string}"},"query-input":{"@type":"PropertyValueSpecification","valueRequired":true,"valueName":"search_term_string"}}],"inLanguage":"lb-LU"},{"@type":"Organization","@id":"https:\/\/belux.edmo.eu\/#organization","name":"EDMO Belux","url":"https:\/\/belux.edmo.eu\/","logo":{"@type":"ImageObject","inLanguage":"lb-LU","@id":"https:\/\/belux.edmo.eu\/#\/schema\/logo\/image\/","url":"https:\/\/belux.edmo.eu\/wp-content\/uploads\/2021\/12\/belux-logo-full-color-rgb.svg","contentUrl":"https:\/\/belux.edmo.eu\/wp-content\/uploads\/2021\/12\/belux-logo-full-color-rgb.svg","width":1,"height":1,"caption":"EDMO Belux"},"image":{"@id":"https:\/\/belux.edmo.eu\/#\/schema\/logo\/image\/"},"sameAs":["https:\/\/x.com\/Edmo_Belux"]},{"@type":"Person","@id":"https:\/\/belux.edmo.eu\/#\/schema\/person\/dbe3b252258537fd318f9b5645a30342","name":"master","sameAs":["https:\/\/belux.wpengine.com"],"url":"https:\/\/belux.edmo.eu\/lb\/author\/master\/"}]}},"menu_order":0,"_links":{"self":[{"href":"https:\/\/belux.edmo.eu\/lb\/wp-json\/wp\/v2\/posts\/384943","targetHints":{"allow":["GET"]}}],"collection":[{"href":"https:\/\/belux.edmo.eu\/lb\/wp-json\/wp\/v2\/posts"}],"about":[{"href":"https:\/\/belux.edmo.eu\/lb\/wp-json\/wp\/v2\/types\/post"}],"author":[{"embeddable":true,"href":"https:\/\/belux.edmo.eu\/lb\/wp-json\/wp\/v2\/users\/1"}],"replies":[{"embeddable":true,"href":"https:\/\/belux.edmo.eu\/lb\/wp-json\/wp\/v2\/comments?post=384943"}],"version-history":[{"count":0,"href":"https:\/\/belux.edmo.eu\/lb\/wp-json\/wp\/v2\/posts\/384943\/revisions"}],"wp:featuredmedia":[{"embeddable":true,"href":"https:\/\/belux.edmo.eu\/lb\/wp-json\/wp\/v2\/media\/384903"}],"wp:attachment":[{"href":"https:\/\/belux.edmo.eu\/lb\/wp-json\/wp\/v2\/media?parent=384943"}],"wp:term":[{"taxonomy":"category","embeddable":true,"href":"https:\/\/belux.edmo.eu\/lb\/wp-json\/wp\/v2\/categories?post=384943"},{"taxonomy":"post_tag","embeddable":true,"href":"https:\/\/belux.edmo.eu\/lb\/wp-json\/wp\/v2\/tags?post=384943"}],"curies":[{"name":"wp","href":"https:\/\/api.w.org\/{rel}","templated":true}]}}