{"id":392081,"date":"2025-03-19T08:00:52","date_gmt":"2025-03-19T08:00:52","guid":{"rendered":"https:\/\/belux.edmo.eu\/?p=392081"},"modified":"2025-03-21T11:21:18","modified_gmt":"2025-03-21T11:21:18","slug":"faktencheck-ditsch-bundestagswalen-hunn-desinformatioun-an-amschungsversich-dresultat-beaflosst","status":"publish","type":"post","link":"https:\/\/belux.edmo.eu\/lb\/faktencheck-ditsch-bundestagswalen-hunn-desinformatioun-an-amschungsversich-dresultat-beaflosst\/","title":{"rendered":"Faktencheck: D\u00e4itsch Bundestagswalen: Hunn Desinformatioun an Am\u00ebschungsversich d&#8217;Resultat beaflosst?"},"content":{"rendered":"<article>\n<div>\n<p>Den 23. Februar haten d&#8217;d\u00e4itsch Wieler d&#8217;Gelee\u00ebnheet, en neie Bundestag ze wielen. Dat an enger Situatioun, an d\u00e4r sech d&#8217;Land z\u00ebnter enger R\u00ebtsch M\u00e9int mat Versich vun externer Aflossnam an Am\u00ebschung konfront\u00e9iert gesinn huet. D\u00ebs Initiativen, d\u00e9i dorop ofgeziilt hunn, d&#8217;politesch Debatt an D\u00e4itschland ze beaflossen, hate sech munchmol ganz d\u00e4itlech a Form vun oppener \u00cbnnerst\u00ebtzung fir politesch Iddien oder Parteie manifest\u00e9iert.<\/p>\n<\/div>\n<div>\n<p>Se sinn awer och a m\u00e9i diskreete Formen opgetrueden, besonnesch a Form vun \u00e9ischter verstoppten Desinformatiounscampagnen am Internet. Am d\u00e4itschen digitale Raum goufen ierf\u00e9ierend Publikatioune ver\u00ebffentlecht, heiansdo mat Asaz vu K\u00ebnschtlecher Intelligenz (KI). W\u00e4rend d\u00e9i konkreet Strategien, fir d&#8217;Walresultater an D\u00e4itschland beaflossen ze w\u00ebllen, am Virfeld vun de Wale schw\u00e9ier ofzesch\u00e4tze waren, stoung scho virdru fest, dass d&#8217;Resultater vun de Wale fir den 21. Bundestag am Ausland genee observ\u00e9iert g\u00e9ife ginn. Net zulescht w\u00e9inst der zentraler Lag vum Land an Europa a senger pr\u00e4gender politescher Roll an der Europ\u00e4escher Unioun.<\/p>\n<p>Den 23. Februar 2025 ware <a href=\"https:\/\/www.rtbf.be\/article\/crise-politique-en-allemagne-les-elections-legislatives-anticipees-auront-lieu-le-23-fevrier-11462272\" target=\"_blank\" rel=\"noopener\">bal 60 Milliounen d\u00e4itsch Wieler a Wielerinnen opgeruff<\/a>, fir wielen ze goen a 630 Deput\u00e9iert fir den neie Bundestag ze best\u00ebmmen. Den amt\u00e9ierende Bundeskanzler, de Sozialdemokrat Olaf Scholz (SPD), hat sech an de Woche virum Walgang bem\u00e9it, de grousse Virsprong vum chr\u00ebschtdemokratesche Kandidat Friedrich Merz (CDU), ze verr\u00e9ngeren. Trotzdeem konnte sech d&#8217;Sozialdemokraten der zweeter Plaz net s\u00e9cher sinn an hu sech souguer e Kapp-u-Kapp-Renne mat de Gr\u00e9ngen \u00ebm d\u00e9i dr\u00ebtt Plaz geliwwert.<\/p>\n<p>D'&#8221;Alternative f\u00fcr Deutschland&#8221;, <a href=\"https:\/\/www.rtbf.be\/article\/allemagne-que-se-cache-t-il-derriere-le-parti-d-extreme-droite-afd-soutenu-par-elon-musk-11487471\" target=\"_blank\" rel=\"noopener\">d\u00e9i ganz um rietse Bord vum d\u00e4itsche politesche Spektrum ze fannen ass<\/a>, hat b\u00e9id Regierungsparteien iwwerholl a louch an de M\u00e9int virum Urnegang an de Sondagen op der zweeter Plaz.<\/p>\n<p>D&#8217;Partei, d\u00e9i z\u00ebnter 2022 vun de Co-Cheffen <a href=\"https:\/\/www.rtbf.be\/article\/alice-weidel-visage-de-l-extreme-droite-allemande-chanceliere-en-2029-11502189\" target=\"_blank\" rel=\"noopener\">Alice Weidel<\/a> an dem Tino Chrupalla gef\u00e9iert g\u00ebtt, hat am ale Bundestag 76 Deput\u00e9iert. Nom 23. Februar konnt si hire Contingent erhieflech vergr\u00e9isseren. D&#8217;Partei, d\u00e9i 2021 op 10,3 Prozent vun de St\u00ebmme komm war, <a href=\"https:\/\/legrandcontinent.eu\/fr\/2025\/01\/13\/elections-allemandes-lafd-sapproche-de-son-pic-historique-dans-les-sondages\/\" target=\"_blank\" rel=\"noopener\">huet virun de Wale mat den 20 Prozent geflirt<\/a> a sollt d\u00ebs och kr\u00e9ien. D\u00ebs Entw\u00e9cklung huet sech staark op d&#8217;Zesummesetzung vum neie Parlament an op d&#8217;Verhandlungen iwwer eng nei Majorit\u00e9it ausgewierkt.<\/p>\n<p>De Schl\u00ebssel fir d\u00ebse Walerfolleg vun der AfD l\u00e4it op den \u00e9ischte Bl\u00e9ck an de Mechanisme vun der d\u00e4itscher Innepolitik, besonnesch am Zesummebroch vun der Regierungskoalitioun oder am <a href=\"https:\/\/www.rtbf.be\/article\/allemagne-ou-s-arretera-la-montee-de-l-afd-l-extreme-droite-allemande-11428415\" target=\"_blank\" rel=\"noopener\">weiderhi bestoende Gruef t\u00ebscht dem eemolegen Ost- a Westd\u00e4itschland<\/a>. Awer och de Virsprong vun der rietsextreemer Partei g\u00e9intiwwer hire Konkurrenten a Bezuch op hir digital Strategie an den Intressi vu Pers\u00e9inlechkeeten an Aflossgruppe baussent D\u00e4itschland, dierften dorun net ganz onsch\u00eblleg sinn.<\/p>\n<p>Nodeem d\u00e9i zweet Ronn vun de Presidentschaftswalen a Rum\u00e4nien opgrond vu der iwwerraschender Victoire vum rietsextreeme Kandidat Calin Georgescu <a href=\"https:\/\/www.rtbf.be\/article\/roumanie-comment-le-candidat-d-extreme-droite-calin-georgescu-s-est-servi-de-tiktok-pour-creer-la-surprise-11469754\" target=\"_blank\" rel=\"noopener\">w\u00e9inst Cybermanipulatiounen an angeeblecher russescher Am\u00ebschung<\/a> ofgesot gi waren, louch am Virfeld d&#8217;Fro am Raum, ob d&#8217;Resultater vun den d\u00e4itsche Walen och vun Desinformatiounscampagnen an Am\u00ebschungsversich beaflosst g\u00e9ifen.<\/p>\n<p class=\"article-subtitle\">&#8220;Doppelg\u00e4nger&#8221; a &#8220;Prawda&#8221;: Russesch Versich, &#8220;den \u00ebffentlechen Debat ze beaflossen&#8221;<\/p>\n<p>Am Februar 2022 goufen an D\u00e4itschland <a href=\"https:\/\/www.rtbf.be\/dossier\/guerre-en-ukraine\" target=\"_blank\" rel=\"noopener\">am Zesummenhang mam Krich an der Ukrain<\/a> russesch Desinformatiounscampagnen identifiz\u00e9iert, mat deene versicht gi war, &#8220;den \u00ebffentlechen Debat ze beaflossen&#8221;.<\/p>\n<p><a href=\"https:\/\/www.rtbf.be\/article\/guerre-en-ukraine-la-france-visee-par-doppelganger-une-operation-de-desinformation-russe-de-grande-ampleur-11213594\" target=\"_blank\" rel=\"noopener\">D&#8217;Operatioun &#8220;Doppelg\u00e4nger&#8221;<\/a> hat fir d&#8217;\u00e9ischt e puer europ\u00e4esch L\u00e4nner betraff. Se hat sech virun allem a Form vu gef\u00e4lschten Online-Artikele vu renomm\u00e9ierten Noriichtes\u00e4ite manifest\u00e9iert. D&#8217;Logoen an de Corporate Design vun d\u00ebse Medie goufen imit\u00e9iert, fir kremlfr\u00ebndlech Narrativer ze f\u00ebrderen, w\u00e4rend Russland an d&#8217;Ukrain amarsch\u00e9iert war an d\u00ebs vun der Europ\u00e4escher Unioun \u00ebnnerst\u00ebtzt gouf a g\u00ebtt.<\/p>\n<p>D&#8217;Operatioun &#8220;Doppelg\u00e4nger&#8221; krut en d\u00e4itschen Numm, <a href=\"https:\/\/www.disinfo.eu\/doppelganger-operation\/\" target=\"_blank\" rel=\"noopener\">well d&#8217;ONG EU Disinfo Lab erausfonnt huet, dass se an D\u00e4itschland hiren Ufank geholl hat<\/a>, wou gef\u00e4lscht Artikele vun &#8220;Der Spiegel&#8221;, &#8220;Bild&#8221;, &#8220;Die Welt&#8221; a &#8220;S\u00fcddeutsche Zeitung&#8221; am Internet ver\u00ebffentlecht an iwwer Sozial Netzwierker verbreet goufen. W\u00e9i d&#8217;Kolleege vum <a href=\"https:\/\/www.br.de\/nachrichten\/deutschland-welt\/ki-generiert-und-gesteuert-prorussische-kampagnen-vor-der-wahl,UdAclTZ\" target=\"_blank\" rel=\"noopener\">d\u00e4itsche Medium &#8220;BR24&#8221;<\/a> mellen, ass d&#8217;Operatioun op der Plattform X nach \u00ebmmer aktiv, besonnesch mam Zil, d\u00e9i Gr\u00e9ng, d&#8217;CDU, awer och den nach amt\u00e9ierende Kanzler Olaf Scholz (SPD) ze diskredit\u00e9ieren a gl\u00e4ichz\u00e4iteg d&#8217;Messag\u00eb vun der AfD ze \u00ebnnerst\u00ebtzen. Alles dat geschitt virum Hannergrond vu Ressentimenter g\u00e9intiwwer der aler Bundesregierung an der \u00cbnnerst\u00ebtzung vun D\u00e4itschland fir d&#8217;Ukrain.<\/p>\n<p>D&#8217;Kolleege vu &#8220;BR24&#8221; hunn der RTBF matgedeelt, dass d&#8217;d\u00e4itsch Denkfabrick &#8220;<a href=\"https:\/\/cemas.io\/\" target=\"_blank\" rel=\"noopener\">Center f\u00fcr Analyse, Monitoring und Strategie<\/a>&#8221; (CeMAS) t\u00ebscht dem 27. Dezember 2024 an dem 2. Februar 2025 eng Hausse u Messag\u00eb vun der Doppelg\u00e4nger-Campagne festgestallt huet, d\u00e9i de Sp\u00ebtzekandidat Friedrich Merz (CDU) vis\u00e9iert haten.<\/p>\n<p>Parallel dozou hunn och S\u00e4ite mat ganz \u00ebnnerschiddleche Quelle russlandfr\u00ebndlech Contenuen an Desinformatioun mat der <a href=\"https:\/\/edmo.eu\/publications\/russian-disinformation-network-pravda-grew-bigger-in-the-eu-even-after-its-uncovering\/\" target=\"_blank\" rel=\"noopener\">Campagne &#8220;Prawda&#8221;<\/a> (russesch fir &#8220;Wourecht&#8221;) verbreet. D&#8217;Aktioun hat am Abr\u00ebll 2024, e puer Woche virun den Europawalen, bis zu 19 EU-Memberl\u00e4nner vis\u00e9iert. D&#8217;Campagne war och Deel vun engem m\u00e9i grousse prorussesche Propagandanetzwierk mam Numm &#8220;Portal Kombat&#8221;, dat sech op d\u00e9i offensiv Informatiounsstrategie bezitt, d\u00e9i z\u00ebnter Februar 2022 leeft a vun den Acteuren, d\u00e9i d\u00ebs digital Portaler verwalten, lanc\u00e9iert gouf.<\/p>\n<p>Dem am Februar 2024 ver\u00ebffentlechte\u00a0<a href=\"https:\/\/www.sgdsn.gouv.fr\/files\/files\/20240212_NP_SGDSN_VIGINUM_PORTAL-KOMBAT-NETWORK_ENG_VF.pdf\" target=\"_blank\" rel=\"noopener\">Rapport vun der frans\u00e9ischer Agence Viginum<\/a> no sch\u00e9ngt &#8220;d&#8217;Haaptzil doran ze bestoen, iwwer de russesch-ukrainesche Konflikt ze berichten, andeem &#8216;d&#8217;milit\u00e4resch Spezialoperatioun&#8217; positiv duergestallt an d&#8217;Ukrain an hir F\u00e9ierung erofgemaach ginn&#8221;, awer och &#8220;eng R\u00ebtsch westlech L\u00e4nner, d\u00e9i d&#8217;Ukrain an hir Bev\u00eblkerung \u00ebnnerst\u00ebtzen&#8221;, an d&#8217;Vis\u00e9ier ze huelen.<\/p>\n<p>Zwar huet d\u00ebs russesch Desinformatiounscampagne t\u00ebscht Februar 2023 a Mee 2024 zougeholl, d&#8217;<a href=\"https:\/\/edmo.eu\/publications\/russian-disinformation-network-pravda-grew-bigger-in-the-eu-even-after-its-uncovering\/\" target=\"_blank\" rel=\"noopener\">Faktencheck-Netzwierk EDMO (European Digital Media Observatory), dat d&#8217;russesch Desinformatiounscampagne analys\u00e9iert huet<\/a>, weist awer dorop hin, dass &#8220;trotz der w\u00e4iter Verbreedung vum Netzwierk an dem h\u00e9ije Volume vun de Publikatiounen, d&#8217;Wierkung vun de Prawda-Internets\u00e4iten zimmlech niddreg war&#8221;. Et k\u00e9int sinn, dass d\u00ebs \u00e9ischt Operatioun eng Zort Resilienztest fir d&#8217;lokal an europ\u00e4esch Autorit\u00e9ite war.<\/p>\n<p>Well d&#8217;Geschicht h\u00e4lt hei net op. E puer M\u00e9int m\u00e9i sp\u00e9it, <a href=\"https:\/\/www.rtbf.be\/article\/crise-politique-en-allemagne-les-elections-legislatives-anticipees-auront-lieu-le-23-fevrier-11462272\" target=\"_blank\" rel=\"noopener\">nodeem d&#8217;d\u00e4itsch Koalitioun aus Sozialdemokraten, Gr\u00e9ngen a Liberalen an d&#8217;Br\u00e9ch gaange war<\/a> a virgezunn Neiwalen ugek\u00ebnnegt goufen, hu sech weider Desinformatiounscampagnen aus dem Ausland op en Neits op D\u00e4itschland konzentr\u00e9iert.<\/p>\n<p class=\"article-subtitle\">&#8220;Storm-1516&#8221;, eng Desinformatiounscampagne, d\u00e9i no der Chute vun der d\u00e4itscher Regierung gestart gouf<\/p>\n<p>Den <a href=\"https:\/\/correctiv.org\/en\/fact-checking-en\/2025\/01\/24\/disinformation-operation-russian-meddling-in-german-election-campaign-exposed\/\" target=\"_blank\" rel=\"noopener\">d\u00e4itsche Faktencheck-Medium &#8220;Correctiv&#8221;<\/a> huet opgedeckt, dass eng russesch Desinformatiounscampagne am d\u00e4itschen digitale Raum oper\u00e9iert an z\u00ebnter November 2024 ronn 100 gef\u00e4lscht Internets\u00e4iten erstallt hat, fir de Walkampf ze beaflossen. De Codenumm war &#8220;Storm-1516&#8221;.<\/p>\n<p>A m\u00e9i F\u00e4ll hu sech d\u00ebs <a href=\"https:\/\/www.rtbf.be\/article\/clonage-de-voix-par-intelligence-artificielle-devrez-vous-bientot-vous-mefier-de-la-voix-de-vos-proches-au-telephone-11368560\" target=\"_blank\" rel=\"noopener\">Desinformatiounen a Form vun Deepfakes oder duerch aner Techniken<\/a>, bei deene K\u00ebnschtlech Intelligenz agesat gouf, manifest\u00e9iert. Heiansdo war et och offensichtlech, dass ChatGPT oder automatis\u00e9iert Iwwersetzungen an den Asaz koumen.<\/p>\n<p>An engem gef\u00e4lschten Artikel an engem gef\u00e4lschte Video gouf beispillsweis de <a href=\"https:\/\/correctiv.org\/faktencheck\/2024\/12\/13\/gezielte-kampagne-robert-habeck-sollte-mit-falschbehauptung-diffamiert-werden\/\" target=\"_blank\" rel=\"noopener\">Kandidat vun de Gr\u00e9ngen, de Robert Habeck, besch\u00ebllegt, viru ville Joren eng jonk Fra m\u00ebssbraucht ze hunn<\/a>. An anere\u00a0<a href=\"https:\/\/www.newsguardtech.com\/special-reports\/german-elections-misinformation-tracking-center\/\" target=\"_blank\" rel=\"noopener\">Behaaptungen, d\u00e9i vun d\u00ebser Online-Desinformatiounscampagne diffus\u00e9iert goufen<\/a>, gouf ouni Beweiser verbreet, dass:<\/p>\n<ul>\n<li>d&#8217;d\u00e4itsch Ausseministesch Annalena Baerbock op hire Reesen an Afrika d&#8217;D\u00e9ngschter vun engem Gigolo an Usproch geholl h\u00e4tt;<\/li>\n<li>de Marcus Faber, de Chef vun der d\u00e4itscher Verdeedegungskommissioun am Bundestag, e russeschen Agent wier;<\/li>\n<li>d&#8217;d\u00e4itsch Arm\u00e9i plange g\u00e9if, 500.000 Leit fir eng Operatioun an Europa ze mobilis\u00e9ieren;<\/li>\n<li>D\u00e4itschland e Migratiounsofkommes \u00ebnnerschriwwen h\u00e4tt, fir 1,9 Millioune Kenianer an D\u00e4itschland opzehuelen.<\/li>\n<\/ul>\n<p>Der Leonie Pfaller no, d\u00e9i fir &#8220;NewsGuard&#8221; un d\u00ebsem Bericht geschafft huet a vu &#8220;BR24&#8221; befrot gouf, huet d\u00ebs Campagne d&#8217;Potenzial, vill m\u00e9i Leit ze erreechen, well vill vun den URLen, d\u00e9i vun hirer Ekipp identifiz\u00e9iert goufen, nach net aktiv sinn.<\/p>\n<p class=\"article-subtitle\">John Mark Dougan: E Mann, dee scho bei de Presidentschaftswalen an den USA aktiv war<\/p>\n<p>&#8220;Correctiv&#8221; no sch\u00e9ngt et, dass d\u00ebs Campagne mat der bekannter russescher Internetrechercheagence IRA a Verbindung steet. Awer och mat engem fr\u00e9ieren amerikanesche Polizist, dee <a href=\"https:\/\/www.washingtonpost.com\/world\/2024\/10\/23\/dougan-russian-disinformation-harris\/\" target=\"_blank\" rel=\"noopener\">vum russesche Milit\u00e4rgeheimd\u00e9ngscht (GRU) bezuelt<\/a> g\u00ebtt: John Mark Dougan, e Mann, deen Observateure vun Desinformatioune wuelbekannt ass.<\/p>\n<p>D\u00ebse fr\u00e9iere stellvertriedende Sheriff vun der Stad Palm Beach a Florida ass 2016 a Russland gefl\u00fccht. Hie g\u00ebtt vu &#8220;<a href=\"https:\/\/www.nbcnews.com\/specials\/russian-disinformation-2024-election-storm-1516\/index.html\" target=\"_blank\" rel=\"noopener\">France24<\/a>&#8221; als &#8220;\u00e9ischten amerikaneschen &#8216;Troll&#8217; am D\u00e9ngscht vum Wladimir Putin&#8221; bezeechent. Hie gouf mam Ufank vum Krich an der Ukrain am Joer 2022 bekannt, w\u00e9i hie Russland verdeedegt huet, dat an d&#8217;Ukrain amarsch\u00e9iert war, an <a href=\"https:\/\/factuel.afp.com\/doc.afp.com.324D7H7\" target=\"_blank\" rel=\"noopener\">ouni Beweiser behaapt<\/a> huet, d&#8217;USA h\u00e4tten do &#8220;Laboratoire fir d&#8217;Hierstellung vu biologesche Waffen&#8221; install\u00e9iert.<\/p>\n<p>De Grond, firwat hie m\u00e9i Opmierksamkeet erreegt, war awer virun allem, well den Dougan schonn am leschte Presidentschaftswalkampf an den USA involv\u00e9iert war. De\u00a0<a href=\"https:\/\/www.newsguardtech.com\/special-reports\/john-mark-dougan-russian-disinformation-network\/\" target=\"_blank\" rel=\"noopener\">Startup fir Anti-Desinformatioun mam Numm &#8220;NewsGuard&#8221;<\/a> huet festgestallt, dass den <a href=\"https:\/\/www.newsguardtech.com\/special-reports\/john-mark-dougan-russian-disinformation-network\/\" target=\"_blank\" rel=\"noopener\">Dougan hannert dem Erstelle vu gef\u00e4lschten Internets\u00e4iten a Videoe st\u00e9cht<\/a>, fir d&#8217;Ukrain ze diskredit\u00e9ieren a <a href=\"https:\/\/www.rtbf.be\/dossier\/election-presidentielle-americaine-2024\" target=\"_blank\" rel=\"noopener\">russlandfr\u00ebndlech Desinformatioun un d&#8217;amerikanesch \u00cbffentlechkeet ze br\u00e9ngen<\/a>, d\u00e9i t\u00ebscht der Demokratin Kamala Harris an deem vun de Republikaner \u00ebnnerst\u00ebtzten Donald Trump ze wielen haten.<\/p>\n<p>De Mann huet fir seng Strategie KI agesat an eng R\u00ebtsch Falschmeldunge produz\u00e9iert, zum Beispill, dass d&#8217;<a href=\"https:\/\/www.bbc.com\/news\/articles\/cy4ye15le8xo\" target=\"_blank\" rel=\"noopener\">Kamala Harris an eng Farerflucht verw\u00e9ckelt gewiescht w\u00e4r<\/a>, nodeem si en 13 Joer aalt Meedchen ugestouss hat.<\/p>\n<p>No den US-amerikaneschen hat den Dougan och d&#8217;d\u00e4itsch Walen am Februar 2025 am Vis\u00e9ier.<\/p>\n<p>Den 23. Januar 2025 huet &#8220;NewsGuard&#8221; iwwer d\u00e9i <a href=\"https:\/\/www.newsguardtech.com\/fr\/special-reports\/propagandiste-kremlin-john-mark-dougan-election-allemande\/#pll_switcher\" target=\"_blank\" rel=\"noopener\">aktuell Ziler an Zilsetzunge vun der Operatioun &#8220;Storm-1516&#8221; bericht<\/a>: F\u00ebrderung vu &#8220;populisteschen an euroskepteschen Usiichten duerch d&#8217;Ver\u00ebffentlechung vu Contenuen, d\u00e9i d&#8217;Partei &#8216;Alternative f\u00fcr Deutschland&#8217; (AfD) \u00ebnnerst\u00ebtzen, d\u00e9i fir hir nationalistesch an EU-kritesch Positioune bekannt ass. Gl\u00e4ichz\u00e4iteg huet d&#8217;Netzwierk et reegelm\u00e9isseg op traditionell Parteie w\u00e9i &#8220;die Gr\u00fcnen&#8221; ofgesinn, deenen hir Positioune fir d&#8217;Energieonofh\u00e4ngegkeet vu Russland a fir d&#8217;\u00cbnnerst\u00ebtzung vun der Ukrain an der NATO g\u00e9int d&#8217;Interesse vu Moskau ginn.&#8221;<\/p>\n<p class=\"article-subtitle\">Elon Musk: Eng staark \u00cbnnerst\u00ebtzung fir d&#8217;Alice Weidel?<\/p>\n<p>Den John Mark Dougan ass net den eenzegen ausl\u00e4nneschen Acteur, dee versicht huet, d&#8217;Resultat vun den d\u00e4itsche Bundestagswalen ze beaflossen.\u00a0Den Elon Musk g\u00ebtt vum Ausland vill m\u00e9i wouergeholl.<\/p>\n<p>Den amerikanesche Milliard\u00e4r hat <a href=\"https:\/\/www.rtbf.be\/article\/c-est-ok-d-etre-fier-d-etre-allemand-elon-musk-apporte-son-soutien-au-parti-d-extreme-droite-afd-lors-d-un-meeting-electoral-en-allemagne-11494934\" target=\"_blank\" rel=\"noopener\">de 25. Januar eng Videokonferenz mat der rietsextreemer AfD, fir si bei de Walen ze \u00ebnnerst\u00ebtzen<\/a>. D\u00ebs Interventioun koum net iwwerraschend, well de Musk, nodeem hie sech intensiv an de Walkampf vum Donald Trump agem\u00ebscht hat, <a href=\"https:\/\/www.rtbf.be\/article\/emoi-en-allemagne-apres-un-soutien-appuye-de-musk-a-l-extreme-droite-11480763\" target=\"_blank\" rel=\"noopener\">d&#8217;d\u00e4itsch Partei e puer mol \u00ebffentlech a B\u00e4itr\u00e4g a sengem Sozialen Netzwierk X \u00ebnnerst\u00ebtzt<\/a> hat.<\/p>\n<ul>\n<li>Leschte Summer hat hien am Virfeld vun de Regionalwalen an der eemoleger DDR, wou d&#8217;Rietsextreem historesch h\u00e9ich Zoust\u00ebmmung kruten, d&#8217;Usiicht vertrueden, dass hien d&#8217;Positioune vun der AfD net als &#8220;rietsextreem&#8221; empfanne g\u00e9if.<\/li>\n<li>Den 1. Oktober 2024 hat hien <a href=\"https:\/\/www.dw.com\/en\/fact-check-do-musk-and-weidels-claims-hold-up\/a-71260584\" target=\"_blank\" rel=\"noopener\">en \u00ebffentlecht &#8220;Live&#8221;-Gespr\u00e9ich mat der Alice Weidel<\/a>, der Co-Cheffin vun der AfD, vun iwwer enger Stonn op senger Plattform.<\/li>\n<li>Den 8. November hat hien den Olaf Scholz am Kader vum Auserneebrieche vun der Regierungskoalitioun als &#8220;verr\u00e9ckt&#8221; bezeechent.<\/li>\n<li>Am Dezember 2024 hat hien en Tweet ofgesat, an deem hie festgehalen hat: &#8220;Just d&#8217;AfD kann D\u00e4itschland retten.&#8221; <a href=\"https:\/\/perma.cc\/3YCK-W4KU\" target=\"_blank\" rel=\"noopener\">E Slogan, deen de Musk den 9. Januar 2025 widderholl hat<\/a>.<\/li>\n<\/ul>\n<p>D\u00e9i d\u00e4itsch Inneministesch <a href=\"https:\/\/www.sueddeutsche.de\/politik\/musk-afd-faeser-li.3180199?reduced=true\" target=\"_blank\" rel=\"noopener\">Nancy Faeser hat an der Am\u00ebschung vum Elon Musk an de Walkampf en Ugr\u00ebff op d&#8217;Demokratie gesinn<\/a>. Mee och wann d\u00ebs oppen \u00cbnnerst\u00ebtzung vum Milliard\u00e4r fir d&#8217;AfD hefteg Reaktiounen ervirgeruff huet &#8211; och vum Bundeskanzler\u00a0<a href=\"https:\/\/www.euractiv.com\/section\/politics\/news\/germanys-scholz-slams-musks-disgusting-interventions-in-german-politics\/\" target=\"_blank\" rel=\"noopener\">Scholz, deen him virgeheit huet, d&#8217;extreem Riets ze \u00ebnnerst\u00ebtzen &#8211; <\/a>ass se net illegal.<\/p>\n<p>Et handelt sech \u00ebm eng Form vu versichter Am\u00ebschung vun engem m\u00e4chtegen Acteur, awer ofgesinn dovun, dass een <a href=\"https:\/\/www.dw.com\/en\/as-musk-pushes-afd-german-officials-consider-ditching-x\/a-71257278\" target=\"_blank\" rel=\"noopener\">e Boykott oder e Verbuet vu senger Plattform X op d\u00e4itschem Buedem a Betruecht zitt<\/a>, loossen d&#8217;Meenungsfr\u00e4iheet an d&#8217;Spill vun der Demokratie esou Stellungnamen zou.<\/p>\n<p>An trotzdeem huet X de 7. Februar eng juristesch N\u00e9ierlag virun engem d\u00e4itsche Geriicht agestach. D&#8217;Geriicht huet decid\u00e9iert, dass d&#8217;Plattform virun de Wale vum 23. Februar Fuerscher direkten Acc\u00e8s zu Donn\u00e9e\u00ebn iwwer politesch motiv\u00e9iert Contenue muss ginn.<\/p>\n<p>Zwee d\u00e4itsch Verb\u00e4nn hate geklot an d&#8217;soziaalt Netzwierk besch\u00ebllegt, d&#8217;Bem\u00e9iungen, eng Analys vu m\u00e9igleche Walinterferenzen duerchzef\u00e9ieren, block\u00e9iert ze hunn, andeems et hinne keen Zougang zu Donn\u00e9e\u00ebn iwwer den Engagement fir Contenue &#8211; dozou geh\u00e9ieren och Likes, Shares a Visibilit\u00e9itsmesuren &#8211; ginn huet. Aner Plattformen hate Fuerscher d\u00ebs Informatiounen zur Verf\u00fcgung gestallt, besonnesch <a href=\"https:\/\/commission.europa.eu\/strategy-and-policy\/priorities-2019-2024\/europe-fit-digital-age\/digital-services-act_fr\" target=\"_blank\" rel=\"noopener\">am Kader vum DSA, dem &#8220;Digital Services Act&#8221;, dee vun der Europ\u00e4escher Unioun fir d&#8217;Bek\u00e4mpfe vun Online-Desinformatioun agefouert gouf<\/a>.<\/p>\n<p>D&#8217;Landgeriicht Berlin hat en Faveur vun de Kl\u00e4ger entscheet an eng Injonction urgente ausgesprach, d\u00e9i X dozou verflicht huet, de Fuerscher bis de 25. Februar iwwer s\u00e4in Online-Interface en Echtz\u00e4itzougang zu den ugefuerderten Donn\u00e9e\u00ebn ze ginn. Am Urteel gouf X ausserdeem dozou verurteelt, d&#8217;Geriichtsk\u00e4schten ze iwwerhuelen, an et krut eng Amende de proc\u00e9dure vu 6.000 Euro. Eng Entscheedung, d\u00e9i vun X kontest\u00e9iert gouf. D&#8217;Entreprise huet <a href=\"https:\/\/perma.cc\/J4SP-TY4G\" target=\"_blank\" rel=\"noopener\">er\u00e9ischt 11 Deeg duerno reag\u00e9iert<\/a> an erkl\u00e4ert, dass et sech \u00ebm eng Entscheedung handele g\u00e9if, d\u00e9i &#8220;fundamental a (s\u00e4i) Grondrecht agr\u00e4ift&#8221; an &#8220;d&#8217;Rechter op Privatsph\u00e4r a fr\u00e4i Meenungs\u00e4usserung (vu sengen) Notzer menac\u00e9iert&#8221;.<\/p>\n<p>Ausserdeem geet aus engem <a href=\"https:\/\/www.canva.com\/design\/DAGesRcirKQ\/4-mOPKQEfWtozFtO_jUKRQ\/view?utlId=hf4ffcdb6cd#29\" target=\"_blank\" rel=\"noopener\">Rapport vum &#8220;Centre for AI and Digital Humanism&#8221;<\/a> ervir, dass d&#8217;B\u00e4itr\u00e4g vun der AfD am Elon Musk sengem Netzwierk am Verglach zu den anere Parteien onverh\u00e4ltnesm\u00e9isseg vill Opmierksamkeet kruten, wat virun allem op Bots zer\u00e9ckzef\u00e9ieren ass, d\u00e9i d&#8217;B\u00e4itr\u00e4g amplifi\u00e9ieren. D\u00ebs Virgoensweis soll an der Diskussioun t\u00ebscht Musk a Weidel op der Plattform am Oktober 2024 beschwat gi sinn.<\/p>\n<p class=\"article-subtitle\">Gefor vun Am\u00ebschung g\u00ebtt vun Autorit\u00e9iten eescht geholl<\/p>\n<p>Den d\u00e4itschen Noriichtend\u00e9ngschter war et net m\u00e9iglech, op d\u00ebs Gefore vun Am\u00ebschung op d\u00e9i d\u00e4itsch Bundestagswalen anzewierken. Wou si h\u00e4tte versiche k\u00ebnnen, eppes ze \u00ebnnerhuelen, ass de Kampf g\u00e9int FIMI (&#8220;Foreign Information Manipulation and Interference&#8221;, Um. v. d. Red.). Dat si Versich vun Am\u00ebschung mat illegale M\u00ebttelen.<\/p>\n<p>Am Oktober zejoert hat den d\u00e4itschen Inlandsgeheimd\u00e9ngscht, d&#8217;Bundesamt fir Verfassungsschutz, virun engem Zouhuele vu vu Russland gesponserte Spionage- a Sabotageaktioune gewarnt. Den 29. November 2024 huet en en <a href=\"https:\/\/www.reuters.com\/world\/europe\/german-task-force-tackle-foreign-meddling-before-election-2024-11-29\/\" target=\"_blank\" rel=\"noopener\">Aarbechtsgrupp agesat, fir all Versuch vun engem ausl\u00e4nnesche Staat, d&#8217;n\u00e4chst Bundestagswalen ze beaflossen, ze verh\u00ebnneren<\/a>.<\/p>\n<p>Fuerscher waren och besuergt iwwer d\u00e9i m\u00e9iglech Auswierkunge vun Hackeroperatiounen an Desinformatiounscampagnen, d\u00e9i dorop ofgeziilt haten, &#8220;d&#8217;\u00ebffentlech Meenung ze beaflossen&#8221; oder &#8220;d&#8217;Land ze spl\u00e9cken&#8221;. D&#8217;Presidentin vum d\u00e4itsche Bundesamt f\u00fcr Cybersichterheit (BSI), d&#8217;<a href=\"https:\/\/www.dw.com\/en\/from-ai-fakes-to-cyberattacks-threats-to-german-elections\/a-70972702\" target=\"_blank\" rel=\"noopener\">Claudia Plattner, hat de 6. Dezember 2024 virun der Press dorun er\u00ebnnert<\/a>, dass &#8220;et Kr\u00e4fte bannen a bausse vun D\u00e4itschland g\u00ebtt, d\u00e9i en Intressi dorun hunn, de Walprozess ze attack\u00e9ieren an d&#8217;demokratesch Uerdnung ze st\u00e9ieren.&#8221;<\/p>\n<p class=\"article-subtitle\">Eng Partei, d\u00e9i bei hirer F\u00e4egkeet, d&#8217;Debatt am Internet ze beaflossen, e Virsprong huet<\/p>\n<p>D\u00e9i gr\u00e9isst Gefor am Ber\u00e4ich Desinformatioun k\u00e9int awer vu banne kommen.<\/p>\n<p>D&#8217;intern Risiken, d\u00e9i vun den Autorit\u00e9iten identifiz\u00e9iert goufen, betreffe besonnesch d&#8217;Strategien, d\u00e9i vun den als &#8220;antidemokratesch&#8221; identifiz\u00e9ierte Parteien \u00ebmgesat ginn, an hir F\u00e4egkeeten, hir Narrativer an de Sozialen Netzwierker ze verst\u00e4erken oder ierf\u00e9ierend Contenuen duerch den Asaz vu K\u00ebnschtlecher Intelligenz ze verbreeden.<\/p>\n<p>Tats\u00e4chlech erm\u00e9iglechen \u00ebmmer m\u00e9i sophistiqu\u00e9iert a gl\u00e4ichz\u00e4iteg m\u00e9i liicht zoug\u00e4nglech Techniken d&#8217;Schafen an d&#8217;Verbreede vun &#8220;alternative Realit\u00e9iten&#8221;. D&#8217;KI ass am Laf vun hirer Entw\u00e9cklung <a href=\"https:\/\/www.rtbf.be\/article\/l-ia-nouvelle-arme-de-manipulation-sur-le-front-de-la-desinformation-11501704\" target=\"_blank\" rel=\"noopener\">zu enger neier Erausfuerderung am Kampf g\u00e9int Desinformatioun ginn<\/a>.<\/p>\n<p>Am Januar vun d\u00ebsem Joer, w\u00e9i Kalifornien vun heftege B\u00ebschbr\u00e4nn heemgesicht gouf, gouf a <a href=\"https:\/\/www.corriere.it\/dataroom-milena-gabanelli\/fake-news-germania-sotto-attacco-ecco-da-dove-arriva-l-ondata-di-disinformazione\/98c5f6e1-f790-45de-b125-fb241ed00xlk.shtml?refresh_ce\" target=\"_blank\" rel=\"noopener\">Videoen op TikTok behaapt<\/a>, dass dem Olaf Scholz seng 90 Milliounen deier Villa, d\u00e9i hien angeeblech zu Hollywood h\u00e4tt, ofgebrannt w\u00e4r, genee w\u00e9i d&#8217;Villa vun der Co-Presidentin vu &#8220;B\u00fcndnis 90 \/ Die Gr\u00fcnen&#8221; Franziska Brantner.<\/p>\n<p>An d\u00ebsem Zesummenhang sot d&#8217;Katja Munoz, Fuerscherin am &#8220;Zentrum f\u00fcr Geopolitik, Geo\u00f6konomie und Technologie&#8221; vum d\u00e4itsche Think Tank fir ausw\u00e4erteg Bez\u00e9iunge mat S\u00ebtz zu Berlin, de 6. Dezember g\u00e9intiwwer der &#8220;<a href=\"https:\/\/www.dw.com\/en\/from-ai-fakes-to-cyberattacks-threats-to-german-elections\/a-70972702\" target=\"_blank\" rel=\"noopener\">Deutschen Welle<\/a>&#8220;, dass keng Partei eng m\u00e9i grouss, &#8220;digital Infrastruktur&#8221; opgebaut h\u00e4tt w\u00e9i d&#8217;AfD, fir hir Narrativer am Internet ze promouv\u00e9ieren.<\/p>\n<p class=\"article-subtitle\">E Video a KI-gener\u00e9iert Influenceren als \u00cbnnerst\u00ebtzung fir d&#8217;AfD<\/p>\n<p>Als siichtbaart Zeeche vun d\u00ebser Strategie huet den AfD-Landesverband vu Brandenburg ugangs Februar 2025 e KI-gener\u00e9ierte Walkampfvideo an den Internet gestallt, an deem Politiker vun anere Parteien ze gesi waren.<\/p>\n<p>An d\u00ebser Sequenz, d\u00e9i \u00ebnner anerem op Instagram verbreet gouf, begi schwaarz M\u00e4nner Iwwerf\u00e4ll a verkafen Drogen. Zerst\u00e9iert Eolienn\u00eb leien um Buedem. De Video weist och zwee Bundesministeren, d\u00e9i mat KI dragesat goufen. De Karl Lauterbach (SPD) g\u00ebtt vu Polizisten an Handschelle ofgef\u00e9iert, w\u00e4rend de Robert Habeck (Die Gr\u00fcnen) als Drecksm\u00e4nnche schafft.<\/p>\n<p class=\"article-subtitle\">KI erm\u00e9iglecht eng &#8220;Emotionalis\u00e9ierung&#8221; vum politeschen Debat<\/p>\n<p>Och wann d&#8217;Manipulatioun trotz der feelender Kennzeechnung, dass hei mat KI geschafft gouf, kloer erkennbar ass, ass evident, dass d&#8217;AfD bewosst op &#8220;Emotionalis\u00e9ierung&#8221; setzt.<\/p>\n<p>Experten, d\u00e9i <a href=\"https:\/\/www.br.de\/nachrichten\/netzwelt\/faktenfuchs-was-steckt-hinter-dem-ki-wahlkampfvideo-der-afd,Uc7jZKZ\" target=\"_blank\" rel=\"noopener\">vun der Faktencheck-Ekipp vum &#8220;Bayrischen Rundfunk&#8221; befrot<\/a> goufen, hu virun de laangfristegen Auswierkunge vun esou Contenue gewarnt, well se bestoend politesch Iwwerzeegunge verst\u00e4erken an zu der sozialer Polaris\u00e9ierung b\u00e4idroe k\u00ebnnen.<\/p>\n<p>E <a href=\"https:\/\/www.br.de\/nachrichten\/netzwelt\/bundestagswahl-2025-wie-ki-generierte-influencerinnen-wahlkampf-fuer-die-afd-machen,UbkfUgp\" target=\"_blank\" rel=\"noopener\">weidert Beispill fir den Asaz vu KI<\/a> ass d&#8217;Kreatioun vu falschen AfD-fr\u00ebndlechen Influenceren.<\/p>\n<p>Zwar gouf d\u00ebse Phenomeen scho m\u00e9i fr\u00e9i observ\u00e9iert, virun allem a Frankr\u00e4ich, w\u00e9i <a href=\"https:\/\/www.rtbf.be\/article\/amandine-le-pen-le-deepfake-cree-pour-soutenir-l-extreme-droite-francaise-sur-tiktok-11357445\" target=\"_blank\" rel=\"noopener\">op TikTok eng nei (komplett erstallt) weiblech Figur aus der Le Pen-Famill opgedaucht<\/a> war, mee d&#8217;Ausmooss vun d\u00ebsem Virgoen am Kader vun enger Walcampagne hat vill Froen opgeworf, besonnesch w\u00e9inst de F\u00e4egkeete vu KI, Contenuen \u00ebmmer m\u00e9i realistesch ze gestalten.<\/p>\n<p>Ass d&#8217;AfD awer d\u00e9i eenzeg Partei, d\u00e9i KI fir d&#8217;Produktioun vun Online-Contenu agesat huet? &#8220;Souw\u00e4it mir w\u00ebssen, hat keng aner politesch Partei an D\u00e4itschland KI op d\u00ebs Man\u00e9ier fir hire Walkampf agesat. Et gouf awer Eenzelf\u00e4ll. Zum Beispill hat de sozialdemokrateschen Deput\u00e9ierte Bengt Bergt am November zejoert en Deepfake, deen de Friedrich Merz duergestallt huet, gedeelt. Dat hat zu grousser Roserei bei de Politiker gef\u00e9iert, \u00ebnner anerem och bei Membere vu senger eegener Partei. De Bergt hat sech schlussendlech beim Merz entsch\u00ebllegt an de Video gel\u00e4scht&#8221;, sot d&#8217;Jana Heigl, op Faktenchecke spezialis\u00e9iert Journalistin fir d&#8217;Rubrik &#8220;Faktenfuchs&#8221; vum &#8220;Bayrischen Rundfunk&#8221;.<\/p>\n<p class=\"article-subtitle\">Walen, d\u00e9i w\u00e4it iwwer d&#8217;d\u00e4itsch Grenzen ewech observ\u00e9iert goufen<\/p>\n<p>Den Afloss vun Desinformatiounscampagnen an Interventioune vu baussen op d&#8217;Walverhale vun den D\u00e4itschen ass nach \u00ebmmer schw\u00e9ier ze moossen.<\/p>\n<p>D&#8217;Jana Heigl huet betount, dass et keng Et\u00fcde g\u00ebtt, d\u00e9i en direkten Zesummenhang t\u00ebscht d\u00ebse Strategien an der Intentioun beim Vott hierstellen. An awer f\u00e4lt hirer Meenung no een Element op: &#8220;Et ass ze bemierken, dass all d&#8217;Institutiounen an Experten (Inneminist\u00e8re, Ausseminist\u00e8re, Bundesverfassungsschutz, NewsGuard an CeMAS), d\u00e9i vu menger Ekipp befrot goufen, sech haapts\u00e4chlech op prorussesch Campagn\u00eb konzentr\u00e9iert hunn, w\u00e9i se op d&#8217;Fro vun der Am\u00ebschung an d&#8217;d\u00e4itsch Walen ugeschwat goufen&#8221;, wouduerch d&#8217;Roll vum Elon Musk a seng erkl\u00e4ert \u00cbnnerst\u00ebtzung fir d&#8217;AfD an den Hannergrond gedr\u00e9ckt gouf.<\/p>\n<p>Mee ofgesi vun den Afloss-Strategien an der digitaler Am\u00ebschung waren d&#8217;Wale vum 23. Februar eng wichteg politesch Z\u00e4sur fir D\u00e4itschland.<\/p>\n<p>D&#8217;gemeinsam Ofst\u00ebmmung vun CDU\/CSU an AfD iwwer d&#8217;Migratiounspolitik war en Tabubroch an huet d&#8217;Brandmauer zum Fale bruecht. Duerch d\u00ebs Brandmauer waren rietsextreem Parteien z\u00ebnter dem Zweete Weltkrich vum parlamentaresche Spill isol\u00e9iert ginn.<\/p>\n<p>En &#8220;<a href=\"https:\/\/www.rtbf.be\/article\/allemagne-droite-et-extreme-droite-adoptent-ensemble-un-texte-anti-immigration-olaf-scholz-parle-d-erreur-impardonnable-11496614\" target=\"_blank\" rel=\"noopener\">onverzeileche Feeler<\/a>&#8221; fir de Bundeskanzler Olaf Scholz, deen an d\u00ebser Allianz e grav\u00e9ierend ideologescht Verr\u00e9ckele gesinn huet. Op der Strooss hate sech Bierger mobilis\u00e9iert: Den 8. Februar hate sech <a href=\"https:\/\/www.rtbf.be\/article\/la-democratie-a-besoin-de-toi-plus-de-200-000-personnes-manifestent-a-munich-contre-l-extreme-droite-11501150\" target=\"_blank\" rel=\"noopener\">m\u00e9i w\u00e9i eng V\u00e9ierelsmillioun Demonstranten zu M\u00fcnchen versammelt<\/a> an d&#8217;Normalis\u00e9ierung vun der AfD denonc\u00e9iert.<\/p>\n<p>Mee trotz d\u00ebsen Demonstratiounen haten d&#8217;\u00cbmfroen eng St\u00e4erkung vun der rietsextreemer Partei virausgesot. Si sollt den 23. Februar och hiert bescht Resultat afueren. Bei Wale koum et deemno net zu engem Duerchbroch fir d&#8217;politesch M\u00ebtt oder zu Widderstand g\u00e9int d&#8217;AfD, mee de Walausgang gouf iwwer d&#8217;d\u00e4itsch Grenzen ewech mat Argusaen observ\u00e9iert.<\/p>\n<p>Fir Europa, d&#8217;westlech Demokratien an d&#8217;Observateure vun Desinformatioun war den 23. Februar s\u00e9cherlech e Meilesteen, dee souwuel d&#8217;Schw\u00e4che vum System w\u00e9i och seng Widderstandsf\u00e4egkeet g\u00e9intiwwer Am\u00ebschungen opgewisen huet.<\/p>\n<p><em>D\u00ebse Faktencheck vun der RTBF gouf vun RTL op L\u00ebtzebuergesch iwwersat.<\/em><\/p>\n<\/div>\n<\/article>\n","protected":false},"excerpt":{"rendered":"<p>Den 23. Februar haten d&#8217;d\u00e4itsch Wieler d&#8217;Gelee\u00ebnheet, en neie Bundestag ze wielen. Dat an enger Situatioun, an d\u00e4r sech d&#8217;Land z\u00ebnter enger R\u00ebtsch M\u00e9int mat Versich vun externer Aflossnam an Am\u00ebschung konfront\u00e9iert gesinn huet. D\u00ebs Initiativen, d\u00e9i dorop ofgeziilt hunn, d&#8217;politesch Debatt an D\u00e4itschland ze beaflossen, hate sech munchmol ganz d\u00e4itlech a Form vun oppener \u00cbnnerst\u00ebtzung fir politesch Iddien oder Parteie manifest\u00e9iert.<\/p>\n","protected":false},"author":1,"featured_media":392076,"comment_status":"closed","ping_status":"closed","sticky":false,"template":"","format":"standard","meta":{"_acf_changed":false,"footnotes":""},"categories":[470,191,181],"tags":[511],"class_list":{"0":"post-392081","1":"post","2":"type-post","3":"status-publish","4":"format-standard","5":"has-post-thumbnail","7":"category-editors-choice-lu","8":"category-politik","9":"category-uncategorized-lb","10":"tag-focus-lb"},"acf":{"show_metatags":true,"id":"2285195","authors":"RTL L\u00ebtzebuerg","organization":"RTL","featured_image_copyright":"\u00a9 AFP \/ Ralf Hirschberger","text_copyright":"Copyright RTL \/ CLT-UFA S.A.","source":"https:\/\/www.rtl.lu\/news\/faktencheck\/a\/2285195.html","fact_checker":"https:\/\/belux.wpengine.com\/wp-content\/uploads\/2021\/12\/afp_logo.png","share_this_post_to_edmo_website":false,"affiliation":"ADMO","type":"Closed Event","location":"","start_date":"","start_date_event_begins_at":"","start_date_event_ends_at":"","end_date":"","end_date_event_begins_at":"","end_date_event_ends_at":"","organizer":"","fact_checker_logo_image":false},"yoast_head":"<!-- This site is optimized with the Yoast SEO plugin v27.0 - https:\/\/yoast.com\/product\/yoast-seo-wordpress\/ -->\n<title>Faktencheck: D\u00e4itsch Bundestagswalen: Hunn Desinformatioun an Am\u00ebschungsversich d&#039;Resultat beaflosst? - EDMO Belux<\/title>\n<meta name=\"robots\" content=\"index, follow, max-snippet:-1, max-image-preview:large, max-video-preview:-1\" \/>\n<link rel=\"canonical\" href=\"https:\/\/belux.edmo.eu\/lb\/faktencheck-ditsch-bundestagswalen-hunn-desinformatioun-an-amschungsversich-dresultat-beaflosst\/\" \/>\n<meta property=\"og:locale\" content=\"en_US\" \/>\n<meta property=\"og:type\" content=\"article\" \/>\n<meta property=\"og:title\" content=\"Faktencheck: D\u00e4itsch Bundestagswalen: Hunn Desinformatioun an Am\u00ebschungsversich d&#039;Resultat beaflosst? - EDMO Belux\" \/>\n<meta property=\"og:description\" content=\"Den 23. Februar haten d&#039;d\u00e4itsch Wieler d&#039;Gelee\u00ebnheet, en neie Bundestag ze wielen. Dat an enger Situatioun, an d\u00e4r sech d&#039;Land z\u00ebnter enger R\u00ebtsch M\u00e9int mat Versich vun externer Aflossnam an Am\u00ebschung konfront\u00e9iert gesinn huet. D\u00ebs Initiativen, d\u00e9i dorop ofgeziilt hunn, d&#039;politesch Debatt an D\u00e4itschland ze beaflossen, hate sech munchmol ganz d\u00e4itlech a Form vun oppener \u00cbnnerst\u00ebtzung fir politesch Iddien oder Parteie manifest\u00e9iert.\" \/>\n<meta property=\"og:url\" content=\"https:\/\/belux.edmo.eu\/lb\/faktencheck-ditsch-bundestagswalen-hunn-desinformatioun-an-amschungsversich-dresultat-beaflosst\/\" \/>\n<meta property=\"og:site_name\" content=\"EDMO Belux\" \/>\n<meta property=\"article:published_time\" content=\"2025-03-19T08:00:52+00:00\" \/>\n<meta property=\"article:modified_time\" content=\"2025-03-21T11:21:18+00:00\" \/>\n<meta property=\"og:image\" content=\"https:\/\/belux-edmo.s3-accelerate.amazonaws.com\/wp-content\/uploads\/2025\/03\/314f493e8913d0a0286db36321c0caa1.jpeg\" \/>\n\t<meta property=\"og:image:width\" content=\"1024\" \/>\n\t<meta property=\"og:image:height\" content=\"576\" \/>\n\t<meta property=\"og:image:type\" content=\"image\/jpeg\" \/>\n<meta name=\"author\" content=\"master\" \/>\n<meta name=\"twitter:card\" content=\"summary_large_image\" \/>\n<meta name=\"twitter:creator\" content=\"@Edmo_Belux\" \/>\n<meta name=\"twitter:site\" content=\"@Edmo_Belux\" \/>\n<meta name=\"twitter:label1\" content=\"Written by\" \/>\n\t<meta name=\"twitter:data1\" content=\"master\" \/>\n\t<meta name=\"twitter:label2\" content=\"Est. reading time\" \/>\n\t<meta name=\"twitter:data2\" content=\"14 minutes\" \/>\n<script type=\"application\/ld+json\" class=\"yoast-schema-graph\">{\"@context\":\"https:\/\/schema.org\",\"@graph\":[{\"@type\":\"Article\",\"@id\":\"https:\/\/belux.edmo.eu\/lb\/faktencheck-ditsch-bundestagswalen-hunn-desinformatioun-an-amschungsversich-dresultat-beaflosst\/#article\",\"isPartOf\":{\"@id\":\"https:\/\/belux.edmo.eu\/lb\/faktencheck-ditsch-bundestagswalen-hunn-desinformatioun-an-amschungsversich-dresultat-beaflosst\/\"},\"author\":{\"name\":\"master\",\"@id\":\"https:\/\/belux.edmo.eu\/#\/schema\/person\/dbe3b252258537fd318f9b5645a30342\"},\"headline\":\"Faktencheck: D\u00e4itsch Bundestagswalen: Hunn Desinformatioun an Am\u00ebschungsversich d&#8217;Resultat beaflosst?\",\"datePublished\":\"2025-03-19T08:00:52+00:00\",\"dateModified\":\"2025-03-21T11:21:18+00:00\",\"mainEntityOfPage\":{\"@id\":\"https:\/\/belux.edmo.eu\/lb\/faktencheck-ditsch-bundestagswalen-hunn-desinformatioun-an-amschungsversich-dresultat-beaflosst\/\"},\"wordCount\":3603,\"publisher\":{\"@id\":\"https:\/\/belux.edmo.eu\/#organization\"},\"image\":{\"@id\":\"https:\/\/belux.edmo.eu\/lb\/faktencheck-ditsch-bundestagswalen-hunn-desinformatioun-an-amschungsversich-dresultat-beaflosst\/#primaryimage\"},\"thumbnailUrl\":\"https:\/\/belux-edmo.s3-accelerate.amazonaws.com\/wp-content\/uploads\/2025\/03\/314f493e8913d0a0286db36321c0caa1.jpeg\",\"keywords\":[\"FOCUS\"],\"articleSection\":[\"Editor's Choice Slider LU\",\"Politik\",\"Uncategorized @lb\"],\"inLanguage\":\"lb-LU\"},{\"@type\":\"WebPage\",\"@id\":\"https:\/\/belux.edmo.eu\/lb\/faktencheck-ditsch-bundestagswalen-hunn-desinformatioun-an-amschungsversich-dresultat-beaflosst\/\",\"url\":\"https:\/\/belux.edmo.eu\/lb\/faktencheck-ditsch-bundestagswalen-hunn-desinformatioun-an-amschungsversich-dresultat-beaflosst\/\",\"name\":\"Faktencheck: D\u00e4itsch Bundestagswalen: Hunn Desinformatioun an Am\u00ebschungsversich d'Resultat beaflosst? - EDMO Belux\",\"isPartOf\":{\"@id\":\"https:\/\/belux.edmo.eu\/#website\"},\"primaryImageOfPage\":{\"@id\":\"https:\/\/belux.edmo.eu\/lb\/faktencheck-ditsch-bundestagswalen-hunn-desinformatioun-an-amschungsversich-dresultat-beaflosst\/#primaryimage\"},\"image\":{\"@id\":\"https:\/\/belux.edmo.eu\/lb\/faktencheck-ditsch-bundestagswalen-hunn-desinformatioun-an-amschungsversich-dresultat-beaflosst\/#primaryimage\"},\"thumbnailUrl\":\"https:\/\/belux-edmo.s3-accelerate.amazonaws.com\/wp-content\/uploads\/2025\/03\/314f493e8913d0a0286db36321c0caa1.jpeg\",\"datePublished\":\"2025-03-19T08:00:52+00:00\",\"dateModified\":\"2025-03-21T11:21:18+00:00\",\"breadcrumb\":{\"@id\":\"https:\/\/belux.edmo.eu\/lb\/faktencheck-ditsch-bundestagswalen-hunn-desinformatioun-an-amschungsversich-dresultat-beaflosst\/#breadcrumb\"},\"inLanguage\":\"lb-LU\",\"potentialAction\":[{\"@type\":\"ReadAction\",\"target\":[\"https:\/\/belux.edmo.eu\/lb\/faktencheck-ditsch-bundestagswalen-hunn-desinformatioun-an-amschungsversich-dresultat-beaflosst\/\"]}]},{\"@type\":\"ImageObject\",\"inLanguage\":\"lb-LU\",\"@id\":\"https:\/\/belux.edmo.eu\/lb\/faktencheck-ditsch-bundestagswalen-hunn-desinformatioun-an-amschungsversich-dresultat-beaflosst\/#primaryimage\",\"url\":\"https:\/\/belux-edmo.s3-accelerate.amazonaws.com\/wp-content\/uploads\/2025\/03\/314f493e8913d0a0286db36321c0caa1.jpeg\",\"contentUrl\":\"https:\/\/belux-edmo.s3-accelerate.amazonaws.com\/wp-content\/uploads\/2025\/03\/314f493e8913d0a0286db36321c0caa1.jpeg\",\"width\":1024,\"height\":576,\"caption\":\"Faktencheck: D\u00e4itsch Bundestagswalen: Hunn Desinformatioun an Am\u00ebschungsversich d'Resultat beaflosst? - Featured image\"},{\"@type\":\"BreadcrumbList\",\"@id\":\"https:\/\/belux.edmo.eu\/lb\/faktencheck-ditsch-bundestagswalen-hunn-desinformatioun-an-amschungsversich-dresultat-beaflosst\/#breadcrumb\",\"itemListElement\":[{\"@type\":\"ListItem\",\"position\":1,\"name\":\"Home\",\"item\":\"https:\/\/belux.edmo.eu\/lb\/\"},{\"@type\":\"ListItem\",\"position\":2,\"name\":\"Faktencheck: D\u00e4itsch Bundestagswalen: Hunn Desinformatioun an Am\u00ebschungsversich d&#8217;Resultat beaflosst?\"}]},{\"@type\":\"WebSite\",\"@id\":\"https:\/\/belux.edmo.eu\/#website\",\"url\":\"https:\/\/belux.edmo.eu\/\",\"name\":\"EDMO Belux\",\"description\":\"Monitoring Disinformation in Belgium and Luxembourg\",\"publisher\":{\"@id\":\"https:\/\/belux.edmo.eu\/#organization\"},\"potentialAction\":[{\"@type\":\"SearchAction\",\"target\":{\"@type\":\"EntryPoint\",\"urlTemplate\":\"https:\/\/belux.edmo.eu\/?s={search_term_string}\"},\"query-input\":{\"@type\":\"PropertyValueSpecification\",\"valueRequired\":true,\"valueName\":\"search_term_string\"}}],\"inLanguage\":\"lb-LU\"},{\"@type\":\"Organization\",\"@id\":\"https:\/\/belux.edmo.eu\/#organization\",\"name\":\"EDMO Belux\",\"url\":\"https:\/\/belux.edmo.eu\/\",\"logo\":{\"@type\":\"ImageObject\",\"inLanguage\":\"lb-LU\",\"@id\":\"https:\/\/belux.edmo.eu\/#\/schema\/logo\/image\/\",\"url\":\"https:\/\/belux.edmo.eu\/wp-content\/uploads\/2021\/12\/belux-logo-full-color-rgb.svg\",\"contentUrl\":\"https:\/\/belux.edmo.eu\/wp-content\/uploads\/2021\/12\/belux-logo-full-color-rgb.svg\",\"width\":1,\"height\":1,\"caption\":\"EDMO Belux\"},\"image\":{\"@id\":\"https:\/\/belux.edmo.eu\/#\/schema\/logo\/image\/\"},\"sameAs\":[\"https:\/\/x.com\/Edmo_Belux\"]},{\"@type\":\"Person\",\"@id\":\"https:\/\/belux.edmo.eu\/#\/schema\/person\/dbe3b252258537fd318f9b5645a30342\",\"name\":\"master\",\"sameAs\":[\"https:\/\/belux.wpengine.com\"],\"url\":\"https:\/\/belux.edmo.eu\/lb\/author\/master\/\"}]}<\/script>\n<!-- \/ Yoast SEO plugin. -->","yoast_head_json":{"title":"Faktencheck: D\u00e4itsch Bundestagswalen: Hunn Desinformatioun an Am\u00ebschungsversich d'Resultat beaflosst? - EDMO Belux","robots":{"index":"index","follow":"follow","max-snippet":"max-snippet:-1","max-image-preview":"max-image-preview:large","max-video-preview":"max-video-preview:-1"},"canonical":"https:\/\/belux.edmo.eu\/lb\/faktencheck-ditsch-bundestagswalen-hunn-desinformatioun-an-amschungsversich-dresultat-beaflosst\/","og_locale":"en_US","og_type":"article","og_title":"Faktencheck: D\u00e4itsch Bundestagswalen: Hunn Desinformatioun an Am\u00ebschungsversich d'Resultat beaflosst? - EDMO Belux","og_description":"Den 23. Februar haten d'd\u00e4itsch Wieler d'Gelee\u00ebnheet, en neie Bundestag ze wielen. Dat an enger Situatioun, an d\u00e4r sech d'Land z\u00ebnter enger R\u00ebtsch M\u00e9int mat Versich vun externer Aflossnam an Am\u00ebschung konfront\u00e9iert gesinn huet. D\u00ebs Initiativen, d\u00e9i dorop ofgeziilt hunn, d'politesch Debatt an D\u00e4itschland ze beaflossen, hate sech munchmol ganz d\u00e4itlech a Form vun oppener \u00cbnnerst\u00ebtzung fir politesch Iddien oder Parteie manifest\u00e9iert.","og_url":"https:\/\/belux.edmo.eu\/lb\/faktencheck-ditsch-bundestagswalen-hunn-desinformatioun-an-amschungsversich-dresultat-beaflosst\/","og_site_name":"EDMO Belux","article_published_time":"2025-03-19T08:00:52+00:00","article_modified_time":"2025-03-21T11:21:18+00:00","og_image":[{"width":1024,"height":576,"url":"https:\/\/belux-edmo.s3-accelerate.amazonaws.com\/wp-content\/uploads\/2025\/03\/314f493e8913d0a0286db36321c0caa1.jpeg","type":"image\/jpeg"}],"author":"master","twitter_card":"summary_large_image","twitter_creator":"@Edmo_Belux","twitter_site":"@Edmo_Belux","twitter_misc":{"Written by":"master","Est. reading time":"14 minutes"},"schema":{"@context":"https:\/\/schema.org","@graph":[{"@type":"Article","@id":"https:\/\/belux.edmo.eu\/lb\/faktencheck-ditsch-bundestagswalen-hunn-desinformatioun-an-amschungsversich-dresultat-beaflosst\/#article","isPartOf":{"@id":"https:\/\/belux.edmo.eu\/lb\/faktencheck-ditsch-bundestagswalen-hunn-desinformatioun-an-amschungsversich-dresultat-beaflosst\/"},"author":{"name":"master","@id":"https:\/\/belux.edmo.eu\/#\/schema\/person\/dbe3b252258537fd318f9b5645a30342"},"headline":"Faktencheck: D\u00e4itsch Bundestagswalen: Hunn Desinformatioun an Am\u00ebschungsversich d&#8217;Resultat beaflosst?","datePublished":"2025-03-19T08:00:52+00:00","dateModified":"2025-03-21T11:21:18+00:00","mainEntityOfPage":{"@id":"https:\/\/belux.edmo.eu\/lb\/faktencheck-ditsch-bundestagswalen-hunn-desinformatioun-an-amschungsversich-dresultat-beaflosst\/"},"wordCount":3603,"publisher":{"@id":"https:\/\/belux.edmo.eu\/#organization"},"image":{"@id":"https:\/\/belux.edmo.eu\/lb\/faktencheck-ditsch-bundestagswalen-hunn-desinformatioun-an-amschungsversich-dresultat-beaflosst\/#primaryimage"},"thumbnailUrl":"https:\/\/belux-edmo.s3-accelerate.amazonaws.com\/wp-content\/uploads\/2025\/03\/314f493e8913d0a0286db36321c0caa1.jpeg","keywords":["FOCUS"],"articleSection":["Editor's Choice Slider LU","Politik","Uncategorized @lb"],"inLanguage":"lb-LU"},{"@type":"WebPage","@id":"https:\/\/belux.edmo.eu\/lb\/faktencheck-ditsch-bundestagswalen-hunn-desinformatioun-an-amschungsversich-dresultat-beaflosst\/","url":"https:\/\/belux.edmo.eu\/lb\/faktencheck-ditsch-bundestagswalen-hunn-desinformatioun-an-amschungsversich-dresultat-beaflosst\/","name":"Faktencheck: D\u00e4itsch Bundestagswalen: Hunn Desinformatioun an Am\u00ebschungsversich d'Resultat beaflosst? - EDMO Belux","isPartOf":{"@id":"https:\/\/belux.edmo.eu\/#website"},"primaryImageOfPage":{"@id":"https:\/\/belux.edmo.eu\/lb\/faktencheck-ditsch-bundestagswalen-hunn-desinformatioun-an-amschungsversich-dresultat-beaflosst\/#primaryimage"},"image":{"@id":"https:\/\/belux.edmo.eu\/lb\/faktencheck-ditsch-bundestagswalen-hunn-desinformatioun-an-amschungsversich-dresultat-beaflosst\/#primaryimage"},"thumbnailUrl":"https:\/\/belux-edmo.s3-accelerate.amazonaws.com\/wp-content\/uploads\/2025\/03\/314f493e8913d0a0286db36321c0caa1.jpeg","datePublished":"2025-03-19T08:00:52+00:00","dateModified":"2025-03-21T11:21:18+00:00","breadcrumb":{"@id":"https:\/\/belux.edmo.eu\/lb\/faktencheck-ditsch-bundestagswalen-hunn-desinformatioun-an-amschungsversich-dresultat-beaflosst\/#breadcrumb"},"inLanguage":"lb-LU","potentialAction":[{"@type":"ReadAction","target":["https:\/\/belux.edmo.eu\/lb\/faktencheck-ditsch-bundestagswalen-hunn-desinformatioun-an-amschungsversich-dresultat-beaflosst\/"]}]},{"@type":"ImageObject","inLanguage":"lb-LU","@id":"https:\/\/belux.edmo.eu\/lb\/faktencheck-ditsch-bundestagswalen-hunn-desinformatioun-an-amschungsversich-dresultat-beaflosst\/#primaryimage","url":"https:\/\/belux-edmo.s3-accelerate.amazonaws.com\/wp-content\/uploads\/2025\/03\/314f493e8913d0a0286db36321c0caa1.jpeg","contentUrl":"https:\/\/belux-edmo.s3-accelerate.amazonaws.com\/wp-content\/uploads\/2025\/03\/314f493e8913d0a0286db36321c0caa1.jpeg","width":1024,"height":576,"caption":"Faktencheck: D\u00e4itsch Bundestagswalen: Hunn Desinformatioun an Am\u00ebschungsversich d'Resultat beaflosst? - Featured image"},{"@type":"BreadcrumbList","@id":"https:\/\/belux.edmo.eu\/lb\/faktencheck-ditsch-bundestagswalen-hunn-desinformatioun-an-amschungsversich-dresultat-beaflosst\/#breadcrumb","itemListElement":[{"@type":"ListItem","position":1,"name":"Home","item":"https:\/\/belux.edmo.eu\/lb\/"},{"@type":"ListItem","position":2,"name":"Faktencheck: D\u00e4itsch Bundestagswalen: Hunn Desinformatioun an Am\u00ebschungsversich d&#8217;Resultat beaflosst?"}]},{"@type":"WebSite","@id":"https:\/\/belux.edmo.eu\/#website","url":"https:\/\/belux.edmo.eu\/","name":"EDMO Belux","description":"Monitoring Disinformation in Belgium and Luxembourg","publisher":{"@id":"https:\/\/belux.edmo.eu\/#organization"},"potentialAction":[{"@type":"SearchAction","target":{"@type":"EntryPoint","urlTemplate":"https:\/\/belux.edmo.eu\/?s={search_term_string}"},"query-input":{"@type":"PropertyValueSpecification","valueRequired":true,"valueName":"search_term_string"}}],"inLanguage":"lb-LU"},{"@type":"Organization","@id":"https:\/\/belux.edmo.eu\/#organization","name":"EDMO Belux","url":"https:\/\/belux.edmo.eu\/","logo":{"@type":"ImageObject","inLanguage":"lb-LU","@id":"https:\/\/belux.edmo.eu\/#\/schema\/logo\/image\/","url":"https:\/\/belux.edmo.eu\/wp-content\/uploads\/2021\/12\/belux-logo-full-color-rgb.svg","contentUrl":"https:\/\/belux.edmo.eu\/wp-content\/uploads\/2021\/12\/belux-logo-full-color-rgb.svg","width":1,"height":1,"caption":"EDMO Belux"},"image":{"@id":"https:\/\/belux.edmo.eu\/#\/schema\/logo\/image\/"},"sameAs":["https:\/\/x.com\/Edmo_Belux"]},{"@type":"Person","@id":"https:\/\/belux.edmo.eu\/#\/schema\/person\/dbe3b252258537fd318f9b5645a30342","name":"master","sameAs":["https:\/\/belux.wpengine.com"],"url":"https:\/\/belux.edmo.eu\/lb\/author\/master\/"}]}},"menu_order":0,"_links":{"self":[{"href":"https:\/\/belux.edmo.eu\/lb\/wp-json\/wp\/v2\/posts\/392081","targetHints":{"allow":["GET"]}}],"collection":[{"href":"https:\/\/belux.edmo.eu\/lb\/wp-json\/wp\/v2\/posts"}],"about":[{"href":"https:\/\/belux.edmo.eu\/lb\/wp-json\/wp\/v2\/types\/post"}],"author":[{"embeddable":true,"href":"https:\/\/belux.edmo.eu\/lb\/wp-json\/wp\/v2\/users\/1"}],"replies":[{"embeddable":true,"href":"https:\/\/belux.edmo.eu\/lb\/wp-json\/wp\/v2\/comments?post=392081"}],"version-history":[{"count":0,"href":"https:\/\/belux.edmo.eu\/lb\/wp-json\/wp\/v2\/posts\/392081\/revisions"}],"wp:featuredmedia":[{"embeddable":true,"href":"https:\/\/belux.edmo.eu\/lb\/wp-json\/wp\/v2\/media\/392076"}],"wp:attachment":[{"href":"https:\/\/belux.edmo.eu\/lb\/wp-json\/wp\/v2\/media?parent=392081"}],"wp:term":[{"taxonomy":"category","embeddable":true,"href":"https:\/\/belux.edmo.eu\/lb\/wp-json\/wp\/v2\/categories?post=392081"},{"taxonomy":"post_tag","embeddable":true,"href":"https:\/\/belux.edmo.eu\/lb\/wp-json\/wp\/v2\/tags?post=392081"}],"curies":[{"name":"wp","href":"https:\/\/api.w.org\/{rel}","templated":true}]}}