{"id":393845,"date":"2025-04-05T13:00:47","date_gmt":"2025-04-05T13:00:47","guid":{"rendered":"https:\/\/belux.edmo.eu\/?p=393845"},"modified":"2025-04-10T14:24:20","modified_gmt":"2025-04-10T14:24:20","slug":"faktencheck-ki-film-flschlecherweis-mat-biewen-a-myanmar-a-verbindung-bruecht","status":"publish","type":"post","link":"https:\/\/belux.edmo.eu\/lb\/faktencheck-ki-film-flschlecherweis-mat-biewen-a-myanmar-a-verbindung-bruecht\/","title":{"rendered":"Faktencheck: KI-Film f\u00e4lschlecherweis mat Biewen a Myanmar a Verbindung bruecht"},"content":{"rendered":"<article>\n<div>\n<p>D\u00e9i zweetgr\u00e9isst Stad vu Myanmar Mandalay gouf duerch en d\u00e9idlecht \u00c4erdbiewen den 28. M\u00e4erz mat am st\u00e4erksten zerst\u00e9iert.<\/p>\n<\/div>\n<div>\n<p class=\"article-body__summary\">Mee am Clip, dee weltw\u00e4it am \u00cbmlaf war an angeeblech d&#8217;Schied an der Stad weist, stieche visuell Feeler an d&#8217;Aen, d\u00e9i dorop hindeiten, dass e mat H\u00ebllef vu K\u00ebnschtlecher Intelligenz erstallt gouf, w\u00e9i eng Analys gewisen huet.<\/p>\n<p class=\"article-body__summary\">&#8220;O! Mandalay, et ass, w\u00e9i wann d&#8217;Stad gefall w\u00e4r&#8221;, heescht et an der burmeesescher Bild\u00ebnnerschr\u00ebft vum Clip, deen een Dag <a href=\"https:\/\/web.archive.org\/web\/20250331050017\/https:\/\/www.facebook.com\/reel\/1058237009665255\" target=\"_blank\" rel=\"noopener\">nom Biewen op Facebook gedeelt<\/a> gi war.<\/p>\n<p class=\"article-body__summary\">E gouf m\u00e9i w\u00e9i 11.000 Mol opgeruff a weist d\u00e9i zerst\u00e9iert Stad aus der Helikopterperspektiv mat Pagoden an der Skyline.<\/p>\n<p class=\"article-body__summary\">Den Text, deen am Clip ze gesinn ass, geet op d&#8217;Zerst\u00e9ierung vu Mandalay an.<\/p>\n<p><img src=\"https:\/\/belux-edmo.s3-accelerate.amazonaws.com\/wp-content\/uploads\/2025\/04\/404d3d5c16434a0356fcdaed817887ec.jpeg\" alt=\"RTL\" \/> \u00a9 AFP<\/p>\n<p>De Video war och an \u00e4nleche B\u00e4itr\u00e4g op <a href=\"https:\/\/perma.cc\/EE89-MYTP\" target=\"_blank\" rel=\"noopener\">Chineesesch<\/a>, <a href=\"https:\/\/mvau.lt\/media\/293fe93c-eb59-41b0-a230-c6e03874e2e6\" target=\"_blank\" rel=\"noopener\">Englesch<\/a>, <a href=\"https:\/\/perma.cc\/97AW-6N7Y\" target=\"_blank\" rel=\"noopener\">Indoneesesch<\/a>, <a href=\"https:\/\/perma.cc\/NAH8-G7GC\" target=\"_blank\" rel=\"noopener\">Spuenesch<\/a>, <a href=\"https:\/\/perma.cc\/6WQ7-52X5\" target=\"_blank\" rel=\"noopener\">Tamil<\/a>, <a href=\"https:\/\/mvau.lt\/media\/7d7ac024-9ebc-4137-b40a-3a2ac609a714\" target=\"_blank\" rel=\"noopener\">Thai<\/a> an <a href=\"https:\/\/perma.cc\/64JJ-YNZV\" target=\"_blank\" rel=\"noopener\">Urdu<\/a> opgedaucht, w\u00e9i d\u00e9i \u00e9ischt Meldungen iwwer d&#8217;Schied an der Stad duerch d&#8217;\u00c4erdbiewe vun der St\u00e4erkt 7,7 erauskoumen.<\/p>\n<p>De Chef vun der reg\u00e9ierender Junta, de Min Aung Hlaing, sot den 1. Abr\u00ebll, dass bis elo <a href=\"https:\/\/www.france24.com\/en\/live-news\/20250402-myanmar-quake-victim-rescued-after-5-days-as-aid-calls-grow\" target=\"_blank\" rel=\"noopener\">2.719 Doudeger confirm\u00e9iert<\/a> goufen, m\u00e9i w\u00e9i 4.500 Leit goufe bless\u00e9iert a 441 g\u00e9ifen nach verm\u00ebsst ginn (<a href=\"https:\/\/web.archive.org\/web\/20250402061836\/https:\/\/www.france24.com\/en\/live-news\/20250402-myanmar-quake-victim-rescued-after-5-days-as-aid-calls-growhttps:\/\/web.archive.org\/web\/20250402061836\/https:\/\/www.france24.com\/en\/live-news\/20250402-myanmar-quake-victim-rescued-after-5-days-as-aid-calls-grow\" target=\"_blank\" rel=\"noopener\">archiv\u00e9ierte Link<\/a>).<\/p>\n<p>Et g\u00ebtt erwaart, dass d&#8217;Zuel vun den Doudegen nach erhieflech klamme w\u00e4ert, wann d&#8217;Rettungsekippen d&#8217;Stied an d&#8217;Dierfer erreechen, an deenen d&#8217;Kommunikatioun duerch d&#8217;Biewen \u00ebnnerbrach gouf.<\/p>\n<p>Honnerte Kilometer m\u00e9i w\u00e4it ewech hunn d&#8217;Autorit\u00e9iten zu Bangkok bekannt ginn, dass d&#8217;Zuel vun den Doudesaffer op 20 geklommen ass. D\u00e9i meescht vun hinne koumen \u00ebm d&#8217;Liewen, w\u00e9i en H\u00e9ichhaus mat 30 Etagen an de Koup gefall ass, dat zu d\u00ebsem Z\u00e4itpunkt an der thail\u00e4nnescher Haaptstad am Bau war.<\/p>\n<p>D&#8217;Kommentarer zu de B\u00e4itr\u00e4g weisen, dass verschidde Social-Media-Notzer gegleeft hunn, de Video g\u00e9if reell Biller nom Biewe weisen. &#8220;O, Mandalay, m\u00e4in H\u00e4erz ass gebrach&#8221;, huet ee geschriwwen. En aneren huet komment\u00e9iert: &#8220;An der ganzer Stad ass bal n\u00e4ischt m\u00e9i iwwereg.&#8221;<\/p>\n<p>&#8220;Mat Wan AI hiergestallt&#8221;<\/p>\n<p>Eng\u00a0<a href=\"https:\/\/www.youtube.com\/watch?v=linGPlWGcDw\" target=\"_blank\" rel=\"noopener\">\u00ebmgek\u00e9iert Billersich<\/a> op Google, fir d\u00e9i d&#8217;<a href=\"https:\/\/www.youtube.com\/watch?v=bHNimjTpxd8\" target=\"_blank\" rel=\"noopener\">Keyframes<\/a> vum Video benotzt goufen, huet e bal identesche Video op der <a href=\"https:\/\/perma.cc\/XSL8-X3UK\" target=\"_blank\" rel=\"noopener\">Plattform X<\/a> vum 29. M\u00e4erz fonnt. Obwuel d&#8217;Bild\u00ebnnerschr\u00ebft net direkt dorop hiweist, dass de Clip mat KI erstallt gouf, ass de Logo vum Gener\u00e9ierungstool &#8220;<a href=\"https:\/\/tongyi.aliyun.com\/wanxiang\/\" target=\"_blank\" rel=\"noopener\">Wan AI<\/a>&#8221; am \u00ebnneschte rietsen Eck vum qualitativ h\u00e9ichw\u00e4ertege Clip ze gesinn (<a href=\"https:\/\/web.archive.org\/web\/20250401100633\/https:\/\/tongyi.aliyun.com\/wanxiang\/\" target=\"_blank\" rel=\"noopener\">archiv\u00e9ierte Link<\/a>).<\/p>\n<p><img src=\"https:\/\/belux-edmo.s3-accelerate.amazonaws.com\/wp-content\/uploads\/2025\/04\/2734f66be492b7d0be542de0097c66b9.jpeg\" alt=\"RTL\" \/> \u00a9 AFP<\/p>\n<p>Och visuell Feeler deiten Experten no dorop hin, dass de Video mat engem KI-Tool erstallt gouf.<\/p>\n<p>De <a href=\"https:\/\/web.ics.purdue.edu\/~hu968\/\" target=\"_blank\" rel=\"noopener\">Shu Hu<\/a>, Direkter vum Labo fir maschinellt L\u00e9ieren a Medieforensik op der Purdue University, huet g\u00e9intiwwer der AFP erkl\u00e4ert, dass d&#8217;Beem am Clip keng siichtbar Wuerzelen hunn, w\u00e4rend eng Persoun op eng Man\u00e9ier geet, d\u00e9i net der natierlecher m\u00ebnschlecher Beweegung entspr\u00e9cht (<a href=\"https:\/\/perma.cc\/LU5M-AW29\" target=\"_blank\" rel=\"noopener\">archiv\u00e9ierte Link<\/a>).<\/p>\n<p>De <a href=\"https:\/\/engineering.buffalo.edu\/computer-science-engineering\/people\/faculty-directory.host.html\/content\/shared\/engineering\/computer-science-engineering\/profiles\/faculty\/ladder\/lyu-siwei.detail.html\" target=\"_blank\" rel=\"noopener\">Siwei Lyu<\/a>, Direkter vum Media Forensic Lab op der University am amerikanesche Buffalo, huet an enger separater Konversatioun mat der AFP op d&#8217;KI-Waasserzeeche vu &#8220;Wan AI&#8221; higewisen an huet ausserdeem dorop higewisen, dass d&#8217;Schiet vun Objeten am Clip, wat d&#8217;Richtung an d&#8217;Gr\u00e9isst ugeet, net eenheetlech sinn (<a href=\"https:\/\/perma.cc\/Y48Z-9JTG\" target=\"_blank\" rel=\"noopener\">archiv\u00e9ierte Link<\/a>).<\/p>\n<p><img src=\"https:\/\/belux-edmo.s3-accelerate.amazonaws.com\/wp-content\/uploads\/2025\/04\/800fee57a8449ad78f8d1480682ab99e.jpeg\" alt=\"RTL\" \/> \u00a9 AFP<\/p>\n<p>Et g\u00ebtt zwar keng idiotes\u00e9cher Method, fir <a href=\"..\/..\/storage\/data\/afp\/factcheck_v2\/EN\/doc.afp.com.33BZ68V\" target=\"_blank\" rel=\"noopener\">KI-gener\u00e9iert Medien ze erkennen<\/a>, awer d&#8217;Erkenne vu Waasserzeechen a visuelle Feeler kann h\u00ebllefen, well trotz der rasanter Entw\u00e9cklung an der generativer KI \u00ebmmer nach Feeler optrieden.<\/p>\n<p>D&#8217;AFP huet nach <a href=\"..\/..\/storage\/data\/afp\/factcheck_v2\/EN\/doc.afp.com.38GT8KD\" target=\"_blank\" rel=\"noopener\">aner Feelinformatiounen<\/a> am Zesummenhang mam \u00c4erdbiewen a Myanmar opgedeckt.<\/p>\n<p><em>D\u00ebse Faktencheck gouf vun RTL op L\u00ebtzebuergesch iwwersat.<br \/>\n<\/em><\/p>\n<\/div>\n<\/article>\n","protected":false},"excerpt":{"rendered":"<p>D\u00e9i zweetgr\u00e9isst Stad vu Myanmar Mandalay gouf duerch en d\u00e9idlecht \u00c4erdbiewen den 28. M\u00e4erz mat am st\u00e4erksten zerst\u00e9iert.<\/p>\n","protected":false},"author":1,"featured_media":393825,"comment_status":"closed","ping_status":"closed","sticky":false,"template":"","format":"standard","meta":{"_acf_changed":false,"footnotes":""},"categories":[470,183,193,391],"tags":[],"class_list":{"0":"post-393845","1":"post","2":"type-post","3":"status-publish","4":"format-standard","5":"has-post-thumbnail","7":"category-editors-choice-lu","8":"category-fact-check-lb","9":"category-gesellschaft","10":"category-technologie"},"acf":{"show_metatags":true,"id":"2291249","authors":"RTL L\u00ebtzebuerg","organization":"RTL","featured_image_copyright":"","text_copyright":"Copyright RTL \/ CLT-UFA S.A.","source":"https:\/\/www.rtl.lu\/news\/faktencheck\/a\/2291249.html","fact_checker":"https:\/\/belux.wpengine.com\/wp-content\/uploads\/2021\/12\/rtl_logo.png","share_this_post_to_edmo_website":false,"affiliation":"ADMO","type":"Closed Event","location":"","start_date":"","start_date_event_begins_at":"","start_date_event_ends_at":"","end_date":"","end_date_event_begins_at":"","end_date_event_ends_at":"","organizer":"","fact_checker_logo_image":false},"yoast_head":"<!-- This site is optimized with the Yoast SEO plugin v27.0 - https:\/\/yoast.com\/product\/yoast-seo-wordpress\/ -->\n<title>Faktencheck: KI-Film f\u00e4lschlecherweis mat Biewen a Myanmar a Verbindung bruecht - EDMO Belux<\/title>\n<meta name=\"robots\" content=\"index, follow, max-snippet:-1, max-image-preview:large, max-video-preview:-1\" \/>\n<link rel=\"canonical\" href=\"https:\/\/belux.edmo.eu\/lb\/faktencheck-ki-film-flschlecherweis-mat-biewen-a-myanmar-a-verbindung-bruecht\/\" \/>\n<meta property=\"og:locale\" content=\"en_US\" \/>\n<meta property=\"og:type\" content=\"article\" \/>\n<meta property=\"og:title\" content=\"Faktencheck: KI-Film f\u00e4lschlecherweis mat Biewen a Myanmar a Verbindung bruecht - EDMO Belux\" \/>\n<meta property=\"og:description\" content=\"D\u00e9i zweetgr\u00e9isst Stad vu Myanmar Mandalay gouf duerch en d\u00e9idlecht \u00c4erdbiewen den 28. M\u00e4erz mat am st\u00e4erksten zerst\u00e9iert.\" \/>\n<meta property=\"og:url\" content=\"https:\/\/belux.edmo.eu\/lb\/faktencheck-ki-film-flschlecherweis-mat-biewen-a-myanmar-a-verbindung-bruecht\/\" \/>\n<meta property=\"og:site_name\" content=\"EDMO Belux\" \/>\n<meta property=\"article:published_time\" content=\"2025-04-05T13:00:47+00:00\" \/>\n<meta property=\"article:modified_time\" content=\"2025-04-10T14:24:20+00:00\" \/>\n<meta property=\"og:image\" content=\"https:\/\/belux-edmo.s3-accelerate.amazonaws.com\/wp-content\/uploads\/2025\/04\/3641813f3ab21986ac2f48d91d4fb962.jpeg\" \/>\n\t<meta property=\"og:image:width\" content=\"1080\" \/>\n\t<meta property=\"og:image:height\" content=\"540\" \/>\n\t<meta property=\"og:image:type\" content=\"image\/jpeg\" \/>\n<meta name=\"author\" content=\"master\" \/>\n<meta name=\"twitter:card\" content=\"summary_large_image\" \/>\n<meta name=\"twitter:creator\" content=\"@Edmo_Belux\" \/>\n<meta name=\"twitter:site\" content=\"@Edmo_Belux\" \/>\n<meta name=\"twitter:label1\" content=\"Written by\" \/>\n\t<meta name=\"twitter:data1\" content=\"master\" \/>\n\t<meta name=\"twitter:label2\" content=\"Est. reading time\" \/>\n\t<meta name=\"twitter:data2\" content=\"4 minutes\" \/>\n<script type=\"application\/ld+json\" class=\"yoast-schema-graph\">{\"@context\":\"https:\/\/schema.org\",\"@graph\":[{\"@type\":\"Article\",\"@id\":\"https:\/\/belux.edmo.eu\/lb\/faktencheck-ki-film-flschlecherweis-mat-biewen-a-myanmar-a-verbindung-bruecht\/#article\",\"isPartOf\":{\"@id\":\"https:\/\/belux.edmo.eu\/lb\/faktencheck-ki-film-flschlecherweis-mat-biewen-a-myanmar-a-verbindung-bruecht\/\"},\"author\":{\"name\":\"master\",\"@id\":\"https:\/\/belux.edmo.eu\/#\/schema\/person\/dbe3b252258537fd318f9b5645a30342\"},\"headline\":\"Faktencheck: KI-Film f\u00e4lschlecherweis mat Biewen a Myanmar a Verbindung bruecht\",\"datePublished\":\"2025-04-05T13:00:47+00:00\",\"dateModified\":\"2025-04-10T14:24:20+00:00\",\"mainEntityOfPage\":{\"@id\":\"https:\/\/belux.edmo.eu\/lb\/faktencheck-ki-film-flschlecherweis-mat-biewen-a-myanmar-a-verbindung-bruecht\/\"},\"wordCount\":630,\"publisher\":{\"@id\":\"https:\/\/belux.edmo.eu\/#organization\"},\"image\":{\"@id\":\"https:\/\/belux.edmo.eu\/lb\/faktencheck-ki-film-flschlecherweis-mat-biewen-a-myanmar-a-verbindung-bruecht\/#primaryimage\"},\"thumbnailUrl\":\"https:\/\/belux-edmo.s3-accelerate.amazonaws.com\/wp-content\/uploads\/2025\/04\/3641813f3ab21986ac2f48d91d4fb962.jpeg\",\"articleSection\":[\"Editor's Choice Slider LU\",\"Fact Check\",\"Gesellschaft\",\"Technologie\"],\"inLanguage\":\"lb-LU\"},{\"@type\":\"WebPage\",\"@id\":\"https:\/\/belux.edmo.eu\/lb\/faktencheck-ki-film-flschlecherweis-mat-biewen-a-myanmar-a-verbindung-bruecht\/\",\"url\":\"https:\/\/belux.edmo.eu\/lb\/faktencheck-ki-film-flschlecherweis-mat-biewen-a-myanmar-a-verbindung-bruecht\/\",\"name\":\"Faktencheck: KI-Film f\u00e4lschlecherweis mat Biewen a Myanmar a Verbindung bruecht - EDMO Belux\",\"isPartOf\":{\"@id\":\"https:\/\/belux.edmo.eu\/#website\"},\"primaryImageOfPage\":{\"@id\":\"https:\/\/belux.edmo.eu\/lb\/faktencheck-ki-film-flschlecherweis-mat-biewen-a-myanmar-a-verbindung-bruecht\/#primaryimage\"},\"image\":{\"@id\":\"https:\/\/belux.edmo.eu\/lb\/faktencheck-ki-film-flschlecherweis-mat-biewen-a-myanmar-a-verbindung-bruecht\/#primaryimage\"},\"thumbnailUrl\":\"https:\/\/belux-edmo.s3-accelerate.amazonaws.com\/wp-content\/uploads\/2025\/04\/3641813f3ab21986ac2f48d91d4fb962.jpeg\",\"datePublished\":\"2025-04-05T13:00:47+00:00\",\"dateModified\":\"2025-04-10T14:24:20+00:00\",\"breadcrumb\":{\"@id\":\"https:\/\/belux.edmo.eu\/lb\/faktencheck-ki-film-flschlecherweis-mat-biewen-a-myanmar-a-verbindung-bruecht\/#breadcrumb\"},\"inLanguage\":\"lb-LU\",\"potentialAction\":[{\"@type\":\"ReadAction\",\"target\":[\"https:\/\/belux.edmo.eu\/lb\/faktencheck-ki-film-flschlecherweis-mat-biewen-a-myanmar-a-verbindung-bruecht\/\"]}]},{\"@type\":\"ImageObject\",\"inLanguage\":\"lb-LU\",\"@id\":\"https:\/\/belux.edmo.eu\/lb\/faktencheck-ki-film-flschlecherweis-mat-biewen-a-myanmar-a-verbindung-bruecht\/#primaryimage\",\"url\":\"https:\/\/belux-edmo.s3-accelerate.amazonaws.com\/wp-content\/uploads\/2025\/04\/3641813f3ab21986ac2f48d91d4fb962.jpeg\",\"contentUrl\":\"https:\/\/belux-edmo.s3-accelerate.amazonaws.com\/wp-content\/uploads\/2025\/04\/3641813f3ab21986ac2f48d91d4fb962.jpeg\",\"width\":1080,\"height\":540,\"caption\":\"Faktencheck: KI-Film f\u00e4lschlecherweis mat Biewen a Myanmar a Verbindung bruecht - Featured image\"},{\"@type\":\"BreadcrumbList\",\"@id\":\"https:\/\/belux.edmo.eu\/lb\/faktencheck-ki-film-flschlecherweis-mat-biewen-a-myanmar-a-verbindung-bruecht\/#breadcrumb\",\"itemListElement\":[{\"@type\":\"ListItem\",\"position\":1,\"name\":\"Home\",\"item\":\"https:\/\/belux.edmo.eu\/lb\/\"},{\"@type\":\"ListItem\",\"position\":2,\"name\":\"Faktencheck: KI-Film f\u00e4lschlecherweis mat Biewen a Myanmar a Verbindung bruecht\"}]},{\"@type\":\"WebSite\",\"@id\":\"https:\/\/belux.edmo.eu\/#website\",\"url\":\"https:\/\/belux.edmo.eu\/\",\"name\":\"EDMO Belux\",\"description\":\"Monitoring Disinformation in Belgium and Luxembourg\",\"publisher\":{\"@id\":\"https:\/\/belux.edmo.eu\/#organization\"},\"potentialAction\":[{\"@type\":\"SearchAction\",\"target\":{\"@type\":\"EntryPoint\",\"urlTemplate\":\"https:\/\/belux.edmo.eu\/?s={search_term_string}\"},\"query-input\":{\"@type\":\"PropertyValueSpecification\",\"valueRequired\":true,\"valueName\":\"search_term_string\"}}],\"inLanguage\":\"lb-LU\"},{\"@type\":\"Organization\",\"@id\":\"https:\/\/belux.edmo.eu\/#organization\",\"name\":\"EDMO Belux\",\"url\":\"https:\/\/belux.edmo.eu\/\",\"logo\":{\"@type\":\"ImageObject\",\"inLanguage\":\"lb-LU\",\"@id\":\"https:\/\/belux.edmo.eu\/#\/schema\/logo\/image\/\",\"url\":\"https:\/\/belux.edmo.eu\/wp-content\/uploads\/2021\/12\/belux-logo-full-color-rgb.svg\",\"contentUrl\":\"https:\/\/belux.edmo.eu\/wp-content\/uploads\/2021\/12\/belux-logo-full-color-rgb.svg\",\"width\":1,\"height\":1,\"caption\":\"EDMO Belux\"},\"image\":{\"@id\":\"https:\/\/belux.edmo.eu\/#\/schema\/logo\/image\/\"},\"sameAs\":[\"https:\/\/x.com\/Edmo_Belux\"]},{\"@type\":\"Person\",\"@id\":\"https:\/\/belux.edmo.eu\/#\/schema\/person\/dbe3b252258537fd318f9b5645a30342\",\"name\":\"master\",\"sameAs\":[\"https:\/\/belux.wpengine.com\"],\"url\":\"https:\/\/belux.edmo.eu\/lb\/author\/master\/\"}]}<\/script>\n<!-- \/ Yoast SEO plugin. -->","yoast_head_json":{"title":"Faktencheck: KI-Film f\u00e4lschlecherweis mat Biewen a Myanmar a Verbindung bruecht - EDMO Belux","robots":{"index":"index","follow":"follow","max-snippet":"max-snippet:-1","max-image-preview":"max-image-preview:large","max-video-preview":"max-video-preview:-1"},"canonical":"https:\/\/belux.edmo.eu\/lb\/faktencheck-ki-film-flschlecherweis-mat-biewen-a-myanmar-a-verbindung-bruecht\/","og_locale":"en_US","og_type":"article","og_title":"Faktencheck: KI-Film f\u00e4lschlecherweis mat Biewen a Myanmar a Verbindung bruecht - EDMO Belux","og_description":"D\u00e9i zweetgr\u00e9isst Stad vu Myanmar Mandalay gouf duerch en d\u00e9idlecht \u00c4erdbiewen den 28. M\u00e4erz mat am st\u00e4erksten zerst\u00e9iert.","og_url":"https:\/\/belux.edmo.eu\/lb\/faktencheck-ki-film-flschlecherweis-mat-biewen-a-myanmar-a-verbindung-bruecht\/","og_site_name":"EDMO Belux","article_published_time":"2025-04-05T13:00:47+00:00","article_modified_time":"2025-04-10T14:24:20+00:00","og_image":[{"width":1080,"height":540,"url":"https:\/\/belux-edmo.s3-accelerate.amazonaws.com\/wp-content\/uploads\/2025\/04\/3641813f3ab21986ac2f48d91d4fb962.jpeg","type":"image\/jpeg"}],"author":"master","twitter_card":"summary_large_image","twitter_creator":"@Edmo_Belux","twitter_site":"@Edmo_Belux","twitter_misc":{"Written by":"master","Est. reading time":"4 minutes"},"schema":{"@context":"https:\/\/schema.org","@graph":[{"@type":"Article","@id":"https:\/\/belux.edmo.eu\/lb\/faktencheck-ki-film-flschlecherweis-mat-biewen-a-myanmar-a-verbindung-bruecht\/#article","isPartOf":{"@id":"https:\/\/belux.edmo.eu\/lb\/faktencheck-ki-film-flschlecherweis-mat-biewen-a-myanmar-a-verbindung-bruecht\/"},"author":{"name":"master","@id":"https:\/\/belux.edmo.eu\/#\/schema\/person\/dbe3b252258537fd318f9b5645a30342"},"headline":"Faktencheck: KI-Film f\u00e4lschlecherweis mat Biewen a Myanmar a Verbindung bruecht","datePublished":"2025-04-05T13:00:47+00:00","dateModified":"2025-04-10T14:24:20+00:00","mainEntityOfPage":{"@id":"https:\/\/belux.edmo.eu\/lb\/faktencheck-ki-film-flschlecherweis-mat-biewen-a-myanmar-a-verbindung-bruecht\/"},"wordCount":630,"publisher":{"@id":"https:\/\/belux.edmo.eu\/#organization"},"image":{"@id":"https:\/\/belux.edmo.eu\/lb\/faktencheck-ki-film-flschlecherweis-mat-biewen-a-myanmar-a-verbindung-bruecht\/#primaryimage"},"thumbnailUrl":"https:\/\/belux-edmo.s3-accelerate.amazonaws.com\/wp-content\/uploads\/2025\/04\/3641813f3ab21986ac2f48d91d4fb962.jpeg","articleSection":["Editor's Choice Slider LU","Fact Check","Gesellschaft","Technologie"],"inLanguage":"lb-LU"},{"@type":"WebPage","@id":"https:\/\/belux.edmo.eu\/lb\/faktencheck-ki-film-flschlecherweis-mat-biewen-a-myanmar-a-verbindung-bruecht\/","url":"https:\/\/belux.edmo.eu\/lb\/faktencheck-ki-film-flschlecherweis-mat-biewen-a-myanmar-a-verbindung-bruecht\/","name":"Faktencheck: KI-Film f\u00e4lschlecherweis mat Biewen a Myanmar a Verbindung bruecht - EDMO Belux","isPartOf":{"@id":"https:\/\/belux.edmo.eu\/#website"},"primaryImageOfPage":{"@id":"https:\/\/belux.edmo.eu\/lb\/faktencheck-ki-film-flschlecherweis-mat-biewen-a-myanmar-a-verbindung-bruecht\/#primaryimage"},"image":{"@id":"https:\/\/belux.edmo.eu\/lb\/faktencheck-ki-film-flschlecherweis-mat-biewen-a-myanmar-a-verbindung-bruecht\/#primaryimage"},"thumbnailUrl":"https:\/\/belux-edmo.s3-accelerate.amazonaws.com\/wp-content\/uploads\/2025\/04\/3641813f3ab21986ac2f48d91d4fb962.jpeg","datePublished":"2025-04-05T13:00:47+00:00","dateModified":"2025-04-10T14:24:20+00:00","breadcrumb":{"@id":"https:\/\/belux.edmo.eu\/lb\/faktencheck-ki-film-flschlecherweis-mat-biewen-a-myanmar-a-verbindung-bruecht\/#breadcrumb"},"inLanguage":"lb-LU","potentialAction":[{"@type":"ReadAction","target":["https:\/\/belux.edmo.eu\/lb\/faktencheck-ki-film-flschlecherweis-mat-biewen-a-myanmar-a-verbindung-bruecht\/"]}]},{"@type":"ImageObject","inLanguage":"lb-LU","@id":"https:\/\/belux.edmo.eu\/lb\/faktencheck-ki-film-flschlecherweis-mat-biewen-a-myanmar-a-verbindung-bruecht\/#primaryimage","url":"https:\/\/belux-edmo.s3-accelerate.amazonaws.com\/wp-content\/uploads\/2025\/04\/3641813f3ab21986ac2f48d91d4fb962.jpeg","contentUrl":"https:\/\/belux-edmo.s3-accelerate.amazonaws.com\/wp-content\/uploads\/2025\/04\/3641813f3ab21986ac2f48d91d4fb962.jpeg","width":1080,"height":540,"caption":"Faktencheck: KI-Film f\u00e4lschlecherweis mat Biewen a Myanmar a Verbindung bruecht - Featured image"},{"@type":"BreadcrumbList","@id":"https:\/\/belux.edmo.eu\/lb\/faktencheck-ki-film-flschlecherweis-mat-biewen-a-myanmar-a-verbindung-bruecht\/#breadcrumb","itemListElement":[{"@type":"ListItem","position":1,"name":"Home","item":"https:\/\/belux.edmo.eu\/lb\/"},{"@type":"ListItem","position":2,"name":"Faktencheck: KI-Film f\u00e4lschlecherweis mat Biewen a Myanmar a Verbindung bruecht"}]},{"@type":"WebSite","@id":"https:\/\/belux.edmo.eu\/#website","url":"https:\/\/belux.edmo.eu\/","name":"EDMO Belux","description":"Monitoring Disinformation in Belgium and Luxembourg","publisher":{"@id":"https:\/\/belux.edmo.eu\/#organization"},"potentialAction":[{"@type":"SearchAction","target":{"@type":"EntryPoint","urlTemplate":"https:\/\/belux.edmo.eu\/?s={search_term_string}"},"query-input":{"@type":"PropertyValueSpecification","valueRequired":true,"valueName":"search_term_string"}}],"inLanguage":"lb-LU"},{"@type":"Organization","@id":"https:\/\/belux.edmo.eu\/#organization","name":"EDMO Belux","url":"https:\/\/belux.edmo.eu\/","logo":{"@type":"ImageObject","inLanguage":"lb-LU","@id":"https:\/\/belux.edmo.eu\/#\/schema\/logo\/image\/","url":"https:\/\/belux.edmo.eu\/wp-content\/uploads\/2021\/12\/belux-logo-full-color-rgb.svg","contentUrl":"https:\/\/belux.edmo.eu\/wp-content\/uploads\/2021\/12\/belux-logo-full-color-rgb.svg","width":1,"height":1,"caption":"EDMO Belux"},"image":{"@id":"https:\/\/belux.edmo.eu\/#\/schema\/logo\/image\/"},"sameAs":["https:\/\/x.com\/Edmo_Belux"]},{"@type":"Person","@id":"https:\/\/belux.edmo.eu\/#\/schema\/person\/dbe3b252258537fd318f9b5645a30342","name":"master","sameAs":["https:\/\/belux.wpengine.com"],"url":"https:\/\/belux.edmo.eu\/lb\/author\/master\/"}]}},"menu_order":0,"_links":{"self":[{"href":"https:\/\/belux.edmo.eu\/lb\/wp-json\/wp\/v2\/posts\/393845","targetHints":{"allow":["GET"]}}],"collection":[{"href":"https:\/\/belux.edmo.eu\/lb\/wp-json\/wp\/v2\/posts"}],"about":[{"href":"https:\/\/belux.edmo.eu\/lb\/wp-json\/wp\/v2\/types\/post"}],"author":[{"embeddable":true,"href":"https:\/\/belux.edmo.eu\/lb\/wp-json\/wp\/v2\/users\/1"}],"replies":[{"embeddable":true,"href":"https:\/\/belux.edmo.eu\/lb\/wp-json\/wp\/v2\/comments?post=393845"}],"version-history":[{"count":0,"href":"https:\/\/belux.edmo.eu\/lb\/wp-json\/wp\/v2\/posts\/393845\/revisions"}],"wp:featuredmedia":[{"embeddable":true,"href":"https:\/\/belux.edmo.eu\/lb\/wp-json\/wp\/v2\/media\/393825"}],"wp:attachment":[{"href":"https:\/\/belux.edmo.eu\/lb\/wp-json\/wp\/v2\/media?parent=393845"}],"wp:term":[{"taxonomy":"category","embeddable":true,"href":"https:\/\/belux.edmo.eu\/lb\/wp-json\/wp\/v2\/categories?post=393845"},{"taxonomy":"post_tag","embeddable":true,"href":"https:\/\/belux.edmo.eu\/lb\/wp-json\/wp\/v2\/tags?post=393845"}],"curies":[{"name":"wp","href":"https:\/\/api.w.org\/{rel}","templated":true}]}}