{"id":394708,"date":"2025-05-09T13:00:18","date_gmt":"2025-05-09T13:00:18","guid":{"rendered":"https:\/\/belux.edmo.eu\/?p=394708"},"modified":"2025-05-15T05:15:15","modified_gmt":"2025-05-15T05:15:15","slug":"faktencheck-elections-canada-widderleet-video-iwwer-angeeblech-falschen-mgang-mat-stmmziedelen","status":"publish","type":"post","link":"https:\/\/belux.edmo.eu\/lb\/faktencheck-elections-canada-widderleet-video-iwwer-angeeblech-falschen-mgang-mat-stmmziedelen\/","title":{"rendered":"Faktencheck: &#8220;Elections Canada&#8221; widderleet Video iwwer angeeblech falschen \u00cbmgang mat St\u00ebmmziedelen"},"content":{"rendered":"<article>\n<div>\n<p>E Video, deen am \u00cbmlaf war, w\u00e4rend d&#8217;Kanadier an de Walb\u00fcro goungen, weist angeeblech, w\u00e9i Leit, d\u00e9i an de Walb\u00fcroe schaffen, Walurne voll mat St\u00ebmmziedelen ouni richteg S\u00e9cherheetsvirk\u00e9ierunge mat heem huelen. Dat ass awer esou net richteg.<\/p>\n<\/div>\n<div>\n<p class=\"article-body__summary\">Elections Canada (d&#8217;kanadesch Autorit\u00e9it, d\u00e9i fir d&#8217;Wale responsabel ass, Um. v. d. Red.) huet matgedeelt, dass an de Kartrongen, d\u00e9i d&#8217;Leit an der Opnam am Grapp haten, keng mark\u00e9iert St\u00ebmmziedelen dra waren, m\u00e4 dofir Materialien, d\u00e9i fir d&#8217;Ariichte vun de Walb\u00fcroe genotzt goufen. Den \u00cbmgang mat den ausgef\u00ebllte St\u00ebmmziedelen \u00ebnnerl\u00e4it enger strenger Kontroll, well d\u00ebs a Kartongen stock\u00e9iert ginn, d\u00e9i mat engem amtlech \u00ebnnerschriwwene Sigel zougespaart sinn, fir Manipulatiounen ze verh\u00ebnneren.<\/p>\n<p class=\"article-body__summary\">&#8220;Ech hunn Leit, d\u00e9i a Walb\u00fcroe schaffen, dob\u00e4i erw\u00ebscht, w\u00e9i si Votte mat heem huelen&#8221; (&#8220;I Caught Elections Workers Taking VOTES HOME&#8221;), steet am Titel vun engem <a href=\"https:\/\/perma.cc\/H7KK-9X4T\" target=\"_blank\" rel=\"noopener\">Video vum 27. Abr\u00ebll 2025<\/a> op YouTube.<\/p>\n<p><img src=\"https:\/\/belux-edmo.s3-accelerate.amazonaws.com\/wp-content\/uploads\/2025\/05\/473c3dd47f042328d7d9610e28c5c03c.jpeg\" alt=\"RTL\" \/> \u00a9 AFP<\/p>\n<p>De bal 30 Minutte laange Video vun &#8220;MCGA&#8221;, engem konservative Kanal mat m\u00e9i w\u00e9i 53.000 Abonnenten, dee sech anscheinend op de Slogan &#8220;Make America Great Again&#8221; vum US-President Donald Trump bezitt, gouf den <a href=\"https:\/\/www.rte.ie\/news\/world\/2025\/0428\/1509820-canada-general-election\/\" target=\"_blank\" rel=\"noopener\">28. Abr\u00ebll, w\u00e9i d&#8217;Kanadier wiele goungen<\/a>, iwwer 145.000 Mol opgeruff.<\/p>\n<p>Eng <a href=\"https:\/\/www.elections.ca\/content.aspx?section=med&amp;dir=pre&amp;document=apr2225&amp;lang=e\" target=\"_blank\" rel=\"noopener\">Rekordzuel vu 7,3 Millioune Leit<\/a> hu bei de <a href=\"https:\/\/www.ndtv.com\/world-news\/canada-sees-record-high-advanced-voting-record-7-3-million-people-cast-votes-8232699\" target=\"_blank\" rel=\"noopener\">virgezunnen Neiwalen<\/a> hir St\u00ebmm ofginn. Et war eng Course t\u00ebscht dem Premierminister Mark Carney vun de Liberalen an dem Kandidat vun de Konservative Pierre Poili\u00e8vre.<\/p>\n<p>De Clip f\u00e4nkt domat un, dass de Propriet\u00e4r vum Kanal, dee sech als Spencer virstellt, behaapt, hie w\u00e4r de 25. Abr\u00ebll virun engem <a href=\"https:\/\/www.elections.ca\/Scripts\/vis\/ReturningOffice?L=e&amp;ED=35039&amp;EV=62&amp;EV_TYPE=1&amp;PC=&amp;PROV=&amp;PROVID=&amp;MAPID=35039&amp;QID=2&amp;PAGEID=30&amp;TPAGEID=&amp;PD=&amp;STAT_CODE_ID=-1\" target=\"_blank\" rel=\"noopener\">Walb\u00fcro zu Hamilton<\/a> an der Prov\u00ebnz Ontario gewiescht, w\u00e9i hie &#8220;f\u00ebnnef Persoune beim Verloosse vum B\u00fcro mat Walurnen observ\u00e9iert huet&#8221;.<\/p>\n<p>De Spencer huet si beim Beluede vun hiren Autoe gefilmt an huet weidergefilmt, w\u00e9i hien engem vun hinne bis heem nogefuer ass an hien zur Ried gestallt huet.<\/p>\n<p>&#8220;Et g\u00ebtt net just keng s\u00e9cher Opbewarungsketten, mee d&#8217;St\u00ebmmziedele ginn och mat Bl\u00e4ist\u00ebft ausgef\u00ebllt&#8221;, seet de Spencer an Uspillung op <a href=\"..\/..\/storage\/data\/afp\/factcheck_v2\/EN\/doc.afp.com.42FU9KD\" target=\"_blank\" rel=\"noopener\">ierf\u00e9ierend Behaaptungen am Internet<\/a>, deenen no d&#8217;Gefor best\u00e9ing, dass d&#8217;St\u00ebmmziedele ver\u00e4nnert oder gel\u00e4scht g\u00e9ifen, well d&#8217;<a href=\"https:\/\/laws-lois.justice.gc.ca\/eng\/acts\/E-2.01\/page-12.html#h-204673\" target=\"_blank\" rel=\"noopener\">Walb\u00fcroe verflicht w\u00e4ren<\/a>, Bl\u00e4ist\u00ebfter zur Verf\u00fcgung ze stellen (<a href=\"https:\/\/perma.cc\/WK7N-FEV8\" target=\"_blank\" rel=\"noopener\">hei<\/a>archiv\u00e9iert).<\/p>\n<p>Hie f\u00fc\u00fcgt och eng separat Opnam b\u00e4i, an d\u00e4r hie mat e puer Mataarbechter vun Elections Canada telefon\u00e9iert huet, vun deenen een d&#8217;Prozeduren an d&#8217;S\u00e9cherheetsvirk\u00e9ierunge fir den \u00cbmgang mat Walurnen erkl\u00e4ert h\u00e4tt. Weider h\u00e4tt d\u00ebse gesot, d&#8217;<a href=\"https:\/\/www.elections.ca\/content.aspx?section=emp&amp;dir=trng\/guide\/dro\/man&amp;document=p5&amp;lang=e\" target=\"_blank\" rel=\"noopener\">Urne w\u00e4re virum Waldag mat ausgef\u00ebllte St\u00ebmmziedelen versigelt<\/a> ginn.<\/p>\n<p>Op Plattforme w\u00e9i <a href=\"https:\/\/mvau.lt\/media\/95470047-1b25-4309-9d9f-99368c2302df\" target=\"_blank\" rel=\"noopener\">Facebook<\/a>,\u00a0<a href=\"https:\/\/perma.cc\/3QCL-HTJR\" target=\"_blank\" rel=\"noopener\">Instagram<\/a> an <a href=\"https:\/\/perma.cc\/QE9B-7JX5\" target=\"_blank\" rel=\"noopener\">X<\/a> hunn Notzer d&#8217;<a href=\"https:\/\/perma.cc\/TPZ2-ZESP\" target=\"_blank\" rel=\"noopener\">Opnam gedeelt<\/a>, d\u00e9i virum Walb\u00fcro opgeholl gouf, zesumme mat Behaaptungen, se g\u00e9if Bedruch oder Feelverhale weisen.<\/p>\n<p>&#8220;MCGA huet Mataarbechter vun Elections Canada dob\u00e4i erw\u00ebscht, w\u00e9i si g\u00e9int d&#8217;Virschr\u00ebften, fir d&#8217;Stock\u00e9iere vun de Walziedelen, verstoussen an d&#8217;Walurnen nees mat heem geholl hunn&#8221;, heescht et an engem <a href=\"https:\/\/perma.cc\/W98P-87GZ\" target=\"_blank\" rel=\"noopener\">Instagram-Post<\/a>.<\/p>\n<p><img src=\"https:\/\/belux-edmo.s3-accelerate.amazonaws.com\/wp-content\/uploads\/2025\/05\/e40e31d0fc5912c3cc828eb6e5886ed3.jpeg\" alt=\"RTL\" \/> \u00a9 AFP<\/p>\n<p>&#8220;Dat ass de Beweis dofir, dass d&#8217;Wale manipul\u00e9iert sinn an d&#8217;Liberal hannert dem Bedruch stiechen&#8221;, heescht et an engem anere B\u00e4itrag op <a href=\"https:\/\/mvau.lt\/media\/3d1084f3-36fe-4ffd-abd2-d758f2bd479d\" target=\"_blank\" rel=\"noopener\">Facebook<\/a>. &#8220;All Walurn kann duerch eng aner Urn ersat ginn, genee w\u00e9i d&#8217;Walziedelen, well d&#8217;Votte just mat Bl\u00e4ist\u00ebft mark\u00e9iert sinn.&#8221;<\/p>\n<p>De Video g\u00e9if awer net weisen, dass Assesseuren d&#8217;St\u00ebmme vun de Kanadier falsch trait\u00e9ieren, sou Elections Canada.<\/p>\n<p>Urnen enthale keng ausgef\u00ebllt St\u00ebmmziedelen<\/p>\n<p>An engem Thread op X vum 28. Abr\u00ebll, dee sech mat dem MCGA-Video besch\u00e4ftegt huet, huet d&#8217;Autorit\u00e9it d&#8217;Leit, d\u00e9i de Video kucken, do virdru gewarnt, &#8220;alles ze gleewen, wat si gesinn&#8221;.<\/p>\n<p>&#8220;Et g\u00ebtt e Video, deen online gedeelt g\u00ebtt, zesumme mat enger R\u00ebtsch ongenee\u00ebn Informatiounen&#8221;, huet <a href=\"https:\/\/x.com\/ElectionsCan_E\/status\/1916871770415534545\" target=\"_blank\" rel=\"noopener\">Elections Canada geschriwwen<\/a> (<a href=\"https:\/\/perma.cc\/2EVC-7X75\" target=\"_blank\" rel=\"noopener\">hei<\/a> archiv\u00e9iert). &#8220;D&#8217;Walurnen am Video sinn net mat ausgef\u00ebllte St\u00ebmmziedele gef\u00ebllt; do war Material dran, dat fir d&#8217;Ariichte vun de Walb\u00fcroen um Waldag n\u00e9ideg ass.&#8221;<\/p>\n<blockquote class=\"twitter-tweet\">\n<p dir=\"ltr\" lang=\"en\">There is a video being shared online, along with some inaccurate information. The ballot boxes in the video are not full of marked ballots; they contain the materials needed to set up the polls for election day. (1\/2) <a href=\"https:\/\/t.co\/S58sDqAgYT\" shape=\"rect\">pic.twitter.com\/S58sDqAgYT<\/a><\/p>\n<p>\u2014 Elections Canada (@ElectionsCan_E) <a href=\"https:\/\/twitter.com\/ElectionsCan_E\/status\/1916853602720563702?ref_src=twsrc%5Etfw\" shape=\"rect\">April 28, 2025<\/a><\/p><\/blockquote>\n<p>Am <a href=\"https:\/\/x.com\/ElectionsCan_E\/status\/1916871731395829802\" target=\"_blank\" rel=\"noopener\">Thread gouf erkl\u00e4ert<\/a>, dass Beamten &#8220;eidel Walurne benotzen, fir d&#8217;Material ze transport\u00e9ieren, d\u00e9i fir d&#8217;Ariichte vun de Walb\u00fcroen um Waldag n\u00e9ideg sinn&#8221;, <a href=\"https:\/\/x.com\/ElectionsCan_E\/status\/1916871770415534545\" target=\"_blank\" rel=\"noopener\">an dass<\/a> &#8220;Walurnen, wou ausgef\u00ebllt St\u00ebmmziedelen dra sinn, uerdnungsgem\u00e4ss mat engem offizielle Sigel ges\u00e9chert ginn, dee vun Assesseure virun Zeien \u00ebnnerschriwwe g\u00ebtt&#8221; (<a href=\"https:\/\/perma.cc\/4CUS-NNXY\" target=\"_blank\" rel=\"noopener\">hei<\/a> an <a href=\"https:\/\/perma.cc\/CP68-RGLN\" target=\"_blank\" rel=\"noopener\">hei<\/a> archiv\u00e9iert).<\/p>\n<p>D&#8217;Autorit\u00e9it huet mat \u00e4nleche <a href=\"https:\/\/x.com\/ElectionsCan_E\/status\/1916870015392927991\" target=\"_blank\" rel=\"noopener\">Kloerstellunge<\/a> villen <a href=\"https:\/\/x.com\/ElectionsCan_E\/status\/1916867456426983829\" target=\"_blank\" rel=\"noopener\">aner Notzer<\/a><a href=\"https:\/\/x.com\/ElectionsCan_E\/status\/1916870227867926838\" target=\"_blank\" rel=\"noopener\">ge\u00e4ntwert<\/a>, d\u00e9i w\u00e9inst dem Video nogefrot haten &#8211; an och als <a href=\"https:\/\/x.com\/ElectionsCan_E\/status\/1916594608831660323\" target=\"_blank\" rel=\"noopener\">\u00c4ntwert op den X-Account<\/a> vum MCGA-Kanal (<a href=\"https:\/\/perma.cc\/V3VC-HNZR\" target=\"_blank\" rel=\"noopener\">hei<\/a>, <a href=\"https:\/\/perma.cc\/V7H9-NFLV\" target=\"_blank\" rel=\"noopener\">hei<\/a>, <a href=\"https:\/\/perma.cc\/5P25-PSEJ\" target=\"_blank\" rel=\"noopener\">hei<\/a> an <a href=\"https:\/\/perma.cc\/YL5X-FFPC\" target=\"_blank\" rel=\"noopener\">hei<\/a> archiv\u00e9iert).<\/p>\n<p>Elections Canada huet der AFP an enger E-Mail vum 28. Abr\u00ebll matgedeelt, dass zum Material, dat fir d&#8217;Preparatioun vun de Walb\u00fcroe fir de Waldag erfuerderlech war, Sch\u00eblter, Feedback-Formulairen an Aktivit\u00e9itsprotokoller geh\u00e9iert hunn.<\/p>\n<p>D&#8217;Autorit\u00e9it sot, dass d&#8217;stellvertriedend Walb\u00fcrospresidenten oder d\u00e9i zentral B\u00fcrospresidenten d\u00ebst Material virun de Walen am lokale Walb\u00fcro ofhuelen, wou d\u00ebst Material stock\u00e9iert g\u00ebtt.<\/p>\n<p>&#8220;Si huele se mat heem, wa se net virdrun Zougang zum Walb\u00fcro hunn, well e puer Walb\u00fcroe just fir een Dag gelount ginn&#8221;, sou d&#8217;Autorit\u00e9it g\u00e9intiwwer der AFP. &#8220;D\u00e9i eidel Walurne k\u00ebnne fir den Transport vum Material benotzt ginn.&#8221;<\/p>\n<p>An de weideren Opname vum MCGA-Kanal sot d&#8217;Persoun, d\u00e4r de Spencer bis heem nogaangen ass a si befrot huet, iwwer d&#8217;Urn: &#8220;Se ass eidel.&#8221; De Mann sot dunn, hie misst d&#8217;Urn mat heem huelen, fir dass hie se um Waldag an e Walb\u00fcro br\u00e9nge k\u00e9int.<\/p>\n<p>Schutzmesur\u00eb fir Walurnen<\/p>\n<p>D&#8217;Walurnen, wou d&#8217;Walziedelen aus de Walb\u00fcroen dra sinn, si bis zum Ausziele vun de Resultater um Waldag duerch eng R\u00ebtsch S\u00e9cherheetsvirk\u00e9ierunge gesch\u00fctzt, sou Elections Canada g\u00e9intiwwer der AFP.<\/p>\n<p>An der Rubrik &#8220;ElectoFacts&#8221; op der <a href=\"https:\/\/www.elections.ca\/content.aspx?section=res&amp;dir=dis&amp;document=index&amp;lang=e#votedtwo\" target=\"_blank\" rel=\"noopener\">Internets\u00e4it vun der Autorit\u00e9it<\/a> heescht et, dass de stellvertriedende Walb\u00fcropresident (DRO, deputy returning officer) no all Dag bei virgezunnen Neiwale de Schlitz vun der Walurn versigelt an de Sigel zesumme mat den Vertrieder vun de Parteien oder Kandidaten, d\u00e9i present sinn, \u00ebnnerschreift, fir Manipulatiounen ze verh\u00ebnneren (<a href=\"https:\/\/perma.cc\/F9SK-V9R4\" target=\"_blank\" rel=\"noopener\">hei<\/a> archiv\u00e9iert). D&#8217;S\u00e4ite vun all Walurn ginn och versigelt.<\/p>\n<p>D&#8217;Walurne mussen zu all Moment versigelt an op enger s\u00e9cherer Plaz stock\u00e9iert ginn, an d&#8217;Iwwergi vun den Urne muss \u00ebmmer protokoll\u00e9iert ginn, heescht et op der Internets\u00e4it.<\/p>\n<p>&#8220;An der Z\u00e4it t\u00ebscht de virgezunnen Neiwalen an der Auszielung vun de St\u00ebmmziedelen um Waldag ginn d&#8217;Walurnen entweeder op senger s\u00e9cherer Plaz am Walb\u00fcro oder \u00ebnnert der Opsiicht vum DRO \u00ebnnerbruecht&#8221;, heescht et weider.<\/p>\n<p>D&#8217;Zerst\u00e9ierung oder soss eng Beantr\u00e4chtegung vun enger Walurn oder den St\u00ebmmziedelen, d\u00e9i an der Urn sinn, ass no kanadeschem Walgesetz illegal. Wie g\u00e9int d\u00ebst federaalt Walgesetz verst\u00e9isst, <a href=\"https:\/\/www.cef-cce.ca\/content.asp?section=faq&amp;dir=&amp;document=about&amp;lang=e#qa13\" target=\"_blank\" rel=\"noopener\">muss mat Geld- a souguer Prisongsstrofe rechnen<\/a> (<a href=\"https:\/\/web.archive.org\/web\/20250418161924\/https:\/\/www.cef-cce.ca\/content.asp?section=faq&amp;dir=&amp;document=about&amp;lang=e#qa13\" target=\"_blank\" rel=\"noopener\">hei<\/a> archiv\u00e9iert).<\/p>\n<p>&#8220;Assesseure schwieren en Eed, dass si d&#8217;Wal\u00ebnnerlagen net manipul\u00e9ieren a keng St\u00ebmmen ewechgeheie w\u00e4erten, a si \u00ebnnerschreiwen en offizielle Protokoll am lokale Walb\u00fcro vun Elections Canada, wa si d\u00e9i net ausgef\u00ebllt Walziedele kr\u00e9ien&#8221;, sou Elections Canada an hirer E-Mail.<\/p>\n<p>D&#8217;AFP huet nach <a href=\"..\/..\/storage\/data\/afp\/factcheck_v2\/EN\/list\/Canadian-elections-2025\" target=\"_blank\" rel=\"noopener\">aner Feelinformatiounen iwwer d&#8217;Walen a Kanada opgedeckt<\/a>.<\/p>\n<p><em>D\u00ebse Faktencheck gouf vun RTL op L\u00ebtzebuergesch iwwersat.<br \/>\n<\/em><\/p>\n<\/div>\n<\/article>\n","protected":false},"excerpt":{"rendered":"<p>E Video, deen am \u00cbmlaf war, w\u00e4rend d&#8217;Kanadier an de Walb\u00fcro goungen, weist angeeblech, w\u00e9i Leit, d\u00e9i an de Walb\u00fcroe schaffen, Walurne voll mat St\u00ebmmziedelen ouni richteg S\u00e9cherheetsvirk\u00e9ierunge mat heem huelen. Dat ass awer esou net richteg.<\/p>\n","protected":false},"author":1,"featured_media":394693,"comment_status":"closed","ping_status":"closed","sticky":false,"template":"","format":"standard","meta":{"_acf_changed":false,"footnotes":""},"categories":[470,183,191],"tags":[],"class_list":{"0":"post-394708","1":"post","2":"type-post","3":"status-publish","4":"format-standard","5":"has-post-thumbnail","7":"category-editors-choice-lu","8":"category-fact-check-lb","9":"category-politik"},"acf":{"show_metatags":true,"id":"2298523","authors":"RTL L\u00ebtzebuerg","organization":"RTL","featured_image_copyright":"","text_copyright":"Copyright RTL \/ CLT-UFA S.A.","source":"https:\/\/www.rtl.lu\/news\/faktencheck\/a\/2298523.html","fact_checker":"https:\/\/belux.wpengine.com\/wp-content\/uploads\/2021\/12\/rtl_logo.png","share_this_post_to_edmo_website":false,"affiliation":"ADMO","type":"Closed Event","location":"","start_date":"","start_date_event_begins_at":"","start_date_event_ends_at":"","end_date":"","end_date_event_begins_at":"","end_date_event_ends_at":"","organizer":"","fact_checker_logo_image":false},"yoast_head":"<!-- This site is optimized with the Yoast SEO plugin v27.0 - https:\/\/yoast.com\/product\/yoast-seo-wordpress\/ -->\n<title>Faktencheck: &quot;Elections Canada&quot; widderleet Video iwwer angeeblech falschen \u00cbmgang mat St\u00ebmmziedelen - EDMO Belux<\/title>\n<meta name=\"robots\" content=\"index, follow, max-snippet:-1, max-image-preview:large, max-video-preview:-1\" \/>\n<link rel=\"canonical\" href=\"https:\/\/belux.edmo.eu\/lb\/faktencheck-elections-canada-widderleet-video-iwwer-angeeblech-falschen-mgang-mat-stmmziedelen\/\" \/>\n<meta property=\"og:locale\" content=\"en_US\" \/>\n<meta property=\"og:type\" content=\"article\" \/>\n<meta property=\"og:title\" content=\"Faktencheck: &quot;Elections Canada&quot; widderleet Video iwwer angeeblech falschen \u00cbmgang mat St\u00ebmmziedelen - EDMO Belux\" \/>\n<meta property=\"og:description\" content=\"E Video, deen am \u00cbmlaf war, w\u00e4rend d&#039;Kanadier an de Walb\u00fcro goungen, weist angeeblech, w\u00e9i Leit, d\u00e9i an de Walb\u00fcroe schaffen, Walurne voll mat St\u00ebmmziedelen ouni richteg S\u00e9cherheetsvirk\u00e9ierunge mat heem huelen. Dat ass awer esou net richteg.\" \/>\n<meta property=\"og:url\" content=\"https:\/\/belux.edmo.eu\/lb\/faktencheck-elections-canada-widderleet-video-iwwer-angeeblech-falschen-mgang-mat-stmmziedelen\/\" \/>\n<meta property=\"og:site_name\" content=\"EDMO Belux\" \/>\n<meta property=\"article:published_time\" content=\"2025-05-09T13:00:18+00:00\" \/>\n<meta property=\"article:modified_time\" content=\"2025-05-15T05:15:15+00:00\" \/>\n<meta property=\"og:image\" content=\"https:\/\/belux-edmo.s3-accelerate.amazonaws.com\/wp-content\/uploads\/2025\/05\/427a8c334fe29bb19af8091fbda155e2.jpeg\" \/>\n\t<meta property=\"og:image:width\" content=\"1080\" \/>\n\t<meta property=\"og:image:height\" content=\"608\" \/>\n\t<meta property=\"og:image:type\" content=\"image\/jpeg\" \/>\n<meta name=\"author\" content=\"master\" \/>\n<meta name=\"twitter:card\" content=\"summary_large_image\" \/>\n<meta name=\"twitter:creator\" content=\"@Edmo_Belux\" \/>\n<meta name=\"twitter:site\" content=\"@Edmo_Belux\" \/>\n<meta name=\"twitter:label1\" content=\"Written by\" \/>\n\t<meta name=\"twitter:data1\" content=\"master\" \/>\n\t<meta name=\"twitter:label2\" content=\"Est. reading time\" \/>\n\t<meta name=\"twitter:data2\" content=\"6 minutes\" \/>\n<script type=\"application\/ld+json\" class=\"yoast-schema-graph\">{\"@context\":\"https:\/\/schema.org\",\"@graph\":[{\"@type\":\"Article\",\"@id\":\"https:\/\/belux.edmo.eu\/lb\/faktencheck-elections-canada-widderleet-video-iwwer-angeeblech-falschen-mgang-mat-stmmziedelen\/#article\",\"isPartOf\":{\"@id\":\"https:\/\/belux.edmo.eu\/lb\/faktencheck-elections-canada-widderleet-video-iwwer-angeeblech-falschen-mgang-mat-stmmziedelen\/\"},\"author\":{\"name\":\"master\",\"@id\":\"https:\/\/belux.edmo.eu\/#\/schema\/person\/dbe3b252258537fd318f9b5645a30342\"},\"headline\":\"Faktencheck: &#8220;Elections Canada&#8221; widderleet Video iwwer angeeblech falschen \u00cbmgang mat St\u00ebmmziedelen\",\"datePublished\":\"2025-05-09T13:00:18+00:00\",\"dateModified\":\"2025-05-15T05:15:15+00:00\",\"mainEntityOfPage\":{\"@id\":\"https:\/\/belux.edmo.eu\/lb\/faktencheck-elections-canada-widderleet-video-iwwer-angeeblech-falschen-mgang-mat-stmmziedelen\/\"},\"wordCount\":1326,\"publisher\":{\"@id\":\"https:\/\/belux.edmo.eu\/#organization\"},\"image\":{\"@id\":\"https:\/\/belux.edmo.eu\/lb\/faktencheck-elections-canada-widderleet-video-iwwer-angeeblech-falschen-mgang-mat-stmmziedelen\/#primaryimage\"},\"thumbnailUrl\":\"https:\/\/belux-edmo.s3-accelerate.amazonaws.com\/wp-content\/uploads\/2025\/05\/427a8c334fe29bb19af8091fbda155e2.jpeg\",\"articleSection\":[\"Editor's Choice Slider LU\",\"Fact Check\",\"Politik\"],\"inLanguage\":\"lb-LU\"},{\"@type\":\"WebPage\",\"@id\":\"https:\/\/belux.edmo.eu\/lb\/faktencheck-elections-canada-widderleet-video-iwwer-angeeblech-falschen-mgang-mat-stmmziedelen\/\",\"url\":\"https:\/\/belux.edmo.eu\/lb\/faktencheck-elections-canada-widderleet-video-iwwer-angeeblech-falschen-mgang-mat-stmmziedelen\/\",\"name\":\"Faktencheck: \\\"Elections Canada\\\" widderleet Video iwwer angeeblech falschen \u00cbmgang mat St\u00ebmmziedelen - EDMO Belux\",\"isPartOf\":{\"@id\":\"https:\/\/belux.edmo.eu\/#website\"},\"primaryImageOfPage\":{\"@id\":\"https:\/\/belux.edmo.eu\/lb\/faktencheck-elections-canada-widderleet-video-iwwer-angeeblech-falschen-mgang-mat-stmmziedelen\/#primaryimage\"},\"image\":{\"@id\":\"https:\/\/belux.edmo.eu\/lb\/faktencheck-elections-canada-widderleet-video-iwwer-angeeblech-falschen-mgang-mat-stmmziedelen\/#primaryimage\"},\"thumbnailUrl\":\"https:\/\/belux-edmo.s3-accelerate.amazonaws.com\/wp-content\/uploads\/2025\/05\/427a8c334fe29bb19af8091fbda155e2.jpeg\",\"datePublished\":\"2025-05-09T13:00:18+00:00\",\"dateModified\":\"2025-05-15T05:15:15+00:00\",\"breadcrumb\":{\"@id\":\"https:\/\/belux.edmo.eu\/lb\/faktencheck-elections-canada-widderleet-video-iwwer-angeeblech-falschen-mgang-mat-stmmziedelen\/#breadcrumb\"},\"inLanguage\":\"lb-LU\",\"potentialAction\":[{\"@type\":\"ReadAction\",\"target\":[\"https:\/\/belux.edmo.eu\/lb\/faktencheck-elections-canada-widderleet-video-iwwer-angeeblech-falschen-mgang-mat-stmmziedelen\/\"]}]},{\"@type\":\"ImageObject\",\"inLanguage\":\"lb-LU\",\"@id\":\"https:\/\/belux.edmo.eu\/lb\/faktencheck-elections-canada-widderleet-video-iwwer-angeeblech-falschen-mgang-mat-stmmziedelen\/#primaryimage\",\"url\":\"https:\/\/belux-edmo.s3-accelerate.amazonaws.com\/wp-content\/uploads\/2025\/05\/427a8c334fe29bb19af8091fbda155e2.jpeg\",\"contentUrl\":\"https:\/\/belux-edmo.s3-accelerate.amazonaws.com\/wp-content\/uploads\/2025\/05\/427a8c334fe29bb19af8091fbda155e2.jpeg\",\"width\":1080,\"height\":608,\"caption\":\"Faktencheck: \\\"Elections Canada\\\" widderleet Video iwwer angeeblech falschen \u00cbmgang mat St\u00ebmmziedelen - Featured image\"},{\"@type\":\"BreadcrumbList\",\"@id\":\"https:\/\/belux.edmo.eu\/lb\/faktencheck-elections-canada-widderleet-video-iwwer-angeeblech-falschen-mgang-mat-stmmziedelen\/#breadcrumb\",\"itemListElement\":[{\"@type\":\"ListItem\",\"position\":1,\"name\":\"Home\",\"item\":\"https:\/\/belux.edmo.eu\/lb\/\"},{\"@type\":\"ListItem\",\"position\":2,\"name\":\"Faktencheck: &#8220;Elections Canada&#8221; widderleet Video iwwer angeeblech falschen \u00cbmgang mat St\u00ebmmziedelen\"}]},{\"@type\":\"WebSite\",\"@id\":\"https:\/\/belux.edmo.eu\/#website\",\"url\":\"https:\/\/belux.edmo.eu\/\",\"name\":\"EDMO Belux\",\"description\":\"Monitoring Disinformation in Belgium and Luxembourg\",\"publisher\":{\"@id\":\"https:\/\/belux.edmo.eu\/#organization\"},\"potentialAction\":[{\"@type\":\"SearchAction\",\"target\":{\"@type\":\"EntryPoint\",\"urlTemplate\":\"https:\/\/belux.edmo.eu\/?s={search_term_string}\"},\"query-input\":{\"@type\":\"PropertyValueSpecification\",\"valueRequired\":true,\"valueName\":\"search_term_string\"}}],\"inLanguage\":\"lb-LU\"},{\"@type\":\"Organization\",\"@id\":\"https:\/\/belux.edmo.eu\/#organization\",\"name\":\"EDMO Belux\",\"url\":\"https:\/\/belux.edmo.eu\/\",\"logo\":{\"@type\":\"ImageObject\",\"inLanguage\":\"lb-LU\",\"@id\":\"https:\/\/belux.edmo.eu\/#\/schema\/logo\/image\/\",\"url\":\"https:\/\/belux.edmo.eu\/wp-content\/uploads\/2021\/12\/belux-logo-full-color-rgb.svg\",\"contentUrl\":\"https:\/\/belux.edmo.eu\/wp-content\/uploads\/2021\/12\/belux-logo-full-color-rgb.svg\",\"width\":1,\"height\":1,\"caption\":\"EDMO Belux\"},\"image\":{\"@id\":\"https:\/\/belux.edmo.eu\/#\/schema\/logo\/image\/\"},\"sameAs\":[\"https:\/\/x.com\/Edmo_Belux\"]},{\"@type\":\"Person\",\"@id\":\"https:\/\/belux.edmo.eu\/#\/schema\/person\/dbe3b252258537fd318f9b5645a30342\",\"name\":\"master\",\"sameAs\":[\"https:\/\/belux.wpengine.com\"],\"url\":\"https:\/\/belux.edmo.eu\/lb\/author\/master\/\"}]}<\/script>\n<!-- \/ Yoast SEO plugin. -->","yoast_head_json":{"title":"Faktencheck: \"Elections Canada\" widderleet Video iwwer angeeblech falschen \u00cbmgang mat St\u00ebmmziedelen - EDMO Belux","robots":{"index":"index","follow":"follow","max-snippet":"max-snippet:-1","max-image-preview":"max-image-preview:large","max-video-preview":"max-video-preview:-1"},"canonical":"https:\/\/belux.edmo.eu\/lb\/faktencheck-elections-canada-widderleet-video-iwwer-angeeblech-falschen-mgang-mat-stmmziedelen\/","og_locale":"en_US","og_type":"article","og_title":"Faktencheck: \"Elections Canada\" widderleet Video iwwer angeeblech falschen \u00cbmgang mat St\u00ebmmziedelen - EDMO Belux","og_description":"E Video, deen am \u00cbmlaf war, w\u00e4rend d'Kanadier an de Walb\u00fcro goungen, weist angeeblech, w\u00e9i Leit, d\u00e9i an de Walb\u00fcroe schaffen, Walurne voll mat St\u00ebmmziedelen ouni richteg S\u00e9cherheetsvirk\u00e9ierunge mat heem huelen. Dat ass awer esou net richteg.","og_url":"https:\/\/belux.edmo.eu\/lb\/faktencheck-elections-canada-widderleet-video-iwwer-angeeblech-falschen-mgang-mat-stmmziedelen\/","og_site_name":"EDMO Belux","article_published_time":"2025-05-09T13:00:18+00:00","article_modified_time":"2025-05-15T05:15:15+00:00","og_image":[{"width":1080,"height":608,"url":"https:\/\/belux-edmo.s3-accelerate.amazonaws.com\/wp-content\/uploads\/2025\/05\/427a8c334fe29bb19af8091fbda155e2.jpeg","type":"image\/jpeg"}],"author":"master","twitter_card":"summary_large_image","twitter_creator":"@Edmo_Belux","twitter_site":"@Edmo_Belux","twitter_misc":{"Written by":"master","Est. reading time":"6 minutes"},"schema":{"@context":"https:\/\/schema.org","@graph":[{"@type":"Article","@id":"https:\/\/belux.edmo.eu\/lb\/faktencheck-elections-canada-widderleet-video-iwwer-angeeblech-falschen-mgang-mat-stmmziedelen\/#article","isPartOf":{"@id":"https:\/\/belux.edmo.eu\/lb\/faktencheck-elections-canada-widderleet-video-iwwer-angeeblech-falschen-mgang-mat-stmmziedelen\/"},"author":{"name":"master","@id":"https:\/\/belux.edmo.eu\/#\/schema\/person\/dbe3b252258537fd318f9b5645a30342"},"headline":"Faktencheck: &#8220;Elections Canada&#8221; widderleet Video iwwer angeeblech falschen \u00cbmgang mat St\u00ebmmziedelen","datePublished":"2025-05-09T13:00:18+00:00","dateModified":"2025-05-15T05:15:15+00:00","mainEntityOfPage":{"@id":"https:\/\/belux.edmo.eu\/lb\/faktencheck-elections-canada-widderleet-video-iwwer-angeeblech-falschen-mgang-mat-stmmziedelen\/"},"wordCount":1326,"publisher":{"@id":"https:\/\/belux.edmo.eu\/#organization"},"image":{"@id":"https:\/\/belux.edmo.eu\/lb\/faktencheck-elections-canada-widderleet-video-iwwer-angeeblech-falschen-mgang-mat-stmmziedelen\/#primaryimage"},"thumbnailUrl":"https:\/\/belux-edmo.s3-accelerate.amazonaws.com\/wp-content\/uploads\/2025\/05\/427a8c334fe29bb19af8091fbda155e2.jpeg","articleSection":["Editor's Choice Slider LU","Fact Check","Politik"],"inLanguage":"lb-LU"},{"@type":"WebPage","@id":"https:\/\/belux.edmo.eu\/lb\/faktencheck-elections-canada-widderleet-video-iwwer-angeeblech-falschen-mgang-mat-stmmziedelen\/","url":"https:\/\/belux.edmo.eu\/lb\/faktencheck-elections-canada-widderleet-video-iwwer-angeeblech-falschen-mgang-mat-stmmziedelen\/","name":"Faktencheck: \"Elections Canada\" widderleet Video iwwer angeeblech falschen \u00cbmgang mat St\u00ebmmziedelen - EDMO Belux","isPartOf":{"@id":"https:\/\/belux.edmo.eu\/#website"},"primaryImageOfPage":{"@id":"https:\/\/belux.edmo.eu\/lb\/faktencheck-elections-canada-widderleet-video-iwwer-angeeblech-falschen-mgang-mat-stmmziedelen\/#primaryimage"},"image":{"@id":"https:\/\/belux.edmo.eu\/lb\/faktencheck-elections-canada-widderleet-video-iwwer-angeeblech-falschen-mgang-mat-stmmziedelen\/#primaryimage"},"thumbnailUrl":"https:\/\/belux-edmo.s3-accelerate.amazonaws.com\/wp-content\/uploads\/2025\/05\/427a8c334fe29bb19af8091fbda155e2.jpeg","datePublished":"2025-05-09T13:00:18+00:00","dateModified":"2025-05-15T05:15:15+00:00","breadcrumb":{"@id":"https:\/\/belux.edmo.eu\/lb\/faktencheck-elections-canada-widderleet-video-iwwer-angeeblech-falschen-mgang-mat-stmmziedelen\/#breadcrumb"},"inLanguage":"lb-LU","potentialAction":[{"@type":"ReadAction","target":["https:\/\/belux.edmo.eu\/lb\/faktencheck-elections-canada-widderleet-video-iwwer-angeeblech-falschen-mgang-mat-stmmziedelen\/"]}]},{"@type":"ImageObject","inLanguage":"lb-LU","@id":"https:\/\/belux.edmo.eu\/lb\/faktencheck-elections-canada-widderleet-video-iwwer-angeeblech-falschen-mgang-mat-stmmziedelen\/#primaryimage","url":"https:\/\/belux-edmo.s3-accelerate.amazonaws.com\/wp-content\/uploads\/2025\/05\/427a8c334fe29bb19af8091fbda155e2.jpeg","contentUrl":"https:\/\/belux-edmo.s3-accelerate.amazonaws.com\/wp-content\/uploads\/2025\/05\/427a8c334fe29bb19af8091fbda155e2.jpeg","width":1080,"height":608,"caption":"Faktencheck: \"Elections Canada\" widderleet Video iwwer angeeblech falschen \u00cbmgang mat St\u00ebmmziedelen - Featured image"},{"@type":"BreadcrumbList","@id":"https:\/\/belux.edmo.eu\/lb\/faktencheck-elections-canada-widderleet-video-iwwer-angeeblech-falschen-mgang-mat-stmmziedelen\/#breadcrumb","itemListElement":[{"@type":"ListItem","position":1,"name":"Home","item":"https:\/\/belux.edmo.eu\/lb\/"},{"@type":"ListItem","position":2,"name":"Faktencheck: &#8220;Elections Canada&#8221; widderleet Video iwwer angeeblech falschen \u00cbmgang mat St\u00ebmmziedelen"}]},{"@type":"WebSite","@id":"https:\/\/belux.edmo.eu\/#website","url":"https:\/\/belux.edmo.eu\/","name":"EDMO Belux","description":"Monitoring Disinformation in Belgium and Luxembourg","publisher":{"@id":"https:\/\/belux.edmo.eu\/#organization"},"potentialAction":[{"@type":"SearchAction","target":{"@type":"EntryPoint","urlTemplate":"https:\/\/belux.edmo.eu\/?s={search_term_string}"},"query-input":{"@type":"PropertyValueSpecification","valueRequired":true,"valueName":"search_term_string"}}],"inLanguage":"lb-LU"},{"@type":"Organization","@id":"https:\/\/belux.edmo.eu\/#organization","name":"EDMO Belux","url":"https:\/\/belux.edmo.eu\/","logo":{"@type":"ImageObject","inLanguage":"lb-LU","@id":"https:\/\/belux.edmo.eu\/#\/schema\/logo\/image\/","url":"https:\/\/belux.edmo.eu\/wp-content\/uploads\/2021\/12\/belux-logo-full-color-rgb.svg","contentUrl":"https:\/\/belux.edmo.eu\/wp-content\/uploads\/2021\/12\/belux-logo-full-color-rgb.svg","width":1,"height":1,"caption":"EDMO Belux"},"image":{"@id":"https:\/\/belux.edmo.eu\/#\/schema\/logo\/image\/"},"sameAs":["https:\/\/x.com\/Edmo_Belux"]},{"@type":"Person","@id":"https:\/\/belux.edmo.eu\/#\/schema\/person\/dbe3b252258537fd318f9b5645a30342","name":"master","sameAs":["https:\/\/belux.wpengine.com"],"url":"https:\/\/belux.edmo.eu\/lb\/author\/master\/"}]}},"menu_order":0,"_links":{"self":[{"href":"https:\/\/belux.edmo.eu\/lb\/wp-json\/wp\/v2\/posts\/394708","targetHints":{"allow":["GET"]}}],"collection":[{"href":"https:\/\/belux.edmo.eu\/lb\/wp-json\/wp\/v2\/posts"}],"about":[{"href":"https:\/\/belux.edmo.eu\/lb\/wp-json\/wp\/v2\/types\/post"}],"author":[{"embeddable":true,"href":"https:\/\/belux.edmo.eu\/lb\/wp-json\/wp\/v2\/users\/1"}],"replies":[{"embeddable":true,"href":"https:\/\/belux.edmo.eu\/lb\/wp-json\/wp\/v2\/comments?post=394708"}],"version-history":[{"count":0,"href":"https:\/\/belux.edmo.eu\/lb\/wp-json\/wp\/v2\/posts\/394708\/revisions"}],"wp:featuredmedia":[{"embeddable":true,"href":"https:\/\/belux.edmo.eu\/lb\/wp-json\/wp\/v2\/media\/394693"}],"wp:attachment":[{"href":"https:\/\/belux.edmo.eu\/lb\/wp-json\/wp\/v2\/media?parent=394708"}],"wp:term":[{"taxonomy":"category","embeddable":true,"href":"https:\/\/belux.edmo.eu\/lb\/wp-json\/wp\/v2\/categories?post=394708"},{"taxonomy":"post_tag","embeddable":true,"href":"https:\/\/belux.edmo.eu\/lb\/wp-json\/wp\/v2\/tags?post=394708"}],"curies":[{"name":"wp","href":"https:\/\/api.w.org\/{rel}","templated":true}]}}