{"id":399214,"date":"2025-07-30T13:00:16","date_gmt":"2025-07-30T13:00:16","guid":{"rendered":"https:\/\/belux.edmo.eu\/?p=399214"},"modified":"2025-07-30T15:12:03","modified_gmt":"2025-07-30T15:12:03","slug":"faktencheck-selenskyj-huet-evakuierung-vun-ziviller-bevlkerung-net-nnersot","status":"publish","type":"post","link":"https:\/\/belux.edmo.eu\/lb\/faktencheck-selenskyj-huet-evakuierung-vun-ziviller-bevlkerung-net-nnersot\/","title":{"rendered":"Faktencheck: Selenskyj huet Evaku\u00e9ierung vun ziviller Bev\u00eblkerung net \u00ebnnersot"},"content":{"rendered":"<article>\n<div>\n<p>Den ukrainesche President Wolodymyr Selenskyj ass dacks Zilscheif vun Desinformatiounscampagnen. Am Juni 2025 hunn Notzerinnen an Notzer vu soziale Plattforme en Interview gedeelt, an deem de Selenskyj angeeblech behaapt h\u00e4tt, hie g\u00e9if d&#8217;Zivilbev\u00eblkerung als &#8220;m\u00ebnschlech Schutzsch\u00eblter&#8221; asetzen.<\/p>\n<\/div>\n<div>\n<p class=\"article-body__summary\">AFP-Recherchen hunn erginn, dass d&#8217;Interviewsequenz, d\u00e9i aus dem Joer 2022 staamt, aus dem Kontext gerappt gouf. Am Originalvideo hat de Selenskyj erkl\u00e4ert, dass d&#8217;Regierung de M\u00ebnschen h\u00ebllefe g\u00e9if, d\u00e9i belagert Stied ze verloossen, wa si dat hire Wonsch w\u00e4r.<\/p>\n<p class=\"article-body__summary\">&#8220;#Sumy brauch Zivilisten als Schutzsch\u00eblter&#8221;,\u00a0 housch et an engem <a href=\"https:\/\/mvau.lt\/media\/ef8019f0-314f-4311-91b5-1e2a4d9d5d97\" target=\"_blank\" rel=\"noopener\">Facebook<\/a>-B\u00e4itrag vum 11. Juni 2025. Dob\u00e4i gouf e Video gedeelt, an deem den ukrainesche President Wolodymyr Selenskyj op Ukrainesch sot: &#8220;Wann d&#8217;Stad eidel ass, g\u00ebtt et m\u00e9i einfach, se anzehuelen.&#8221; Dow\u00e9inst w\u00e9ilt de Selenskyj, &#8220;dass d&#8217;Zivilbev\u00eblkerung als m\u00ebnschleche Schutzsch\u00ebld dobleift&#8221;, stoung weider am B\u00e4itrag, deen och op <a href=\"https:\/\/perma.cc\/CWQ2-KKLQ\" target=\"_blank\" rel=\"noopener\">Telegram<\/a> am \u00cbmlaf war. \u00a0D&#8217;Behaaptung war och op <a href=\"https:\/\/mvau.lt\/media\/ce5f04c4-b7d4-4c66-a850-398de7ffbb55\" target=\"_blank\" rel=\"noopener\">Tschechesch<\/a>, <a href=\"https:\/\/mvau.lt\/media\/7ec92493-088b-4fb9-9d94-4dcf60b77fb7\" target=\"_blank\" rel=\"noopener\">Englesch<\/a> souw\u00e9i <a href=\"https:\/\/mvau.lt\/media\/7032a3bd-0303-448c-883d-6eeb99d7bf3a\" target=\"_blank\" rel=\"noopener\">Frans\u00e9isch<\/a> gedeelt ginn.<\/p>\n<p class=\"article-body__summary\">Am B\u00e4itrag ass en 13 Sekonne laange Video dran, deen de Selenskyj bei engem Interview mam Schw\u00e4izer Reporter <a href=\"https:\/\/perma.cc\/E463-98GN\" target=\"_blank\" rel=\"noopener\">Darius Rochebin<\/a> op Ukrainesch weist. Den ukrainesche Staatschef sot doran awer och: &#8220;De Staat muss Korridoren a M\u00e9iglechkeete fir eng Evaku\u00e9ierung bereetstellen.&#8221;<\/p>\n<p><img src=\"https:\/\/belux-edmo.s3-accelerate.amazonaws.com\/wp-content\/uploads\/2025\/07\/075b44923ee260f78a4af3feee64d08c.jpeg\" alt=\"RTL\" \/> \u00a9 AFP<\/p>\n<p>S\u00e4i Statement g\u00ebtt och duerch englesch \u00cbnnertitel beluecht, mee d&#8217;Beschreiwung vum B\u00e4itrag iwwer dem Selenskyj seng Politik a Bezuch op Korridoren an Evaku\u00e9ierung ass m\u00ebssverst\u00e4ndlech.<\/p>\n<p>Wat de Selenskyj am Interview 2022 wierklech sot<\/p>\n<p>Math\u00ebllef vun enger <a href=\"https:\/\/www.youtube.com\/watch?v=FIyQDhC0BNI\" target=\"_blank\" rel=\"noopener\">\u00ebmgek\u00e9ierter Billersich<\/a> vu Screenshots aus dem Clip huet d&#8217;AFP erausfonnt, dass de Clip vun 13 Sekonnen aus engem <a href=\"https:\/\/perma.cc\/HDR8-G9MW\" target=\"_blank\" rel=\"noopener\">Interview vum 16. Dezember 2022<\/a> mam Rochebin fir de frans\u00e9ischen Norichtesender <a href=\"https:\/\/perma.cc\/86CP-22GT\" target=\"_blank\" rel=\"noopener\">LCI<\/a> staamt. Dofir schw\u00e4tzt, dass eng Rei Elementer w\u00e9i dem Selenskyj seng Kleedung, de Kannapee, den ukrainesche F\u00e4ndel souw\u00e9i d\u00e9i w\u00e4iss Dier mat g\u00ebllene Gr\u00ebffer am Hannergrond iwwereneest\u00ebmmen.<\/p>\n<p>Den urspr\u00e9nglechen Interview, deen ongef\u00e9ier z\u00e9ng M\u00e9int nom Amarsch vu Russland an d&#8217;Ukrain gefouert gouf, huet bal 36 Minutte gedauert. Den an den ierf\u00e9ierende B\u00e4itr\u00e4g gedeelten Extrait daucht bei Minutt 03:03 am Originalinterview op, w\u00e9i de Journalist Rochebin de Selenskyj gefrot hat: &#8220;Bedeit dat, dass Dir Kiew \u00ebm all Pr\u00e4is hale w\u00e4ert &#8211; dass Kiew net evaku\u00e9iert g\u00ebtt?&#8221;<\/p>\n<p>De Selenskyj hat ge\u00e4ntwert: &#8220;Dat ass genee eis Absicht; hei praktiz\u00e9iere mir keng Sklaverei, mir sinn eng demokratesch Gesellschaft.&#8221; D&#8217;M\u00ebnsche k\u00e9inte goen, wa si dat w\u00e9ilten, wa si dat g\u00e4r maache g\u00e9ifen, sot de President. Weider: &#8220;An dat ass normal, mir w\u00e4erte kee g\u00e9int s\u00e4i W\u00eblle festhalen.&#8221; Uschl\u00e9issend hat hie b\u00e4igef\u00fc\u00fcgt: &#8220;Awer ech w\u00ebll soen, dass jiddereen hei fest entschloss ass, s\u00e4i Land a seng Familljen ze verdeedegen.&#8221;<\/p>\n<p>Doropshi k\u00ebnnt de Saz, deen am 13-Sekonne-Clip erausgeschnidden an aus dem Kontext gerappt a Sozialen Netzwierker gedeelt gouf: &#8220;An e puer F\u00e4ll mussen d&#8217;M\u00ebnsche goen. An de Staat muss Korridoren a M\u00e9iglechkeete fir eng Evaku\u00e9ierung bereetstellen, dat ass alles. Awer ech w\u00ebll Iech ganz kloer soen: Wann d&#8217;Stad eidel ass, w\u00e4ert et m\u00e9i liicht sinn, se anzehuelen.&#8221;<\/p>\n<p>De Selenskyj hat hunn e Beispill fir Stied an der \u00ebstlecher Donbass-Regioun genannt, d\u00e9i vu russeschen Truppe besat goufen, nodeem d&#8217;lokal Populatioun zur Flucht gezwonge gi war.<\/p>\n<p>Aberuffsungssystem an der Ukrain an der Kritik<\/p>\n<p>De System vun der Aberuffung an der Ukrain gouf an der Vergaangenheet als ineffizient a korrupt kritis\u00e9iert. Dat hat den ukrainesche President Wolodymr Selenskyj am Joer 2023 dozou beweegt, all fir d&#8217;Aberuffung zoust\u00e4nneg <a href=\"https:\/\/web.archive.org\/web\/20250531183226\/https:\/\/www.mdr.de\/nachrichten\/welt\/osteuropa\/ukraine-krieg-ermittlungen-korruption-bestechung-wehrdienstbefreiung-100.html\" target=\"_blank\" rel=\"noopener\">Rekrut\u00e9ierungsbeamten ze entloossen<\/a>.<\/p>\n<p>D&#8217;Ukrain versicht, Bierger, d\u00e9i sech dem Arm\u00e9id\u00e9ngscht entz\u00e9ien, dozou ze beweegen, zer\u00e9ck an d&#8217;Land ze kommen, well d&#8217;Arm\u00e9i am Kampf g\u00e9int Russland \u00ebnner Personalmangel leit. Iwwer v\u00e9ier Milliounen Ukrainerinnen an Ukrainer hunn an EU-L\u00e4nner en <a href=\"https:\/\/archive.is\/VXCi4\" target=\"_blank\" rel=\"noopener\">tempor\u00e4re Schutzstatus<\/a> kritt, ongef\u00e9ier <a href=\"https:\/\/web.archive.org\/web\/20250714142801\/https:\/\/www.diepresse.com\/19348914\/426-millionen-ukrainer-sind-in-der-eu-ungerecht-verteilt\" target=\"_blank\" rel=\"noopener\">22 Prozent dovu sinn erwuesse M\u00e4nner<\/a>, w\u00e9i d&#8217;EU-Statistikagence Eurostat festgehalen huet.<\/p>\n<p><img src=\"https:\/\/belux-edmo.s3-accelerate.amazonaws.com\/wp-content\/uploads\/2025\/07\/711c85862293ab1bf4fe84abe567a811.jpeg\" alt=\"RTL\" \/> \u00a9 AFP<\/p>\n<p>Am August 2022 hat de Selenskyj d&#8217;Ukrainerinnen an d&#8217;Ukrainer op en Neits opgefuerdert, <a href=\"https:\/\/web.archive.org\/web\/20250714145532\/https:\/\/www.zeit.de\/news\/2024-11\/21\/ukraine-setzt-evakuierung-aus-donezk-fort\" target=\"_blank\" rel=\"noopener\">Evaku\u00e9ierungsbefeeler ze befollegen<\/a>, well russesch Attacken zu Donezk, enger anerer Regioun no un der russescher Grenz, zougeholl haten. Vill haten awer gez\u00e9ckt, hir Heemecht ze verloossen, well hinnen d&#8217;M\u00ebttel fir en Neiufank gefeelt hunn oder si keen anert \u00cbnnerdaach haten.<\/p>\n<p>Am Mee 2025 goufen <a href=\"https:\/\/web.archive.org\/web\/20250715085509\/https:\/\/www.diepresse.com\/19747011\/ukraine-evakuiert-elf-doerfer-in-der-region-sumy\" target=\"_blank\" rel=\"noopener\">eelef Dierfer an der u Russland grenzender ukrainescher Regioun Sumy evaku\u00e9iert<\/a>, aus Suerg virun enger groussugeluechter russescher Offensiv.<\/p>\n<p>W\u00e9i et \u00ebm d&#8217;\u00cbnnerst\u00ebtzung fir d&#8217;Ukrain steet<\/p>\n<p>W\u00e4rend den nordkoreaneschen Diktator Kim Jong Un M\u00ebtt Juli 2025 Russland <a href=\"https:\/\/web.archive.org\/web\/20250714150725\/https:\/\/www.spiegel.de\/ausland\/nordkorea-diktator-kim-jong-un-garantiert-russland-bedingungslose-unterstuetzung-in-ukraine-a-e0e0b009-2ed7-4bdb-9cca-2140a7ec11d2\" target=\"_blank\" rel=\"noopener\">&#8220;bed\u00e9ngungslos&#8221; \u00cbnnerst\u00ebtzung<\/a> an der Ukrain zouges\u00e9chert huet, hate sech d&#8217;Ausseministerinnen a -ministere vun den EU-L\u00e4nner schonn Enn Juni 2025 op weider <a href=\"https:\/\/web.archive.org\/web\/20250715125552\/https:\/\/www.spiegel.de\/ausland\/ukraine-hilfen-eu-umgeht-ungarns-blockade-mit-milliardenschwerem-beschluss-a-b4bf5ad3-a1bc-46a8-a5dd-93909cdf06db\" target=\"_blank\" rel=\"noopener\">\u00cbnnerst\u00ebtzung fir Kiew<\/a> g\u00ebeenegt. Den US-President Donald Trump an den NATO-Generalsekret\u00e4r Mark Rute hu sech de 14. Juli 2025 op <a href=\"https:\/\/web.archive.org\/web\/20250714153601\/https:\/\/www.zeit.de\/politik\/ausland\/2025-07\/nato-usa-waffenlieferungen-ukraine\" target=\"_blank\" rel=\"noopener\">Waffeliwwerunge fir d&#8217;Ukrain<\/a> verst\u00e4nnegt.<\/p>\n<p>Eenzel EU-L\u00e4nner hu sech manner solidaresch gewisen. Am Joer 2024 zum Beispill goufe Milit\u00e4rh\u00ebllefen an H\u00e9icht vun 1,4 Milliarden Euro souw\u00e9i Sanktioune g\u00e9int Russland g\u00e9int de W\u00eblle vun Ungarn decid\u00e9iert.<\/p>\n<p>Eleng D\u00e4itschland huet bis elo zivil \u00cbnnerst\u00ebtzung am W\u00e4ert vu ronn 34 Milliarden Euro a milit\u00e4resch \u00cbnnerst\u00ebtzung an H\u00e9icht vu ronn 38 Milliarden Euro fir d&#8217;Ukrain <a href=\"https:\/\/web.archive.org\/web\/20250715131713\/https:\/\/www.bundesregierung.de\/breg-de\/aktuelles\/deutschland-hilft-der-ukraine-2160274\" target=\"_blank\" rel=\"noopener\">geleescht<\/a> an zielt domat zu deene Staaten, d\u00e9i d&#8217;Ukrain <a href=\"https:\/\/web.archive.org\/web\/20250711014139\/https:\/\/www.ifw-kiel.de\/topics\/war-against-ukraine\/ukraine-support-tracker\/\" target=\"_blank\" rel=\"noopener\">am meeschten \u00ebnnerst\u00ebtzen<\/a>.<\/p>\n<p>Als eent vun de bis elo leschten EU-L\u00e4nner huet dat neutraalt <a href=\"https:\/\/web.archive.org\/web\/20250714154749\/https:\/\/www.stern.de\/news\/selenskyj-spricht-in-wien-ueber-oesterreichische-vermittlung-zu-verschleppten-kindern-35813976.html\" target=\"_blank\" rel=\"noopener\">\u00c9istr\u00e4ich de Selenskyj de 16. Juni 2025 empfaangen<\/a>. D&#8217;Treffe war vu symbolescher Bedeitung. De Bundespresident <a href=\"https:\/\/web.archive.org\/web\/20250714152439\/https:\/\/www.kleinezeitung.at\/politik\/aussenpolitik\/19799553\/ein-treffen-als-bekenntnis-zur-ukraine\" target=\"_blank\" rel=\"noopener\">Alexander Van der Bellen sot<\/a>, dass Wien &#8220;milit\u00e4resch neutral, awer kengesfalls politesch&#8221; neutral w\u00e4r. An \u00c9istr\u00e4ich hat d&#8217;rietspopulistesch FP\u00d6 \u00ebmmer nees g\u00e9int Optr\u00ebtter vum Selenskyj <a href=\"https:\/\/web.archive.org\/web\/20250714152439\/https:\/\/www.kleinezeitung.at\/politik\/aussenpolitik\/19799553\/ein-treffen-als-bekenntnis-zur-ukraine\" target=\"_blank\" rel=\"noopener\">protest\u00e9iert<\/a>.<\/p>\n<p>All d&#8217;Faktenchecken iwwer de Krich an der Ukrain sammelt d&#8217;AFP op hirer <a href=\"..\/..\/storage\/data\/afp\/factcheck_v2\/DE\/list\/Ukrainekrieg\" target=\"_blank\" rel=\"noopener\">Internets\u00e4it<\/a>.<\/p>\n<p><strong>Fazit:<\/strong> Notzerinnen an Notzer hunn e Video verbreet, no deem den ukrainesche President Selenskyj angeeblech ugek\u00ebnnegt h\u00e4tt, d&#8217;zivil Bev\u00eblkerung als &#8220;m\u00ebnschlech Schutzsch\u00eblter&#8221; asetzen ze w\u00ebllen. AFP-Recherchen ergoufen, dass d&#8217;Interviewsequenz, d\u00e9i aus dem Joer 2022 staamt, aus dem Kontext gerappt gouf. Villm\u00e9i hat de Selenskyj deemools erkl\u00e4ert, dass d&#8217;Regierung de M\u00ebnsche bei der Evaku\u00e9ierung aus belagerte Stied h\u00ebllefe g\u00e9if.<\/p>\n<p><em>D\u00ebse Faktencheck gouf vun RTL op L\u00ebtzebuergesch iwwersat.<br \/>\n<\/em><\/p>\n<\/div>\n<\/article>\n","protected":false},"excerpt":{"rendered":"<p>Den ukrainesche President Wolodymyr Selenskyj ass dacks Zilscheif vun Desinformatiounscampagnen. Am Juni 2025 hunn Notzerinnen an Notzer vu soziale Plattforme en Interview gedeelt, an deem de Selenskyj angeeblech behaapt h\u00e4tt, hie g\u00e9if d&#8217;Zivilbev\u00eblkerung als &#8220;m\u00ebnschlech Schutzsch\u00eblter&#8221; asetzen.<\/p>\n","protected":false},"author":1,"featured_media":399199,"comment_status":"closed","ping_status":"closed","sticky":false,"template":"","format":"standard","meta":{"_acf_changed":false,"footnotes":""},"categories":[470,183,191,217],"tags":[],"class_list":{"0":"post-399214","1":"post","2":"type-post","3":"status-publish","4":"format-standard","5":"has-post-thumbnail","7":"category-editors-choice-lu","8":"category-fact-check-lb","9":"category-politik","10":"category-ukraine-lb"},"acf":{"show_metatags":true,"id":"2323462","authors":"RTL L\u00ebtzebuerg","organization":"RTL","featured_image_copyright":"","text_copyright":"Copyright RTL \/ CLT-UFA S.A.","source":"https:\/\/www.rtl.lu\/news\/faktencheck\/a\/2323462.html","fact_checker":"https:\/\/belux.wpengine.com\/wp-content\/uploads\/2021\/12\/rtl_logo.png","share_this_post_to_edmo_website":false,"affiliation":"BELUX","type":"Closed Event","location":"","start_date":"","start_date_event_begins_at":"","start_date_event_ends_at":"","end_date":"","end_date_event_begins_at":"","end_date_event_ends_at":"","organizer":"","fact_checker_logo_image":false},"yoast_head":"<!-- This site is optimized with the Yoast SEO plugin v27.0 - https:\/\/yoast.com\/product\/yoast-seo-wordpress\/ -->\n<title>Faktencheck: Selenskyj huet Evaku\u00e9ierung vun ziviller Bev\u00eblkerung net \u00ebnnersot - EDMO Belux<\/title>\n<meta name=\"robots\" content=\"index, follow, max-snippet:-1, max-image-preview:large, max-video-preview:-1\" \/>\n<link rel=\"canonical\" href=\"https:\/\/belux.edmo.eu\/lb\/faktencheck-selenskyj-huet-evakuierung-vun-ziviller-bevlkerung-net-nnersot\/\" \/>\n<meta property=\"og:locale\" content=\"en_US\" \/>\n<meta property=\"og:type\" content=\"article\" \/>\n<meta property=\"og:title\" content=\"Faktencheck: Selenskyj huet Evaku\u00e9ierung vun ziviller Bev\u00eblkerung net \u00ebnnersot - EDMO Belux\" \/>\n<meta property=\"og:description\" content=\"Den ukrainesche President Wolodymyr Selenskyj ass dacks Zilscheif vun Desinformatiounscampagnen. Am Juni 2025 hunn Notzerinnen an Notzer vu soziale Plattforme en Interview gedeelt, an deem de Selenskyj angeeblech behaapt h\u00e4tt, hie g\u00e9if d&#039;Zivilbev\u00eblkerung als &quot;m\u00ebnschlech Schutzsch\u00eblter&quot; asetzen.\" \/>\n<meta property=\"og:url\" content=\"https:\/\/belux.edmo.eu\/lb\/faktencheck-selenskyj-huet-evakuierung-vun-ziviller-bevlkerung-net-nnersot\/\" \/>\n<meta property=\"og:site_name\" content=\"EDMO Belux\" \/>\n<meta property=\"article:published_time\" content=\"2025-07-30T13:00:16+00:00\" \/>\n<meta property=\"article:modified_time\" content=\"2025-07-30T15:12:03+00:00\" \/>\n<meta property=\"og:image\" content=\"https:\/\/belux-edmo.s3-accelerate.amazonaws.com\/wp-content\/uploads\/2025\/07\/fb1f0748761c2214c53b8bddf1cf293f.jpeg\" \/>\n\t<meta property=\"og:image:width\" content=\"1080\" \/>\n\t<meta property=\"og:image:height\" content=\"608\" \/>\n\t<meta property=\"og:image:type\" content=\"image\/jpeg\" \/>\n<meta name=\"author\" content=\"master\" \/>\n<meta name=\"twitter:card\" content=\"summary_large_image\" \/>\n<meta name=\"twitter:creator\" content=\"@Edmo_Belux\" \/>\n<meta name=\"twitter:site\" content=\"@Edmo_Belux\" \/>\n<meta name=\"twitter:label1\" content=\"Written by\" \/>\n\t<meta name=\"twitter:data1\" content=\"master\" \/>\n\t<meta name=\"twitter:label2\" content=\"Est. reading time\" \/>\n\t<meta name=\"twitter:data2\" content=\"5 minutes\" \/>\n<script type=\"application\/ld+json\" class=\"yoast-schema-graph\">{\"@context\":\"https:\/\/schema.org\",\"@graph\":[{\"@type\":\"Article\",\"@id\":\"https:\/\/belux.edmo.eu\/lb\/faktencheck-selenskyj-huet-evakuierung-vun-ziviller-bevlkerung-net-nnersot\/#article\",\"isPartOf\":{\"@id\":\"https:\/\/belux.edmo.eu\/lb\/faktencheck-selenskyj-huet-evakuierung-vun-ziviller-bevlkerung-net-nnersot\/\"},\"author\":{\"name\":\"master\",\"@id\":\"https:\/\/belux.edmo.eu\/#\/schema\/person\/dbe3b252258537fd318f9b5645a30342\"},\"headline\":\"Faktencheck: Selenskyj huet Evaku\u00e9ierung vun ziviller Bev\u00eblkerung net \u00ebnnersot\",\"datePublished\":\"2025-07-30T13:00:16+00:00\",\"dateModified\":\"2025-07-30T15:12:03+00:00\",\"mainEntityOfPage\":{\"@id\":\"https:\/\/belux.edmo.eu\/lb\/faktencheck-selenskyj-huet-evakuierung-vun-ziviller-bevlkerung-net-nnersot\/\"},\"wordCount\":1097,\"publisher\":{\"@id\":\"https:\/\/belux.edmo.eu\/#organization\"},\"image\":{\"@id\":\"https:\/\/belux.edmo.eu\/lb\/faktencheck-selenskyj-huet-evakuierung-vun-ziviller-bevlkerung-net-nnersot\/#primaryimage\"},\"thumbnailUrl\":\"https:\/\/belux-edmo.s3-accelerate.amazonaws.com\/wp-content\/uploads\/2025\/07\/fb1f0748761c2214c53b8bddf1cf293f.jpeg\",\"articleSection\":[\"Editor's Choice Slider LU\",\"Fact Check\",\"Politik\",\"Ukraine\"],\"inLanguage\":\"lb-LU\"},{\"@type\":\"WebPage\",\"@id\":\"https:\/\/belux.edmo.eu\/lb\/faktencheck-selenskyj-huet-evakuierung-vun-ziviller-bevlkerung-net-nnersot\/\",\"url\":\"https:\/\/belux.edmo.eu\/lb\/faktencheck-selenskyj-huet-evakuierung-vun-ziviller-bevlkerung-net-nnersot\/\",\"name\":\"Faktencheck: Selenskyj huet Evaku\u00e9ierung vun ziviller Bev\u00eblkerung net \u00ebnnersot - EDMO Belux\",\"isPartOf\":{\"@id\":\"https:\/\/belux.edmo.eu\/#website\"},\"primaryImageOfPage\":{\"@id\":\"https:\/\/belux.edmo.eu\/lb\/faktencheck-selenskyj-huet-evakuierung-vun-ziviller-bevlkerung-net-nnersot\/#primaryimage\"},\"image\":{\"@id\":\"https:\/\/belux.edmo.eu\/lb\/faktencheck-selenskyj-huet-evakuierung-vun-ziviller-bevlkerung-net-nnersot\/#primaryimage\"},\"thumbnailUrl\":\"https:\/\/belux-edmo.s3-accelerate.amazonaws.com\/wp-content\/uploads\/2025\/07\/fb1f0748761c2214c53b8bddf1cf293f.jpeg\",\"datePublished\":\"2025-07-30T13:00:16+00:00\",\"dateModified\":\"2025-07-30T15:12:03+00:00\",\"breadcrumb\":{\"@id\":\"https:\/\/belux.edmo.eu\/lb\/faktencheck-selenskyj-huet-evakuierung-vun-ziviller-bevlkerung-net-nnersot\/#breadcrumb\"},\"inLanguage\":\"lb-LU\",\"potentialAction\":[{\"@type\":\"ReadAction\",\"target\":[\"https:\/\/belux.edmo.eu\/lb\/faktencheck-selenskyj-huet-evakuierung-vun-ziviller-bevlkerung-net-nnersot\/\"]}]},{\"@type\":\"ImageObject\",\"inLanguage\":\"lb-LU\",\"@id\":\"https:\/\/belux.edmo.eu\/lb\/faktencheck-selenskyj-huet-evakuierung-vun-ziviller-bevlkerung-net-nnersot\/#primaryimage\",\"url\":\"https:\/\/belux-edmo.s3-accelerate.amazonaws.com\/wp-content\/uploads\/2025\/07\/fb1f0748761c2214c53b8bddf1cf293f.jpeg\",\"contentUrl\":\"https:\/\/belux-edmo.s3-accelerate.amazonaws.com\/wp-content\/uploads\/2025\/07\/fb1f0748761c2214c53b8bddf1cf293f.jpeg\",\"width\":1080,\"height\":608,\"caption\":\"Faktencheck: Selenskyj huet Evaku\u00e9ierung vun ziviller Bev\u00eblkerung net \u00ebnnersot - Featured image\"},{\"@type\":\"BreadcrumbList\",\"@id\":\"https:\/\/belux.edmo.eu\/lb\/faktencheck-selenskyj-huet-evakuierung-vun-ziviller-bevlkerung-net-nnersot\/#breadcrumb\",\"itemListElement\":[{\"@type\":\"ListItem\",\"position\":1,\"name\":\"Home\",\"item\":\"https:\/\/belux.edmo.eu\/lb\/\"},{\"@type\":\"ListItem\",\"position\":2,\"name\":\"Faktencheck: Selenskyj huet Evaku\u00e9ierung vun ziviller Bev\u00eblkerung net \u00ebnnersot\"}]},{\"@type\":\"WebSite\",\"@id\":\"https:\/\/belux.edmo.eu\/#website\",\"url\":\"https:\/\/belux.edmo.eu\/\",\"name\":\"EDMO Belux\",\"description\":\"Monitoring Disinformation in Belgium and Luxembourg\",\"publisher\":{\"@id\":\"https:\/\/belux.edmo.eu\/#organization\"},\"potentialAction\":[{\"@type\":\"SearchAction\",\"target\":{\"@type\":\"EntryPoint\",\"urlTemplate\":\"https:\/\/belux.edmo.eu\/?s={search_term_string}\"},\"query-input\":{\"@type\":\"PropertyValueSpecification\",\"valueRequired\":true,\"valueName\":\"search_term_string\"}}],\"inLanguage\":\"lb-LU\"},{\"@type\":\"Organization\",\"@id\":\"https:\/\/belux.edmo.eu\/#organization\",\"name\":\"EDMO Belux\",\"url\":\"https:\/\/belux.edmo.eu\/\",\"logo\":{\"@type\":\"ImageObject\",\"inLanguage\":\"lb-LU\",\"@id\":\"https:\/\/belux.edmo.eu\/#\/schema\/logo\/image\/\",\"url\":\"https:\/\/belux.edmo.eu\/wp-content\/uploads\/2021\/12\/belux-logo-full-color-rgb.svg\",\"contentUrl\":\"https:\/\/belux.edmo.eu\/wp-content\/uploads\/2021\/12\/belux-logo-full-color-rgb.svg\",\"width\":1,\"height\":1,\"caption\":\"EDMO Belux\"},\"image\":{\"@id\":\"https:\/\/belux.edmo.eu\/#\/schema\/logo\/image\/\"},\"sameAs\":[\"https:\/\/x.com\/Edmo_Belux\"]},{\"@type\":\"Person\",\"@id\":\"https:\/\/belux.edmo.eu\/#\/schema\/person\/dbe3b252258537fd318f9b5645a30342\",\"name\":\"master\",\"sameAs\":[\"https:\/\/belux.wpengine.com\"],\"url\":\"https:\/\/belux.edmo.eu\/lb\/author\/master\/\"}]}<\/script>\n<!-- \/ Yoast SEO plugin. -->","yoast_head_json":{"title":"Faktencheck: Selenskyj huet Evaku\u00e9ierung vun ziviller Bev\u00eblkerung net \u00ebnnersot - EDMO Belux","robots":{"index":"index","follow":"follow","max-snippet":"max-snippet:-1","max-image-preview":"max-image-preview:large","max-video-preview":"max-video-preview:-1"},"canonical":"https:\/\/belux.edmo.eu\/lb\/faktencheck-selenskyj-huet-evakuierung-vun-ziviller-bevlkerung-net-nnersot\/","og_locale":"en_US","og_type":"article","og_title":"Faktencheck: Selenskyj huet Evaku\u00e9ierung vun ziviller Bev\u00eblkerung net \u00ebnnersot - EDMO Belux","og_description":"Den ukrainesche President Wolodymyr Selenskyj ass dacks Zilscheif vun Desinformatiounscampagnen. Am Juni 2025 hunn Notzerinnen an Notzer vu soziale Plattforme en Interview gedeelt, an deem de Selenskyj angeeblech behaapt h\u00e4tt, hie g\u00e9if d'Zivilbev\u00eblkerung als \"m\u00ebnschlech Schutzsch\u00eblter\" asetzen.","og_url":"https:\/\/belux.edmo.eu\/lb\/faktencheck-selenskyj-huet-evakuierung-vun-ziviller-bevlkerung-net-nnersot\/","og_site_name":"EDMO Belux","article_published_time":"2025-07-30T13:00:16+00:00","article_modified_time":"2025-07-30T15:12:03+00:00","og_image":[{"width":1080,"height":608,"url":"https:\/\/belux-edmo.s3-accelerate.amazonaws.com\/wp-content\/uploads\/2025\/07\/fb1f0748761c2214c53b8bddf1cf293f.jpeg","type":"image\/jpeg"}],"author":"master","twitter_card":"summary_large_image","twitter_creator":"@Edmo_Belux","twitter_site":"@Edmo_Belux","twitter_misc":{"Written by":"master","Est. reading time":"5 minutes"},"schema":{"@context":"https:\/\/schema.org","@graph":[{"@type":"Article","@id":"https:\/\/belux.edmo.eu\/lb\/faktencheck-selenskyj-huet-evakuierung-vun-ziviller-bevlkerung-net-nnersot\/#article","isPartOf":{"@id":"https:\/\/belux.edmo.eu\/lb\/faktencheck-selenskyj-huet-evakuierung-vun-ziviller-bevlkerung-net-nnersot\/"},"author":{"name":"master","@id":"https:\/\/belux.edmo.eu\/#\/schema\/person\/dbe3b252258537fd318f9b5645a30342"},"headline":"Faktencheck: Selenskyj huet Evaku\u00e9ierung vun ziviller Bev\u00eblkerung net \u00ebnnersot","datePublished":"2025-07-30T13:00:16+00:00","dateModified":"2025-07-30T15:12:03+00:00","mainEntityOfPage":{"@id":"https:\/\/belux.edmo.eu\/lb\/faktencheck-selenskyj-huet-evakuierung-vun-ziviller-bevlkerung-net-nnersot\/"},"wordCount":1097,"publisher":{"@id":"https:\/\/belux.edmo.eu\/#organization"},"image":{"@id":"https:\/\/belux.edmo.eu\/lb\/faktencheck-selenskyj-huet-evakuierung-vun-ziviller-bevlkerung-net-nnersot\/#primaryimage"},"thumbnailUrl":"https:\/\/belux-edmo.s3-accelerate.amazonaws.com\/wp-content\/uploads\/2025\/07\/fb1f0748761c2214c53b8bddf1cf293f.jpeg","articleSection":["Editor's Choice Slider LU","Fact Check","Politik","Ukraine"],"inLanguage":"lb-LU"},{"@type":"WebPage","@id":"https:\/\/belux.edmo.eu\/lb\/faktencheck-selenskyj-huet-evakuierung-vun-ziviller-bevlkerung-net-nnersot\/","url":"https:\/\/belux.edmo.eu\/lb\/faktencheck-selenskyj-huet-evakuierung-vun-ziviller-bevlkerung-net-nnersot\/","name":"Faktencheck: Selenskyj huet Evaku\u00e9ierung vun ziviller Bev\u00eblkerung net \u00ebnnersot - EDMO Belux","isPartOf":{"@id":"https:\/\/belux.edmo.eu\/#website"},"primaryImageOfPage":{"@id":"https:\/\/belux.edmo.eu\/lb\/faktencheck-selenskyj-huet-evakuierung-vun-ziviller-bevlkerung-net-nnersot\/#primaryimage"},"image":{"@id":"https:\/\/belux.edmo.eu\/lb\/faktencheck-selenskyj-huet-evakuierung-vun-ziviller-bevlkerung-net-nnersot\/#primaryimage"},"thumbnailUrl":"https:\/\/belux-edmo.s3-accelerate.amazonaws.com\/wp-content\/uploads\/2025\/07\/fb1f0748761c2214c53b8bddf1cf293f.jpeg","datePublished":"2025-07-30T13:00:16+00:00","dateModified":"2025-07-30T15:12:03+00:00","breadcrumb":{"@id":"https:\/\/belux.edmo.eu\/lb\/faktencheck-selenskyj-huet-evakuierung-vun-ziviller-bevlkerung-net-nnersot\/#breadcrumb"},"inLanguage":"lb-LU","potentialAction":[{"@type":"ReadAction","target":["https:\/\/belux.edmo.eu\/lb\/faktencheck-selenskyj-huet-evakuierung-vun-ziviller-bevlkerung-net-nnersot\/"]}]},{"@type":"ImageObject","inLanguage":"lb-LU","@id":"https:\/\/belux.edmo.eu\/lb\/faktencheck-selenskyj-huet-evakuierung-vun-ziviller-bevlkerung-net-nnersot\/#primaryimage","url":"https:\/\/belux-edmo.s3-accelerate.amazonaws.com\/wp-content\/uploads\/2025\/07\/fb1f0748761c2214c53b8bddf1cf293f.jpeg","contentUrl":"https:\/\/belux-edmo.s3-accelerate.amazonaws.com\/wp-content\/uploads\/2025\/07\/fb1f0748761c2214c53b8bddf1cf293f.jpeg","width":1080,"height":608,"caption":"Faktencheck: Selenskyj huet Evaku\u00e9ierung vun ziviller Bev\u00eblkerung net \u00ebnnersot - Featured image"},{"@type":"BreadcrumbList","@id":"https:\/\/belux.edmo.eu\/lb\/faktencheck-selenskyj-huet-evakuierung-vun-ziviller-bevlkerung-net-nnersot\/#breadcrumb","itemListElement":[{"@type":"ListItem","position":1,"name":"Home","item":"https:\/\/belux.edmo.eu\/lb\/"},{"@type":"ListItem","position":2,"name":"Faktencheck: Selenskyj huet Evaku\u00e9ierung vun ziviller Bev\u00eblkerung net \u00ebnnersot"}]},{"@type":"WebSite","@id":"https:\/\/belux.edmo.eu\/#website","url":"https:\/\/belux.edmo.eu\/","name":"EDMO Belux","description":"Monitoring Disinformation in Belgium and Luxembourg","publisher":{"@id":"https:\/\/belux.edmo.eu\/#organization"},"potentialAction":[{"@type":"SearchAction","target":{"@type":"EntryPoint","urlTemplate":"https:\/\/belux.edmo.eu\/?s={search_term_string}"},"query-input":{"@type":"PropertyValueSpecification","valueRequired":true,"valueName":"search_term_string"}}],"inLanguage":"lb-LU"},{"@type":"Organization","@id":"https:\/\/belux.edmo.eu\/#organization","name":"EDMO Belux","url":"https:\/\/belux.edmo.eu\/","logo":{"@type":"ImageObject","inLanguage":"lb-LU","@id":"https:\/\/belux.edmo.eu\/#\/schema\/logo\/image\/","url":"https:\/\/belux.edmo.eu\/wp-content\/uploads\/2021\/12\/belux-logo-full-color-rgb.svg","contentUrl":"https:\/\/belux.edmo.eu\/wp-content\/uploads\/2021\/12\/belux-logo-full-color-rgb.svg","width":1,"height":1,"caption":"EDMO Belux"},"image":{"@id":"https:\/\/belux.edmo.eu\/#\/schema\/logo\/image\/"},"sameAs":["https:\/\/x.com\/Edmo_Belux"]},{"@type":"Person","@id":"https:\/\/belux.edmo.eu\/#\/schema\/person\/dbe3b252258537fd318f9b5645a30342","name":"master","sameAs":["https:\/\/belux.wpengine.com"],"url":"https:\/\/belux.edmo.eu\/lb\/author\/master\/"}]}},"menu_order":0,"_links":{"self":[{"href":"https:\/\/belux.edmo.eu\/lb\/wp-json\/wp\/v2\/posts\/399214","targetHints":{"allow":["GET"]}}],"collection":[{"href":"https:\/\/belux.edmo.eu\/lb\/wp-json\/wp\/v2\/posts"}],"about":[{"href":"https:\/\/belux.edmo.eu\/lb\/wp-json\/wp\/v2\/types\/post"}],"author":[{"embeddable":true,"href":"https:\/\/belux.edmo.eu\/lb\/wp-json\/wp\/v2\/users\/1"}],"replies":[{"embeddable":true,"href":"https:\/\/belux.edmo.eu\/lb\/wp-json\/wp\/v2\/comments?post=399214"}],"version-history":[{"count":0,"href":"https:\/\/belux.edmo.eu\/lb\/wp-json\/wp\/v2\/posts\/399214\/revisions"}],"wp:featuredmedia":[{"embeddable":true,"href":"https:\/\/belux.edmo.eu\/lb\/wp-json\/wp\/v2\/media\/399199"}],"wp:attachment":[{"href":"https:\/\/belux.edmo.eu\/lb\/wp-json\/wp\/v2\/media?parent=399214"}],"wp:term":[{"taxonomy":"category","embeddable":true,"href":"https:\/\/belux.edmo.eu\/lb\/wp-json\/wp\/v2\/categories?post=399214"},{"taxonomy":"post_tag","embeddable":true,"href":"https:\/\/belux.edmo.eu\/lb\/wp-json\/wp\/v2\/tags?post=399214"}],"curies":[{"name":"wp","href":"https:\/\/api.w.org\/{rel}","templated":true}]}}