{"id":400990,"date":"2025-09-08T08:00:50","date_gmt":"2025-09-08T08:00:50","guid":{"rendered":"https:\/\/belux.edmo.eu\/?p=400990"},"modified":"2025-09-09T08:28:42","modified_gmt":"2025-09-09T08:28:42","slug":"faktencheck-macron-huet-kee-programm-iwwer-1-800-euro-fir-afrikaner-lanciert","status":"publish","type":"post","link":"https:\/\/belux.edmo.eu\/lb\/faktencheck-macron-huet-kee-programm-iwwer-1-800-euro-fir-afrikaner-lanciert\/","title":{"rendered":"Faktencheck: Macron huet kee Programm iwwer 1.800 Euro fir Afrikaner lanc\u00e9iert"},"content":{"rendered":"<article>\n<div>\n<div>\n<p><strong>D&#8217;Desinformatioun, d\u00e9i sech g\u00e9int Kiew a seng europ\u00e4esch Alli\u00e9iert riicht, ass z\u00ebnter dem Ufank vun der russescher Invasioun an d&#8217;Ukrain virun dr\u00e4i Joer a sozialen Netzwierker omnipresent a breet sech weider aus.<\/strong><\/p>\n<\/div>\n<\/div>\n<p class=\"article-body__summary\">J\u00e9ngst Beispill ass e gef\u00e4lschte Video, an deem den Emmanuel Macron afrikanesch Bierger opfuerdert, &#8220;a Frankr\u00e4ich ze pl\u00ebnneren&#8221;, mam Versprieche vun engem gratis Logement, engem m\u00e9i liichte Visa an enger Allocatioun vun 1.800 Euro pro Mount.<\/p>\n<p class=\"article-body__summary\">A Wierklechkeet verdr\u00e9int de Clip eng fr\u00e9ier Ried vum frans\u00e9ische President &#8211; en typescht Virgoe fir Manipulatiounscampagn\u00eb w\u00e9i Storm 1516, eng grouss ugeluecht Beaflossungscampagne, bei d\u00e4r a groussem \u00cbmfang Falschinformatioune verbreet ginn.<\/p>\n<p class=\"article-body__summary\">Z\u00ebnter dem 21. August 2025 ass op <a href=\"https:\/\/mvau.lt\/media\/ee20e027-b3d8-4227-a068-e2254e3bfc7f\" target=\"_blank\" rel=\"noopener\">X<\/a> a <a href=\"https:\/\/mvau.lt\/media\/e49f1166-852b-4990-a748-7da9afacee79\" target=\"_blank\" rel=\"noopener\">YouTube<\/a> e Video an englescher (<a href=\"https:\/\/mvau.lt\/media\/87f51599-1378-452d-b480-d3a0a61da0c1\" target=\"_blank\" rel=\"noopener\">1<\/a>, <a href=\"https:\/\/mvau.lt\/media\/7d321ce2-b5a0-4130-9a7e-62b5d3eec957\" target=\"_blank\" rel=\"noopener\">2<\/a>) a frans\u00e9ischer Sprooch (<a href=\"https:\/\/mvau.lt\/media\/254a0694-ea0d-4a34-bd79-ba5a63bfb0e6\" target=\"_blank\" rel=\"noopener\">1<\/a>, <a href=\"https:\/\/mvau.lt\/media\/9e5c4bec-9184-4f24-a7f5-5999d8addb59\" target=\"_blank\" rel=\"noopener\">2<\/a>, <a href=\"https:\/\/mvau.lt\/media\/6118a4a9-0b90-4452-80fe-b97cac97e8ba\" target=\"_blank\" rel=\"noopener\">3<\/a>) am \u00cbmlaf. E g\u00ebtt als angeeblech Campagne vum frans\u00e9ische Minist\u00e8re fir Europa an d&#8217;Ausland duergestallt.<\/p>\n<p class=\"article-body__summary\">&#8220;Frankr\u00e4ich, e Land vun de Chancen an der Gaaschtfr\u00ebndschaft, m\u00e9cht seng Grenze fir Bierger vun der C\u00f4te d&#8217;Ivoire, aus dem Senegal, Kamerun a Benin op, am Numm vum frans\u00e9ische President Emmanuel Macron an dem Minist\u00e8re fir Europa an d&#8217;Ausland. Am Kader vun eisem Engagement fir kulturell Ber\u00e4icherung an international Zesummenaarbecht luede mir d&#8217;Bierger vun den uewe genannte L\u00e4nner an, sech an eisem Land n\u00e9ierzeloossen&#8221;, seet eng St\u00ebmm am Hannergrond.<\/p>\n<p><img src=\"https:\/\/belux-edmo.s3-accelerate.amazonaws.com\/wp-content\/uploads\/2025\/09\/16f6cbfaa10841d848f26b14386987e0_resized.jpeg\" alt=\"RTL\" \/> \u00a9 AFP<\/p>\n<p>D&#8217;Biller wiesselen t\u00ebscht Usiichte vu Par\u00e4is an Zeenen, d\u00e9i an Afrika gefilmt goufen. De Video verspr\u00e9cht dann e &#8220;Programm&#8221;, deen eng vereinfacht Visaprozedur, gratis Logement, d&#8217;Iwwerhuele vu K\u00e4schte fir Liewensm\u00ebttel an Transport souw\u00e9i eng Allocatioun vun 1.800 Euro pro Mount \u00ebmfaasst. D&#8217;Sequenz schl\u00e9isst mam Optr\u00ebtt vum Emmanuel Macron , deen anscheinend seet: &#8220;Kommt a loosst Iech a Frankr\u00e4ich n\u00e9ier. Frankr\u00e4ich waart op Iech.&#8221;<\/p>\n<p>De Video goung s\u00e9ier viral, ugedriwwe vu <a href=\"https:\/\/perma.cc\/2HA8-L6XF\" target=\"_blank\" rel=\"noopener\">lokalen afrikanesche Medien<\/a> a ville Konten, vun deenen AFP Factuel weess, dass se prorussesch Falschinformatioune verbreeden. &#8220;De Macron rullt de rouden Teppech fir Migranten aus&#8221;, huet beispillsweis de <a href=\"https:\/\/mvau.lt\/media\/23d1a85e-b85f-4b83-8f0b-8fd31e248a78\" target=\"_blank\" rel=\"noopener\">Camille Moscow<\/a> geschriwwen, deen op sengem X-Kont de russesche F\u00e4ndel weist a reegelm\u00e9isseg kremlfr\u00ebndlech Norichte publiz\u00e9iert, besonnesch iwwer de Krich an der Ukrain.<\/p>\n<p><img src=\"https:\/\/belux-edmo.s3-accelerate.amazonaws.com\/wp-content\/uploads\/2025\/09\/d4ac2cb3916818a2c5d611e2700ac48e_resized.jpeg\" alt=\"RTL\" \/> \u00a9 AFP<\/p>\n<p>D&#8217;Analys vun AFP Factuel weist awer, dass de Video mat H\u00ebllef vu K\u00ebnschtlecher Intelligenz gener\u00e9iert gouf an Deel vun enger neier prorussescher Desinformatiounscampagne ass.<\/p>\n<p data-end=\"1567\" data-start=\"956\">Eng Galaxie vun dubi\u00e9ise Konten<\/p>\n<p><span data-olk-copy-source=\"MailCompose\">Esou en nationale Visa- an Allocatiounsprogramm misst, wann et exist\u00e9iere g\u00e9ing, duerch en Dekreet, eng Circulaire, en Appel \u00e0 candidatures oder op d&#8217;mannst duerch eng speziell S\u00e4it op enger institutioneller Internets\u00e4it mat detaill\u00e9ierte Kritt\u00e4ren a Virgoensweise bei de concern\u00e9ierte Minist\u00e8ren oder Ambassad\u00eb formalis\u00e9iert ginn. An de consult\u00e9ierten offizielle Publikatiounen ass awer n\u00e9ierens esou en Indcie ze fannen.<\/span><\/p>\n<p><span data-olk-copy-source=\"MailCompose\">Weeder op der Internets\u00e4it vum <a href=\"https:\/\/www.diplomatie.gouv.fr\/fr\/\" target=\"_blank\" rel=\"noopener\">Minist\u00e8re fir Europa an d&#8217;Ausland<\/a> (MEAE) nach op d\u00e4r vum <a href=\"https:\/\/www.elysee.fr\/toutes-les-actualites\" target=\"_blank\" rel=\"noopener\">Elys\u00e9e-Palais<\/a>, d\u00e9i b\u00e9id reegelm\u00e9isseg Communiqu\u00e9en an Annonc\u00eb publiz\u00e9ieren, g\u00ebtt esou e System ernimmt.<\/span><\/p>\n<p><span data-olk-copy-source=\"MailCompose\">E weidere verd\u00e4chtegen Indice ass, dass den X-Kont &#8220;France Pour Tous&#8221;, dee warscheinlech den Ursprong vun der Desinformatioun ass, er\u00e9ischt kierzlech, am Mee 2025, ageriicht gouf. E g\u00ebtt sech als institutionelle Kont mat Regierungsbezuch aus, benotzt awer Biller a Sloganen, d\u00e9i mat de frans\u00e9ischen Institutiounen ze dinn hunn.<\/span><\/p>\n<p><img src=\"https:\/\/belux-edmo.s3-accelerate.amazonaws.com\/wp-content\/uploads\/2025\/09\/1073cc7bfe9f0dd96f3223d921b04810_resized.jpeg\" alt=\"RTL\" \/> \u00a9 AFP<\/p>\n<p><span data-olk-copy-source=\"MailCompose\">D&#8217;Profilbild an de Banner si bei <a href=\"https:\/\/www.shutterstock.com\/fr\/image-vector\/set-black-men-different-ages-adolescence-454092652?dd_referrer=https%3A%2F%2Fwww.google.com%2F\" target=\"_blank\" rel=\"noopener\">GettyImage<\/a> ze fannen (Link <a href=\"https:\/\/web.archive.org\/web\/20250822161140\/https:\/\/www.shutterstock.com\/fr\/image-vector\/set-black-men-different-ages-adolescence-454092652?dd_referrer=https%3A%2F%2Ffactcheck.afp.com%2F&amp;consentChanged=true\" target=\"_blank\" rel=\"noopener\">hei<\/a>\u00a0archiv\u00e9iert). D\u00ebs Elementer entspriechen de Methoden, d\u00e9i scho bei de prorussesche Campagnen dokument\u00e9iert goufen an d\u00e9i op b\u00ebllegen Imitatioune vu legitimmen Internets\u00e4iten oder Konte berouen. D&#8217;AFP huet sech an diversen Artikele mat deem Theema besch\u00e4ftegt (<a href=\"..\/..\/storage\/data\/afp\/factcheck_v2\/FR\/doc.afp.com.34H32VP\" target=\"_blank\" rel=\"noopener\">1<\/a>, <a href=\"..\/..\/storage\/data\/afp\/factcheck_v2\/FR\/doc.afp.com.34WA7DC\" target=\"_blank\" rel=\"noopener\">2<\/a>, <a href=\"..\/..\/storage\/data\/afp\/factcheck_v2\/FR\/doc.afp.com.47WA7NP\" target=\"_blank\" rel=\"noopener\">3<\/a>).\u00a0<\/span><\/p>\n<p><span data-olk-copy-source=\"MailCompose\">Eng \u00ebmgek\u00e9iert Billersich huet d&#8217;Sequenz um YouTube-Kanal vu &#8220;France Pour Tous&#8221; fonnt, deen am M\u00e4erz 2024 gestart gi war. D\u00ebsen huet just eng Handvoll Abonnenten an huet just ee Video eropgelueden: d\u00ebs falsch viral Campagne (Video <a href=\"https:\/\/mvau.lt\/media\/e49f1166-852b-4990-a748-7da9afacee79\" target=\"_blank\" rel=\"noopener\">hei<\/a>\u00a0archiv\u00e9iert).<\/span><\/p>\n<p><img src=\"https:\/\/belux-edmo.s3-accelerate.amazonaws.com\/wp-content\/uploads\/2025\/09\/7c4ec0cca80df6b0393bb473363cb57f_resized.jpeg\" alt=\"RTL\" \/> \u00a9 AFP<\/p>\n<p><span data-olk-copy-source=\"MailCompose\">De Video weist de Logo &#8220;Emmanuel Macron avec vous&#8221; op, deen effektiv an der <a href=\"https:\/\/fr.wikipedia.org\/wiki\/Fichier:Emmanuel-Macron-avec-vous.png\" target=\"_blank\" rel=\"noopener\">Presidentschaftscampagne vun 2022<\/a> benotzt gouf a fr\u00e4i op Wikipedia verf\u00fcgbar ass, wat d&#8217;Weidernotzung fir fraudul\u00e9is Zwecker vereinfacht (Link <a href=\"https:\/\/perma.cc\/3P5F-2CTN\" target=\"_blank\" rel=\"noopener\">hei<\/a> archiv\u00e9iert).\u00a0<\/span><\/p>\n<p><span data-olk-copy-source=\"MailCompose\">Och d&#8217;Kommentarer \u00ebnner dem Video sinn opschlossr\u00e4ich. Eng Abberzuel Konten, d\u00e9i er\u00e9ischt kierzlech ageriicht goufen a Biografien op Tierkesch uweisen, publiz\u00e9iere stereotypesch Messag\u00eb w\u00e9i &#8220;Ech hu schonn ugefaangen, d&#8217;Dokumenter ze sammelen, et ass wierklech einfach a s\u00e9ier&#8221; oder &#8220;Gaaschtfr\u00ebndschaft a Solidarit\u00e9it sinn universell W\u00e4erter, d\u00e9i eis enaner m\u00e9i no br\u00e9ngen&#8221;.<\/span><\/p>\n<p><span data-olk-copy-source=\"MailCompose\">Wann een d\u00ebs X-Konte kuckt, f\u00e4lt op, dass se systematesch op d\u00e9i selwecht B\u00e4itr\u00e4g reag\u00e9ieren:<\/span><\/p>\n<p><img src=\"https:\/\/belux-edmo.s3-accelerate.amazonaws.com\/wp-content\/uploads\/2025\/09\/859b7d9f8e491b7a346d5705c2dd3920_resized.jpeg\" alt=\"RTL\" \/> \u00a9 AFP<\/p>\n<p>Ausserdeem luewe si d&#8217;Initiativ zwar e puer Deeg virdrun \u00ebnner dem Post vun <strong data-end=\"254\" data-start=\"238\">@France_tous<\/strong>, \u00e4ussere sech dann awer \u00ebnner anere B\u00e4itr\u00e4g zimmlech kritesch iwwer den Emmanuel Macron a seng Migratiounspolitik (<a href=\"https:\/\/perma.cc\/2WMH-JKCV\" target=\"_blank\" rel=\"noopener\">1<\/a>, <a href=\"https:\/\/perma.cc\/T8CA-67VA\" target=\"_blank\" rel=\"noopener\">2<\/a>, <a href=\"https:\/\/perma.cc\/Z9DY-LT5J\" target=\"_blank\" rel=\"noopener\">3<\/a>):<\/p>\n<p><img src=\"https:\/\/belux-edmo.s3-accelerate.amazonaws.com\/wp-content\/uploads\/2025\/09\/539d42734ebd319f2cf6e776e4f755d2_resized.jpeg\" alt=\"RTL\" \/> \u00a9 AFP<\/p>\n<p><img src=\"https:\/\/belux-edmo.s3-accelerate.amazonaws.com\/wp-content\/uploads\/2025\/09\/11741136021aedb3e2b8279f39c84c4d_resized.jpeg\" alt=\"RTL\" \/> \u00a9 AFP<\/p>\n<p data-end=\"1886\" data-start=\"1668\"><span data-olk-copy-source=\"MailCompose\">E mat KI gener\u00e9ierte Video<\/span><\/p>\n<p><span data-olk-copy-source=\"MailCompose\">D&#8217;technesch Analys vun der Videosequenz revel\u00e9iert eng R\u00ebtsch Ongereimtheeten: D&#8217;St\u00ebmm, d\u00e9i dem Emmanuel Macron zougeschriwwe g\u00ebtt, weist e perceptibelen Akzent op, an d&#8217;Beweegunge vun de L\u00ebpse st\u00ebmmen net mat der diffus\u00e9ierter Ried iwwereneen. Eng Audioanalys vun der Hannergrondst\u00ebmm mat H\u00ebllef vum Deepfake-Detekter Hiya.com &#8211; deen am <a href=\"https:\/\/www.invid-project.eu\/tools-and-services\/invid-verification-plugin\/\" target=\"_blank\" rel=\"noopener\">Verifiz\u00e9ierungstool InVID-WeVerify<\/a> dran ass &#8211; huet erginn, dass d\u00ebs &#8220;<strong>h\u00e9chstwarscheinlech vu KI gener\u00e9iert<\/strong>&#8221; gouf:<\/span><\/p>\n<p><img src=\"https:\/\/belux-edmo.s3-accelerate.amazonaws.com\/wp-content\/uploads\/2025\/09\/547d8c96416942b58524db61c456a343_resized.jpeg\" alt=\"RTL\" \/> \u00a9 AFP<\/p>\n<p>Mat H\u00ebllef vum selwechten Tool konnt och den <a href=\"https:\/\/x.com\/FaireEnsemblefr\/status\/1501234390122340361\" target=\"_blank\" rel=\"noopener\">Originalvideo<\/a> fonnt ginn. Et handelt sech \u00ebm en Extrait aus dem Joer 2022, an deem de President, deemools nach am Walkampf, ugek\u00ebnnegt hat, dass d&#8217;Gl\u00e4ichstellung vu Fraen a M\u00e4nner &#8220;d\u00e9i grouss Saach vu sengem Quinquennat 2022-2027&#8221; bleiwe g\u00e9if (Link <a href=\"https:\/\/archive.is\/xGyfd\" target=\"_blank\" rel=\"noopener\">hei<\/a> archiv\u00e9iert).<\/p>\n<p>D\u00e9i dozougeh\u00e9iereg Biller stamen aus lizenzfr\u00e4ie Bilddatebanke w\u00e9i <a href=\"https:\/\/www.gettyimages.fr\/search\/2\/film?phrase=lake+dwelling+ganvie&amp;sort=mostpopular\" target=\"_blank\" rel=\"noopener\">GettyImage<\/a> an <a href=\"https:\/\/elements.envato.com\/fr\/drone-night-view-of-arc-de-triomphe-arch-of-triump-G6DQWCJ\" target=\"_blank\" rel=\"noopener\">Elements.Envato<\/a>:<\/p>\n<p><img src=\"https:\/\/belux-edmo.s3-accelerate.amazonaws.com\/wp-content\/uploads\/2025\/09\/b469667476c2f05128493d1856989815_resized.jpeg\" alt=\"RTL\" \/> \u00a9 AFP<\/p>\n<p><img src=\"https:\/\/belux-edmo.s3-accelerate.amazonaws.com\/wp-content\/uploads\/2025\/09\/d92a45f1acbbff28e7d97a3b0e2fd81c_resized.jpeg\" alt=\"RTL\" \/> \u00a9 AFP<\/p>\n<p><span data-olk-copy-source=\"MailCompose\">D\u00ebs Aart vu Contenue weist all Mierkmoler vun de <a href=\"https:\/\/www.sgdsn.gouv.fr\/files\/2025-05\/20250507_TLP-CLEAR_NP_SGDSN_VIGINUM_Rapport%20technique_Storm-1516.pdf\" target=\"_blank\" rel=\"noopener\">Storm-1516-Campagnen<\/a> op, d\u00e9i vu Viginum, der frans\u00e9ischer Agence fir d&#8217;Bek\u00e4mpfe vun Informatiounsmanipulatiounen, beschriwwe ginn. Se zilen dorop of, an Europa an Afrika Verwirrung ze st\u00ebften, antifrans\u00e9isch Narrativer ze nieren a politesch Spannungen ze versch\u00e4erfen, besonnesch am Zesummenhang mat der Migratiounsfro (Link <a href=\"https:\/\/perma.cc\/EK4T-HULH\" target=\"_blank\" rel=\"noopener\">hei<\/a> archiv\u00e9iert).<\/span><\/p>\n<p data-end=\"1567\" data-start=\"956\">&#8220;Storm 1516&#8221;<\/p>\n<p>Och <a href=\"https:\/\/gnidaproject.substack.com\/\" target=\"_blank\" rel=\"noopener\">Gnida Project<\/a>, eng Fuerschungsgrupp, d\u00e9i sech op d&#8217;Detekt\u00e9iere vu russeschen Desinformatiounscampagn\u00eb spezialis\u00e9iert huet, confirm\u00e9iert, dass si d\u00ebs <a href=\"https:\/\/archive.is\/tZ0oy\" target=\"_blank\" rel=\"noopener\">Desinformatioun (&#8220;Infox&#8221;)<\/a> als Deel vun der Operatioun &#8220;<a href=\"https:\/\/www.defense.gouv.fr\/actualites\/storm-1516-dessous-dune-operation-dinfluence-russe\" target=\"_blank\" rel=\"noopener\">Storm 1516<\/a>&#8221; identifiz\u00e9iert huet, bei d\u00e4r a groussem \u00cbmfang Falschinformatiounen erstallt a verbreet ginn (Links <a href=\"https:\/\/web.archive.org\/web\/20250307151245\/https:\/gnidaproject.substack.com\/\" target=\"_blank\" rel=\"noopener\">hei <\/a>an <a href=\"https:\/\/perma.cc\/KM3E-55UY\" target=\"_blank\" rel=\"noopener\">hei<\/a> archiv\u00e9iert).<\/p>\n<p>&#8220;Dat entspr\u00e9cht hirem Modus Operandi an de Contenu vun der Campagne gouf iwwer d&#8217;Netzwierk vun Influenceren, dat mat Storm 1516 verbonnen ass, verbreet. A mir iwwerwaachen et aktiv&#8221;, sot den Alex Liberty (Pseudonym), Member vun der Grupp, den 22. August g\u00e9intiwwer AFP Factuel. Hien och dorun er\u00ebnnert, dass Frankr\u00e4ich an de Macron &#8220;laangfristeg Ziler fir d&#8217;Campagn\u00eb vu Storm 1516&#8221; w\u00e4ren.<\/p>\n<p>&#8220;D&#8217;Haaptzil&#8221; vun der eis interess\u00e9ierender Campagne w\u00e4r et, &#8220;den Anti-Immigratiounsdiscours weider opzest\u00ebppelen&#8221;, huet hie gemengt an dorop higewisen, dass &#8220;eng \u00e4nlech Storm-1516-Campagne am Dezember 2024 D\u00e4itschland als Zil hat&#8221;. D&#8217;Desinformatioun iwwer d&#8217;Awanderung a Frankr\u00e4ich ass effektiv e bel\u00e9ift M\u00ebttel, fir ze versichen, d&#8217;Meenung ze beaflossen, besonnesch wa Walen an d&#8217;Haus stinn.<\/p>\n<p>Dem frans\u00e9ische Verdeedegungsminist\u00e8re no ass d&#8217;Operatioun Storm 1516 &#8220;z\u00ebnter op d&#8217;mannst August 2023&#8221; aktiv a &#8220;konnt opgrond vun hirem \u00cbmfang Auswierkungen op d&#8217;\u00ebffentlech Debatt an Europa hunn a souguer eng R\u00ebtsch Wale beaflossen&#8221;, woub\u00e4i d&#8217;Zil dora best\u00e9ing, &#8220;d&#8217;Integrit\u00e9it vu Walen a Fro ze stellen, e Kandidat blousszestellen oder ze \u00ebnnerst\u00ebtzen, an zwar op der Grondlag vu russeschen Intressien&#8221;.<\/p>\n<p>Dat Besonnescht u Storm 1516 ass, dass et K\u00ebnschtlech Intelligenz notzt, fir Persoune mat oppenem Vis\u00e9ier an Zeen ze setzen. Zu de prominentste Beispiller geh\u00e9ieren d&#8217;prorussesch Campagnen <a href=\"..\/..\/storage\/data\/afp\/factcheck_v2\/FR\/doc.afp.com.36UR42N\" target=\"_blank\" rel=\"noopener\">Doppelg\u00e4nger<\/a>, <a href=\"..\/..\/storage\/data\/afp\/factcheck_v2\/FR\/doc.afp.com.34H32VP\" target=\"_blank\" rel=\"noopener\">Matrjoschka<\/a> a <a href=\"..\/..\/storage\/data\/afp\/factcheck_v2\/FR\/doc.afp.com.34ZM7HQ\" target=\"_blank\" rel=\"noopener\">CopyCop<\/a>, deenen hir Auteuren a groussem \u00cbmfang op net authentesch Profiller, sougenannt Bots, zer\u00e9ckgr\u00e4ifen, fir <a href=\"..\/..\/storage\/data\/afp\/factcheck_v2\/FR\/doc.afp.com.34WA7DC\" target=\"_blank\" rel=\"noopener\">KI-gener\u00e9iert Contenuen<\/a> ze publiz\u00e9ieren, d\u00e9i \u00ebnner anerem dorop ofzile g\u00e9ifen, d&#8217;westlech \u00cbnnerst\u00ebtzung fir d&#8217;Ukrain ze \u00ebnnergruewen.<\/p>\n<p>E weidert Mierkmol ass, dass d\u00e9i \u00e9ischt Diffusioun vu Storm-1516-Campagnen dacks iwwer &#8220;Single-Use&#8221;-Konte geet. Dat heescht, anonym a just fir d\u00ebsen Zweck erstallt Konten, sou de <a href=\"https:\/\/www.defense.gouv.fr\/actualites\/storm-1516-dessous-dune-operation-dinfluence-russe\" target=\"_blank\" rel=\"noopener\">Rapport vu Viginum<\/a>.\u00a0 Se kann och vu Konte vun Dr\u00ebtte stamen, warscheinlech g\u00e9int eng Remuneratioun (Link <a href=\"https:\/\/perma.cc\/6VAN-6JS3\" target=\"_blank\" rel=\"noopener\">hei<\/a> archiv\u00e9iert).<\/p>\n<p>D&#8217;Contenue ginn duerno &#8220;gew\u00e4sch&#8221;, wa se op Noriichtes\u00e4ite vun Dr\u00ebtten, virun allem am Ausland, iwwerholl ginn, d\u00e9i an den Ae vun den Zilgruppen als glafwierdeg g\u00ebllen. Uschl\u00e9issend ginn d&#8217;Noriichte verst\u00e4erkt, fir &#8220;d&#8217;Zilgruppen ze erreechen an eng &#8211; onbewosst oder opportunistesch &#8211; Iwwernam vun den Narrativer duerch aner Acteuren an Organisatiounen ze bewierken&#8221;.<\/p>\n<p><em>D\u00ebse Faktencheck gouf vun RTL op L\u00ebtzebuergesch iwwersat.<\/em><\/p>\n<\/article>\n","protected":false},"excerpt":{"rendered":"<p>D&#8217;Desinformatioun, d\u00e9i sech g\u00e9int Kiew a seng europ\u00e4esch Alli\u00e9iert riicht, ass z\u00ebnter dem Ufank vun der russescher Invasioun an d&#8217;Ukrain virun dr\u00e4i Joer a sozialen Netzwierker omnipresent a breet sech weider aus.<\/p>\n","protected":false},"author":1,"featured_media":400935,"comment_status":"closed","ping_status":"closed","sticky":false,"template":"","format":"standard","meta":{"_acf_changed":false,"footnotes":""},"categories":[470,425,183,193,191],"tags":[],"class_list":{"0":"post-400990","1":"post","2":"type-post","3":"status-publish","4":"format-standard","5":"has-post-thumbnail","7":"category-editors-choice-lu","8":"category-eu-lb-fact-check-lb","9":"category-fact-check-lb","10":"category-gesellschaft","11":"category-politik"},"acf":{"show_metatags":true,"id":"2333695","authors":"RTL L\u00ebtzebuerg","organization":"RTL","featured_image_copyright":"","text_copyright":"Copyright RTL \/ CLT-UFA S.A.","source":"https:\/\/www.rtl.lu\/news\/faktencheck\/a\/2333695.html","fact_checker":"https:\/\/belux.wpengine.com\/wp-content\/uploads\/2021\/12\/rtl_logo.png","share_this_post_to_edmo_website":false,"affiliation":"BELUX","type":"Closed Event","location":"","start_date":"","start_date_event_begins_at":"","start_date_event_ends_at":"","end_date":"","end_date_event_begins_at":"","end_date_event_ends_at":"","organizer":"","fact_checker_logo_image":false},"yoast_head":"<!-- This site is optimized with the Yoast SEO plugin v27.0 - https:\/\/yoast.com\/product\/yoast-seo-wordpress\/ -->\n<title>Faktencheck: Macron huet kee Programm iwwer 1.800 Euro fir Afrikaner lanc\u00e9iert - EDMO Belux<\/title>\n<meta name=\"robots\" content=\"index, follow, max-snippet:-1, max-image-preview:large, max-video-preview:-1\" \/>\n<link rel=\"canonical\" href=\"https:\/\/belux.edmo.eu\/lb\/faktencheck-macron-huet-kee-programm-iwwer-1-800-euro-fir-afrikaner-lanciert\/\" \/>\n<meta property=\"og:locale\" content=\"en_US\" \/>\n<meta property=\"og:type\" content=\"article\" \/>\n<meta property=\"og:title\" content=\"Faktencheck: Macron huet kee Programm iwwer 1.800 Euro fir Afrikaner lanc\u00e9iert - EDMO Belux\" \/>\n<meta property=\"og:description\" content=\"D&#039;Desinformatioun, d\u00e9i sech g\u00e9int Kiew a seng europ\u00e4esch Alli\u00e9iert riicht, ass z\u00ebnter dem Ufank vun der russescher Invasioun an d&#039;Ukrain virun dr\u00e4i Joer a sozialen Netzwierker omnipresent a breet sech weider aus.\" \/>\n<meta property=\"og:url\" content=\"https:\/\/belux.edmo.eu\/lb\/faktencheck-macron-huet-kee-programm-iwwer-1-800-euro-fir-afrikaner-lanciert\/\" \/>\n<meta property=\"og:site_name\" content=\"EDMO Belux\" \/>\n<meta property=\"article:published_time\" content=\"2025-09-08T08:00:50+00:00\" \/>\n<meta property=\"article:modified_time\" content=\"2025-09-09T08:28:42+00:00\" \/>\n<meta property=\"og:image\" content=\"https:\/\/belux-edmo.s3-accelerate.amazonaws.com\/wp-content\/uploads\/2025\/09\/d32ecb97061b2def793e98468d45fcc5_resized.jpeg\" \/>\n\t<meta property=\"og:image:width\" content=\"1080\" \/>\n\t<meta property=\"og:image:height\" content=\"608\" \/>\n\t<meta property=\"og:image:type\" content=\"image\/jpeg\" \/>\n<meta name=\"author\" content=\"master\" \/>\n<meta name=\"twitter:card\" content=\"summary_large_image\" \/>\n<meta name=\"twitter:creator\" content=\"@Edmo_Belux\" \/>\n<meta name=\"twitter:site\" content=\"@Edmo_Belux\" \/>\n<meta name=\"twitter:label1\" content=\"Written by\" \/>\n\t<meta name=\"twitter:data1\" content=\"master\" \/>\n\t<meta name=\"twitter:label2\" content=\"Est. reading time\" \/>\n\t<meta name=\"twitter:data2\" content=\"8 minutes\" \/>\n<script type=\"application\/ld+json\" class=\"yoast-schema-graph\">{\"@context\":\"https:\/\/schema.org\",\"@graph\":[{\"@type\":\"Article\",\"@id\":\"https:\/\/belux.edmo.eu\/lb\/faktencheck-macron-huet-kee-programm-iwwer-1-800-euro-fir-afrikaner-lanciert\/#article\",\"isPartOf\":{\"@id\":\"https:\/\/belux.edmo.eu\/lb\/faktencheck-macron-huet-kee-programm-iwwer-1-800-euro-fir-afrikaner-lanciert\/\"},\"author\":{\"name\":\"master\",\"@id\":\"https:\/\/belux.edmo.eu\/#\/schema\/person\/dbe3b252258537fd318f9b5645a30342\"},\"headline\":\"Faktencheck: Macron huet kee Programm iwwer 1.800 Euro fir Afrikaner lanc\u00e9iert\",\"datePublished\":\"2025-09-08T08:00:50+00:00\",\"dateModified\":\"2025-09-09T08:28:42+00:00\",\"mainEntityOfPage\":{\"@id\":\"https:\/\/belux.edmo.eu\/lb\/faktencheck-macron-huet-kee-programm-iwwer-1-800-euro-fir-afrikaner-lanciert\/\"},\"wordCount\":1507,\"publisher\":{\"@id\":\"https:\/\/belux.edmo.eu\/#organization\"},\"image\":{\"@id\":\"https:\/\/belux.edmo.eu\/lb\/faktencheck-macron-huet-kee-programm-iwwer-1-800-euro-fir-afrikaner-lanciert\/#primaryimage\"},\"thumbnailUrl\":\"https:\/\/belux-edmo.s3-accelerate.amazonaws.com\/wp-content\/uploads\/2025\/09\/d32ecb97061b2def793e98468d45fcc5_resized.jpeg\",\"articleSection\":[\"Editor's Choice Slider LU\",\"EU\",\"Fact Check\",\"Gesellschaft\",\"Politik\"],\"inLanguage\":\"lb-LU\"},{\"@type\":\"WebPage\",\"@id\":\"https:\/\/belux.edmo.eu\/lb\/faktencheck-macron-huet-kee-programm-iwwer-1-800-euro-fir-afrikaner-lanciert\/\",\"url\":\"https:\/\/belux.edmo.eu\/lb\/faktencheck-macron-huet-kee-programm-iwwer-1-800-euro-fir-afrikaner-lanciert\/\",\"name\":\"Faktencheck: Macron huet kee Programm iwwer 1.800 Euro fir Afrikaner lanc\u00e9iert - EDMO Belux\",\"isPartOf\":{\"@id\":\"https:\/\/belux.edmo.eu\/#website\"},\"primaryImageOfPage\":{\"@id\":\"https:\/\/belux.edmo.eu\/lb\/faktencheck-macron-huet-kee-programm-iwwer-1-800-euro-fir-afrikaner-lanciert\/#primaryimage\"},\"image\":{\"@id\":\"https:\/\/belux.edmo.eu\/lb\/faktencheck-macron-huet-kee-programm-iwwer-1-800-euro-fir-afrikaner-lanciert\/#primaryimage\"},\"thumbnailUrl\":\"https:\/\/belux-edmo.s3-accelerate.amazonaws.com\/wp-content\/uploads\/2025\/09\/d32ecb97061b2def793e98468d45fcc5_resized.jpeg\",\"datePublished\":\"2025-09-08T08:00:50+00:00\",\"dateModified\":\"2025-09-09T08:28:42+00:00\",\"breadcrumb\":{\"@id\":\"https:\/\/belux.edmo.eu\/lb\/faktencheck-macron-huet-kee-programm-iwwer-1-800-euro-fir-afrikaner-lanciert\/#breadcrumb\"},\"inLanguage\":\"lb-LU\",\"potentialAction\":[{\"@type\":\"ReadAction\",\"target\":[\"https:\/\/belux.edmo.eu\/lb\/faktencheck-macron-huet-kee-programm-iwwer-1-800-euro-fir-afrikaner-lanciert\/\"]}]},{\"@type\":\"ImageObject\",\"inLanguage\":\"lb-LU\",\"@id\":\"https:\/\/belux.edmo.eu\/lb\/faktencheck-macron-huet-kee-programm-iwwer-1-800-euro-fir-afrikaner-lanciert\/#primaryimage\",\"url\":\"https:\/\/belux-edmo.s3-accelerate.amazonaws.com\/wp-content\/uploads\/2025\/09\/d32ecb97061b2def793e98468d45fcc5_resized.jpeg\",\"contentUrl\":\"https:\/\/belux-edmo.s3-accelerate.amazonaws.com\/wp-content\/uploads\/2025\/09\/d32ecb97061b2def793e98468d45fcc5_resized.jpeg\",\"width\":1080,\"height\":608,\"caption\":\"Faktencheck: Macron huet kee Programm iwwer 1.800 Euro fir Afrikaner lanc\u00e9iert - Featured image\"},{\"@type\":\"BreadcrumbList\",\"@id\":\"https:\/\/belux.edmo.eu\/lb\/faktencheck-macron-huet-kee-programm-iwwer-1-800-euro-fir-afrikaner-lanciert\/#breadcrumb\",\"itemListElement\":[{\"@type\":\"ListItem\",\"position\":1,\"name\":\"Home\",\"item\":\"https:\/\/belux.edmo.eu\/lb\/\"},{\"@type\":\"ListItem\",\"position\":2,\"name\":\"Faktencheck: Macron huet kee Programm iwwer 1.800 Euro fir Afrikaner lanc\u00e9iert\"}]},{\"@type\":\"WebSite\",\"@id\":\"https:\/\/belux.edmo.eu\/#website\",\"url\":\"https:\/\/belux.edmo.eu\/\",\"name\":\"EDMO Belux\",\"description\":\"Monitoring Disinformation in Belgium and Luxembourg\",\"publisher\":{\"@id\":\"https:\/\/belux.edmo.eu\/#organization\"},\"potentialAction\":[{\"@type\":\"SearchAction\",\"target\":{\"@type\":\"EntryPoint\",\"urlTemplate\":\"https:\/\/belux.edmo.eu\/?s={search_term_string}\"},\"query-input\":{\"@type\":\"PropertyValueSpecification\",\"valueRequired\":true,\"valueName\":\"search_term_string\"}}],\"inLanguage\":\"lb-LU\"},{\"@type\":\"Organization\",\"@id\":\"https:\/\/belux.edmo.eu\/#organization\",\"name\":\"EDMO Belux\",\"url\":\"https:\/\/belux.edmo.eu\/\",\"logo\":{\"@type\":\"ImageObject\",\"inLanguage\":\"lb-LU\",\"@id\":\"https:\/\/belux.edmo.eu\/#\/schema\/logo\/image\/\",\"url\":\"https:\/\/belux.edmo.eu\/wp-content\/uploads\/2021\/12\/belux-logo-full-color-rgb.svg\",\"contentUrl\":\"https:\/\/belux.edmo.eu\/wp-content\/uploads\/2021\/12\/belux-logo-full-color-rgb.svg\",\"width\":1,\"height\":1,\"caption\":\"EDMO Belux\"},\"image\":{\"@id\":\"https:\/\/belux.edmo.eu\/#\/schema\/logo\/image\/\"},\"sameAs\":[\"https:\/\/x.com\/Edmo_Belux\"]},{\"@type\":\"Person\",\"@id\":\"https:\/\/belux.edmo.eu\/#\/schema\/person\/dbe3b252258537fd318f9b5645a30342\",\"name\":\"master\",\"sameAs\":[\"https:\/\/belux.wpengine.com\"],\"url\":\"https:\/\/belux.edmo.eu\/lb\/author\/master\/\"}]}<\/script>\n<!-- \/ Yoast SEO plugin. -->","yoast_head_json":{"title":"Faktencheck: Macron huet kee Programm iwwer 1.800 Euro fir Afrikaner lanc\u00e9iert - EDMO Belux","robots":{"index":"index","follow":"follow","max-snippet":"max-snippet:-1","max-image-preview":"max-image-preview:large","max-video-preview":"max-video-preview:-1"},"canonical":"https:\/\/belux.edmo.eu\/lb\/faktencheck-macron-huet-kee-programm-iwwer-1-800-euro-fir-afrikaner-lanciert\/","og_locale":"en_US","og_type":"article","og_title":"Faktencheck: Macron huet kee Programm iwwer 1.800 Euro fir Afrikaner lanc\u00e9iert - EDMO Belux","og_description":"D'Desinformatioun, d\u00e9i sech g\u00e9int Kiew a seng europ\u00e4esch Alli\u00e9iert riicht, ass z\u00ebnter dem Ufank vun der russescher Invasioun an d'Ukrain virun dr\u00e4i Joer a sozialen Netzwierker omnipresent a breet sech weider aus.","og_url":"https:\/\/belux.edmo.eu\/lb\/faktencheck-macron-huet-kee-programm-iwwer-1-800-euro-fir-afrikaner-lanciert\/","og_site_name":"EDMO Belux","article_published_time":"2025-09-08T08:00:50+00:00","article_modified_time":"2025-09-09T08:28:42+00:00","og_image":[{"width":1080,"height":608,"url":"https:\/\/belux-edmo.s3-accelerate.amazonaws.com\/wp-content\/uploads\/2025\/09\/d32ecb97061b2def793e98468d45fcc5_resized.jpeg","type":"image\/jpeg"}],"author":"master","twitter_card":"summary_large_image","twitter_creator":"@Edmo_Belux","twitter_site":"@Edmo_Belux","twitter_misc":{"Written by":"master","Est. reading time":"8 minutes"},"schema":{"@context":"https:\/\/schema.org","@graph":[{"@type":"Article","@id":"https:\/\/belux.edmo.eu\/lb\/faktencheck-macron-huet-kee-programm-iwwer-1-800-euro-fir-afrikaner-lanciert\/#article","isPartOf":{"@id":"https:\/\/belux.edmo.eu\/lb\/faktencheck-macron-huet-kee-programm-iwwer-1-800-euro-fir-afrikaner-lanciert\/"},"author":{"name":"master","@id":"https:\/\/belux.edmo.eu\/#\/schema\/person\/dbe3b252258537fd318f9b5645a30342"},"headline":"Faktencheck: Macron huet kee Programm iwwer 1.800 Euro fir Afrikaner lanc\u00e9iert","datePublished":"2025-09-08T08:00:50+00:00","dateModified":"2025-09-09T08:28:42+00:00","mainEntityOfPage":{"@id":"https:\/\/belux.edmo.eu\/lb\/faktencheck-macron-huet-kee-programm-iwwer-1-800-euro-fir-afrikaner-lanciert\/"},"wordCount":1507,"publisher":{"@id":"https:\/\/belux.edmo.eu\/#organization"},"image":{"@id":"https:\/\/belux.edmo.eu\/lb\/faktencheck-macron-huet-kee-programm-iwwer-1-800-euro-fir-afrikaner-lanciert\/#primaryimage"},"thumbnailUrl":"https:\/\/belux-edmo.s3-accelerate.amazonaws.com\/wp-content\/uploads\/2025\/09\/d32ecb97061b2def793e98468d45fcc5_resized.jpeg","articleSection":["Editor's Choice Slider LU","EU","Fact Check","Gesellschaft","Politik"],"inLanguage":"lb-LU"},{"@type":"WebPage","@id":"https:\/\/belux.edmo.eu\/lb\/faktencheck-macron-huet-kee-programm-iwwer-1-800-euro-fir-afrikaner-lanciert\/","url":"https:\/\/belux.edmo.eu\/lb\/faktencheck-macron-huet-kee-programm-iwwer-1-800-euro-fir-afrikaner-lanciert\/","name":"Faktencheck: Macron huet kee Programm iwwer 1.800 Euro fir Afrikaner lanc\u00e9iert - EDMO Belux","isPartOf":{"@id":"https:\/\/belux.edmo.eu\/#website"},"primaryImageOfPage":{"@id":"https:\/\/belux.edmo.eu\/lb\/faktencheck-macron-huet-kee-programm-iwwer-1-800-euro-fir-afrikaner-lanciert\/#primaryimage"},"image":{"@id":"https:\/\/belux.edmo.eu\/lb\/faktencheck-macron-huet-kee-programm-iwwer-1-800-euro-fir-afrikaner-lanciert\/#primaryimage"},"thumbnailUrl":"https:\/\/belux-edmo.s3-accelerate.amazonaws.com\/wp-content\/uploads\/2025\/09\/d32ecb97061b2def793e98468d45fcc5_resized.jpeg","datePublished":"2025-09-08T08:00:50+00:00","dateModified":"2025-09-09T08:28:42+00:00","breadcrumb":{"@id":"https:\/\/belux.edmo.eu\/lb\/faktencheck-macron-huet-kee-programm-iwwer-1-800-euro-fir-afrikaner-lanciert\/#breadcrumb"},"inLanguage":"lb-LU","potentialAction":[{"@type":"ReadAction","target":["https:\/\/belux.edmo.eu\/lb\/faktencheck-macron-huet-kee-programm-iwwer-1-800-euro-fir-afrikaner-lanciert\/"]}]},{"@type":"ImageObject","inLanguage":"lb-LU","@id":"https:\/\/belux.edmo.eu\/lb\/faktencheck-macron-huet-kee-programm-iwwer-1-800-euro-fir-afrikaner-lanciert\/#primaryimage","url":"https:\/\/belux-edmo.s3-accelerate.amazonaws.com\/wp-content\/uploads\/2025\/09\/d32ecb97061b2def793e98468d45fcc5_resized.jpeg","contentUrl":"https:\/\/belux-edmo.s3-accelerate.amazonaws.com\/wp-content\/uploads\/2025\/09\/d32ecb97061b2def793e98468d45fcc5_resized.jpeg","width":1080,"height":608,"caption":"Faktencheck: Macron huet kee Programm iwwer 1.800 Euro fir Afrikaner lanc\u00e9iert - Featured image"},{"@type":"BreadcrumbList","@id":"https:\/\/belux.edmo.eu\/lb\/faktencheck-macron-huet-kee-programm-iwwer-1-800-euro-fir-afrikaner-lanciert\/#breadcrumb","itemListElement":[{"@type":"ListItem","position":1,"name":"Home","item":"https:\/\/belux.edmo.eu\/lb\/"},{"@type":"ListItem","position":2,"name":"Faktencheck: Macron huet kee Programm iwwer 1.800 Euro fir Afrikaner lanc\u00e9iert"}]},{"@type":"WebSite","@id":"https:\/\/belux.edmo.eu\/#website","url":"https:\/\/belux.edmo.eu\/","name":"EDMO Belux","description":"Monitoring Disinformation in Belgium and Luxembourg","publisher":{"@id":"https:\/\/belux.edmo.eu\/#organization"},"potentialAction":[{"@type":"SearchAction","target":{"@type":"EntryPoint","urlTemplate":"https:\/\/belux.edmo.eu\/?s={search_term_string}"},"query-input":{"@type":"PropertyValueSpecification","valueRequired":true,"valueName":"search_term_string"}}],"inLanguage":"lb-LU"},{"@type":"Organization","@id":"https:\/\/belux.edmo.eu\/#organization","name":"EDMO Belux","url":"https:\/\/belux.edmo.eu\/","logo":{"@type":"ImageObject","inLanguage":"lb-LU","@id":"https:\/\/belux.edmo.eu\/#\/schema\/logo\/image\/","url":"https:\/\/belux.edmo.eu\/wp-content\/uploads\/2021\/12\/belux-logo-full-color-rgb.svg","contentUrl":"https:\/\/belux.edmo.eu\/wp-content\/uploads\/2021\/12\/belux-logo-full-color-rgb.svg","width":1,"height":1,"caption":"EDMO Belux"},"image":{"@id":"https:\/\/belux.edmo.eu\/#\/schema\/logo\/image\/"},"sameAs":["https:\/\/x.com\/Edmo_Belux"]},{"@type":"Person","@id":"https:\/\/belux.edmo.eu\/#\/schema\/person\/dbe3b252258537fd318f9b5645a30342","name":"master","sameAs":["https:\/\/belux.wpengine.com"],"url":"https:\/\/belux.edmo.eu\/lb\/author\/master\/"}]}},"menu_order":0,"_links":{"self":[{"href":"https:\/\/belux.edmo.eu\/lb\/wp-json\/wp\/v2\/posts\/400990","targetHints":{"allow":["GET"]}}],"collection":[{"href":"https:\/\/belux.edmo.eu\/lb\/wp-json\/wp\/v2\/posts"}],"about":[{"href":"https:\/\/belux.edmo.eu\/lb\/wp-json\/wp\/v2\/types\/post"}],"author":[{"embeddable":true,"href":"https:\/\/belux.edmo.eu\/lb\/wp-json\/wp\/v2\/users\/1"}],"replies":[{"embeddable":true,"href":"https:\/\/belux.edmo.eu\/lb\/wp-json\/wp\/v2\/comments?post=400990"}],"version-history":[{"count":0,"href":"https:\/\/belux.edmo.eu\/lb\/wp-json\/wp\/v2\/posts\/400990\/revisions"}],"wp:featuredmedia":[{"embeddable":true,"href":"https:\/\/belux.edmo.eu\/lb\/wp-json\/wp\/v2\/media\/400935"}],"wp:attachment":[{"href":"https:\/\/belux.edmo.eu\/lb\/wp-json\/wp\/v2\/media?parent=400990"}],"wp:term":[{"taxonomy":"category","embeddable":true,"href":"https:\/\/belux.edmo.eu\/lb\/wp-json\/wp\/v2\/categories?post=400990"},{"taxonomy":"post_tag","embeddable":true,"href":"https:\/\/belux.edmo.eu\/lb\/wp-json\/wp\/v2\/tags?post=400990"}],"curies":[{"name":"wp","href":"https:\/\/api.w.org\/{rel}","templated":true}]}}