{"id":401227,"date":"2025-09-15T11:00:19","date_gmt":"2025-09-15T11:00:19","guid":{"rendered":"https:\/\/belux.edmo.eu\/?p=401227"},"modified":"2025-09-15T11:37:35","modified_gmt":"2025-09-15T11:37:35","slug":"faktencheck-dbrics-staaten-hu-keng-nei-gemeinsam-wrung-lanciert","status":"publish","type":"post","link":"https:\/\/belux.edmo.eu\/lb\/faktencheck-dbrics-staaten-hu-keng-nei-gemeinsam-wrung-lanciert\/","title":{"rendered":"Faktencheck: D&#8217;Brics-Staaten hu keng nei gemeinsam W\u00e4rung lanc\u00e9iert"},"content":{"rendered":"<article>\n<div>\n<p>All Joer treffe sech d&#8217;Brics-Staaten, zu deene Brasilien, Russland, Indien, China a S\u00fcdafrika geh\u00e9ieren, fir e Sommet. 2025 war dat de 6. a 7. Juli zu Rio de Janeiro. D&#8217;opstriewend L\u00e4nner vun d\u00ebser ekonomescher Allianz hu bei d\u00ebser Gelee\u00ebnheet hire W\u00eblle bekr\u00e4ftegt, hiren Handel ze entdollaris\u00e9ieren. Dat huet a Sozialen Netzwierker zu Feelinterpretatioune gef\u00e9iert.<\/p>\n<\/div>\n<div>\n<p class=\"article-body__summary\">An enger R\u00ebtsch B\u00e4itr\u00e4g g\u00ebtt behaapt, d&#8217;Grupp h\u00e4tt eng nei W\u00e4rung agef\u00e9iert, woub\u00e4i Fotoe vu Billjee\u00ebn oder Taux-de-changen als Beleeg d\u00e9ngen. Dat ass awer falsch.<\/p>\n<p class=\"article-body__summary\">Et gouf keng gemeinsam W\u00e4rung an \u00cbmlaf bruecht, w\u00e9i Experten a Membere vun der Institutioun g\u00e9intiwwer der AFP confirm\u00e9iert an dorop higewisen hunn, dass sech d&#8217;Iddi vun engem vum Dollar befreite Bezuelsystem nach am Projetsstadium befanne g\u00e9if.<\/p>\n<p class=\"article-body__summary\">D&#8217;Brics-Grupp (Brasilien, Russland, Indien, China a S\u00fcdafrika), d\u00e9i gegr\u00ebnnt gouf, fir d&#8217;Weltuerdnung zu Gonschte vum &#8220;globale S\u00fcde&#8221; g\u00e9intiwwer dem Westen auszegl\u00e4ichen, gouf z\u00ebnter 2023 \u00ebm \u00c4gypten, d&#8217;Vereenegt Arabesch Emirater, \u00c4thiopien, den Iran an Indonesien erweidert.<\/p>\n<p class=\"article-body__summary\">Z\u00ebnter hirem aller\u00e9ischte Sommet de 16. Juni 2009 zu Jekaterinburg (Russland) hunn d&#8217;L\u00e4nner vun der Allianz d&#8217;<a href=\"https:\/\/www.lorientlejour.com\/article\/621937\/Le_premier_sommet_du_BRIC_met_en_garde_contre_la_%3C%3C_domination_du_dollar_%3E%3E.html\" target=\"_blank\" rel=\"noopener\">Entdollaris\u00e9ierung vun hiren Ekonomien<\/a> zu hirem wichtegste Projet gemaach. D&#8217;Iddi ass, den Dollar, dee weltw\u00e4it als Referenz g\u00ebllt, net m\u00e9i fir den Handel t\u00ebschent de verschiddene Memberstaaten ze benotzen (Link <a href=\"https:\/\/web.archive.org\/web\/20250905093739\/https:\/\/www.lorientlejour.com\/article\/621937\/Le_premier_sommet_du_BRIC_met_en_garde_contre_la_%3C%3C_domination_du_dollar_%3E%3E.html\" target=\"_blank\" rel=\"noopener\">hei<\/a> archiv\u00e9iert).<\/p>\n<p class=\"article-body__summary\">De W\u00ebllen, d\u00ebse Projet ze konkretis\u00e9ieren, huet sech z\u00ebnter dem Ufank vum Krich an der Ukrain an de westleche Sanktioune g\u00e9int Russland, ee vun de Gr\u00ebnnungsmemberen, verst\u00e4erkt. Den Handelskrich, deen den US-President Donald Trump z\u00ebnter sengem Retour an d&#8217;W\u00e4isst Haus ugefaangen huet, huet sech an den Debatte vun der Grupp opgedr\u00e4ngt, d\u00e9i m\u00ebttlerweil bal d&#8217;Hallschent vun der Weltbev\u00eblkerung a ronn 40 Prozent vum weltw\u00e4ite PIB represent\u00e9iert.<\/p>\n<p class=\"article-body__summary\">&#8220;Ech denken, d&#8217;Welt muss e Wee fannen, dass eis Handelsbez\u00e9iungen net m\u00e9i op dem Dollar bas\u00e9ieren&#8221;, sot de brasilianesche President Lula da Silva um <a href=\"https:\/\/www.youtube.com\/live\/EAZtHiPvDbc?t=2332s\" target=\"_blank\" rel=\"noopener\">zweeten Dag vum 17. Brics-Sommet<\/a>, dee vum 6. bis de 7. Juli 2025 zu Rio stattfonnt huet (Video op Portugisesch <a href=\"https:\/\/mvau.lt\/media\/a14005e8-c383-41f0-b775-fad827064b00\" target=\"_blank\" rel=\"noopener\">hei<\/a>\u00a0archiv\u00e9iert).<\/p>\n<p><img src=\"https:\/\/belux-edmo.s3-accelerate.amazonaws.com\/wp-content\/uploads\/2025\/09\/417b262742b7b3ca17ef383e6478beb7_resized.jpeg\" alt=\"RTL\" \/> \u00a9 AFP<\/p>\n<p>An d\u00ebsem Zesummenhang behaapten z\u00ebnter Enn Juli eng R\u00ebtsch B\u00e4itr\u00e4g a Sozialen Netzwierker, dass eng gemeinsam W\u00e4rung agef\u00e9iert gi w\u00e4r.<\/p>\n<p>E B\u00e4itrag op der Plattform X, dee m\u00e9i w\u00e9i dausend Mol geliket gouf, weist e Screenshot vun engem Syst\u00e8me de change, deen d&#8217;M\u00e9iglechkeet huet, d&#8217;W\u00e4rung vun de Brics-Staaten, d\u00e9i sougenannt &#8220;Brics Chain&#8221;, ze kafen. Dem Auteur vun der Publikatioun no g\u00e9if eng &#8220;Brics Chain&#8221; Enn Juli fir 26,01 USD gehandelt ginn (Link <a href=\"https:\/\/perma.cc\/KJR2-3FKE\" target=\"_blank\" rel=\"noopener\">hei<\/a> archiv\u00e9iert).<\/p>\n<p>&#8220;D&#8217;Brics-Staate f\u00e9ieren hir eege W\u00e4rung an, fir der Dominanz vum Dollar ze entkommen&#8221;, behaapt och en Internetnotzer op TikTok an der Iwwerschr\u00ebft vun engem kuerze Video, deen e Geldsch\u00e4in mat de F\u00e4ndele vun de f\u00ebnnef Brics-Memberstaate weist (Video <a href=\"https:\/\/perma.cc\/6GMC-RAW2\" target=\"_blank\" rel=\"noopener\">hei<\/a> archiv\u00e9iert).<\/p>\n<p>D\u00e9i selwecht Sequenz g\u00ebtt an engem Facebook-Post gewisen, an deem e senegaleeseschen Internetnotzer vun enger &#8220;zuk\u00fcnfteger Brics-Devise&#8221; schw\u00e4tzt, d\u00e9i geschw\u00ebnn agef\u00e9iert ginn an &#8220;den US-Dollar an de Schiet stelle&#8221; soll (Link <a href=\"https:\/\/web.archive.org\/web\/20250813114547\/https:\/\/www.facebook.com\/reel\/30784309691215263\/\" target=\"_blank\" rel=\"noopener\">hei<\/a> archiv\u00e9iert).<\/p>\n<p><img src=\"https:\/\/belux-edmo.s3-accelerate.amazonaws.com\/wp-content\/uploads\/2025\/09\/9afb0571ff5da96a2176478ef814c898_resized.jpeg\" alt=\"RTL\" \/> \u00a9 AFP<\/p>\n<p>Aner, m\u00e9i al B\u00e4itr\u00e4g gi vir, 50-Brics-Billjee\u00ebn ze weisen, w\u00e9i zum Beispill en TikTok-B\u00e4itrag, dee m\u00e9i w\u00e9i 13.500 Kommentare gesammelt huet, oder en 100-Brics-Billjee, deen angeeblech vum russesche President Wladimir Putin an d&#8217;Luucht gehale g\u00ebtt (Links <a href=\"https:\/\/perma.cc\/QFQ9-LFHN\" target=\"_blank\" rel=\"noopener\">hei<\/a> an <a href=\"https:\/\/perma.cc\/8CKX-EYZQ\" target=\"_blank\" rel=\"noopener\">hei<\/a> archiv\u00e9iert).<\/p>\n<p>D\u00ebs B\u00e4itr\u00e4g loossen de falschen Androck zou, dass d&#8217;Brics-Staate schonn eng gemeinsam W\u00e4rung agef\u00e9iert h\u00e4tten oder dat deemn\u00e4chst maache g\u00e9ifen. <strong>Dat ass falsch, hunn d&#8217;brasilianesch Brics-Presidence an eng Abberzuel vun Ekonomiste g\u00e9intiwwer der AFP betount.<\/strong><\/p>\n<p>&#8220;Falsch Informatiounen&#8221;<\/p>\n<p>Z\u00ebnter hirem \u00e9ischte Sommet am Joer 2009 hunn d&#8217;Brics-Staate reegelm\u00e9isseg erkl\u00e4ert, dass si eng M\u00e9iglechkeet fir d&#8217;Entdollaris\u00e9ierung vun hiren Ekonomi\u00eb schafe w\u00ebllen. Op dem <a href=\"https:\/\/www.atalayar.com\/fr\/articulo\/economie-et-entreprises\/brics-concoivent-une-monnaie-alternative-au-dollar-americain-apres-menace-trump\/20241205100000208327.html\" target=\"_blank\" rel=\"noopener\">14. Brics-Sommet am Joer 2022<\/a> hat de Wladimir Putin beispillsweis vun der Noutwendegkeet geschwat, eng &#8220;nei Weltw\u00e4rung fir Reserven&#8221; ze schafen (Link <a href=\"https:\/\/perma.cc\/LGD9-58WL\" target=\"_blank\" rel=\"noopener\">hei<\/a> archiv\u00e9iert).<\/p>\n<p>Am Juni 2023, um Sommet fir en neie Finanzpakt zu Par\u00e4is, hat de brasilianesche President Lula da Silva dann \u00ebffentlech d&#8217;Iddi vun enger gemeinsamer W\u00e4rung nom Virbild vum Euro nees opbruecht, fir den Handel bannent de Brics-Staaten ze erliichteren. Am <a href=\"https:\/\/www.france24.com\/fr\/%C3%A9co-tech\/20230823-une-monnaie-commune-des-brics-peut-elle-faire-trembler-le-dollar\" target=\"_blank\" rel=\"noopener\">August 2023<\/a> stoung de Projet offiziell op der Dagesuerdnung vum Brics-Sommet zu Johannesburg, wou en als M\u00ebttel fir d&#8217;\u00cbmgoe vun der Dollar-Hegemonie a fir d&#8217;Demonstratioun vu wirtschaftlecher Eenheet virgestallt gouf (Link <a href=\"https:\/\/perma.cc\/MNZ3-5JP9\" target=\"_blank\" rel=\"noopener\">hei<\/a> archiv\u00e9iert).<\/p>\n<p>Z\u00ebnterhier gouf d&#8217;Fro vun der Entdollaris\u00e9ierung vum Handel m\u00e9ifach ugeschwat, sou och um Sommet zu Kasan am Joer 2024. <strong>Bis elo gouf awer keng gemeinsam W\u00e4rung agef\u00e9iert.<\/strong><\/p>\n<p>Eng St\u00e9chwierdersich mat de Wuertgruppen &#8220;Af\u00e9ierung Brics-W\u00e4rung&#8221; + &#8220;nei Brics-W\u00e4rung&#8221; weist, dass a leschter Z\u00e4it keng offiziell Annoncen duerch d&#8217;Press gaange sinn. Och an den 126 vun der AFP \u00ebnnersichte Punkte vun der <a href=\"https:\/\/brics.br\/en\/news\/brics-summit-signs-historic-commitment-in-rio-for-more-inclusive-and-sustainable-governance\" target=\"_blank\" rel=\"noopener\">Deklaratioun vu Rio<\/a>, d\u00e9i um Enn vum Sommet am Juli 2025 adopt\u00e9iert gouf, g\u00ebtt esou eng W\u00e4rung net ernimmt (Link <a href=\"https:\/\/perma.cc\/9XMT-MXUE\" target=\"_blank\" rel=\"noopener\">hei<\/a> archiv\u00e9iert).<\/p>\n<p>&#8220;<strong>Et ass falsch ze soen, dass d&#8217;Brics-Staaten eng eegen Devise kre\u00e9iert hunn, an esou eng Propos g\u00ebtt aktuell net gepr\u00e9ift<\/strong>&#8220;, huet de Presseservice vun der brasilianescher Brics-Presidence g\u00e9intiwwer der AFP confirm\u00e9iert. &#8220;Dat kann an den <a href=\"https:\/\/brics.br\/en\/documents\" target=\"_blank\" rel=\"noopener\">offiziellen Dokumenter<\/a> vum Rio-Sommet iwwerpr\u00e9ift ginn, wou d\u00ebse Sujet mat kengem Wuert ernimmt g\u00ebtt&#8221; (Link <a href=\"https:\/\/perma.cc\/J5DR-HMTV\" target=\"_blank\" rel=\"noopener\">hei<\/a> archiv\u00e9iert).<\/p>\n<p>De Presseservice huet d\u00e9i vun der AFP iwwerpr\u00e9ift Publikatiounen als &#8220;Falschinformatiounen a Rumeuren, d\u00e9i eenzeg an eleng dorop ofzilen, d&#8217;\u00cbffentlechkeet ze t\u00e4uschen an d&#8217;Meenung ze manipul\u00e9ieren&#8221;, bezeechent.<\/p>\n<p>D&#8217;Entdollaris\u00e9ierung vum Handel bannent de Brics-Staate bef\u00ebnnt sech nach an der Planungsphas, an eng gemeinsam W\u00e4rung war wuel eng K\u00e9ier am Gespr\u00e9ich, exist\u00e9iert awer bis elo net.<\/p>\n<p>Pl\u00e4ng fir eng international Bezuelddevise<\/p>\n<p>D&#8217;Memberl\u00e4nner vun der Allianz denken iwwer &#8220;eng international Bezueldevise no, fir international Transaktiounen&#8221; \u00ebnnerteneen ofzew\u00e9ckelen an &#8220;ouni den Dollar auszekommen&#8221;. Dat dierf awer net mat &#8220;enger interner oder bannenzeger Bezueldevise, w\u00e9i mir se an der Europ\u00e4escher Unioun hunn&#8221;, verwiesselt ginn, wou een zum Beispill zu Par\u00e4is oder Athen seng Akeef boer oder mat der Kreditkaart an Euro bezuele kann, sou de Jean-Fran\u00e7ois Ponsot, Professer fir Ekonomie op der Universit\u00e9 Grenoble Alpes, den 28. August 2025 g\u00e9intiwwer der AFP.<\/p>\n<p>&#8220;<strong>Et ass en utopesche Projet fir d&#8217;Brics-Staaten, eng gemeinsam W\u00e4rung w\u00e9i den Euro ze hunn<\/strong>, well et sech \u00ebm L\u00e4nner handelt, d\u00e9i vill ze \u00ebnnerschiddlech sinn an net genuch vereent sinn&#8221;, huet hie b\u00e4igef\u00fc\u00fcgt. &#8220;Wat een am Moment an de Sozialen Netzwierker ges\u00e4it, si virun allem Ausdr\u00e9ck vu Billjee\u00ebn, <strong>dat ass Kommunikatioun a Propaganda<\/strong>.&#8221;<\/p>\n<p>Den Ekonomist vum CEPII, de Carl Gekou, huet sengers\u00e4its g\u00e9intiwwer der AFP vun &#8220;enger Extrapolatioun vun enger echter Projetsiddi fir eng gemeinsam W\u00e4rung&#8221; geschwat, &#8220;d\u00e9i nach net d&#8217;Liicht vun der Welt erbl\u00e9ck huet, d\u00e9i awer d&#8217;Liicht vun der Welt erbl\u00e9cke kann, wann et d\u00ebse Staate jeemools gel\u00e9nge sollt, sech ze eenegen, andeem si de politeschen an technologesche Prozess duerchlafen, deen d&#8217;Af\u00e9iere vun enger neier W\u00e4rung erfuerdert&#8221;.<\/p>\n<p>D&#8217;brasilianesch BRICS-Presidence behaapt dog\u00e9int: &#8220;Wat am Moment diskut\u00e9iert g\u00ebtt, <strong>ass d&#8217;M\u00e9iglechkeet, Handelstransaktiounen t\u00ebschent de Memberl\u00e4nner \u00ebnner Benotzung vun hiren eegenen nationale W\u00e4rungen ze erm\u00e9iglechen<\/strong>, w\u00e9i de President Lula da Silva kierzlech op enger <a href=\"https:\/\/www.gov.br\/planalto\/pt-br\/acompanhe-o-planalto\/entrevistas\/entrevista-do-presidente-lula-no-encerramento-da-cupula-do-brics-no-rio-de-janeiro\" target=\"_blank\" rel=\"noopener\">Pressekonferenz<\/a> nom Brics-Sommet zu Rio de Janeiro erkl\u00e4ert huet&#8221; (Link <a href=\"https:\/\/perma.cc\/K8Z9-JU9F\" target=\"_blank\" rel=\"noopener\">hei<\/a>\u00a0archiv\u00e9iert).<\/p>\n<p>Vun enger gemeinsamer W\u00e4rung an de Memberl\u00e4nner, d\u00e9i w\u00e9i den Euro w\u00e4r, ass een awer nach w\u00e4it ewech. Awer op wat bas\u00e9ieren dann d&#8217;Biller, d\u00e9i vun de virale Publikatiounen als Beweis ugef\u00e9iert ginn?<\/p>\n<p>Billjee\u00ebn an inoffiziellt Kryptogeld<\/p>\n<p>A Wierklechkeet verweisen d&#8217;Visualis\u00e9ierunge vun den angeebleche BRICS-Billjee\u00ebn op gef\u00e4lscht Geldsch\u00e4iner, d\u00e9i symbolesch hiergestallt goufen, fir Diskussiounen iwwer d&#8217;Entdollaris\u00e9ierung ze f\u00ebrderen. An op den Taux de change vum &#8220;Brics Chain&#8221;, op eng obskuer Kryptow\u00e4rung, d\u00e9i n\u00e4ischt mat der ekonomescher Allianz vu Brics ze dinn huet.<\/p>\n<p>Eng <a href=\"https:\/\/www.youtube.com\/watch?v=w6tpIBHhZLw\" target=\"_blank\" rel=\"noopener\">\u00ebmgek\u00e9iert Billersich<\/a> nom Bild vum Wladimir Putin, deen en angeebleche Billjee an d&#8217;Luucht h\u00e4lt, dat am Moment <a href=\"https:\/\/perma.cc\/8CKX-EYZQ\" target=\"_blank\" rel=\"noopener\">op TikTok d&#8217;Ronn m\u00e9cht<\/a>, huet d&#8217;AFP zu enger vun de <a href=\"https:\/\/photo-summit.brics-russia2024.ru\/ru\/media\/8790466.html?context=list&amp;list_sid=list_351015202\" target=\"_blank\" rel=\"noopener\">Fotoe<\/a> gef\u00e9iert, d\u00e9i op der offizieller Internets\u00e4it vum 16. BRICS-Sommet publiz\u00e9iert gouf. D&#8217;Foto vum russesche President gouf bei d\u00ebser Gelee\u00ebnheet geschoss (Link <a href=\"https:\/\/perma.cc\/S5EG-BZKG\" target=\"_blank\" rel=\"noopener\">hei<\/a> archiv\u00e9iert).<\/p>\n<p>Eng R\u00ebtsch Staatsmedien <a href=\"https:\/\/ria.ru\/20241023\/kupyura-1979623453.html\" target=\"_blank\" rel=\"noopener\">(hei<\/a> an <a href=\"https:\/\/tass.ru\/obschestvo\/22204511\" target=\"_blank\" rel=\"noopener\">hei<\/a>) haten deemools dorun er\u00ebnnert, dass et sech \u00ebm e &#8220;gestallten&#8221; oder &#8220;symbolesche&#8221; Billjee gehandelt huet. D&#8217;AFP hat iwweregens schonn am November 2024 an engem engleschen Artikel zu <a href=\"https:\/\/factcheck.afp.com\/doc.afp.com.36L78UF\" target=\"_blank\" rel=\"noopener\">d\u00ebsem Sujet<\/a> recherch\u00e9iert.<\/p>\n<p><img src=\"https:\/\/belux-edmo.s3-accelerate.amazonaws.com\/wp-content\/uploads\/2025\/09\/e0d0a4596ecc38b5f34724dfbaf0fa9a_resized.jpeg\" alt=\"RTL\" \/> \u00a9 AFP<\/p>\n<p>Eng weider \u00ebmgek\u00e9iert Billersich, d\u00e9i d&#8217;AFP unhand vun engem <a href=\"https:\/\/perma.cc\/6GMC-RAW2\" target=\"_blank\" rel=\"noopener\">kuerzen TikTok-Video<\/a>, deen en 200-BRICS-Sch\u00e4in weist, duerchgef\u00e9iert huet, huet se \u00ebnner anerem zu engem <a href=\"https:\/\/watcher.guru\/news\/video-brics-unveils-200-denominated-bank-note-at-2025-summit\" target=\"_blank\" rel=\"noopener\">Artikel<\/a> vun der op Devisen a Kryptow\u00e4runge spezialis\u00e9ierter Internets\u00e4it Watcher.guru gef\u00e9iert (Link <a href=\"https:\/\/perma.cc\/D3KB-PTNT\" target=\"_blank\" rel=\"noopener\">hei<\/a>\u00a0archiv\u00e9iert).<\/p>\n<p>&#8220;D\u00ebsen 200-Brics-Billjee ass net echt an huet just symbolesche W\u00e4ert. De russesche President Wladimir Putin hat d\u00ebse gestallte Billjee um Internationale Wirtschaftsforum 2025 vu Sankt Petersburg (SPIEF) virgestallt&#8221;, sou den Auteur.<\/p>\n<p>Och <a href=\"https:\/\/perma.cc\/KJR2-3FKE\" target=\"_blank\" rel=\"noopener\">Publikatiounen<\/a>, an deene behaapt g\u00ebtt, dass d\u00e9i nei gemeinsam Brics-W\u00e4rung zu engem Taux vun enger &#8220;Brics Chain&#8221; fir 26 Dollar gehandelt g\u00e9if, sinn ierf\u00e9ierend. D'&#8221;Brics Chain&#8221; ass eng <a href=\"https:\/\/finary.com\/fr\/crypto\/coins\/brics-chain\" target=\"_blank\" rel=\"noopener\">reelle Kryptow\u00e4rung<\/a>, huet awer n\u00e4ischt mat der Wirtschaftsorganisatioun vun de BRICS-Staaten ze dinn (Link <a href=\"https:\/\/perma.cc\/6RT3-NWB4\" target=\"_blank\" rel=\"noopener\">hei<\/a>\u00a0archiv\u00e9iert).<\/p>\n<p>Se g\u00ebtt weeder op der <a href=\"https:\/\/infobrics.org\/\" target=\"_blank\" rel=\"noopener\">Informatiounss\u00e4it vu Brics<\/a> nach op der <a href=\"https:\/\/brics.br\/en\" target=\"_blank\" rel=\"noopener\">S\u00e4it vum j\u00e9ngste Sommet zu Rio<\/a> ernimmt. D'&#8221;Brics Chain&#8221; ass &#8220;keen offizielle Projet vun de Brics&#8221;, w\u00e9i den Alexander Stachtschenko, Strategiedirekter bei Paymium, enger Plattform fir de Kaf a Verkaf vu Verm\u00e9igensw\u00e4erter a Kryptow\u00e4rungen, g\u00e9intiwwer der AFP vers\u00e9chert huet.<\/p>\n<p>D\u00ebs Kryptow\u00e4rung &#8220;ges\u00e4it ganz no engem schlechten Eenzelprojet oder souguer no engem Bedruch aus&#8221;, mengt hien. &#8220;Den <a href=\"https:\/\/x.com\/bricschain\" target=\"_blank\" rel=\"noopener\">Twitter-Kont<\/a> [haut X, Um. v. d. Red.] gouf 2021 opgemaach an huet gew\u00ebss Praktiken, deenen hiren eenzegen Zweck et ze si sch\u00e9ngt, de Pr\u00e4is&#8221; vun hirer W\u00e4rung unzekierpen, huet den Expert b\u00e4igef\u00fc\u00fcgt (Link <a href=\"https:\/\/perma.cc\/C4JD-APT2\" target=\"_blank\" rel=\"noopener\">hei<\/a> archiv\u00e9iert).<\/p>\n<p>Nach an der Planungsphas<\/p>\n<p>De Plang, eng supranational W\u00e4rung anzef\u00e9ieren, fir Handelstransaktiounen t\u00ebschent de Memberl\u00e4nner ofzew\u00e9ckelen, ass dem Ekonomist Jean-Fran\u00e7ois Ponsot no &#8220;\u00ebmmer nach aktuell&#8221;. &#8220;Awer t\u00ebschent den Intentiounen an deem, wat konkreet geschitt, g\u00ebtt et e grousst Lach, well et net esou evident ass, en alternative System zum Dollar en place ze setzen&#8221;, huet hie bemierkt.<\/p>\n<p>Virun allem, wann z\u00e9ng sou \u00ebnnerschiddlech L\u00e4nner mat \u00ebnnerschiddleche wirtschaftlechen Intressie sech op dee Sujet eenege mussen. &#8220;Et ges\u00e4it een d\u00e4itlech, dass Indien iwwerhaapt net mat China a Russland iwwereneest\u00ebmmt, fir bei d\u00ebsem Projet net ze w\u00e4it ze goen&#8221;, huet den Expert zum Beispill erkl\u00e4ert. Am Moment &#8220;g\u00ebtt et just eng Saach, d\u00e9i si eent&#8221;, stellt hie fest, &#8220;n\u00e4mlech d&#8217;Benotze vum Dollar op internationalem Niveau ze kontest\u00e9ieren&#8221;.<\/p>\n<p>Et ass net d\u00e9i \u00e9ischt K\u00e9ier, dass d&#8217;AFP Rumeuren iwwer d&#8217;Af\u00e9iere vun enger gemeinsamer W\u00e4rung fir e Block vu L\u00e4nner iwwerpr\u00e9ift huet. Ufank 2024 haten ierf\u00e9ierend Publikatioune behaapt, d&#8217;Iddi fir Billjee\u00eb vun der &#8220;gemeinsamer W\u00e4rung&#8221; fir d&#8217;Memberstaate vun der Alliance des \u00c9tats du Sahel (AES), zu d\u00e4r Mali, Niger a Burkina Faso geh\u00e9ieren, un d&#8217;Liicht bruecht ze hunn (kuckt <a href=\"..\/..\/storage\/data\/afp\/factcheck_v2\/FR\/doc.afp.com.34HW4VB\" target=\"_blank\" rel=\"noopener\">hei<\/a> an <a href=\"..\/..\/storage\/data\/afp\/factcheck_v2\/FR\/doc.afp.com.34G94RR\" target=\"_blank\" rel=\"noopener\">hei<\/a>).<\/p>\n<p>D\u00ebs dr\u00e4i L\u00e4nner, d\u00e9i z\u00ebnter enger R\u00ebtsch Coup-d&#8217;\u00c9tate vu Milit\u00e4rregierunge reg\u00e9iert ginn, kritis\u00e9ieren den CFA-Franc hefteg, eng vun der frans\u00e9ischer Kolonialherrschaft geierft W\u00e4rung, d\u00e9i si eegenen Aussoen no zu Gonschte vun enger neier W\u00e4rung opgi w\u00ebllen.<\/p>\n<p><em>D\u00ebse Faktencheck gouf vun RTL op L\u00ebtzebuergesch iwwersat.<br \/>\n<\/em><\/p>\n<\/div>\n<\/article>\n","protected":false},"excerpt":{"rendered":"<p>All Joer treffe sech d&#8217;Brics-Staaten, zu deene Brasilien, Russland, Indien, China a S\u00fcdafrika geh\u00e9ieren, fir e Sommet. 2025 war dat de 6. a 7. Juli zu Rio de Janeiro. D&#8217;opstriewend L\u00e4nner vun d\u00ebser ekonomescher Allianz hu bei d\u00ebser Gelee\u00ebnheet hire W\u00eblle bekr\u00e4ftegt, hiren Handel ze entdollaris\u00e9ieren. Dat huet a Sozialen Netzwierker zu Feelinterpretatioune gef\u00e9iert.<\/p>\n","protected":false},"author":1,"featured_media":401207,"comment_status":"closed","ping_status":"closed","sticky":false,"template":"","format":"standard","meta":{"_acf_changed":false,"footnotes":""},"categories":[470,183,193,191],"tags":[],"class_list":{"0":"post-401227","1":"post","2":"type-post","3":"status-publish","4":"format-standard","5":"has-post-thumbnail","7":"category-editors-choice-lu","8":"category-fact-check-lb","9":"category-gesellschaft","10":"category-politik"},"acf":{"show_metatags":true,"id":"2335777","authors":"RTL L\u00ebtzebuerg","organization":"RTL","featured_image_copyright":"","text_copyright":"Copyright RTL \/ CLT-UFA S.A.","source":"https:\/\/www.rtl.lu\/news\/faktencheck\/a\/2335777.html","fact_checker":"https:\/\/belux.wpengine.com\/wp-content\/uploads\/2021\/12\/rtl_logo.png","share_this_post_to_edmo_website":false,"affiliation":"BELUX","type":"Closed Event","location":"","start_date":"","start_date_event_begins_at":"","start_date_event_ends_at":"","end_date":"","end_date_event_begins_at":"","end_date_event_ends_at":"","organizer":"","fact_checker_logo_image":false},"yoast_head":"<!-- This site is optimized with the Yoast SEO plugin v27.0 - https:\/\/yoast.com\/product\/yoast-seo-wordpress\/ -->\n<title>Faktencheck: D&#039;Brics-Staaten hu keng nei gemeinsam W\u00e4rung lanc\u00e9iert - EDMO Belux<\/title>\n<meta name=\"robots\" content=\"index, follow, max-snippet:-1, max-image-preview:large, max-video-preview:-1\" \/>\n<link rel=\"canonical\" href=\"https:\/\/belux.edmo.eu\/lb\/faktencheck-dbrics-staaten-hu-keng-nei-gemeinsam-wrung-lanciert\/\" \/>\n<meta property=\"og:locale\" content=\"en_US\" \/>\n<meta property=\"og:type\" content=\"article\" \/>\n<meta property=\"og:title\" content=\"Faktencheck: D&#039;Brics-Staaten hu keng nei gemeinsam W\u00e4rung lanc\u00e9iert - EDMO Belux\" \/>\n<meta property=\"og:description\" content=\"All Joer treffe sech d&#039;Brics-Staaten, zu deene Brasilien, Russland, Indien, China a S\u00fcdafrika geh\u00e9ieren, fir e Sommet. 2025 war dat de 6. a 7. Juli zu Rio de Janeiro. D&#039;opstriewend L\u00e4nner vun d\u00ebser ekonomescher Allianz hu bei d\u00ebser Gelee\u00ebnheet hire W\u00eblle bekr\u00e4ftegt, hiren Handel ze entdollaris\u00e9ieren. Dat huet a Sozialen Netzwierker zu Feelinterpretatioune gef\u00e9iert.\" \/>\n<meta property=\"og:url\" content=\"https:\/\/belux.edmo.eu\/lb\/faktencheck-dbrics-staaten-hu-keng-nei-gemeinsam-wrung-lanciert\/\" \/>\n<meta property=\"og:site_name\" content=\"EDMO Belux\" \/>\n<meta property=\"article:published_time\" content=\"2025-09-15T11:00:19+00:00\" \/>\n<meta property=\"article:modified_time\" content=\"2025-09-15T11:37:35+00:00\" \/>\n<meta property=\"og:image\" content=\"https:\/\/belux-edmo.s3-accelerate.amazonaws.com\/wp-content\/uploads\/2025\/09\/4e00d1a9871b9f7dbc3da89d174d55f6_resized.jpeg\" \/>\n\t<meta property=\"og:image:width\" content=\"1080\" \/>\n\t<meta property=\"og:image:height\" content=\"608\" \/>\n\t<meta property=\"og:image:type\" content=\"image\/jpeg\" \/>\n<meta name=\"author\" content=\"master\" \/>\n<meta name=\"twitter:card\" content=\"summary_large_image\" \/>\n<meta name=\"twitter:creator\" content=\"@Edmo_Belux\" \/>\n<meta name=\"twitter:site\" content=\"@Edmo_Belux\" \/>\n<meta name=\"twitter:label1\" content=\"Written by\" \/>\n\t<meta name=\"twitter:data1\" content=\"master\" \/>\n\t<meta name=\"twitter:label2\" content=\"Est. reading time\" \/>\n\t<meta name=\"twitter:data2\" content=\"9 minutes\" \/>\n<script type=\"application\/ld+json\" class=\"yoast-schema-graph\">{\"@context\":\"https:\/\/schema.org\",\"@graph\":[{\"@type\":\"Article\",\"@id\":\"https:\/\/belux.edmo.eu\/lb\/faktencheck-dbrics-staaten-hu-keng-nei-gemeinsam-wrung-lanciert\/#article\",\"isPartOf\":{\"@id\":\"https:\/\/belux.edmo.eu\/lb\/faktencheck-dbrics-staaten-hu-keng-nei-gemeinsam-wrung-lanciert\/\"},\"author\":{\"name\":\"master\",\"@id\":\"https:\/\/belux.edmo.eu\/#\/schema\/person\/dbe3b252258537fd318f9b5645a30342\"},\"headline\":\"Faktencheck: D&#8217;Brics-Staaten hu keng nei gemeinsam W\u00e4rung lanc\u00e9iert\",\"datePublished\":\"2025-09-15T11:00:19+00:00\",\"dateModified\":\"2025-09-15T11:37:35+00:00\",\"mainEntityOfPage\":{\"@id\":\"https:\/\/belux.edmo.eu\/lb\/faktencheck-dbrics-staaten-hu-keng-nei-gemeinsam-wrung-lanciert\/\"},\"wordCount\":2064,\"publisher\":{\"@id\":\"https:\/\/belux.edmo.eu\/#organization\"},\"image\":{\"@id\":\"https:\/\/belux.edmo.eu\/lb\/faktencheck-dbrics-staaten-hu-keng-nei-gemeinsam-wrung-lanciert\/#primaryimage\"},\"thumbnailUrl\":\"https:\/\/belux-edmo.s3-accelerate.amazonaws.com\/wp-content\/uploads\/2025\/09\/4e00d1a9871b9f7dbc3da89d174d55f6_resized.jpeg\",\"articleSection\":[\"Editor's Choice Slider LU\",\"Fact Check\",\"Gesellschaft\",\"Politik\"],\"inLanguage\":\"lb-LU\"},{\"@type\":\"WebPage\",\"@id\":\"https:\/\/belux.edmo.eu\/lb\/faktencheck-dbrics-staaten-hu-keng-nei-gemeinsam-wrung-lanciert\/\",\"url\":\"https:\/\/belux.edmo.eu\/lb\/faktencheck-dbrics-staaten-hu-keng-nei-gemeinsam-wrung-lanciert\/\",\"name\":\"Faktencheck: D'Brics-Staaten hu keng nei gemeinsam W\u00e4rung lanc\u00e9iert - EDMO Belux\",\"isPartOf\":{\"@id\":\"https:\/\/belux.edmo.eu\/#website\"},\"primaryImageOfPage\":{\"@id\":\"https:\/\/belux.edmo.eu\/lb\/faktencheck-dbrics-staaten-hu-keng-nei-gemeinsam-wrung-lanciert\/#primaryimage\"},\"image\":{\"@id\":\"https:\/\/belux.edmo.eu\/lb\/faktencheck-dbrics-staaten-hu-keng-nei-gemeinsam-wrung-lanciert\/#primaryimage\"},\"thumbnailUrl\":\"https:\/\/belux-edmo.s3-accelerate.amazonaws.com\/wp-content\/uploads\/2025\/09\/4e00d1a9871b9f7dbc3da89d174d55f6_resized.jpeg\",\"datePublished\":\"2025-09-15T11:00:19+00:00\",\"dateModified\":\"2025-09-15T11:37:35+00:00\",\"breadcrumb\":{\"@id\":\"https:\/\/belux.edmo.eu\/lb\/faktencheck-dbrics-staaten-hu-keng-nei-gemeinsam-wrung-lanciert\/#breadcrumb\"},\"inLanguage\":\"lb-LU\",\"potentialAction\":[{\"@type\":\"ReadAction\",\"target\":[\"https:\/\/belux.edmo.eu\/lb\/faktencheck-dbrics-staaten-hu-keng-nei-gemeinsam-wrung-lanciert\/\"]}]},{\"@type\":\"ImageObject\",\"inLanguage\":\"lb-LU\",\"@id\":\"https:\/\/belux.edmo.eu\/lb\/faktencheck-dbrics-staaten-hu-keng-nei-gemeinsam-wrung-lanciert\/#primaryimage\",\"url\":\"https:\/\/belux-edmo.s3-accelerate.amazonaws.com\/wp-content\/uploads\/2025\/09\/4e00d1a9871b9f7dbc3da89d174d55f6_resized.jpeg\",\"contentUrl\":\"https:\/\/belux-edmo.s3-accelerate.amazonaws.com\/wp-content\/uploads\/2025\/09\/4e00d1a9871b9f7dbc3da89d174d55f6_resized.jpeg\",\"width\":1080,\"height\":608,\"caption\":\"Faktencheck: D'Brics-Staaten hu keng nei gemeinsam W\u00e4rung lanc\u00e9iert - Featured image\"},{\"@type\":\"BreadcrumbList\",\"@id\":\"https:\/\/belux.edmo.eu\/lb\/faktencheck-dbrics-staaten-hu-keng-nei-gemeinsam-wrung-lanciert\/#breadcrumb\",\"itemListElement\":[{\"@type\":\"ListItem\",\"position\":1,\"name\":\"Home\",\"item\":\"https:\/\/belux.edmo.eu\/lb\/\"},{\"@type\":\"ListItem\",\"position\":2,\"name\":\"Faktencheck: D&#8217;Brics-Staaten hu keng nei gemeinsam W\u00e4rung lanc\u00e9iert\"}]},{\"@type\":\"WebSite\",\"@id\":\"https:\/\/belux.edmo.eu\/#website\",\"url\":\"https:\/\/belux.edmo.eu\/\",\"name\":\"EDMO Belux\",\"description\":\"Monitoring Disinformation in Belgium and Luxembourg\",\"publisher\":{\"@id\":\"https:\/\/belux.edmo.eu\/#organization\"},\"potentialAction\":[{\"@type\":\"SearchAction\",\"target\":{\"@type\":\"EntryPoint\",\"urlTemplate\":\"https:\/\/belux.edmo.eu\/?s={search_term_string}\"},\"query-input\":{\"@type\":\"PropertyValueSpecification\",\"valueRequired\":true,\"valueName\":\"search_term_string\"}}],\"inLanguage\":\"lb-LU\"},{\"@type\":\"Organization\",\"@id\":\"https:\/\/belux.edmo.eu\/#organization\",\"name\":\"EDMO Belux\",\"url\":\"https:\/\/belux.edmo.eu\/\",\"logo\":{\"@type\":\"ImageObject\",\"inLanguage\":\"lb-LU\",\"@id\":\"https:\/\/belux.edmo.eu\/#\/schema\/logo\/image\/\",\"url\":\"https:\/\/belux.edmo.eu\/wp-content\/uploads\/2021\/12\/belux-logo-full-color-rgb.svg\",\"contentUrl\":\"https:\/\/belux.edmo.eu\/wp-content\/uploads\/2021\/12\/belux-logo-full-color-rgb.svg\",\"width\":1,\"height\":1,\"caption\":\"EDMO Belux\"},\"image\":{\"@id\":\"https:\/\/belux.edmo.eu\/#\/schema\/logo\/image\/\"},\"sameAs\":[\"https:\/\/x.com\/Edmo_Belux\"]},{\"@type\":\"Person\",\"@id\":\"https:\/\/belux.edmo.eu\/#\/schema\/person\/dbe3b252258537fd318f9b5645a30342\",\"name\":\"master\",\"sameAs\":[\"https:\/\/belux.wpengine.com\"],\"url\":\"https:\/\/belux.edmo.eu\/lb\/author\/master\/\"}]}<\/script>\n<!-- \/ Yoast SEO plugin. -->","yoast_head_json":{"title":"Faktencheck: D'Brics-Staaten hu keng nei gemeinsam W\u00e4rung lanc\u00e9iert - EDMO Belux","robots":{"index":"index","follow":"follow","max-snippet":"max-snippet:-1","max-image-preview":"max-image-preview:large","max-video-preview":"max-video-preview:-1"},"canonical":"https:\/\/belux.edmo.eu\/lb\/faktencheck-dbrics-staaten-hu-keng-nei-gemeinsam-wrung-lanciert\/","og_locale":"en_US","og_type":"article","og_title":"Faktencheck: D'Brics-Staaten hu keng nei gemeinsam W\u00e4rung lanc\u00e9iert - EDMO Belux","og_description":"All Joer treffe sech d'Brics-Staaten, zu deene Brasilien, Russland, Indien, China a S\u00fcdafrika geh\u00e9ieren, fir e Sommet. 2025 war dat de 6. a 7. Juli zu Rio de Janeiro. D'opstriewend L\u00e4nner vun d\u00ebser ekonomescher Allianz hu bei d\u00ebser Gelee\u00ebnheet hire W\u00eblle bekr\u00e4ftegt, hiren Handel ze entdollaris\u00e9ieren. Dat huet a Sozialen Netzwierker zu Feelinterpretatioune gef\u00e9iert.","og_url":"https:\/\/belux.edmo.eu\/lb\/faktencheck-dbrics-staaten-hu-keng-nei-gemeinsam-wrung-lanciert\/","og_site_name":"EDMO Belux","article_published_time":"2025-09-15T11:00:19+00:00","article_modified_time":"2025-09-15T11:37:35+00:00","og_image":[{"width":1080,"height":608,"url":"https:\/\/belux-edmo.s3-accelerate.amazonaws.com\/wp-content\/uploads\/2025\/09\/4e00d1a9871b9f7dbc3da89d174d55f6_resized.jpeg","type":"image\/jpeg"}],"author":"master","twitter_card":"summary_large_image","twitter_creator":"@Edmo_Belux","twitter_site":"@Edmo_Belux","twitter_misc":{"Written by":"master","Est. reading time":"9 minutes"},"schema":{"@context":"https:\/\/schema.org","@graph":[{"@type":"Article","@id":"https:\/\/belux.edmo.eu\/lb\/faktencheck-dbrics-staaten-hu-keng-nei-gemeinsam-wrung-lanciert\/#article","isPartOf":{"@id":"https:\/\/belux.edmo.eu\/lb\/faktencheck-dbrics-staaten-hu-keng-nei-gemeinsam-wrung-lanciert\/"},"author":{"name":"master","@id":"https:\/\/belux.edmo.eu\/#\/schema\/person\/dbe3b252258537fd318f9b5645a30342"},"headline":"Faktencheck: D&#8217;Brics-Staaten hu keng nei gemeinsam W\u00e4rung lanc\u00e9iert","datePublished":"2025-09-15T11:00:19+00:00","dateModified":"2025-09-15T11:37:35+00:00","mainEntityOfPage":{"@id":"https:\/\/belux.edmo.eu\/lb\/faktencheck-dbrics-staaten-hu-keng-nei-gemeinsam-wrung-lanciert\/"},"wordCount":2064,"publisher":{"@id":"https:\/\/belux.edmo.eu\/#organization"},"image":{"@id":"https:\/\/belux.edmo.eu\/lb\/faktencheck-dbrics-staaten-hu-keng-nei-gemeinsam-wrung-lanciert\/#primaryimage"},"thumbnailUrl":"https:\/\/belux-edmo.s3-accelerate.amazonaws.com\/wp-content\/uploads\/2025\/09\/4e00d1a9871b9f7dbc3da89d174d55f6_resized.jpeg","articleSection":["Editor's Choice Slider LU","Fact Check","Gesellschaft","Politik"],"inLanguage":"lb-LU"},{"@type":"WebPage","@id":"https:\/\/belux.edmo.eu\/lb\/faktencheck-dbrics-staaten-hu-keng-nei-gemeinsam-wrung-lanciert\/","url":"https:\/\/belux.edmo.eu\/lb\/faktencheck-dbrics-staaten-hu-keng-nei-gemeinsam-wrung-lanciert\/","name":"Faktencheck: D'Brics-Staaten hu keng nei gemeinsam W\u00e4rung lanc\u00e9iert - EDMO Belux","isPartOf":{"@id":"https:\/\/belux.edmo.eu\/#website"},"primaryImageOfPage":{"@id":"https:\/\/belux.edmo.eu\/lb\/faktencheck-dbrics-staaten-hu-keng-nei-gemeinsam-wrung-lanciert\/#primaryimage"},"image":{"@id":"https:\/\/belux.edmo.eu\/lb\/faktencheck-dbrics-staaten-hu-keng-nei-gemeinsam-wrung-lanciert\/#primaryimage"},"thumbnailUrl":"https:\/\/belux-edmo.s3-accelerate.amazonaws.com\/wp-content\/uploads\/2025\/09\/4e00d1a9871b9f7dbc3da89d174d55f6_resized.jpeg","datePublished":"2025-09-15T11:00:19+00:00","dateModified":"2025-09-15T11:37:35+00:00","breadcrumb":{"@id":"https:\/\/belux.edmo.eu\/lb\/faktencheck-dbrics-staaten-hu-keng-nei-gemeinsam-wrung-lanciert\/#breadcrumb"},"inLanguage":"lb-LU","potentialAction":[{"@type":"ReadAction","target":["https:\/\/belux.edmo.eu\/lb\/faktencheck-dbrics-staaten-hu-keng-nei-gemeinsam-wrung-lanciert\/"]}]},{"@type":"ImageObject","inLanguage":"lb-LU","@id":"https:\/\/belux.edmo.eu\/lb\/faktencheck-dbrics-staaten-hu-keng-nei-gemeinsam-wrung-lanciert\/#primaryimage","url":"https:\/\/belux-edmo.s3-accelerate.amazonaws.com\/wp-content\/uploads\/2025\/09\/4e00d1a9871b9f7dbc3da89d174d55f6_resized.jpeg","contentUrl":"https:\/\/belux-edmo.s3-accelerate.amazonaws.com\/wp-content\/uploads\/2025\/09\/4e00d1a9871b9f7dbc3da89d174d55f6_resized.jpeg","width":1080,"height":608,"caption":"Faktencheck: D'Brics-Staaten hu keng nei gemeinsam W\u00e4rung lanc\u00e9iert - Featured image"},{"@type":"BreadcrumbList","@id":"https:\/\/belux.edmo.eu\/lb\/faktencheck-dbrics-staaten-hu-keng-nei-gemeinsam-wrung-lanciert\/#breadcrumb","itemListElement":[{"@type":"ListItem","position":1,"name":"Home","item":"https:\/\/belux.edmo.eu\/lb\/"},{"@type":"ListItem","position":2,"name":"Faktencheck: D&#8217;Brics-Staaten hu keng nei gemeinsam W\u00e4rung lanc\u00e9iert"}]},{"@type":"WebSite","@id":"https:\/\/belux.edmo.eu\/#website","url":"https:\/\/belux.edmo.eu\/","name":"EDMO Belux","description":"Monitoring Disinformation in Belgium and Luxembourg","publisher":{"@id":"https:\/\/belux.edmo.eu\/#organization"},"potentialAction":[{"@type":"SearchAction","target":{"@type":"EntryPoint","urlTemplate":"https:\/\/belux.edmo.eu\/?s={search_term_string}"},"query-input":{"@type":"PropertyValueSpecification","valueRequired":true,"valueName":"search_term_string"}}],"inLanguage":"lb-LU"},{"@type":"Organization","@id":"https:\/\/belux.edmo.eu\/#organization","name":"EDMO Belux","url":"https:\/\/belux.edmo.eu\/","logo":{"@type":"ImageObject","inLanguage":"lb-LU","@id":"https:\/\/belux.edmo.eu\/#\/schema\/logo\/image\/","url":"https:\/\/belux.edmo.eu\/wp-content\/uploads\/2021\/12\/belux-logo-full-color-rgb.svg","contentUrl":"https:\/\/belux.edmo.eu\/wp-content\/uploads\/2021\/12\/belux-logo-full-color-rgb.svg","width":1,"height":1,"caption":"EDMO Belux"},"image":{"@id":"https:\/\/belux.edmo.eu\/#\/schema\/logo\/image\/"},"sameAs":["https:\/\/x.com\/Edmo_Belux"]},{"@type":"Person","@id":"https:\/\/belux.edmo.eu\/#\/schema\/person\/dbe3b252258537fd318f9b5645a30342","name":"master","sameAs":["https:\/\/belux.wpengine.com"],"url":"https:\/\/belux.edmo.eu\/lb\/author\/master\/"}]}},"menu_order":0,"_links":{"self":[{"href":"https:\/\/belux.edmo.eu\/lb\/wp-json\/wp\/v2\/posts\/401227","targetHints":{"allow":["GET"]}}],"collection":[{"href":"https:\/\/belux.edmo.eu\/lb\/wp-json\/wp\/v2\/posts"}],"about":[{"href":"https:\/\/belux.edmo.eu\/lb\/wp-json\/wp\/v2\/types\/post"}],"author":[{"embeddable":true,"href":"https:\/\/belux.edmo.eu\/lb\/wp-json\/wp\/v2\/users\/1"}],"replies":[{"embeddable":true,"href":"https:\/\/belux.edmo.eu\/lb\/wp-json\/wp\/v2\/comments?post=401227"}],"version-history":[{"count":0,"href":"https:\/\/belux.edmo.eu\/lb\/wp-json\/wp\/v2\/posts\/401227\/revisions"}],"wp:featuredmedia":[{"embeddable":true,"href":"https:\/\/belux.edmo.eu\/lb\/wp-json\/wp\/v2\/media\/401207"}],"wp:attachment":[{"href":"https:\/\/belux.edmo.eu\/lb\/wp-json\/wp\/v2\/media?parent=401227"}],"wp:term":[{"taxonomy":"category","embeddable":true,"href":"https:\/\/belux.edmo.eu\/lb\/wp-json\/wp\/v2\/categories?post=401227"},{"taxonomy":"post_tag","embeddable":true,"href":"https:\/\/belux.edmo.eu\/lb\/wp-json\/wp\/v2\/tags?post=401227"}],"curies":[{"name":"wp","href":"https:\/\/api.w.org\/{rel}","templated":true}]}}