{"id":401319,"date":"2025-09-24T10:13:58","date_gmt":"2025-09-24T10:13:58","guid":{"rendered":"https:\/\/belux.edmo.eu\/?p=401319"},"modified":"2025-09-25T10:33:32","modified_gmt":"2025-09-25T10:33:32","slug":"rtl-faktencheck-mussen-dschler-an-zukunft-wierklech-an-dschoul-goen-bis-si-18-joer-krien","status":"publish","type":"post","link":"https:\/\/belux.edmo.eu\/lb\/rtl-faktencheck-mussen-dschler-an-zukunft-wierklech-an-dschoul-goen-bis-si-18-joer-krien\/","title":{"rendered":"RTL-Faktencheck: Mussen d&#8217;Sch\u00fcler an Zukunft wierklech an d&#8217;Schoul goen, bis si 18 Joer kr\u00e9ien?"},"content":{"rendered":"<article>\n<div>\n<p><strong>Den Alter, mat deenen ee Schoulflichteg ass, g\u00ebtt vum n\u00e4chste Schouljoer op 18 eropgesat. Mat net jidderee muss esoulaang d&#8217;Schoulb\u00e4nk dr\u00e9cken.<\/strong><\/p>\n<\/div>\n<div>\n<p>De Grand-Duch\u00e9 huet de schoulflichtegen Alter vu 16 op 18 eropgesat. D\u00ebst bedeit, datt vum Schouljoer 2026\/2027 u Sch\u00fcler an der Schoul muss bleiwen, bis si 18 Joer hunn. D\u00ebst ass am modifiz\u00e9ierte <a href=\"https:\/\/legilux.public.lu\/eli\/etat\/leg\/loi\/2023\/07\/20\/a460\/jo\" target=\"_blank\" rel=\"noopener\">Gesetz vum 20. Juli 2023<\/a>, Artikel 4, Paragraph 2, festgehalen. Am Artikel 18 vun deem Gesetz ass prezis\u00e9iert, datt d\u00ebst vun der Schoulrentr\u00e9e 2026 un a Kraaft tr\u00ebtt.<\/p>\n<p>Eng Lieserin vun RTL Toady huet sech doropshi gemellt an nogefrot, w\u00e9i et dann elo fir Kanner wier, d\u00e9i hire Schoulofschloss maachen, \u00e9ier si 18 Joer al ginn, zum Beispill scho mat 17. D\u00ebst wier jo kloer virum schoulflichtegen Alter vun 18 Joer, dat vum Gesetz hir virgesinn ass. Am L\u00ebtzebuerger System sinn d\u00e9i meescht Sch\u00fcler, wa si dann all hir Jore gepackt hunn, 19 Joer al, wa si d&#8217;Schoul verloossen. Verschiddener paken hir Premi\u00e8re mat 18, wa si dann net verspillt hunn.<\/p>\n<p>Ma och hei ginn et Ausnamen: Verschidde Sch\u00fcler k\u00ebnnen ee Joer iwwersprangen a mat den &#8220;International Schools&#8221;, d\u00e9i \u00ebmmer m\u00e9i opkommen, kommen och nei Schoulsystemer op, bei deenen et m\u00e9i dacks virk\u00ebnnt, datt Sch\u00fcler m\u00e9i fr\u00e9i hiren Ofschloss maachen.<\/p>\n<p>D\u00ebst w\u00ebrft da verschidde Froen op: Musse Kanner supplement\u00e4r Cours\u00eb maachen, bis si 18 Joer al sinn? Oder k\u00ebnnt d&#8217;Schoulflicht op en Enn, wann een en Ofschlossdiplom aus dem Secondaire kann noweisen?<\/p>\n<p>Fir heirop eng kloer \u00c4ntwert k\u00ebnnen ze ginn, hu mer dat beim Educatiounsminist\u00e8re nogefrot. A si hunn u sech eis initial Iwwerleeung zu d\u00ebsem Thema confirm\u00e9iert.<\/p>\n<p>&#8220;<em>Jo, d&#8217;Schoulflicht kann effektiv op en Enn kommen, \u00e9ier e Sch\u00fcler 18 Joer al ass. Dat tr\u00ebfft op d\u00e9i Sch\u00fcler zou, d\u00e9i en Ofschlossdiplom aus dem Secondaire k\u00ebnne virweisen oder eng berufflech Formatioun ofgeschloss hunn, d\u00e9i vum L\u00ebtzebuerger Staat ausgestallt gouf oder en aneren Diplom hunn, dat duerch e Gesetz oder vum Minist\u00e8re als gl\u00e4ichw\u00e4erteg unerkannt ass<\/em>.&#8221;<\/p>\n<p>Also esouguer, wann ee mat 17 Joer am Ausland en Diplom m\u00e9cht, deen zu L\u00ebtzebuerg unerkannt ass, w\u00e4ert een hei am Land net forc\u00e9iert ginn, fir zer\u00e9ck an d&#8217;Schoul ze goen.<\/p>\n<p>Interessant ass awer och, datt de Minist\u00e8re eng Ausnam erw\u00e4\u00e4nt, d\u00e9i mir selwer virdru guer net consider\u00e9iert hunn: Wann ee schafft, obwuel een nach keng 18 Joer huet. Am ale Gesetz konnt een d&#8217;Schoul jo scho verloossen, wann ee 16 Joer al war. An deem Fall konnte Jonker d&#8217;Decisioun huelen, datt si schaffe ginn, amplaz d&#8217;Schoulb\u00e4nk ze dr\u00e9cken. Ma w\u00e9i ges\u00e4it dat elo \u00ebnnert dem modifiz\u00e9ierte Gesetz aus? Mussen d\u00e9i \u00ebnner 18 elo zer\u00e9ck an d&#8217;Schoul? Oder g\u00ebtt et eng Exceptioun fir Sch\u00fcler oder Sch\u00fclerinnen, d\u00e9i 16 Joer hunn a l\u00e9iwer w\u00eblle schaffe goen?<\/p>\n<p>An hei ass d&#8217;\u00c4ntwert kloer: Nee, si mussen net zer\u00e9ck an d&#8217;Schoul! A jo, et g\u00ebtt weider eng Ausnam fir 16 Joer jonk Sch\u00fclerinnen a Sch\u00fcler, wa si w\u00ebllen d&#8217;Schoul verloossen, fir schaffen ze goen.<\/p>\n<p>Wien op d&#8217;mannst 16 Joer huet an en Aarbechtskontrakt huet, ass vun der Schoulflicht entbonnen. Dat awer just esoulaang, w\u00e9i de Kontrakt leeft. Als Beispill: E Sch\u00fcler f\u00e4nkt mat 16 u mat schaffen, verl\u00e9iert awer seng Aarbecht, wann hie 17 Joer huet. An deem Fall muss de Sch\u00fcler zer\u00e9ck an d&#8217;Schoul goen, bis zu sengem 18. Gebuertsdag.<\/p>\n<p>De Minist\u00e8re erkl\u00e4ert op Nofro dat, wat och am <a href=\"https:\/\/legilux.public.lu\/eli\/etat\/leg\/loi\/2023\/07\/20\/a460\/jo\" target=\"_blank\" rel=\"noopener\">Artikel 12 vum schonn erw\u00e4\u00e4nte Gesetz<\/a> steet: &#8220;<em>E mannerj\u00e4rege Sch\u00fcler, deen op d&#8217;mannst 16 Joer al ass an en Aarbechtsvertrag \u00ebnnerschriwwen huet, ass och vun der Schoulflicht befreit fir d&#8217;Dauer vu sengem Aarbechtsvertrag. D\u00ebs Exemptioun g\u00ebllt bis den Dag nom Enn vu sengem Aarbechtskontrakt, wann de Sch\u00fcler nach net den Alter vun 18 Joer erreecht huet<\/em>&#8220;.<\/p>\n<p>Also: \u00cbnnert den neie Regulatioune kann een d&#8217;Schoul nach \u00ebmmer am Alter vu 16 Joer verloossen. Dat awer just, wann een en unerkannte Schoulofschloss huet oder en Aarbechtskontrakt \u00ebnnerschriwwen huet.<\/p>\n<\/div>\n<\/article>\n","protected":false},"excerpt":{"rendered":"<p>Den Alter, mat deenen ee Schoulflichteg ass, g\u00ebtt vum n\u00e4chste Schouljoer op 18 eropgesat. Mat net jidderee muss esoulaang d&#8217;Schoulb\u00e4nk dr\u00e9cken.<\/p>\n","protected":false},"author":1,"featured_media":401314,"comment_status":"closed","ping_status":"closed","sticky":false,"template":"","format":"standard","meta":{"_acf_changed":false,"footnotes":""},"categories":[470,183,194,193],"tags":[],"class_list":{"0":"post-401319","1":"post","2":"type-post","3":"status-publish","4":"format-standard","5":"has-post-thumbnail","7":"category-editors-choice-lu","8":"category-fact-check-lb","9":"category-fact-checks-of-the-day","10":"category-gesellschaft"},"acf":{"show_metatags":true,"id":"2337488","authors":"RTL L\u00ebtzebuerg","organization":"RTL","featured_image_copyright":"\u00a9 RTL Archives","text_copyright":"Copyright RTL \/ CLT-UFA S.A.","source":"https:\/\/www.rtl.lu\/news\/faktencheck\/a\/2337488.html","fact_checker":"https:\/\/belux.wpengine.com\/wp-content\/uploads\/2021\/12\/rtl_logo.png","share_this_post_to_edmo_website":false,"affiliation":"BELUX","type":"Closed Event","location":"","start_date":"","start_date_event_begins_at":"","start_date_event_ends_at":"","end_date":"","end_date_event_begins_at":"","end_date_event_ends_at":"","organizer":"","fact_checker_logo_image":false},"yoast_head":"<!-- This site is optimized with the Yoast SEO plugin v27.0 - https:\/\/yoast.com\/product\/yoast-seo-wordpress\/ -->\n<title>RTL-Faktencheck: Mussen d&#039;Sch\u00fcler an Zukunft wierklech an d&#039;Schoul goen, bis si 18 Joer kr\u00e9ien? - EDMO Belux<\/title>\n<meta name=\"robots\" content=\"index, follow, max-snippet:-1, max-image-preview:large, max-video-preview:-1\" \/>\n<link rel=\"canonical\" href=\"https:\/\/belux.edmo.eu\/lb\/rtl-faktencheck-mussen-dschler-an-zukunft-wierklech-an-dschoul-goen-bis-si-18-joer-krien\/\" \/>\n<meta property=\"og:locale\" content=\"en_US\" \/>\n<meta property=\"og:type\" content=\"article\" \/>\n<meta property=\"og:title\" content=\"RTL-Faktencheck: Mussen d&#039;Sch\u00fcler an Zukunft wierklech an d&#039;Schoul goen, bis si 18 Joer kr\u00e9ien? - EDMO Belux\" \/>\n<meta property=\"og:description\" content=\"Den Alter, mat deenen ee Schoulflichteg ass, g\u00ebtt vum n\u00e4chste Schouljoer op 18 eropgesat. Mat net jidderee muss esoulaang d&#039;Schoulb\u00e4nk dr\u00e9cken.\" \/>\n<meta property=\"og:url\" content=\"https:\/\/belux.edmo.eu\/lb\/rtl-faktencheck-mussen-dschler-an-zukunft-wierklech-an-dschoul-goen-bis-si-18-joer-krien\/\" \/>\n<meta property=\"og:site_name\" content=\"EDMO Belux\" \/>\n<meta property=\"article:published_time\" content=\"2025-09-24T10:13:58+00:00\" \/>\n<meta property=\"article:modified_time\" content=\"2025-09-25T10:33:32+00:00\" \/>\n<meta property=\"og:image\" content=\"https:\/\/belux-edmo.s3-accelerate.amazonaws.com\/wp-content\/uploads\/2025\/09\/895ecc951d2d716a509d8beca3026435_resized.jpeg\" \/>\n\t<meta property=\"og:image:width\" content=\"1080\" \/>\n\t<meta property=\"og:image:height\" content=\"607\" \/>\n\t<meta property=\"og:image:type\" content=\"image\/jpeg\" \/>\n<meta name=\"author\" content=\"master\" \/>\n<meta name=\"twitter:card\" content=\"summary_large_image\" \/>\n<meta name=\"twitter:creator\" content=\"@Edmo_Belux\" \/>\n<meta name=\"twitter:site\" content=\"@Edmo_Belux\" \/>\n<meta name=\"twitter:label1\" content=\"Written by\" \/>\n\t<meta name=\"twitter:data1\" content=\"master\" \/>\n\t<meta name=\"twitter:label2\" content=\"Est. reading time\" \/>\n\t<meta name=\"twitter:data2\" content=\"3 minutes\" \/>\n<script type=\"application\/ld+json\" class=\"yoast-schema-graph\">{\"@context\":\"https:\/\/schema.org\",\"@graph\":[{\"@type\":\"Article\",\"@id\":\"https:\/\/belux.edmo.eu\/lb\/rtl-faktencheck-mussen-dschler-an-zukunft-wierklech-an-dschoul-goen-bis-si-18-joer-krien\/#article\",\"isPartOf\":{\"@id\":\"https:\/\/belux.edmo.eu\/lb\/rtl-faktencheck-mussen-dschler-an-zukunft-wierklech-an-dschoul-goen-bis-si-18-joer-krien\/\"},\"author\":{\"name\":\"master\",\"@id\":\"https:\/\/belux.edmo.eu\/#\/schema\/person\/dbe3b252258537fd318f9b5645a30342\"},\"headline\":\"RTL-Faktencheck: Mussen d&#8217;Sch\u00fcler an Zukunft wierklech an d&#8217;Schoul goen, bis si 18 Joer kr\u00e9ien?\",\"datePublished\":\"2025-09-24T10:13:58+00:00\",\"dateModified\":\"2025-09-25T10:33:32+00:00\",\"mainEntityOfPage\":{\"@id\":\"https:\/\/belux.edmo.eu\/lb\/rtl-faktencheck-mussen-dschler-an-zukunft-wierklech-an-dschoul-goen-bis-si-18-joer-krien\/\"},\"wordCount\":721,\"publisher\":{\"@id\":\"https:\/\/belux.edmo.eu\/#organization\"},\"image\":{\"@id\":\"https:\/\/belux.edmo.eu\/lb\/rtl-faktencheck-mussen-dschler-an-zukunft-wierklech-an-dschoul-goen-bis-si-18-joer-krien\/#primaryimage\"},\"thumbnailUrl\":\"https:\/\/belux-edmo.s3-accelerate.amazonaws.com\/wp-content\/uploads\/2025\/09\/895ecc951d2d716a509d8beca3026435_resized.jpeg\",\"articleSection\":[\"Editor's Choice Slider LU\",\"Fact Check\",\"Fact Checks of the day\",\"Gesellschaft\"],\"inLanguage\":\"lb-LU\"},{\"@type\":\"WebPage\",\"@id\":\"https:\/\/belux.edmo.eu\/lb\/rtl-faktencheck-mussen-dschler-an-zukunft-wierklech-an-dschoul-goen-bis-si-18-joer-krien\/\",\"url\":\"https:\/\/belux.edmo.eu\/lb\/rtl-faktencheck-mussen-dschler-an-zukunft-wierklech-an-dschoul-goen-bis-si-18-joer-krien\/\",\"name\":\"RTL-Faktencheck: Mussen d'Sch\u00fcler an Zukunft wierklech an d'Schoul goen, bis si 18 Joer kr\u00e9ien? - EDMO Belux\",\"isPartOf\":{\"@id\":\"https:\/\/belux.edmo.eu\/#website\"},\"primaryImageOfPage\":{\"@id\":\"https:\/\/belux.edmo.eu\/lb\/rtl-faktencheck-mussen-dschler-an-zukunft-wierklech-an-dschoul-goen-bis-si-18-joer-krien\/#primaryimage\"},\"image\":{\"@id\":\"https:\/\/belux.edmo.eu\/lb\/rtl-faktencheck-mussen-dschler-an-zukunft-wierklech-an-dschoul-goen-bis-si-18-joer-krien\/#primaryimage\"},\"thumbnailUrl\":\"https:\/\/belux-edmo.s3-accelerate.amazonaws.com\/wp-content\/uploads\/2025\/09\/895ecc951d2d716a509d8beca3026435_resized.jpeg\",\"datePublished\":\"2025-09-24T10:13:58+00:00\",\"dateModified\":\"2025-09-25T10:33:32+00:00\",\"breadcrumb\":{\"@id\":\"https:\/\/belux.edmo.eu\/lb\/rtl-faktencheck-mussen-dschler-an-zukunft-wierklech-an-dschoul-goen-bis-si-18-joer-krien\/#breadcrumb\"},\"inLanguage\":\"lb-LU\",\"potentialAction\":[{\"@type\":\"ReadAction\",\"target\":[\"https:\/\/belux.edmo.eu\/lb\/rtl-faktencheck-mussen-dschler-an-zukunft-wierklech-an-dschoul-goen-bis-si-18-joer-krien\/\"]}]},{\"@type\":\"ImageObject\",\"inLanguage\":\"lb-LU\",\"@id\":\"https:\/\/belux.edmo.eu\/lb\/rtl-faktencheck-mussen-dschler-an-zukunft-wierklech-an-dschoul-goen-bis-si-18-joer-krien\/#primaryimage\",\"url\":\"https:\/\/belux-edmo.s3-accelerate.amazonaws.com\/wp-content\/uploads\/2025\/09\/895ecc951d2d716a509d8beca3026435_resized.jpeg\",\"contentUrl\":\"https:\/\/belux-edmo.s3-accelerate.amazonaws.com\/wp-content\/uploads\/2025\/09\/895ecc951d2d716a509d8beca3026435_resized.jpeg\",\"width\":1080,\"height\":607,\"caption\":\"RTL-Faktencheck: Mussen d'Sch\u00fcler an Zukunft wierklech an d'Schoul goen, bis si 18 Joer kr\u00e9ien? - Featured image\"},{\"@type\":\"BreadcrumbList\",\"@id\":\"https:\/\/belux.edmo.eu\/lb\/rtl-faktencheck-mussen-dschler-an-zukunft-wierklech-an-dschoul-goen-bis-si-18-joer-krien\/#breadcrumb\",\"itemListElement\":[{\"@type\":\"ListItem\",\"position\":1,\"name\":\"Home\",\"item\":\"https:\/\/belux.edmo.eu\/lb\/\"},{\"@type\":\"ListItem\",\"position\":2,\"name\":\"RTL-Faktencheck: Mussen d&#8217;Sch\u00fcler an Zukunft wierklech an d&#8217;Schoul goen, bis si 18 Joer kr\u00e9ien?\"}]},{\"@type\":\"WebSite\",\"@id\":\"https:\/\/belux.edmo.eu\/#website\",\"url\":\"https:\/\/belux.edmo.eu\/\",\"name\":\"EDMO Belux\",\"description\":\"Monitoring Disinformation in Belgium and Luxembourg\",\"publisher\":{\"@id\":\"https:\/\/belux.edmo.eu\/#organization\"},\"potentialAction\":[{\"@type\":\"SearchAction\",\"target\":{\"@type\":\"EntryPoint\",\"urlTemplate\":\"https:\/\/belux.edmo.eu\/?s={search_term_string}\"},\"query-input\":{\"@type\":\"PropertyValueSpecification\",\"valueRequired\":true,\"valueName\":\"search_term_string\"}}],\"inLanguage\":\"lb-LU\"},{\"@type\":\"Organization\",\"@id\":\"https:\/\/belux.edmo.eu\/#organization\",\"name\":\"EDMO Belux\",\"url\":\"https:\/\/belux.edmo.eu\/\",\"logo\":{\"@type\":\"ImageObject\",\"inLanguage\":\"lb-LU\",\"@id\":\"https:\/\/belux.edmo.eu\/#\/schema\/logo\/image\/\",\"url\":\"https:\/\/belux.edmo.eu\/wp-content\/uploads\/2021\/12\/belux-logo-full-color-rgb.svg\",\"contentUrl\":\"https:\/\/belux.edmo.eu\/wp-content\/uploads\/2021\/12\/belux-logo-full-color-rgb.svg\",\"width\":1,\"height\":1,\"caption\":\"EDMO Belux\"},\"image\":{\"@id\":\"https:\/\/belux.edmo.eu\/#\/schema\/logo\/image\/\"},\"sameAs\":[\"https:\/\/x.com\/Edmo_Belux\"]},{\"@type\":\"Person\",\"@id\":\"https:\/\/belux.edmo.eu\/#\/schema\/person\/dbe3b252258537fd318f9b5645a30342\",\"name\":\"master\",\"sameAs\":[\"https:\/\/belux.wpengine.com\"],\"url\":\"https:\/\/belux.edmo.eu\/lb\/author\/master\/\"}]}<\/script>\n<!-- \/ Yoast SEO plugin. -->","yoast_head_json":{"title":"RTL-Faktencheck: Mussen d'Sch\u00fcler an Zukunft wierklech an d'Schoul goen, bis si 18 Joer kr\u00e9ien? - EDMO Belux","robots":{"index":"index","follow":"follow","max-snippet":"max-snippet:-1","max-image-preview":"max-image-preview:large","max-video-preview":"max-video-preview:-1"},"canonical":"https:\/\/belux.edmo.eu\/lb\/rtl-faktencheck-mussen-dschler-an-zukunft-wierklech-an-dschoul-goen-bis-si-18-joer-krien\/","og_locale":"en_US","og_type":"article","og_title":"RTL-Faktencheck: Mussen d'Sch\u00fcler an Zukunft wierklech an d'Schoul goen, bis si 18 Joer kr\u00e9ien? - EDMO Belux","og_description":"Den Alter, mat deenen ee Schoulflichteg ass, g\u00ebtt vum n\u00e4chste Schouljoer op 18 eropgesat. Mat net jidderee muss esoulaang d'Schoulb\u00e4nk dr\u00e9cken.","og_url":"https:\/\/belux.edmo.eu\/lb\/rtl-faktencheck-mussen-dschler-an-zukunft-wierklech-an-dschoul-goen-bis-si-18-joer-krien\/","og_site_name":"EDMO Belux","article_published_time":"2025-09-24T10:13:58+00:00","article_modified_time":"2025-09-25T10:33:32+00:00","og_image":[{"width":1080,"height":607,"url":"https:\/\/belux-edmo.s3-accelerate.amazonaws.com\/wp-content\/uploads\/2025\/09\/895ecc951d2d716a509d8beca3026435_resized.jpeg","type":"image\/jpeg"}],"author":"master","twitter_card":"summary_large_image","twitter_creator":"@Edmo_Belux","twitter_site":"@Edmo_Belux","twitter_misc":{"Written by":"master","Est. reading time":"3 minutes"},"schema":{"@context":"https:\/\/schema.org","@graph":[{"@type":"Article","@id":"https:\/\/belux.edmo.eu\/lb\/rtl-faktencheck-mussen-dschler-an-zukunft-wierklech-an-dschoul-goen-bis-si-18-joer-krien\/#article","isPartOf":{"@id":"https:\/\/belux.edmo.eu\/lb\/rtl-faktencheck-mussen-dschler-an-zukunft-wierklech-an-dschoul-goen-bis-si-18-joer-krien\/"},"author":{"name":"master","@id":"https:\/\/belux.edmo.eu\/#\/schema\/person\/dbe3b252258537fd318f9b5645a30342"},"headline":"RTL-Faktencheck: Mussen d&#8217;Sch\u00fcler an Zukunft wierklech an d&#8217;Schoul goen, bis si 18 Joer kr\u00e9ien?","datePublished":"2025-09-24T10:13:58+00:00","dateModified":"2025-09-25T10:33:32+00:00","mainEntityOfPage":{"@id":"https:\/\/belux.edmo.eu\/lb\/rtl-faktencheck-mussen-dschler-an-zukunft-wierklech-an-dschoul-goen-bis-si-18-joer-krien\/"},"wordCount":721,"publisher":{"@id":"https:\/\/belux.edmo.eu\/#organization"},"image":{"@id":"https:\/\/belux.edmo.eu\/lb\/rtl-faktencheck-mussen-dschler-an-zukunft-wierklech-an-dschoul-goen-bis-si-18-joer-krien\/#primaryimage"},"thumbnailUrl":"https:\/\/belux-edmo.s3-accelerate.amazonaws.com\/wp-content\/uploads\/2025\/09\/895ecc951d2d716a509d8beca3026435_resized.jpeg","articleSection":["Editor's Choice Slider LU","Fact Check","Fact Checks of the day","Gesellschaft"],"inLanguage":"lb-LU"},{"@type":"WebPage","@id":"https:\/\/belux.edmo.eu\/lb\/rtl-faktencheck-mussen-dschler-an-zukunft-wierklech-an-dschoul-goen-bis-si-18-joer-krien\/","url":"https:\/\/belux.edmo.eu\/lb\/rtl-faktencheck-mussen-dschler-an-zukunft-wierklech-an-dschoul-goen-bis-si-18-joer-krien\/","name":"RTL-Faktencheck: Mussen d'Sch\u00fcler an Zukunft wierklech an d'Schoul goen, bis si 18 Joer kr\u00e9ien? - EDMO Belux","isPartOf":{"@id":"https:\/\/belux.edmo.eu\/#website"},"primaryImageOfPage":{"@id":"https:\/\/belux.edmo.eu\/lb\/rtl-faktencheck-mussen-dschler-an-zukunft-wierklech-an-dschoul-goen-bis-si-18-joer-krien\/#primaryimage"},"image":{"@id":"https:\/\/belux.edmo.eu\/lb\/rtl-faktencheck-mussen-dschler-an-zukunft-wierklech-an-dschoul-goen-bis-si-18-joer-krien\/#primaryimage"},"thumbnailUrl":"https:\/\/belux-edmo.s3-accelerate.amazonaws.com\/wp-content\/uploads\/2025\/09\/895ecc951d2d716a509d8beca3026435_resized.jpeg","datePublished":"2025-09-24T10:13:58+00:00","dateModified":"2025-09-25T10:33:32+00:00","breadcrumb":{"@id":"https:\/\/belux.edmo.eu\/lb\/rtl-faktencheck-mussen-dschler-an-zukunft-wierklech-an-dschoul-goen-bis-si-18-joer-krien\/#breadcrumb"},"inLanguage":"lb-LU","potentialAction":[{"@type":"ReadAction","target":["https:\/\/belux.edmo.eu\/lb\/rtl-faktencheck-mussen-dschler-an-zukunft-wierklech-an-dschoul-goen-bis-si-18-joer-krien\/"]}]},{"@type":"ImageObject","inLanguage":"lb-LU","@id":"https:\/\/belux.edmo.eu\/lb\/rtl-faktencheck-mussen-dschler-an-zukunft-wierklech-an-dschoul-goen-bis-si-18-joer-krien\/#primaryimage","url":"https:\/\/belux-edmo.s3-accelerate.amazonaws.com\/wp-content\/uploads\/2025\/09\/895ecc951d2d716a509d8beca3026435_resized.jpeg","contentUrl":"https:\/\/belux-edmo.s3-accelerate.amazonaws.com\/wp-content\/uploads\/2025\/09\/895ecc951d2d716a509d8beca3026435_resized.jpeg","width":1080,"height":607,"caption":"RTL-Faktencheck: Mussen d'Sch\u00fcler an Zukunft wierklech an d'Schoul goen, bis si 18 Joer kr\u00e9ien? - Featured image"},{"@type":"BreadcrumbList","@id":"https:\/\/belux.edmo.eu\/lb\/rtl-faktencheck-mussen-dschler-an-zukunft-wierklech-an-dschoul-goen-bis-si-18-joer-krien\/#breadcrumb","itemListElement":[{"@type":"ListItem","position":1,"name":"Home","item":"https:\/\/belux.edmo.eu\/lb\/"},{"@type":"ListItem","position":2,"name":"RTL-Faktencheck: Mussen d&#8217;Sch\u00fcler an Zukunft wierklech an d&#8217;Schoul goen, bis si 18 Joer kr\u00e9ien?"}]},{"@type":"WebSite","@id":"https:\/\/belux.edmo.eu\/#website","url":"https:\/\/belux.edmo.eu\/","name":"EDMO Belux","description":"Monitoring Disinformation in Belgium and Luxembourg","publisher":{"@id":"https:\/\/belux.edmo.eu\/#organization"},"potentialAction":[{"@type":"SearchAction","target":{"@type":"EntryPoint","urlTemplate":"https:\/\/belux.edmo.eu\/?s={search_term_string}"},"query-input":{"@type":"PropertyValueSpecification","valueRequired":true,"valueName":"search_term_string"}}],"inLanguage":"lb-LU"},{"@type":"Organization","@id":"https:\/\/belux.edmo.eu\/#organization","name":"EDMO Belux","url":"https:\/\/belux.edmo.eu\/","logo":{"@type":"ImageObject","inLanguage":"lb-LU","@id":"https:\/\/belux.edmo.eu\/#\/schema\/logo\/image\/","url":"https:\/\/belux.edmo.eu\/wp-content\/uploads\/2021\/12\/belux-logo-full-color-rgb.svg","contentUrl":"https:\/\/belux.edmo.eu\/wp-content\/uploads\/2021\/12\/belux-logo-full-color-rgb.svg","width":1,"height":1,"caption":"EDMO Belux"},"image":{"@id":"https:\/\/belux.edmo.eu\/#\/schema\/logo\/image\/"},"sameAs":["https:\/\/x.com\/Edmo_Belux"]},{"@type":"Person","@id":"https:\/\/belux.edmo.eu\/#\/schema\/person\/dbe3b252258537fd318f9b5645a30342","name":"master","sameAs":["https:\/\/belux.wpengine.com"],"url":"https:\/\/belux.edmo.eu\/lb\/author\/master\/"}]}},"menu_order":0,"_links":{"self":[{"href":"https:\/\/belux.edmo.eu\/lb\/wp-json\/wp\/v2\/posts\/401319","targetHints":{"allow":["GET"]}}],"collection":[{"href":"https:\/\/belux.edmo.eu\/lb\/wp-json\/wp\/v2\/posts"}],"about":[{"href":"https:\/\/belux.edmo.eu\/lb\/wp-json\/wp\/v2\/types\/post"}],"author":[{"embeddable":true,"href":"https:\/\/belux.edmo.eu\/lb\/wp-json\/wp\/v2\/users\/1"}],"replies":[{"embeddable":true,"href":"https:\/\/belux.edmo.eu\/lb\/wp-json\/wp\/v2\/comments?post=401319"}],"version-history":[{"count":0,"href":"https:\/\/belux.edmo.eu\/lb\/wp-json\/wp\/v2\/posts\/401319\/revisions"}],"wp:featuredmedia":[{"embeddable":true,"href":"https:\/\/belux.edmo.eu\/lb\/wp-json\/wp\/v2\/media\/401314"}],"wp:attachment":[{"href":"https:\/\/belux.edmo.eu\/lb\/wp-json\/wp\/v2\/media?parent=401319"}],"wp:term":[{"taxonomy":"category","embeddable":true,"href":"https:\/\/belux.edmo.eu\/lb\/wp-json\/wp\/v2\/categories?post=401319"},{"taxonomy":"post_tag","embeddable":true,"href":"https:\/\/belux.edmo.eu\/lb\/wp-json\/wp\/v2\/tags?post=401319"}],"curies":[{"name":"wp","href":"https:\/\/api.w.org\/{rel}","templated":true}]}}