{"id":401862,"date":"2025-09-21T13:00:20","date_gmt":"2025-09-21T13:00:20","guid":{"rendered":"https:\/\/belux.edmo.eu\/?p=401862"},"modified":"2025-10-13T10:58:54","modified_gmt":"2025-10-13T10:58:54","slug":"faktencheck-falsch-duerstellung-vu-social-media-analys-a-polen-no-dronenattack","status":"publish","type":"post","link":"https:\/\/belux.edmo.eu\/lb\/faktencheck-falsch-duerstellung-vu-social-media-analys-a-polen-no-dronenattack\/","title":{"rendered":"Faktencheck: Falsch Duerstellung vu Social-Media-Analys a Polen no Dronenattack"},"content":{"rendered":"<article>\n<div>\n<p>Den 9. September 2025 huet Polen eegenen Angaben no russesch Dronen a sengem Loftraum ofgeschoss. An d\u00ebsem Zesummenhang ass a Sozialen Netzwierker eng Grafik am \u00cbmlaf, d\u00e9i angeeblech weist, dass e Groussdeel vun de Polinnen a Polen d&#8217;Ukrain fir de Virfall verantwortlech maachen, net Russland.<\/p>\n<\/div>\n<div>\n<p class=\"article-body__summary\">D\u00e9i urspr\u00e9nglech Grafik stellt awer keng representativ Meenungs\u00ebmfro duer, mee analys\u00e9iert just Internet-Kommentarer iwwer d&#8217;Dronenattack, w\u00e9i d&#8217;St\u00ebftung, d&#8217;Autorin vun der Grafik, kloergestallt huet.<\/p>\n<p class=\"article-body__summary\">&#8220;D&#8217;Pole ginn haapts\u00e4chlech der Ukrain d&#8217;Schold um Dronevirfall&#8221;, huet en Notzer den 10. September 2025 op <a href=\"https:\/\/mvau.lt\/media\/550dab86-9579-4487-972b-f64d9968d67a\" target=\"_blank\" rel=\"noopener\">Facebook<\/a> geschriwwen. D\u00ebsem B\u00e4itrag no goufen 38 Prozent vun de Polinnen a Polen der Ukrain d&#8217;Schold un dem Dronevirfall an der Nuecht vum 9. September 2025, just 34 Prozent hu Russland verantwortlech gemaach. Dat g\u00e9if eng &#8220;Analys vun der Publikatioun Res Futura&#8221; iwwer &#8220;d&#8217;Verantwortung fir d&#8217;Andr\u00e9nge vun Dronen op polnescht Gebitt&#8221; weisen, housch et.<\/p>\n<p class=\"article-body__summary\">Och an anere <a href=\"https:\/\/perma.cc\/F2ZL-3R44?type=image\" target=\"_blank\" rel=\"noopener\">Facebook-B\u00e4itr\u00e4g<\/a> gouf d&#8217;Behaaptung gedeelt. Op <a href=\"https:\/\/perma.cc\/53EA-JNEY\" target=\"_blank\" rel=\"noopener\">Threads<\/a>, <a href=\"https:\/\/perma.cc\/2GV2-QK6F\" target=\"_blank\" rel=\"noopener\">X<\/a> an\u00a0<a href=\"https:\/\/perma.cc\/TTR4-HG7M\" target=\"_blank\" rel=\"noopener\">Telegram<\/a> huet d&#8217;Ausso och d&#8217;Ronn gemaach. Ausserdeem hu Userinnen a User en Diagramm gedeelt. De polneschen Text an der Grafik bedeit: &#8220;Verantwortung fir d&#8217;Dronenattack &#8211; prozentual Verdeelung fir a Kommentarer (9.-10. September 2025). Ukrain &#8211; 38 %; Russland 34 %; polnesch Regierung &#8211; 15 %; Medien &#8211; 8 %; NATO an de Westen &#8211; 5%&#8221;.<\/p>\n<p><img src=\"https:\/\/belux-edmo.s3-accelerate.amazonaws.com\/wp-content\/uploads\/2025\/09\/97bce563e60d62c5b65b1f327adc6783_resized.jpeg\" alt=\"RTL\" \/> \u00a9 AFP<\/p>\n<p>D&#8217;Grafik mat der selwechter Behaaptung huet sech och op <a href=\"https:\/\/mvau.lt\/media\/0d213192-5580-4318-87b7-9dd6e91e9c70\" target=\"_blank\" rel=\"noopener\">Ungaresch<\/a>, <a href=\"https:\/\/mvau.lt\/media\/5b9ca8d4-4bd9-4e84-8564-4fdea0093e5b\" target=\"_blank\" rel=\"noopener\">Frans\u00e9isch<\/a>, <a href=\"https:\/\/mvau.lt\/media\/5c85c67c-c68d-4bf3-aeac-5768bdf943b9\" target=\"_blank\" rel=\"noopener\">Bulgaresch<\/a>, <a href=\"https:\/\/perma.cc\/GEG6-7FHA\" target=\"_blank\" rel=\"noopener\">Griichesch<\/a> a\u00a0 <a href=\"https:\/\/mvau.lt\/media\/cdb42ba6-d0fe-458c-92a2-a67987f4e0db\" target=\"_blank\" rel=\"noopener\">Spuenesch<\/a> verbreet. An de meeschte B\u00e4itr\u00e4g war entweeder den Diagramm selwer oder deem s\u00e4i Contenu an Textform dran. Eng vun de fr\u00e9iste Versioune vun der Behaaptung, d&#8217;Grafik abegraff, war en <a href=\"https:\/\/perma.cc\/D4G2-T5CN\" target=\"_blank\" rel=\"noopener\">Telegram-Post<\/a> op Russesch, deen den 10. September 2025 ver\u00ebffentlecht gouf. De B\u00e4itrag gouf iwwer 430.000 Mol opgeruff.<\/p>\n<p><img src=\"https:\/\/belux-edmo.s3-accelerate.amazonaws.com\/wp-content\/uploads\/2025\/09\/703ced1f5a08c9bc88ee7159281695e1_resized.jpeg\" alt=\"RTL\" \/> \u00a9 AFP<\/p>\n<p>AFP-Recherchen ergoufen awer, dass d&#8217;Grafik, d\u00e9i aktuell a Sozialen Netzwierker gedeelt g\u00ebtt, ierf\u00e9ierend duergestallt g\u00ebtt. Res Futura, d&#8217;polnesch Fuerschungsst\u00ebftung, d\u00e9i de Rapport erstallt hat, huet confirm\u00e9iert, dass d&#8217;Donn\u00e9e\u00ebn aus enger Analys vu publiz\u00e9ierte Kommentarer a Sozialen Netzwierker stamen, an &#8220;ni als representativ \u00cbmfro iwwer d&#8217;\u00ebffentlech Meenung a Polen geduecht waren&#8221;.<\/p>\n<p>Russesch Dronen iwwer Polen Ufank September 2025<\/p>\n<p><a href=\"https:\/\/perma.cc\/86SP-WLMY\" target=\"_blank\" rel=\"noopener\">Polen<\/a> huet seng NATO-Alli\u00e9iert fir dr\u00e9ngend Gespr\u00e9icher <a href=\"https:\/\/perma.cc\/86SP-WLMY\" target=\"_blank\" rel=\"noopener\">zesummegeruff<\/a>, nodeem et bekannt ginn hat, dass russesch Dronen an der Nuecht op den 10. September 2025 bei enger Attack op d&#8217;Ukrain an de polnesche Loftraum agedronge w\u00e4ren. De polnesche Loftraum w\u00e4r 19 Mol verletzt ginn, op d&#8217;mannst dr\u00e4i Drone w\u00e4ren ofgeschoss ginn, nodeem Warschau a seng Alli\u00e9iert Kampffligeren an d&#8217;Loft gesch\u00e9ckt haten. Polen an d&#8217;NATO-Alli\u00e9iert w\u00e9i D\u00e4itschland hunn de Virfall als <a href=\"https:\/\/perma.cc\/A47Q-U5UL\" target=\"_blank\" rel=\"noopener\">geziilt Provokatioun<\/a> g\u00e9int d\u00e9i gesamt westlech Milit\u00e4rallianz verurteelt.<\/p>\n<p><img src=\"https:\/\/belux-edmo.s3-accelerate.amazonaws.com\/wp-content\/uploads\/2025\/09\/8ac87eadf76ae87421cc42544dd3fca4_resized.jpeg\" alt=\"RTL\" \/> \u00a9 AFP<\/p>\n<p>D&#8217;Drone waren dr\u00e4i an en halleft Joer nom Ufank vun der russescher Invasioun an d&#8217;Ukrain op polnescht Gebitt agedrongen. Polen huet de Virfall als e &#8220;beispilllosen&#8221; Ugr\u00ebff op d&#8217;Land, d&#8217;NATO an Europ\u00e4esch Unioun bezeechent. Moskau huet bestridden, d&#8217;Land an d&#8217;Vis\u00e9ier geholl ze hunn.<\/p>\n<p>Polen, e wichtegen \u00cbnnerst\u00ebtzer vun der Ukrain, huet m\u00e9i w\u00e9i eng Millioun ukrainesch Fl\u00fcchtlingen opgeholl an ass en zentraalt Transitland fir westlech humanit\u00e4r a milit\u00e4resch H\u00ebllef un d&#8217;Ukrain. Russesch Medien haten direkt ugefaangen, <a href=\"https:\/\/perma.cc\/U7VX-ZJX3\" target=\"_blank\" rel=\"noopener\">\u00ebnnerschiddlech Narrativer<\/a> iwwer den Dronevirfall ze verbreeden, dor\u00ebnner Konspiratiounserzielungen, Polen oder d&#8217;Ukrain h\u00e4tten d&#8217;Attack inzen\u00e9iert.<\/p>\n<p>Originaldonn\u00e9e\u00eb stame vu polnescher Organisatioun<\/p>\n<p>D&#8217;AFP huet den Originalbericht vu <a href=\"https:\/\/resfutura.pl\/resfutura-nowe-media\/\" target=\"_blank\" rel=\"noopener\">Res Futura<\/a>, enger polnescher Organisatioun, &#8220;d\u00e9i sech der Fuerschung, Analys a Berodung an de Ber\u00e4icher Informatiounss\u00e9cherheet an digitalen Dateschutz&#8221; verschriwwen huet (<a href=\"https:\/\/perma.cc\/NYA7-QQXM\" target=\"_blank\" rel=\"noopener\">hei<\/a> archiv\u00e9iert). D&#8217;Prozents\u00e4tz, d\u00e9i an den ierf\u00e9ierende B\u00e4itr\u00e4g zit\u00e9iert ginn, stamen aus engem Bloggb\u00e4itrag vu Res Futura vum 10. September 2025 mam Titel &#8220;<a href=\"https:\/\/perma.cc\/M43F-CWZ8\" target=\"_blank\" rel=\"noopener\">Spezialrapport<\/a>&#8220;.<\/p>\n<p>De Rapport stellt fest, dass &#8220;de russeschen Dronenugr\u00ebff op polnescht Gebitt direkt als Katalysator fir eng organis\u00e9iert Informatiouns- a psychologesch (PSYOPS-)Campagne genotzt gouf&#8221;. Weider heescht et, dass &#8220;d&#8217;Inhaltsanalys vu polnesche B\u00e4itr\u00e4g a Sozialen Netzwierker eng h\u00e9ich Dicht un er\u00ebmkommenden Narrativer weist, d\u00e9i fir koordin\u00e9iert Aktiounen typesch sinn, net ausschliisslech fir spontan Reaktioune vu Biergerinnen a Bierger&#8221;.<\/p>\n<p>En er\u00ebmkommenden Narrativ, dee Res Futura a senger Analys vun 179.000 B\u00e4itr\u00e4g op Facebook, X, YouTube an Instagram identifiz\u00e9iert huet, war, dass d&#8217;Dronen als &#8220;Provokatioun vun der Ukrain&#8221; gestart gi w\u00e4ren. D\u00ebsen Narrativ daucht an 38 Prozent vun den analys\u00e9ierte Contenuen op. Ierf\u00e9ierend B\u00e4itr\u00e4g verzerren dat, andeem se behaapten, dass 38 Prozent vun de Polinnen a Polen d&#8217;Ukrain fir de Virfall &#8220;verantwortlech maache&#8221; g\u00e9ifen.<\/p>\n<p>De Rapport weist ausserdeem dorop hin, dass d\u00ebs Narrativer iwwer den Dronevirfall warscheinlech Deel vun engem Versuch sinn, &#8220;Polen an d&#8217;Ukrain ze spl\u00e9cken&#8221; a &#8220;Verwirrung a Polaris\u00e9ierung ze produz\u00e9ieren&#8221;.<\/p>\n<p>Analys gouf ierf\u00e9ierend interpret\u00e9iert<\/p>\n<p>Res Futura huet den 12. September 2025 an enger E-Mail un d&#8217;AFP confirm\u00e9iert, dass &#8220;de Rapport, op deen Dir Iech bezitt, keng representativ \u00cbmfro iwwer d\u00e9i \u00ebffentlech Meenung a Polen ass an nimools dofir geduecht war&#8221;. Si hunn ausserdeem b\u00e4igef\u00fc\u00fcgt, dass &#8220;Res Futura keng Meenungs\u00ebmfroen duerchf\u00e9iert&#8221;.<\/p>\n<p>An engem <a href=\"https:\/\/perma.cc\/KT6B-6L36\" target=\"_blank\" rel=\"noopener\">Rapport de suivi<\/a>, deen den 11. September 2025 publiz\u00e9iert gouf, huet Res Futura festgestallt, dass 41 Prozent vun den analys\u00e9ierte Kommentarer a Sozialen Netzwierker nom Dronevirfall Russland fir d&#8217;Attacke verantwortlech gemaach hunn, w\u00e4rend 24 Prozent d&#8217;Responsabilit\u00e9it bei der Ukrain gesinn. D&#8217;Organisatioun huet g\u00e9intiwwer der AFP erkl\u00e4ert, dass et sech heib\u00e4i \u00ebm eng onofh\u00e4ngeg Etude de suivi gehandelt h\u00e4tt, d\u00e9i an engem sp\u00e9ideren Z\u00e4itraum duerchgef\u00e9iert gi w\u00e4r. &#8220;An eiser Aarbecht iwwerwaache mir reegelm\u00e9isseg d&#8217;Dynamik vun Online-Diskussiounen, firwat mir Updaten an nei Rapporte ver\u00ebffentlechen, d\u00e9i Ver\u00e4nnerungen am Informatiouns\u00ebmfeld er\u00ebmspigelen, dat mir \u00ebnnersichen&#8221;, sot e Spriecher.<\/p>\n<p>Polnesch Meenungs\u00ebmfro huet anert Resultat geliwwert<\/p>\n<p>Enger\u00a0<a href=\"https:\/\/businessinsider.com.pl\/wiadomosci\/polska-gotowa-na-wojne-powinna-dalej-wspierac-ukraine-sondaz\/90np246\" target=\"_blank\" rel=\"noopener\">representativer \u00cbmfro<\/a> vun der polnescher Fuerschungsagence Ibris aus dem Juni 2025 no fannen e b\u00ebsse m\u00e9i w\u00e9i d&#8217;Hallschent vun de Polinnen a Polen (52 Prozent), dass hiert Land d&#8217;Ukrain no der Invasioun duerch Russland \u00ebnnerst\u00ebtze sollt, w\u00e4rend e b\u00ebsse m\u00e9i w\u00e9i een Dr\u00ebttel (35 Prozent) d&#8217;Fortsetzung vu wirtschaftlecher H\u00ebllef guttheescht (<a href=\"https:\/\/perma.cc\/A35V-ZSD3\" target=\"_blank\" rel=\"noopener\">hei<\/a> archiv\u00e9iert).<\/p>\n<p>D&#8217;\u00cbmfro ergouf, dass d&#8217;Majorit\u00e9it vun de Polinnen a Polen der Meenung sinn, d&#8217;Ukrain sollt Friddensverhandlungen ophuelen, awer just \u00ebnner Garanti\u00eb vun der NATO. Anerers\u00e4its goufe just 37 Prozent un, si g\u00e9ifen de B\u00e4itr\u00ebtt vun der Ukrain an d&#8217;NATO \u00ebnnerst\u00ebtzen. 35 Prozent soten, si g\u00e9ifen de B\u00e4itr\u00ebtt vum Land an d&#8217;EU guttheeschen.<\/p>\n<p>Laut dem <a href=\"https:\/\/web.archive.org\/web\/20250915091542\/https:\/\/europa.eu\/eurobarometer\/surveys\/detail\/3372\" target=\"_blank\" rel=\"noopener\">Eurobarometer vum Fr\u00e9ijoer 2025<\/a> vun der EU-Kommissioun \u00ebnnerst\u00ebtzen d\u00e9i meescht EU-Biergerinnen a -Bierger weiderhin d&#8217;Ukrain an d&#8217;Sanktioune g\u00e9int Russland.<\/p>\n<p>All d&#8217;Faktenchecken iwwer de Krich an der Ukrain sammelt d&#8217;AFP op hirer <a href=\"..\/..\/storage\/data\/afp\/factcheck_v2\/DE\/list\/Ukrainekrieg\" target=\"_blank\" rel=\"noopener\">Internets\u00e4it<\/a>.<\/p>\n<p><strong>Fazit:\u00a0<\/strong> Am Internet kurs\u00e9iert eng Grafik, d\u00e4r no d&#8217;Polinnen an d&#8217;Polen haapts\u00e4chlech d&#8217;Ukrain fir d&#8217;russesch Dronen am polnesche Loftraum Ufank September 2025 verantwortlech maachen. Tats\u00e4chlech gouf d&#8217;Grafik vun enger polnescher Fuerschungsst\u00ebftung ierf\u00e9ierend duergestallt. Der St\u00ebftung no weist d&#8217;Grafik just eng Analys vu Kommentarer a Sozialen Netzwierker a kann net als Meenungs\u00ebmfro interpret\u00e9iert ginn.<\/p>\n<p><em>D\u00ebse Faktencheck gouf vun RTL op L\u00ebtzebuergesch iwwersat.<br \/>\n<\/em><\/p>\n<\/div>\n<\/article>\n","protected":false},"excerpt":{"rendered":"<p>Den 9. September 2025 huet Polen eegenen Angaben no russesch Dronen a sengem Loftraum ofgeschoss. An d\u00ebsem Zesummenhang ass a Sozialen Netzwierker eng Grafik am \u00cbmlaf, d\u00e9i angeeblech weist, dass e Groussdeel vun de Polinnen a Polen d&#8217;Ukrain fir de Virfall verantwortlech maachen, net Russland.<\/p>\n","protected":false},"author":1,"featured_media":401842,"comment_status":"closed","ping_status":"closed","sticky":false,"template":"","format":"standard","meta":{"_acf_changed":false,"footnotes":""},"categories":[183,191,217],"tags":[],"class_list":{"0":"post-401862","1":"post","2":"type-post","3":"status-publish","4":"format-standard","5":"has-post-thumbnail","7":"category-fact-check-lb","8":"category-politik","9":"category-ukraine-lb"},"acf":{"show_metatags":true,"id":"2337449","authors":"RTL L\u00ebtzebuerg","organization":"RTL","featured_image_copyright":"","text_copyright":"Copyright RTL \/ CLT-UFA S.A.","source":"https:\/\/www.rtl.lu\/news\/faktencheck\/a\/2337449.html","fact_checker":"https:\/\/belux.wpengine.com\/wp-content\/uploads\/2021\/12\/rtl_logo.png","share_this_post_to_edmo_website":false,"affiliation":"BELUX","type":"Closed Event","location":"","start_date":"","start_date_event_begins_at":"","start_date_event_ends_at":"","end_date":"","end_date_event_begins_at":"","end_date_event_ends_at":"","organizer":"","fact_checker_logo_image":false},"yoast_head":"<!-- This site is optimized with the Yoast SEO plugin v27.0 - https:\/\/yoast.com\/product\/yoast-seo-wordpress\/ -->\n<title>Faktencheck: Falsch Duerstellung vu Social-Media-Analys a Polen no Dronenattack - EDMO Belux<\/title>\n<meta name=\"robots\" content=\"index, follow, max-snippet:-1, max-image-preview:large, max-video-preview:-1\" \/>\n<link rel=\"canonical\" href=\"https:\/\/belux.edmo.eu\/lb\/faktencheck-falsch-duerstellung-vu-social-media-analys-a-polen-no-dronenattack\/\" \/>\n<meta property=\"og:locale\" content=\"en_US\" \/>\n<meta property=\"og:type\" content=\"article\" \/>\n<meta property=\"og:title\" content=\"Faktencheck: Falsch Duerstellung vu Social-Media-Analys a Polen no Dronenattack - EDMO Belux\" \/>\n<meta property=\"og:description\" content=\"Den 9. September 2025 huet Polen eegenen Angaben no russesch Dronen a sengem Loftraum ofgeschoss. An d\u00ebsem Zesummenhang ass a Sozialen Netzwierker eng Grafik am \u00cbmlaf, d\u00e9i angeeblech weist, dass e Groussdeel vun de Polinnen a Polen d&#039;Ukrain fir de Virfall verantwortlech maachen, net Russland.\" \/>\n<meta property=\"og:url\" content=\"https:\/\/belux.edmo.eu\/lb\/faktencheck-falsch-duerstellung-vu-social-media-analys-a-polen-no-dronenattack\/\" \/>\n<meta property=\"og:site_name\" content=\"EDMO Belux\" \/>\n<meta property=\"article:published_time\" content=\"2025-09-21T13:00:20+00:00\" \/>\n<meta property=\"article:modified_time\" content=\"2025-10-13T10:58:54+00:00\" \/>\n<meta property=\"og:image\" content=\"https:\/\/belux-edmo.s3-accelerate.amazonaws.com\/wp-content\/uploads\/2025\/09\/6a23d2709e15ccab507da570caff4a98_resized.jpeg\" \/>\n\t<meta property=\"og:image:width\" content=\"1080\" \/>\n\t<meta property=\"og:image:height\" content=\"540\" \/>\n\t<meta property=\"og:image:type\" content=\"image\/jpeg\" \/>\n<meta name=\"author\" content=\"master\" \/>\n<meta name=\"twitter:card\" content=\"summary_large_image\" \/>\n<meta name=\"twitter:creator\" content=\"@Edmo_Belux\" \/>\n<meta name=\"twitter:site\" content=\"@Edmo_Belux\" \/>\n<meta name=\"twitter:label1\" content=\"Written by\" \/>\n\t<meta name=\"twitter:data1\" content=\"master\" \/>\n\t<meta name=\"twitter:label2\" content=\"Est. reading time\" \/>\n\t<meta name=\"twitter:data2\" content=\"6 minutes\" \/>\n<script type=\"application\/ld+json\" class=\"yoast-schema-graph\">{\"@context\":\"https:\/\/schema.org\",\"@graph\":[{\"@type\":\"Article\",\"@id\":\"https:\/\/belux.edmo.eu\/lb\/faktencheck-falsch-duerstellung-vu-social-media-analys-a-polen-no-dronenattack\/#article\",\"isPartOf\":{\"@id\":\"https:\/\/belux.edmo.eu\/lb\/faktencheck-falsch-duerstellung-vu-social-media-analys-a-polen-no-dronenattack\/\"},\"author\":{\"name\":\"master\",\"@id\":\"https:\/\/belux.edmo.eu\/#\/schema\/person\/dbe3b252258537fd318f9b5645a30342\"},\"headline\":\"Faktencheck: Falsch Duerstellung vu Social-Media-Analys a Polen no Dronenattack\",\"datePublished\":\"2025-09-21T13:00:20+00:00\",\"dateModified\":\"2025-10-13T10:58:54+00:00\",\"mainEntityOfPage\":{\"@id\":\"https:\/\/belux.edmo.eu\/lb\/faktencheck-falsch-duerstellung-vu-social-media-analys-a-polen-no-dronenattack\/\"},\"wordCount\":1236,\"publisher\":{\"@id\":\"https:\/\/belux.edmo.eu\/#organization\"},\"image\":{\"@id\":\"https:\/\/belux.edmo.eu\/lb\/faktencheck-falsch-duerstellung-vu-social-media-analys-a-polen-no-dronenattack\/#primaryimage\"},\"thumbnailUrl\":\"https:\/\/belux-edmo.s3-accelerate.amazonaws.com\/wp-content\/uploads\/2025\/09\/6a23d2709e15ccab507da570caff4a98_resized.jpeg\",\"articleSection\":[\"Fact Check\",\"Politik\",\"Ukraine\"],\"inLanguage\":\"lb-LU\"},{\"@type\":\"WebPage\",\"@id\":\"https:\/\/belux.edmo.eu\/lb\/faktencheck-falsch-duerstellung-vu-social-media-analys-a-polen-no-dronenattack\/\",\"url\":\"https:\/\/belux.edmo.eu\/lb\/faktencheck-falsch-duerstellung-vu-social-media-analys-a-polen-no-dronenattack\/\",\"name\":\"Faktencheck: Falsch Duerstellung vu Social-Media-Analys a Polen no Dronenattack - EDMO Belux\",\"isPartOf\":{\"@id\":\"https:\/\/belux.edmo.eu\/#website\"},\"primaryImageOfPage\":{\"@id\":\"https:\/\/belux.edmo.eu\/lb\/faktencheck-falsch-duerstellung-vu-social-media-analys-a-polen-no-dronenattack\/#primaryimage\"},\"image\":{\"@id\":\"https:\/\/belux.edmo.eu\/lb\/faktencheck-falsch-duerstellung-vu-social-media-analys-a-polen-no-dronenattack\/#primaryimage\"},\"thumbnailUrl\":\"https:\/\/belux-edmo.s3-accelerate.amazonaws.com\/wp-content\/uploads\/2025\/09\/6a23d2709e15ccab507da570caff4a98_resized.jpeg\",\"datePublished\":\"2025-09-21T13:00:20+00:00\",\"dateModified\":\"2025-10-13T10:58:54+00:00\",\"breadcrumb\":{\"@id\":\"https:\/\/belux.edmo.eu\/lb\/faktencheck-falsch-duerstellung-vu-social-media-analys-a-polen-no-dronenattack\/#breadcrumb\"},\"inLanguage\":\"lb-LU\",\"potentialAction\":[{\"@type\":\"ReadAction\",\"target\":[\"https:\/\/belux.edmo.eu\/lb\/faktencheck-falsch-duerstellung-vu-social-media-analys-a-polen-no-dronenattack\/\"]}]},{\"@type\":\"ImageObject\",\"inLanguage\":\"lb-LU\",\"@id\":\"https:\/\/belux.edmo.eu\/lb\/faktencheck-falsch-duerstellung-vu-social-media-analys-a-polen-no-dronenattack\/#primaryimage\",\"url\":\"https:\/\/belux-edmo.s3-accelerate.amazonaws.com\/wp-content\/uploads\/2025\/09\/6a23d2709e15ccab507da570caff4a98_resized.jpeg\",\"contentUrl\":\"https:\/\/belux-edmo.s3-accelerate.amazonaws.com\/wp-content\/uploads\/2025\/09\/6a23d2709e15ccab507da570caff4a98_resized.jpeg\",\"width\":1080,\"height\":540,\"caption\":\"Faktencheck: Falsch Duerstellung vu Social-Media-Analys a Polen no Dronenattack - Featured image\"},{\"@type\":\"BreadcrumbList\",\"@id\":\"https:\/\/belux.edmo.eu\/lb\/faktencheck-falsch-duerstellung-vu-social-media-analys-a-polen-no-dronenattack\/#breadcrumb\",\"itemListElement\":[{\"@type\":\"ListItem\",\"position\":1,\"name\":\"Home\",\"item\":\"https:\/\/belux.edmo.eu\/lb\/\"},{\"@type\":\"ListItem\",\"position\":2,\"name\":\"Faktencheck: Falsch Duerstellung vu Social-Media-Analys a Polen no Dronenattack\"}]},{\"@type\":\"WebSite\",\"@id\":\"https:\/\/belux.edmo.eu\/#website\",\"url\":\"https:\/\/belux.edmo.eu\/\",\"name\":\"EDMO Belux\",\"description\":\"Monitoring Disinformation in Belgium and Luxembourg\",\"publisher\":{\"@id\":\"https:\/\/belux.edmo.eu\/#organization\"},\"potentialAction\":[{\"@type\":\"SearchAction\",\"target\":{\"@type\":\"EntryPoint\",\"urlTemplate\":\"https:\/\/belux.edmo.eu\/?s={search_term_string}\"},\"query-input\":{\"@type\":\"PropertyValueSpecification\",\"valueRequired\":true,\"valueName\":\"search_term_string\"}}],\"inLanguage\":\"lb-LU\"},{\"@type\":\"Organization\",\"@id\":\"https:\/\/belux.edmo.eu\/#organization\",\"name\":\"EDMO Belux\",\"url\":\"https:\/\/belux.edmo.eu\/\",\"logo\":{\"@type\":\"ImageObject\",\"inLanguage\":\"lb-LU\",\"@id\":\"https:\/\/belux.edmo.eu\/#\/schema\/logo\/image\/\",\"url\":\"https:\/\/belux.edmo.eu\/wp-content\/uploads\/2021\/12\/belux-logo-full-color-rgb.svg\",\"contentUrl\":\"https:\/\/belux.edmo.eu\/wp-content\/uploads\/2021\/12\/belux-logo-full-color-rgb.svg\",\"width\":1,\"height\":1,\"caption\":\"EDMO Belux\"},\"image\":{\"@id\":\"https:\/\/belux.edmo.eu\/#\/schema\/logo\/image\/\"},\"sameAs\":[\"https:\/\/x.com\/Edmo_Belux\"]},{\"@type\":\"Person\",\"@id\":\"https:\/\/belux.edmo.eu\/#\/schema\/person\/dbe3b252258537fd318f9b5645a30342\",\"name\":\"master\",\"sameAs\":[\"https:\/\/belux.wpengine.com\"],\"url\":\"https:\/\/belux.edmo.eu\/lb\/author\/master\/\"}]}<\/script>\n<!-- \/ Yoast SEO plugin. -->","yoast_head_json":{"title":"Faktencheck: Falsch Duerstellung vu Social-Media-Analys a Polen no Dronenattack - EDMO Belux","robots":{"index":"index","follow":"follow","max-snippet":"max-snippet:-1","max-image-preview":"max-image-preview:large","max-video-preview":"max-video-preview:-1"},"canonical":"https:\/\/belux.edmo.eu\/lb\/faktencheck-falsch-duerstellung-vu-social-media-analys-a-polen-no-dronenattack\/","og_locale":"en_US","og_type":"article","og_title":"Faktencheck: Falsch Duerstellung vu Social-Media-Analys a Polen no Dronenattack - EDMO Belux","og_description":"Den 9. September 2025 huet Polen eegenen Angaben no russesch Dronen a sengem Loftraum ofgeschoss. An d\u00ebsem Zesummenhang ass a Sozialen Netzwierker eng Grafik am \u00cbmlaf, d\u00e9i angeeblech weist, dass e Groussdeel vun de Polinnen a Polen d'Ukrain fir de Virfall verantwortlech maachen, net Russland.","og_url":"https:\/\/belux.edmo.eu\/lb\/faktencheck-falsch-duerstellung-vu-social-media-analys-a-polen-no-dronenattack\/","og_site_name":"EDMO Belux","article_published_time":"2025-09-21T13:00:20+00:00","article_modified_time":"2025-10-13T10:58:54+00:00","og_image":[{"width":1080,"height":540,"url":"https:\/\/belux-edmo.s3-accelerate.amazonaws.com\/wp-content\/uploads\/2025\/09\/6a23d2709e15ccab507da570caff4a98_resized.jpeg","type":"image\/jpeg"}],"author":"master","twitter_card":"summary_large_image","twitter_creator":"@Edmo_Belux","twitter_site":"@Edmo_Belux","twitter_misc":{"Written by":"master","Est. reading time":"6 minutes"},"schema":{"@context":"https:\/\/schema.org","@graph":[{"@type":"Article","@id":"https:\/\/belux.edmo.eu\/lb\/faktencheck-falsch-duerstellung-vu-social-media-analys-a-polen-no-dronenattack\/#article","isPartOf":{"@id":"https:\/\/belux.edmo.eu\/lb\/faktencheck-falsch-duerstellung-vu-social-media-analys-a-polen-no-dronenattack\/"},"author":{"name":"master","@id":"https:\/\/belux.edmo.eu\/#\/schema\/person\/dbe3b252258537fd318f9b5645a30342"},"headline":"Faktencheck: Falsch Duerstellung vu Social-Media-Analys a Polen no Dronenattack","datePublished":"2025-09-21T13:00:20+00:00","dateModified":"2025-10-13T10:58:54+00:00","mainEntityOfPage":{"@id":"https:\/\/belux.edmo.eu\/lb\/faktencheck-falsch-duerstellung-vu-social-media-analys-a-polen-no-dronenattack\/"},"wordCount":1236,"publisher":{"@id":"https:\/\/belux.edmo.eu\/#organization"},"image":{"@id":"https:\/\/belux.edmo.eu\/lb\/faktencheck-falsch-duerstellung-vu-social-media-analys-a-polen-no-dronenattack\/#primaryimage"},"thumbnailUrl":"https:\/\/belux-edmo.s3-accelerate.amazonaws.com\/wp-content\/uploads\/2025\/09\/6a23d2709e15ccab507da570caff4a98_resized.jpeg","articleSection":["Fact Check","Politik","Ukraine"],"inLanguage":"lb-LU"},{"@type":"WebPage","@id":"https:\/\/belux.edmo.eu\/lb\/faktencheck-falsch-duerstellung-vu-social-media-analys-a-polen-no-dronenattack\/","url":"https:\/\/belux.edmo.eu\/lb\/faktencheck-falsch-duerstellung-vu-social-media-analys-a-polen-no-dronenattack\/","name":"Faktencheck: Falsch Duerstellung vu Social-Media-Analys a Polen no Dronenattack - EDMO Belux","isPartOf":{"@id":"https:\/\/belux.edmo.eu\/#website"},"primaryImageOfPage":{"@id":"https:\/\/belux.edmo.eu\/lb\/faktencheck-falsch-duerstellung-vu-social-media-analys-a-polen-no-dronenattack\/#primaryimage"},"image":{"@id":"https:\/\/belux.edmo.eu\/lb\/faktencheck-falsch-duerstellung-vu-social-media-analys-a-polen-no-dronenattack\/#primaryimage"},"thumbnailUrl":"https:\/\/belux-edmo.s3-accelerate.amazonaws.com\/wp-content\/uploads\/2025\/09\/6a23d2709e15ccab507da570caff4a98_resized.jpeg","datePublished":"2025-09-21T13:00:20+00:00","dateModified":"2025-10-13T10:58:54+00:00","breadcrumb":{"@id":"https:\/\/belux.edmo.eu\/lb\/faktencheck-falsch-duerstellung-vu-social-media-analys-a-polen-no-dronenattack\/#breadcrumb"},"inLanguage":"lb-LU","potentialAction":[{"@type":"ReadAction","target":["https:\/\/belux.edmo.eu\/lb\/faktencheck-falsch-duerstellung-vu-social-media-analys-a-polen-no-dronenattack\/"]}]},{"@type":"ImageObject","inLanguage":"lb-LU","@id":"https:\/\/belux.edmo.eu\/lb\/faktencheck-falsch-duerstellung-vu-social-media-analys-a-polen-no-dronenattack\/#primaryimage","url":"https:\/\/belux-edmo.s3-accelerate.amazonaws.com\/wp-content\/uploads\/2025\/09\/6a23d2709e15ccab507da570caff4a98_resized.jpeg","contentUrl":"https:\/\/belux-edmo.s3-accelerate.amazonaws.com\/wp-content\/uploads\/2025\/09\/6a23d2709e15ccab507da570caff4a98_resized.jpeg","width":1080,"height":540,"caption":"Faktencheck: Falsch Duerstellung vu Social-Media-Analys a Polen no Dronenattack - Featured image"},{"@type":"BreadcrumbList","@id":"https:\/\/belux.edmo.eu\/lb\/faktencheck-falsch-duerstellung-vu-social-media-analys-a-polen-no-dronenattack\/#breadcrumb","itemListElement":[{"@type":"ListItem","position":1,"name":"Home","item":"https:\/\/belux.edmo.eu\/lb\/"},{"@type":"ListItem","position":2,"name":"Faktencheck: Falsch Duerstellung vu Social-Media-Analys a Polen no Dronenattack"}]},{"@type":"WebSite","@id":"https:\/\/belux.edmo.eu\/#website","url":"https:\/\/belux.edmo.eu\/","name":"EDMO Belux","description":"Monitoring Disinformation in Belgium and Luxembourg","publisher":{"@id":"https:\/\/belux.edmo.eu\/#organization"},"potentialAction":[{"@type":"SearchAction","target":{"@type":"EntryPoint","urlTemplate":"https:\/\/belux.edmo.eu\/?s={search_term_string}"},"query-input":{"@type":"PropertyValueSpecification","valueRequired":true,"valueName":"search_term_string"}}],"inLanguage":"lb-LU"},{"@type":"Organization","@id":"https:\/\/belux.edmo.eu\/#organization","name":"EDMO Belux","url":"https:\/\/belux.edmo.eu\/","logo":{"@type":"ImageObject","inLanguage":"lb-LU","@id":"https:\/\/belux.edmo.eu\/#\/schema\/logo\/image\/","url":"https:\/\/belux.edmo.eu\/wp-content\/uploads\/2021\/12\/belux-logo-full-color-rgb.svg","contentUrl":"https:\/\/belux.edmo.eu\/wp-content\/uploads\/2021\/12\/belux-logo-full-color-rgb.svg","width":1,"height":1,"caption":"EDMO Belux"},"image":{"@id":"https:\/\/belux.edmo.eu\/#\/schema\/logo\/image\/"},"sameAs":["https:\/\/x.com\/Edmo_Belux"]},{"@type":"Person","@id":"https:\/\/belux.edmo.eu\/#\/schema\/person\/dbe3b252258537fd318f9b5645a30342","name":"master","sameAs":["https:\/\/belux.wpengine.com"],"url":"https:\/\/belux.edmo.eu\/lb\/author\/master\/"}]}},"menu_order":0,"_links":{"self":[{"href":"https:\/\/belux.edmo.eu\/lb\/wp-json\/wp\/v2\/posts\/401862","targetHints":{"allow":["GET"]}}],"collection":[{"href":"https:\/\/belux.edmo.eu\/lb\/wp-json\/wp\/v2\/posts"}],"about":[{"href":"https:\/\/belux.edmo.eu\/lb\/wp-json\/wp\/v2\/types\/post"}],"author":[{"embeddable":true,"href":"https:\/\/belux.edmo.eu\/lb\/wp-json\/wp\/v2\/users\/1"}],"replies":[{"embeddable":true,"href":"https:\/\/belux.edmo.eu\/lb\/wp-json\/wp\/v2\/comments?post=401862"}],"version-history":[{"count":0,"href":"https:\/\/belux.edmo.eu\/lb\/wp-json\/wp\/v2\/posts\/401862\/revisions"}],"wp:featuredmedia":[{"embeddable":true,"href":"https:\/\/belux.edmo.eu\/lb\/wp-json\/wp\/v2\/media\/401842"}],"wp:attachment":[{"href":"https:\/\/belux.edmo.eu\/lb\/wp-json\/wp\/v2\/media?parent=401862"}],"wp:term":[{"taxonomy":"category","embeddable":true,"href":"https:\/\/belux.edmo.eu\/lb\/wp-json\/wp\/v2\/categories?post=401862"},{"taxonomy":"post_tag","embeddable":true,"href":"https:\/\/belux.edmo.eu\/lb\/wp-json\/wp\/v2\/tags?post=401862"}],"curies":[{"name":"wp","href":"https:\/\/api.w.org\/{rel}","templated":true}]}}