{"id":402277,"date":"2025-09-23T13:33:41","date_gmt":"2025-09-23T13:33:41","guid":{"rendered":"https:\/\/belux.edmo.eu\/?p=402277"},"modified":"2025-10-13T10:57:22","modified_gmt":"2025-10-13T10:57:22","slug":"rtl-faktencheck-nee-paracetamol-an-impfunge-fieren-net-zu-autismus","status":"publish","type":"post","link":"https:\/\/belux.edmo.eu\/lb\/rtl-faktencheck-nee-paracetamol-an-impfunge-fieren-net-zu-autismus\/","title":{"rendered":"RTL-Faktencheck: Nee, Paracetamol an Impfunge f\u00e9ieren net zu Autismus"},"content":{"rendered":"<article>\n<div>\n<p>Op enger Konferenz am W\u00e4issen Haus huet de President Donald Trump gesot, dass Paracetamol an der Schwangerschaft an Impfungen zu Autismus bei Kanner f\u00e9iert. Dat ass net richteg, sou L\u00ebtzebuerger Dokteren.<\/p>\n<\/div>\n<div>\n<p>Zesumme mam US-amerikanesche Gesondheetsminister Robert F. Kennedy Jr. huet den US-President Donald Trump den 22. September eng Konferenz am W\u00e4issen Haus gehalen. Hei huet hie schwanger Frae gewarnt: De Gebrauch vun Tylenol w\u00e4rend der Schwangerschaft soll d\u00e4itlech ageschr\u00e4nkt ginn, ausser an urgente F\u00e4ll, w\u00e9i h\u00e9ijem F\u00e9iwer. Tylenol ass e Medikament g\u00e9int P\u00e9ng mam Wierkstoff Acetaminophen, d\u00ebst ass identesch mam Paracetamol, deen an Europa bekannt ass. Eng schwanger Fra, d\u00e9i w\u00e4rend der Schwangerschaft Tylenol respektiv Paracetamol anh\u00eblt, g\u00e9if domat de Risk erh\u00e9ijen, en autistesch Kand ze kr\u00e9ien.<em> &#8220;Tylenol ass net gutt. Ech soen et ganz oppen. Net gutt<\/em>&#8220;, sou eng Ausso vum Trump bei der Konferenz.<\/p>\n<p>D&#8217;Pressekonferenz mam Donald Trump vum 22. September 2025.<\/p>\n<p><video controls=\"controls\" width=\"300\" height=\"150\"><source src=\"https:\/\/stream.rtl.lu\/data\/ondemand\/video\/e\/asset\/2025\/09\/23\/780e8a36-aca4-4e6e-8668-6965071279c2_REPLAY_1080p.mp4\" type=\"video\/mp4\" \/><\/video> Hei seet hien \u00ebnnert anerem, dass Paracetamol w\u00e4rend der Schwangerschaft zu Autismus bei de Kanner f\u00e9iert.<\/p>\n<p>Et h\u00e4tt een och <a href=\"https:\/\/www.hhs.gov\/press-room\/autism-announcement-fact-sheet.html\" target=\"_blank\" rel=\"noopener\">d&#8217;FDA, also d&#8217;Administratioun fir Liewensm\u00ebttel a Medikamenter, domat beoptraagt, d&#8217;Dokteren ze inform\u00e9ieren<\/a>, dass Paracetamol just nach an Ausnamef\u00e4ll u schwanger Frae soll verschriwwe ginn.<\/p>\n<p>W\u00e4rend d\u00ebser Konferenz huet den US-President och vun der Impfung g\u00e9int Hepatitt bei klenge Kanner ofgeroden. Och doduerch solle Kanner Autismus entw\u00e9ckelen.<\/p>\n<p class=\"article-subtitle\">L\u00ebtzebuerger Dokteren a WHO wiere sech<\/p>\n<p>Den 23. September 2025 huet d&#8217;Weltgesondheetsorganisatioun (WHO) zu Genf Stellung geholl. De WHO-Spriecher Tarik Ja\u0161arevi\u0107 huet betount, dass d\u00e9i aktuell w\u00ebssenschaftlech Donn\u00e9e\u00ebn iwwer en Zesummenhang t\u00ebscht Paracetamol an der Schwangerschaft an Autismus inkonsistent wieren. Et g\u00e9if also keen zouverl\u00e4ssege Beweis ginn, deen eng kausal Relatioun t\u00ebscht Paracetamol an Autismus \u00ebnnerst\u00ebtzt.<\/p>\n<p>D\u00e9i selwecht Reaktioun k\u00ebnnt vu L\u00ebtzebuerg. De Gynekolog a President vun der L\u00ebtzebuerger Gesellschaft fir Gynekologie (SLGO) Pit Duschinger seet: <em>&#8220;Dat ass ni w\u00ebssenschaftlech beluecht ginn. Dat sch\u00e9ngt totale Bl\u00f6dsinn ze sinn.&#8221;<\/em> Et sollt ee mat esou Aussoe virsiichteg \u00ebmgoen a sech net onn\u00e9ideg opreege loossen, sou de Rot vun der SLGO.<\/p>\n<p>Och d&#8217;Kannerdoktesch Mich\u00e8le Kayser-Wengler ka mat d\u00ebsen Aussoe vum US-President n\u00e4ischt uf\u00e4nken. Paracetamol wier dat bescht Medikament, fir h\u00e9ije F\u00e9iwer an Entz\u00fcndungen ze behandelen. <em>&#8220;Dat ass total harmlos a schuet weder der Fra, nach dem ongebuerene Puppelchen.&#8221;<\/em><\/p>\n<p><video controls=\"controls\" width=\"300\" height=\"150\"><source src=\"https:\/\/stream.rtl.lu\/data\/ondemand\/video\/e\/asset\/2025\/09\/25\/766768c2-464a-4deb-976a-5e9a2fab14b1_REPLAY_1080p.mp4\" type=\"video\/mp4\" \/><\/video> De Pit Duschinger an d&#8217;Mich\u00e8le Kayser-Wengler wiere sech g\u00e9int d&#8217;Ausso, dass Paracetamol w\u00e4rend der Schwangerschaft an Impfunge bei Kanner zu Autismus f\u00e9ieren.<\/p>\n<p>Dat selwecht betr\u00ebfft dem Donald Trump seng Ausso iwwert Impfunge bei klenge Kanner. &#8220;D<em>at si Fake news, w\u00e9i vill Saachen, d\u00e9i den H\u00e4r Trump vu sech g\u00ebtt&#8221;<\/em>, sou d&#8217;Kannerdoktesch, <em>&#8220;d\u00e9i si w\u00ebssenschaftlech einfach net fund\u00e9iert a k\u00ebnne mat der W\u00ebssenschaft einfach net mathalen.&#8221;<\/em><\/p>\n<p>D&#8217;WHO huet d\u00ebs Meenung: Impfunge verursaache keen Autismus. D\u00ebst M\u00ebssverst\u00e4ndnes geet zer\u00e9ck op eng Et\u00fcd aus den 1990er Joren, d\u00e9i m\u00e9i sp\u00e9it als feelerhaft ofgestempelt an zr\u00e9ckgezu gouf, erkl\u00e4ert de Spriecher vun der WHO zu Genf. Zanterhier hu vill grouss a seri\u00e9is Et\u00fcden \u00ebmmer nees dat selwecht gewisen: <a href=\"https:\/\/pmc.ncbi.nlm.nih.gov\/articles\/PMC8694782\/?utm_source=chatgpt.com\" target=\"_blank\" rel=\"noopener\">Keng Impfung f\u00e9iert zu Autismus<\/a>. D&#8217;WHO an och <a href=\"https:\/\/www.cdc.gov\/vaccine-safety\/about\/autism.html?utm_source=chatgpt.com\" target=\"_blank\" rel=\"noopener\">d&#8217;amerikanesch Gesondheetsautorit\u00e9it CDC \u00ebnnerstr\u00e4ichen dat \u00ebmmer er\u00ebm.<\/a><\/p>\n<p>An och d&#8217;FDA reag\u00e9iert op d&#8217;Aussoe vum Trump. Zwar hu si eng <a href=\"https:\/\/www.fda.gov\/news-events\/press-announcements\/fda-responds-evidence-possible-association-between-autism-and-acetaminophen-use-during-pregnancy\" target=\"_blank\" rel=\"noopener\">Warnung op hirer Webs\u00e4it publiz\u00e9iert<\/a>, wou viru Paracetamol respektiv Tylenol w\u00e4rend der Schwangerschaft gewarnt g\u00ebtt, liest een awer de ganze Statement, sou steet do Folgendes:<\/p>\n<p><em>&#8220;Et ass wichteg ze bemierken, dass zwar en Zesummenhang t\u00ebscht Acetaminophen an neurologesche Konditiounen a villen Et\u00fcde beschriwwe gi sinn, et awer keng kausal Relatioun festgestallt konnt ginn an et ginn och g\u00e9iges\u00e4tzlech Et\u00fcden an der w\u00ebssenschaftlecher Literatur. Et soll och bemierkt ginn, dass Acetaminophen dat eenzegt fr\u00e4i verkeeflecht\u00a0 Medikament ass, dat fir d&#8217;Behandlung vu F\u00e9iwer an der Schwangerschaft zougelooss ass, an h\u00e9icht F\u00e9iwer bei schwangere Frae ka fir hir Kanner e Risk duerstellen. Zous\u00e4tzlech hunn Aspirin an Ibuprofen d\u00e4itlech dokument\u00e9iert negativ Auswierkungen op de F\u00f6tus.&#8221;<\/em><\/p>\n<p>Firwat ass et iwwerhaapt problematesch, sech op ee best\u00ebmmte Medikament als m\u00e9iglech Ursaach ze fix\u00e9ieren?<\/p>\n<p>Autismus ass eng komplex St\u00e9ierung, d\u00e9i vu ville verschiddene Facteuren ofh\u00e4nkt. <a href=\"https:\/\/bmcmedicine.biomedcentral.com\/articles\/10.1186\/s12916-024-03617-3\" target=\"_blank\" rel=\"noopener\">D&#8217;Fuerschung weist<\/a>, dass ongef\u00e9ier 80 Prozent Risk duerch verierft Gene kann erkl\u00e4ert ginn. D\u00e9i eenzel Gene spillen n\u00ebmmen eng kleng Roll fir sech, er\u00e9ischt an hirer Kombinatioun g\u00ebtt de Risk m\u00e9i grouss. Dob\u00e4i k\u00ebnnen och Afl\u00ebss aus der \u00cbmwelt eng Roll spillen, w\u00e9i e best\u00ebmmte Verlaf vun der Schwangerschaft, eng Schwangerschaft am m\u00e9i h\u00e9ijen Alter oder och d&#8217;Loftverschmotzung. Mee keen eenzege Facteur eleng kann als Ursaach ugesi ginn.<\/p>\n<p><img src=\"https:\/\/belux-edmo.s3-accelerate.amazonaws.com\/wp-content\/uploads\/2025\/09\/df78ea28a67c474bede839ae3e3ca010_resized.jpeg\" alt=\"RTL\" \/> Hei ges\u00e4it ee kloer, w\u00e9i eng Facteuren zesummespillen k\u00ebnnen, fir dass et bei engem Kand zu Autismus k\u00ebnnt. \/ \u00a9 Screenshot aus Publikatioun BMC Medecine<\/p>\n<p>Dofir ass et aus w\u00ebssenschaftlecher Siicht net richteg, Paracetamol oder en anert M\u00ebttel als Haaptgrond fir Autismus duerzestellen.<\/p>\n<p class=\"article-subtitle\">Mee w\u00e9i koum den Trump op d\u00e9i Behaaptung?<\/p>\n<p>Z\u00ebnter Joerz\u00e9ngte geet d&#8217;Zuel un Autismus-Diagnose bei Kanner an den USA an d&#8217;Luucht. Am Joer\u00a0<a href=\"https:\/\/www.cdc.gov\/mmwr\/volumes\/74\/ss\/ss7402a1.htm\" target=\"_blank\" rel=\"noopener\">2022 gouf bei engem vun 31 Kanner Autismus festgestallt<\/a>, am Joer 2000 war et nach ee Kand vun 150, sou d&#8217;Zuele vum <a href=\"https:\/\/www.cdc.gov\/autism\/data-research\/\" target=\"_blank\" rel=\"noopener\">US-Zentrum fir Krankheetskontroll a Preventioun (CDC).<\/a> De Gesondheetsminister Robert F. Kennedy Jr. hat virun e puer M\u00e9int Drock gemaach, fir eng Erkl\u00e4rung fir d\u00ebs &#8220;<em>Autismus-Epidemie<\/em>&#8220;, w\u00e9i hie se genannt huet, ze fannen. De Gesondheetsminist\u00e8re huet doropshin am Abr\u00ebll 2025 eng <em>&#8220;massiv Test- a Fuerchungsphase<\/em>&#8221; an d&#8217;Wee\u00ebr geleet a wollt bis September Resultater br\u00e9ngen.<\/p>\n<p>Et war dunn den 21. September op der Trauerfeier vum Charlie Kirk, dee bei engem \u00ebffentlechen Optr\u00ebtt erschoss gouf, w\u00e9i den Trump verk\u00ebnnegt huet, et h\u00e4tt ee wuel <em>&#8220;eng \u00c4ntwert op Autismus&#8221;<\/em> fonnt. An een Dag drop, den 22. September 2025, huet den Donald Trump dunn seng Konferenz gehalen, wou d\u00e9i Aussoe gefall sinn.<\/p>\n<p class=\"article-subtitle\">\n<\/div>\n<\/article>\n","protected":false},"excerpt":{"rendered":"<p>Op enger Konferenz am W\u00e4issen Haus huet de President Donald Trump gesot, dass Paracetamol an der Schwangerschaft an Impfungen zu Autismus bei Kanner f\u00e9iert. Dat ass net richteg, sou L\u00ebtzebuerger Dokteren.<\/p>\n","protected":false},"author":1,"featured_media":402267,"comment_status":"closed","ping_status":"closed","sticky":false,"template":"","format":"standard","meta":{"_acf_changed":false,"footnotes":""},"categories":[183,190,191],"tags":[],"class_list":{"0":"post-402277","1":"post","2":"type-post","3":"status-publish","4":"format-standard","5":"has-post-thumbnail","7":"category-fact-check-lb","8":"category-gesondheet","9":"category-politik"},"acf":{"show_metatags":true,"id":"2339305","authors":"RTL L\u00ebtzebuerg","organization":"RTL","featured_image_copyright":"\u00a9 RTL Grafik","text_copyright":"Copyright RTL \/ CLT-UFA S.A.","source":"https:\/\/www.rtl.lu\/news\/faktencheck\/a\/2339305.html","fact_checker":"https:\/\/belux.wpengine.com\/wp-content\/uploads\/2021\/12\/rtl_logo.png","share_this_post_to_edmo_website":false,"affiliation":"BELUX","type":"Closed Event","location":"","start_date":"","start_date_event_begins_at":"","start_date_event_ends_at":"","end_date":"","end_date_event_begins_at":"","end_date_event_ends_at":"","organizer":"","fact_checker_logo_image":false},"yoast_head":"<!-- This site is optimized with the Yoast SEO plugin v27.0 - https:\/\/yoast.com\/product\/yoast-seo-wordpress\/ -->\n<title>RTL-Faktencheck: Nee, Paracetamol an Impfunge f\u00e9ieren net zu Autismus - EDMO Belux<\/title>\n<meta name=\"robots\" content=\"index, follow, max-snippet:-1, max-image-preview:large, max-video-preview:-1\" \/>\n<link rel=\"canonical\" href=\"https:\/\/belux.edmo.eu\/lb\/rtl-faktencheck-nee-paracetamol-an-impfunge-fieren-net-zu-autismus\/\" \/>\n<meta property=\"og:locale\" content=\"en_US\" \/>\n<meta property=\"og:type\" content=\"article\" \/>\n<meta property=\"og:title\" content=\"RTL-Faktencheck: Nee, Paracetamol an Impfunge f\u00e9ieren net zu Autismus - EDMO Belux\" \/>\n<meta property=\"og:description\" content=\"Op enger Konferenz am W\u00e4issen Haus huet de President Donald Trump gesot, dass Paracetamol an der Schwangerschaft an Impfungen zu Autismus bei Kanner f\u00e9iert. Dat ass net richteg, sou L\u00ebtzebuerger Dokteren.\" \/>\n<meta property=\"og:url\" content=\"https:\/\/belux.edmo.eu\/lb\/rtl-faktencheck-nee-paracetamol-an-impfunge-fieren-net-zu-autismus\/\" \/>\n<meta property=\"og:site_name\" content=\"EDMO Belux\" \/>\n<meta property=\"article:published_time\" content=\"2025-09-23T13:33:41+00:00\" \/>\n<meta property=\"article:modified_time\" content=\"2025-10-13T10:57:22+00:00\" \/>\n<meta property=\"og:image\" content=\"https:\/\/belux-edmo.s3-accelerate.amazonaws.com\/wp-content\/uploads\/2025\/09\/7d28976e1b092c995068582a52c009cb_resized.jpeg\" \/>\n\t<meta property=\"og:image:width\" content=\"1080\" \/>\n\t<meta property=\"og:image:height\" content=\"608\" \/>\n\t<meta property=\"og:image:type\" content=\"image\/jpeg\" \/>\n<meta name=\"author\" content=\"master\" \/>\n<meta name=\"twitter:card\" content=\"summary_large_image\" \/>\n<meta name=\"twitter:creator\" content=\"@Edmo_Belux\" \/>\n<meta name=\"twitter:site\" content=\"@Edmo_Belux\" \/>\n<meta name=\"twitter:label1\" content=\"Written by\" \/>\n\t<meta name=\"twitter:data1\" content=\"master\" \/>\n\t<meta name=\"twitter:label2\" content=\"Est. reading time\" \/>\n\t<meta name=\"twitter:data2\" content=\"5 minutes\" \/>\n<script type=\"application\/ld+json\" class=\"yoast-schema-graph\">{\"@context\":\"https:\/\/schema.org\",\"@graph\":[{\"@type\":\"Article\",\"@id\":\"https:\/\/belux.edmo.eu\/lb\/rtl-faktencheck-nee-paracetamol-an-impfunge-fieren-net-zu-autismus\/#article\",\"isPartOf\":{\"@id\":\"https:\/\/belux.edmo.eu\/lb\/rtl-faktencheck-nee-paracetamol-an-impfunge-fieren-net-zu-autismus\/\"},\"author\":{\"name\":\"master\",\"@id\":\"https:\/\/belux.edmo.eu\/#\/schema\/person\/dbe3b252258537fd318f9b5645a30342\"},\"headline\":\"RTL-Faktencheck: Nee, Paracetamol an Impfunge f\u00e9ieren net zu Autismus\",\"datePublished\":\"2025-09-23T13:33:41+00:00\",\"dateModified\":\"2025-10-13T10:57:22+00:00\",\"mainEntityOfPage\":{\"@id\":\"https:\/\/belux.edmo.eu\/lb\/rtl-faktencheck-nee-paracetamol-an-impfunge-fieren-net-zu-autismus\/\"},\"wordCount\":1059,\"publisher\":{\"@id\":\"https:\/\/belux.edmo.eu\/#organization\"},\"image\":{\"@id\":\"https:\/\/belux.edmo.eu\/lb\/rtl-faktencheck-nee-paracetamol-an-impfunge-fieren-net-zu-autismus\/#primaryimage\"},\"thumbnailUrl\":\"https:\/\/belux-edmo.s3-accelerate.amazonaws.com\/wp-content\/uploads\/2025\/09\/7d28976e1b092c995068582a52c009cb_resized.jpeg\",\"articleSection\":[\"Fact Check\",\"Gesondheet\",\"Politik\"],\"inLanguage\":\"lb-LU\"},{\"@type\":\"WebPage\",\"@id\":\"https:\/\/belux.edmo.eu\/lb\/rtl-faktencheck-nee-paracetamol-an-impfunge-fieren-net-zu-autismus\/\",\"url\":\"https:\/\/belux.edmo.eu\/lb\/rtl-faktencheck-nee-paracetamol-an-impfunge-fieren-net-zu-autismus\/\",\"name\":\"RTL-Faktencheck: Nee, Paracetamol an Impfunge f\u00e9ieren net zu Autismus - EDMO Belux\",\"isPartOf\":{\"@id\":\"https:\/\/belux.edmo.eu\/#website\"},\"primaryImageOfPage\":{\"@id\":\"https:\/\/belux.edmo.eu\/lb\/rtl-faktencheck-nee-paracetamol-an-impfunge-fieren-net-zu-autismus\/#primaryimage\"},\"image\":{\"@id\":\"https:\/\/belux.edmo.eu\/lb\/rtl-faktencheck-nee-paracetamol-an-impfunge-fieren-net-zu-autismus\/#primaryimage\"},\"thumbnailUrl\":\"https:\/\/belux-edmo.s3-accelerate.amazonaws.com\/wp-content\/uploads\/2025\/09\/7d28976e1b092c995068582a52c009cb_resized.jpeg\",\"datePublished\":\"2025-09-23T13:33:41+00:00\",\"dateModified\":\"2025-10-13T10:57:22+00:00\",\"breadcrumb\":{\"@id\":\"https:\/\/belux.edmo.eu\/lb\/rtl-faktencheck-nee-paracetamol-an-impfunge-fieren-net-zu-autismus\/#breadcrumb\"},\"inLanguage\":\"lb-LU\",\"potentialAction\":[{\"@type\":\"ReadAction\",\"target\":[\"https:\/\/belux.edmo.eu\/lb\/rtl-faktencheck-nee-paracetamol-an-impfunge-fieren-net-zu-autismus\/\"]}]},{\"@type\":\"ImageObject\",\"inLanguage\":\"lb-LU\",\"@id\":\"https:\/\/belux.edmo.eu\/lb\/rtl-faktencheck-nee-paracetamol-an-impfunge-fieren-net-zu-autismus\/#primaryimage\",\"url\":\"https:\/\/belux-edmo.s3-accelerate.amazonaws.com\/wp-content\/uploads\/2025\/09\/7d28976e1b092c995068582a52c009cb_resized.jpeg\",\"contentUrl\":\"https:\/\/belux-edmo.s3-accelerate.amazonaws.com\/wp-content\/uploads\/2025\/09\/7d28976e1b092c995068582a52c009cb_resized.jpeg\",\"width\":1080,\"height\":608,\"caption\":\"RTL-Faktencheck: Nee, Paracetamol an Impfunge f\u00e9ieren net zu Autismus - Featured image\"},{\"@type\":\"BreadcrumbList\",\"@id\":\"https:\/\/belux.edmo.eu\/lb\/rtl-faktencheck-nee-paracetamol-an-impfunge-fieren-net-zu-autismus\/#breadcrumb\",\"itemListElement\":[{\"@type\":\"ListItem\",\"position\":1,\"name\":\"Home\",\"item\":\"https:\/\/belux.edmo.eu\/lb\/\"},{\"@type\":\"ListItem\",\"position\":2,\"name\":\"RTL-Faktencheck: Nee, Paracetamol an Impfunge f\u00e9ieren net zu Autismus\"}]},{\"@type\":\"WebSite\",\"@id\":\"https:\/\/belux.edmo.eu\/#website\",\"url\":\"https:\/\/belux.edmo.eu\/\",\"name\":\"EDMO Belux\",\"description\":\"Monitoring Disinformation in Belgium and Luxembourg\",\"publisher\":{\"@id\":\"https:\/\/belux.edmo.eu\/#organization\"},\"potentialAction\":[{\"@type\":\"SearchAction\",\"target\":{\"@type\":\"EntryPoint\",\"urlTemplate\":\"https:\/\/belux.edmo.eu\/?s={search_term_string}\"},\"query-input\":{\"@type\":\"PropertyValueSpecification\",\"valueRequired\":true,\"valueName\":\"search_term_string\"}}],\"inLanguage\":\"lb-LU\"},{\"@type\":\"Organization\",\"@id\":\"https:\/\/belux.edmo.eu\/#organization\",\"name\":\"EDMO Belux\",\"url\":\"https:\/\/belux.edmo.eu\/\",\"logo\":{\"@type\":\"ImageObject\",\"inLanguage\":\"lb-LU\",\"@id\":\"https:\/\/belux.edmo.eu\/#\/schema\/logo\/image\/\",\"url\":\"https:\/\/belux.edmo.eu\/wp-content\/uploads\/2021\/12\/belux-logo-full-color-rgb.svg\",\"contentUrl\":\"https:\/\/belux.edmo.eu\/wp-content\/uploads\/2021\/12\/belux-logo-full-color-rgb.svg\",\"width\":1,\"height\":1,\"caption\":\"EDMO Belux\"},\"image\":{\"@id\":\"https:\/\/belux.edmo.eu\/#\/schema\/logo\/image\/\"},\"sameAs\":[\"https:\/\/x.com\/Edmo_Belux\"]},{\"@type\":\"Person\",\"@id\":\"https:\/\/belux.edmo.eu\/#\/schema\/person\/dbe3b252258537fd318f9b5645a30342\",\"name\":\"master\",\"sameAs\":[\"https:\/\/belux.wpengine.com\"],\"url\":\"https:\/\/belux.edmo.eu\/lb\/author\/master\/\"}]}<\/script>\n<!-- \/ Yoast SEO plugin. -->","yoast_head_json":{"title":"RTL-Faktencheck: Nee, Paracetamol an Impfunge f\u00e9ieren net zu Autismus - EDMO Belux","robots":{"index":"index","follow":"follow","max-snippet":"max-snippet:-1","max-image-preview":"max-image-preview:large","max-video-preview":"max-video-preview:-1"},"canonical":"https:\/\/belux.edmo.eu\/lb\/rtl-faktencheck-nee-paracetamol-an-impfunge-fieren-net-zu-autismus\/","og_locale":"en_US","og_type":"article","og_title":"RTL-Faktencheck: Nee, Paracetamol an Impfunge f\u00e9ieren net zu Autismus - EDMO Belux","og_description":"Op enger Konferenz am W\u00e4issen Haus huet de President Donald Trump gesot, dass Paracetamol an der Schwangerschaft an Impfungen zu Autismus bei Kanner f\u00e9iert. Dat ass net richteg, sou L\u00ebtzebuerger Dokteren.","og_url":"https:\/\/belux.edmo.eu\/lb\/rtl-faktencheck-nee-paracetamol-an-impfunge-fieren-net-zu-autismus\/","og_site_name":"EDMO Belux","article_published_time":"2025-09-23T13:33:41+00:00","article_modified_time":"2025-10-13T10:57:22+00:00","og_image":[{"width":1080,"height":608,"url":"https:\/\/belux-edmo.s3-accelerate.amazonaws.com\/wp-content\/uploads\/2025\/09\/7d28976e1b092c995068582a52c009cb_resized.jpeg","type":"image\/jpeg"}],"author":"master","twitter_card":"summary_large_image","twitter_creator":"@Edmo_Belux","twitter_site":"@Edmo_Belux","twitter_misc":{"Written by":"master","Est. reading time":"5 minutes"},"schema":{"@context":"https:\/\/schema.org","@graph":[{"@type":"Article","@id":"https:\/\/belux.edmo.eu\/lb\/rtl-faktencheck-nee-paracetamol-an-impfunge-fieren-net-zu-autismus\/#article","isPartOf":{"@id":"https:\/\/belux.edmo.eu\/lb\/rtl-faktencheck-nee-paracetamol-an-impfunge-fieren-net-zu-autismus\/"},"author":{"name":"master","@id":"https:\/\/belux.edmo.eu\/#\/schema\/person\/dbe3b252258537fd318f9b5645a30342"},"headline":"RTL-Faktencheck: Nee, Paracetamol an Impfunge f\u00e9ieren net zu Autismus","datePublished":"2025-09-23T13:33:41+00:00","dateModified":"2025-10-13T10:57:22+00:00","mainEntityOfPage":{"@id":"https:\/\/belux.edmo.eu\/lb\/rtl-faktencheck-nee-paracetamol-an-impfunge-fieren-net-zu-autismus\/"},"wordCount":1059,"publisher":{"@id":"https:\/\/belux.edmo.eu\/#organization"},"image":{"@id":"https:\/\/belux.edmo.eu\/lb\/rtl-faktencheck-nee-paracetamol-an-impfunge-fieren-net-zu-autismus\/#primaryimage"},"thumbnailUrl":"https:\/\/belux-edmo.s3-accelerate.amazonaws.com\/wp-content\/uploads\/2025\/09\/7d28976e1b092c995068582a52c009cb_resized.jpeg","articleSection":["Fact Check","Gesondheet","Politik"],"inLanguage":"lb-LU"},{"@type":"WebPage","@id":"https:\/\/belux.edmo.eu\/lb\/rtl-faktencheck-nee-paracetamol-an-impfunge-fieren-net-zu-autismus\/","url":"https:\/\/belux.edmo.eu\/lb\/rtl-faktencheck-nee-paracetamol-an-impfunge-fieren-net-zu-autismus\/","name":"RTL-Faktencheck: Nee, Paracetamol an Impfunge f\u00e9ieren net zu Autismus - EDMO Belux","isPartOf":{"@id":"https:\/\/belux.edmo.eu\/#website"},"primaryImageOfPage":{"@id":"https:\/\/belux.edmo.eu\/lb\/rtl-faktencheck-nee-paracetamol-an-impfunge-fieren-net-zu-autismus\/#primaryimage"},"image":{"@id":"https:\/\/belux.edmo.eu\/lb\/rtl-faktencheck-nee-paracetamol-an-impfunge-fieren-net-zu-autismus\/#primaryimage"},"thumbnailUrl":"https:\/\/belux-edmo.s3-accelerate.amazonaws.com\/wp-content\/uploads\/2025\/09\/7d28976e1b092c995068582a52c009cb_resized.jpeg","datePublished":"2025-09-23T13:33:41+00:00","dateModified":"2025-10-13T10:57:22+00:00","breadcrumb":{"@id":"https:\/\/belux.edmo.eu\/lb\/rtl-faktencheck-nee-paracetamol-an-impfunge-fieren-net-zu-autismus\/#breadcrumb"},"inLanguage":"lb-LU","potentialAction":[{"@type":"ReadAction","target":["https:\/\/belux.edmo.eu\/lb\/rtl-faktencheck-nee-paracetamol-an-impfunge-fieren-net-zu-autismus\/"]}]},{"@type":"ImageObject","inLanguage":"lb-LU","@id":"https:\/\/belux.edmo.eu\/lb\/rtl-faktencheck-nee-paracetamol-an-impfunge-fieren-net-zu-autismus\/#primaryimage","url":"https:\/\/belux-edmo.s3-accelerate.amazonaws.com\/wp-content\/uploads\/2025\/09\/7d28976e1b092c995068582a52c009cb_resized.jpeg","contentUrl":"https:\/\/belux-edmo.s3-accelerate.amazonaws.com\/wp-content\/uploads\/2025\/09\/7d28976e1b092c995068582a52c009cb_resized.jpeg","width":1080,"height":608,"caption":"RTL-Faktencheck: Nee, Paracetamol an Impfunge f\u00e9ieren net zu Autismus - Featured image"},{"@type":"BreadcrumbList","@id":"https:\/\/belux.edmo.eu\/lb\/rtl-faktencheck-nee-paracetamol-an-impfunge-fieren-net-zu-autismus\/#breadcrumb","itemListElement":[{"@type":"ListItem","position":1,"name":"Home","item":"https:\/\/belux.edmo.eu\/lb\/"},{"@type":"ListItem","position":2,"name":"RTL-Faktencheck: Nee, Paracetamol an Impfunge f\u00e9ieren net zu Autismus"}]},{"@type":"WebSite","@id":"https:\/\/belux.edmo.eu\/#website","url":"https:\/\/belux.edmo.eu\/","name":"EDMO Belux","description":"Monitoring Disinformation in Belgium and Luxembourg","publisher":{"@id":"https:\/\/belux.edmo.eu\/#organization"},"potentialAction":[{"@type":"SearchAction","target":{"@type":"EntryPoint","urlTemplate":"https:\/\/belux.edmo.eu\/?s={search_term_string}"},"query-input":{"@type":"PropertyValueSpecification","valueRequired":true,"valueName":"search_term_string"}}],"inLanguage":"lb-LU"},{"@type":"Organization","@id":"https:\/\/belux.edmo.eu\/#organization","name":"EDMO Belux","url":"https:\/\/belux.edmo.eu\/","logo":{"@type":"ImageObject","inLanguage":"lb-LU","@id":"https:\/\/belux.edmo.eu\/#\/schema\/logo\/image\/","url":"https:\/\/belux.edmo.eu\/wp-content\/uploads\/2021\/12\/belux-logo-full-color-rgb.svg","contentUrl":"https:\/\/belux.edmo.eu\/wp-content\/uploads\/2021\/12\/belux-logo-full-color-rgb.svg","width":1,"height":1,"caption":"EDMO Belux"},"image":{"@id":"https:\/\/belux.edmo.eu\/#\/schema\/logo\/image\/"},"sameAs":["https:\/\/x.com\/Edmo_Belux"]},{"@type":"Person","@id":"https:\/\/belux.edmo.eu\/#\/schema\/person\/dbe3b252258537fd318f9b5645a30342","name":"master","sameAs":["https:\/\/belux.wpengine.com"],"url":"https:\/\/belux.edmo.eu\/lb\/author\/master\/"}]}},"menu_order":0,"_links":{"self":[{"href":"https:\/\/belux.edmo.eu\/lb\/wp-json\/wp\/v2\/posts\/402277","targetHints":{"allow":["GET"]}}],"collection":[{"href":"https:\/\/belux.edmo.eu\/lb\/wp-json\/wp\/v2\/posts"}],"about":[{"href":"https:\/\/belux.edmo.eu\/lb\/wp-json\/wp\/v2\/types\/post"}],"author":[{"embeddable":true,"href":"https:\/\/belux.edmo.eu\/lb\/wp-json\/wp\/v2\/users\/1"}],"replies":[{"embeddable":true,"href":"https:\/\/belux.edmo.eu\/lb\/wp-json\/wp\/v2\/comments?post=402277"}],"version-history":[{"count":0,"href":"https:\/\/belux.edmo.eu\/lb\/wp-json\/wp\/v2\/posts\/402277\/revisions"}],"wp:featuredmedia":[{"embeddable":true,"href":"https:\/\/belux.edmo.eu\/lb\/wp-json\/wp\/v2\/media\/402267"}],"wp:attachment":[{"href":"https:\/\/belux.edmo.eu\/lb\/wp-json\/wp\/v2\/media?parent=402277"}],"wp:term":[{"taxonomy":"category","embeddable":true,"href":"https:\/\/belux.edmo.eu\/lb\/wp-json\/wp\/v2\/categories?post=402277"},{"taxonomy":"post_tag","embeddable":true,"href":"https:\/\/belux.edmo.eu\/lb\/wp-json\/wp\/v2\/tags?post=402277"}],"curies":[{"name":"wp","href":"https:\/\/api.w.org\/{rel}","templated":true}]}}