{"id":402796,"date":"2025-10-16T13:00:00","date_gmt":"2025-10-16T13:00:00","guid":{"rendered":"https:\/\/belux.edmo.eu\/?p=402796"},"modified":"2025-10-17T10:27:28","modified_gmt":"2025-10-17T10:27:28","slug":"faktencheck-clickbait-bedriwwen-ds-promien-hunn-net-ffentlech-m-den-charlie-kirk-getrauert","status":"publish","type":"post","link":"https:\/\/belux.edmo.eu\/lb\/faktencheck-clickbait-bedriwwen-ds-promien-hunn-net-ffentlech-m-den-charlie-kirk-getrauert\/","title":{"rendered":"Faktencheck: Clickbait bedriwwen: D\u00ebs Promien hunn net \u00ebffentlech \u00ebm den Charlie Kirk getrauert"},"content":{"rendered":"<article>\n<div>\n<p><strong>Am US-Bundesstaat Arizona an op anere Plaze goufen Trauerzeremoni\u00eb virum Begriefnis vum rietsen Aktivist Charlie Kirk organis\u00e9iert. Op Facebook waren aus d\u00ebsem Ulass falsch B\u00e4itr\u00e4g am \u00cbmlaf, an deene behaapt gouf, prominent Pers\u00e9inlechkeeten h\u00e4tte s\u00e4i Papp bei enger vun d\u00ebse Manifestatioune getr\u00e9ischt.<\/strong><\/p>\n<\/div>\n<div>\n<p class=\"article-body__summary\">D&#8217;B\u00e4itr\u00e4g hunn identesch Formul\u00e9ierungen an eng Foto aus engem Noruff benotzt, d\u00e9i f\u00e4lschlecherweis als Foto vum Kirk sengem Papp duergestallt gouf. Se goufe vun engem Netzwierk vu vietnameesesche Facebook-S\u00e4ite verbreet, dat \u00ebmmer nees manipul\u00e9iert Contenuen an \u00cbmlaf br\u00e9ngt.<\/p>\n<p class=\"article-body__summary\">&#8220;Gitt mir m\u00e4i Bouf zer\u00e9ck, en ass er\u00e9ischt 31&#8221;, f\u00e4nkt en engleschsproochege <a href=\"https:\/\/perma.cc\/ZJR2-CUYV\" target=\"_blank\" rel=\"noopener\">Facebook-B\u00e4itrag vum 12. September 2025<\/a> un. Am B\u00e4itrag ass eng Foto vum Charlie Kirk, dee seng Duechter am Aarm h\u00e4lt, souw\u00e9i e weidert Bild vun engem Mann, deen anscheinend kr\u00e4ischt, dran. Weider heescht et: &#8220;En trauerende Papp br\u00e9cht bei der Gedenkfeier fir den Charlie Kirk virum Haapts\u00ebtz vun der Organisatioun &#8220;Turning Point USA&#8221; zu Phoenix zesummen. Direkt nieft him stoung d&#8217;Museklegend Paul McCartney, deen him d&#8217;Hand op d&#8217;Sch\u00ebller geluecht a versicht huet, him Kraaft ze spenden.&#8221;<\/p>\n<p class=\"article-body__summary\">An der Behaaptung ass e Link dran zu engem\u00a0<a href=\"https:\/\/perma.cc\/U5CE-JJTT\" target=\"_blank\" rel=\"noopener\">Artikel<\/a> mat der Iwwerschr\u00ebft: &#8220;Dem Paul McCartney seng Presenz bei dem Charlie Kirk senger Gedenkfeier: E Lidd ouni Wierder.&#8221;<\/p>\n<p class=\"article-body__summary\">A bal identesche B\u00e4itr\u00e4g gouf behaapt, dass och Museker w\u00e9i d&#8217;<a href=\"https:\/\/perma.cc\/T6W4-PZ4F\" target=\"_blank\" rel=\"noopener\">Stevie Nicks<\/a>, de <a href=\"https:\/\/perma.cc\/E9DJ-Z668\" target=\"_blank\" rel=\"noopener\">Mick Jagger<\/a> an de <a href=\"https:\/\/perma.cc\/PA3L-6GKS\" target=\"_blank\" rel=\"noopener\">Luke Bryan<\/a> present waren, fir dem Kirk sengem Papp bei der Trauerzeremonie an Arizona ze tr\u00e9ischten.<\/p>\n<p><img src=\"https:\/\/belux-edmo.s3-accelerate.amazonaws.com\/wp-content\/uploads\/2025\/10\/4f1cc6d4ac51f0ecac00a5bdb3241347_resized.jpeg\" alt=\"RTL\" \/> \u00a9 AFP<\/p>\n<p>A verschiddene B\u00e4itr\u00e4g goufen d&#8217;Nimm vun de Museker duerch d\u00e9i vu Sportstaren ersat, dor\u00ebnner de Formel-1-Fuerer <a href=\"https:\/\/perma.cc\/NUS3-JFF8\" target=\"_blank\" rel=\"noopener\">Max Verstappen<\/a>\u00a0an d&#8217;Golflegend <a href=\"http:\/\/perma.cc\/A3GE-AG7M\" target=\"_blank\" rel=\"noopener\">Tiger Woods<\/a>.<\/p>\n<p><img src=\"https:\/\/belux-edmo.s3-accelerate.amazonaws.com\/wp-content\/uploads\/2025\/10\/1cb28f398e4b5f71ee3e59bdc74754b9_resized.jpeg\" alt=\"RTL\" \/> \u00a9 AFP<\/p>\n<p>An anere B\u00e4itr\u00e4g goufe Persounen aus dem Kabinett vum amerikanesche President Donald Trump gewisen, zum Beispill d&#8217;Justizministesch <a href=\"https:\/\/perma.cc\/9RQ4-UF89\">Pam Bondi<\/a> an de Verdeedegungsminister <a href=\"https:\/\/perma.cc\/6XA5-TGZR\">Pete Hegseth<\/a>. D&#8217;Procureur d&#8217;Etat vum District of Coiumbia <a href=\"https:\/\/perma.cc\/2ZYV-A6DE?type=image\">Jeanine Pirro<\/a> gouf och an engem Post gewisen. Genee w\u00e9i an deenen anere B\u00e4itr\u00e4g gouf ee beim Klicken op d&#8217;<a href=\"https:\/\/perma.cc\/H2DY-7EWN\">Artikelen<\/a> op aner Internets\u00e4ite weidergeleet, d\u00e9i voll mat Reklamme waren.<\/p>\n<p><img src=\"https:\/\/belux-edmo.s3-accelerate.amazonaws.com\/wp-content\/uploads\/2025\/10\/d697093a17b70e186b0ae2529f4e7dc3_resized.jpeg\" alt=\"RTL\" \/> \u00a9 AFP<\/p>\n<p>Den <a href=\"https:\/\/perma.cc\/8MLH-Z9UU\" target=\"_blank\" rel=\"noopener\">Charlie Kirk<\/a>, eng <a href=\"https:\/\/perma.cc\/89PR-L3CT\" target=\"_blank\" rel=\"noopener\">polaris\u00e9ierend politesch Pers\u00e9inlechkeet<\/a> an den USA, gouf den 10. September 2025 w\u00e4rend enger Veranstaltung op der Utah Valley University erschoss. D&#8217;<a href=\"https:\/\/perma.cc\/C5AK-J3EF\" target=\"_blank\" rel=\"noopener\">Poursuite vun 33 Stonnen<\/a> nom Verd\u00e4chtegen hat eng Well vu Falschinformatiounen ausgel\u00e9ist, woub\u00e4i onsch\u00eblleg Persoune <a href=\"https:\/\/perma.cc\/T4Q2-G4K6\" target=\"_blank\" rel=\"noopener\">f\u00e4lschlecherweis besch\u00ebllegt<\/a> goufen, KI-gener\u00e9iert Contenue sech s\u00e9ier verbreet an Chatbots <a href=\"https:\/\/perma.cc\/T4Q2-G4K6\" target=\"_blank\" rel=\"noopener\">falsch an net confirm\u00e9iert Behaaptunge<\/a> widderholl haten.<\/p>\n<p>De federale Parquet vun den USA huet de 16. September 2025 den 22 Joer alen Tyler Ronbinson offiziell w\u00e9inst Mord um Charlie Kirk <a href=\"https:\/\/perma.cc\/D3W6-6JP5\" target=\"_blank\" rel=\"noopener\">ugeklot<\/a> an och ugek\u00ebnnegt, d&#8217;Doudesstrof ze fuerderen. Den amerikanesche Vizepresident J.D. Vance goung nieft dem Sarg vum Kirk u Bord vun der <a href=\"https:\/\/perma.cc\/C7L8-7CWL\" target=\"_blank\" rel=\"noopener\">Air Force Two<\/a>, fir de L\u00e4ichnam vu Utah op d&#8217;Trauerfeier an Arizona ze fl\u00e9ien. De President Donald Trump a bal seng ganz Regierungsekipp hunn den 21. September 2025 un der <a href=\"https:\/\/perma.cc\/LT95-YSGJ\" target=\"_blank\" rel=\"noopener\">Trauerfeier<\/a> fir de Kirk am Stadion vun der American Football-Ekipp Arizona Cardinals deelgeholl.<\/p>\n<p>Dem Kirk seng Wittfra Erika huet och <a href=\"https:\/\/perma.cc\/AR64-358Z\" target=\"_blank\" rel=\"noopener\">\u00ebffentlech \u00ebm hire Mann getrauert<\/a>. Et g\u00ebtt awer keng Indicen dorop, dass dem Kirk s\u00e4i Papp virum Si\u00e8ge vun &#8220;Turning Point USA&#8221;, eng konservativ Organisatioun, d\u00e9i vu sengem Bouf gegr\u00ebnnt gouf, zu Phoenix eng Trauerried gehalen h\u00e4tt.<\/p>\n<p><img src=\"https:\/\/belux-edmo.s3-accelerate.amazonaws.com\/wp-content\/uploads\/2025\/10\/9b99b5ca46fc02794aa954d5d6f93ca4_resized.jpeg\" alt=\"RTL\" \/> \u00a9 AFP<\/p>\n<p>Et g\u00ebtt och keng Opzeechnungen doriwwer, dass de McCartney &#8211; oder d\u00e9i aner an de B\u00e4itr\u00e4g genannt Prominenter a Mandatairen &#8211; d&#8217;<a href=\"https:\/\/web.archive.org\/web\/2\/https:\/\/www.axios.com\/local\/phoenix\/2025\/09\/16\/arizona-charlie-kirk-memorials-funeral\" target=\"_blank\" rel=\"noopener\">Gedenkplaze<\/a> besicht h\u00e4tten, d\u00e9i iwwerall an Arizona entstane waren.<\/p>\n<p>Verd\u00e4chteg B\u00e4itr\u00e4g<\/p>\n<p>Eng <a href=\"https:\/\/www.youtube.com\/watch?v=51u0SkyaAA0\" target=\"_blank\" rel=\"noopener\">St\u00e9chwierder- a Billersich<\/a>, fir erauszefannen, w\u00e9i de Papp ausges\u00e4it, huet keng verifiz\u00e9iert Fotoe vum Kirk mat sengem Papp, deen engem Bericht vum\u00a0<a href=\"https:\/\/perma.cc\/T8JV-UBK8\" target=\"_blank\" rel=\"noopener\">People-Magazine<\/a> no als Architekt geschafft huet, erginn.<\/p>\n<p>Eng <a href=\"https:\/\/www.youtube.com\/watch?v=Ez5o69CeXUw\" target=\"_blank\" rel=\"noopener\">\u00ebmgek\u00e9iert Billersich<\/a> vun der Foto, d\u00e9i a ville B\u00e4itr\u00e4g benotzt gouf, huet erginn, dass se aus engem\u00a0<a href=\"https:\/\/www.frainmortuary.com\/obituaries\/ROBERT-W-KIRK?obId=29974053\" target=\"_blank\" rel=\"noopener\">Noruff<\/a> op e gew\u00ebsse Robert W. Kirk staamt, deen am Juli 2008 zu Monterey, Indiana, verstuerwen ass &#8211; an net dem Kirk s\u00e4i Papp ass (<a href=\"https:\/\/perma.cc\/N33Z-25X3\">hei<\/a> archiv\u00e9iert).<\/p>\n<p>A verschiddene F\u00e4ll gouf d&#8217;Originalbild gespigelt an et sch\u00e9ngt, w\u00e9i wann Tr\u00e9ine k\u00ebnschtlech b\u00e4igefl\u00e9ckt gi w\u00e4ren.<\/p>\n<p><img src=\"https:\/\/belux-edmo.s3-accelerate.amazonaws.com\/wp-content\/uploads\/2025\/10\/06b169484e25c5fc80e454238efbac9d_resized.jpeg\" alt=\"RTL\" \/> \u00a9 AFP<\/p>\n<p>D&#8217;Behaaptunge sch\u00e9nge vun engem Netzwierk vu Facebook-S\u00e4iten ze stamen, d\u00e9i sech u Membere vun der <a href=\"https:\/\/perma.cc\/QMT9-H3EV\" target=\"_blank\" rel=\"noopener\">Babyboomer-Generatioun<\/a> riichten. D\u00ebs als &#8220;<a href=\"https:\/\/perma.cc\/7WF5-VXRB\" target=\"_blank\" rel=\"noopener\">Boomer Bait<\/a>&#8221; bezeechent Contenue si speziell dorop ausgeluecht, Emotiounen ervirzeruffen a M\u00ebnschen dozou ze br\u00e9ngen, se ze liken, ze deelen an ze komment\u00e9ieren.<\/p>\n<p>De Fuerscher <a href=\"https:\/\/perma.cc\/ALP8-SFNE\" target=\"_blank\" rel=\"noopener\">Marc Owen Jones huet festgestallt<\/a>, dass verschidden Internetdomainen, d\u00e9i vun d\u00ebse S\u00e4ite benotzt goufen, dor\u00ebnner cafez.biz, warscheinlech Deel vun enger koordin\u00e9ierter Aflossnam oder vun engem Engagement-Farming-Netzwierk sinn, dat mat polaris\u00e9ierende Contenue Reechw\u00e4it gener\u00e9iert a gr\u00e9isstendeels vu Vietnam aus bedriwwe g\u00ebtt.<\/p>\n<p>All d\u00ebs Facebook-S\u00e4iten, d\u00e9i d&#8217;AFP fonnt huet an d\u00e9i Behaaptungen iwwer dem Kirk s\u00e4i Papp verbreet huet, haten e S\u00e4ite-Management a Vietnam. Fir de Standuert vun de Persounen ze iwwerpr\u00e9iwen, d\u00e9i eng S\u00e4it bedreiwen, k\u00ebnnen Notzerinnen an Notzer op d&#8217;Registr\u00e9ierkaart &#8220;Iwwer&#8221; (dt. &#8220;\u00dcber, eng. &#8220;About&#8221;) klicken an d'&#8221;S\u00e4itentransparenz&#8221; iwwerpr\u00e9iwen.<\/p>\n<p><img src=\"https:\/\/belux-edmo.s3-accelerate.amazonaws.com\/wp-content\/uploads\/2025\/10\/0ec43588a377db2597d128fded000c91_resized.jpeg\" alt=\"RTL\" \/> \u00a9 AFP<\/p>\n<p>Weider Unzeeche fir d&#8217;Onglafwierdegkeet vun d\u00ebse S\u00e4iten an Artikele si Facebook-Bew\u00e4ertungen, an deene falsch Contenue reklam\u00e9iert ginn. Internets\u00e4ite voll mat Reklammen an Artikele mat net gekennzeechenten Zitater, sech widderhuelende Strukturen an onnatierlechen englesche Formul\u00e9ierungen.<\/p>\n<p>D&#8217;amerikanesch Faktencheck-Organisatioun &#8220;Lead Stories&#8221; huet weider falsch Behaaptungen iwwer <a href=\"https:\/\/perma.cc\/G87U-MDQ6\" target=\"_blank\" rel=\"noopener\">Sportstaren<\/a> identifiz\u00e9iert, d\u00e9i fir dem Kirk seng Famill gespent h\u00e4tten. D\u00ebs Behaaptunge goufen och iwwer Facebook-S\u00e4ite verbreet, d\u00e9i vu Vietnam aus ger\u00e9iert ginn. D&#8217;AFP hat am <a href=\"https:\/\/factcheck.afp.com\/doc.afp.com.662E3ZQ\" target=\"_blank\" rel=\"noopener\">Juli 2025<\/a> iwwer \u00e4nlech Clickbait-B\u00e4itr\u00e4g bericht.<\/p>\n<p>D&#8217;<a href=\"https:\/\/www.facebook.com\/business\/help\/169845596919485?id=2520940424820218&amp;utm_campaign=briefing-the-brakes-are-completely-off-at-meta&amp;utm_medium=referral&amp;utm_source=indicator.media\" target=\"_blank\" rel=\"noopener\">Richtlinne vu Meta<\/a> besoen, dass &#8220;Createuren, Editeuren an Dr\u00ebtt, d\u00e9i Clickbaits oder Sensatiounsmeldunge verbreeden, m\u00e9iglecherweis net berechtegt sinn oder hir Berechtegung fir Monetaris\u00e9ierung verl\u00e9ieren&#8221; (<a href=\"https:\/\/web.archive.org\/web\/20250929140351\/https:\/\/www.facebook.com\/business\/help\/169845596919485?id=2520940424820218\" target=\"_blank\" rel=\"noopener\">hei<\/a> archiv\u00e9iert). Souwuel de Recherchemedium <a href=\"https:\/\/perma.cc\/2CR2-9WYE\" target=\"_blank\" rel=\"noopener\">ProPublica<\/a> w\u00e9i och d&#8217;Onlineportal <a href=\"https:\/\/perma.cc\/8XC3-4H3L\" target=\"_blank\" rel=\"noopener\">404 Media<\/a> hunn awer doriwwer bericht, w\u00e9i de <a href=\"https:\/\/creators.facebook.com\/introducing-facebook-content-monetization?locale=en_US&amp;utm_campaign=briefing-the-brakes-are-completely-off-at-meta&amp;utm_medium=referral&amp;utm_source=indicator.media\" target=\"_blank\" rel=\"noopener\">Monetaris\u00e9ierungsprogramm<\/a> vun der Plattform M\u00ebnschen op der ganzer Welt dozou br\u00e9ngt, mannerw\u00e4erteg Contenuen ze erstellen, fir d&#8217;Opmierksamkeet vum amerikanesche Public ze kr\u00e9ien (<a href=\"https:\/\/perma.cc\/VKS3-PMP3\" target=\"_blank\" rel=\"noopener\">hei<\/a> archiv\u00e9iert).<\/p>\n<p>Weider engleschsproocheg Meldungen iwwer Falschinformatiounen am Zesummenhang mat der Ermuerdung vum Kirk sammelt d&#8217;AFP op hirer <a href=\"https:\/\/factcheck.afp.com\/fact-checking-search-results?search_api_fulltext=charlie+kirk\" target=\"_blank\" rel=\"noopener\">Internets\u00e4it<\/a>.<\/p>\n<p><strong>Fazit:<\/strong> Facebook-Behaaptunge mat Fotoe vu Prominenten, d\u00e9i angeeblech dem Charlie Kirk s\u00e4i Papp tr\u00e9ischten, si falsch. Se bas\u00e9ieren op enger friemer Foto vun engem Noruff a stamen aus engem vietnameeseschen Netzwierk, dat geziilt Falschmeldunge verbreet.<\/p>\n<p><em>D\u00ebsen AFP-Faktencheck gouf vun RTL op L\u00ebtzebuergesch iwwersat.<br \/>\n<\/em><\/p>\n<\/div>\n<\/article>\n","protected":false},"excerpt":{"rendered":"<p>Am US-Bundesstaat Arizona an op anere Plaze goufen Trauerzeremoni\u00eb virum Begriefnis vum rietsen Aktivist Charlie Kirk organis\u00e9iert. Op Facebook waren aus d\u00ebsem Ulass falsch B\u00e4itr\u00e4g am \u00cbmlaf, an deene behaapt gouf, prominent Pers\u00e9inlechkeeten h\u00e4tte s\u00e4i Papp bei enger vun d\u00ebse Manifestatioune getr\u00e9ischt.<\/p>\n","protected":false},"author":1,"featured_media":402761,"comment_status":"closed","ping_status":"closed","sticky":false,"template":"","format":"standard","meta":{"_acf_changed":false,"footnotes":""},"categories":[188,470,183,193,191],"tags":[],"class_list":{"0":"post-402796","1":"post","2":"type-post","3":"status-publish","4":"format-standard","5":"has-post-thumbnail","7":"category-de-choix-vun-der-redaktioun","8":"category-editors-choice-lu","9":"category-fact-check-lb","10":"category-gesellschaft","11":"category-politik"},"acf":{"show_metatags":true,"id":"2342138","authors":"RTL L\u00ebtzebuerg","organization":"RTL","featured_image_copyright":"","text_copyright":"Copyright RTL \/ CLT-UFA S.A.","source":"https:\/\/www.rtl.lu\/news\/faktencheck\/a\/2342138.html","fact_checker":"https:\/\/belux.wpengine.com\/wp-content\/uploads\/2021\/12\/rtl_logo.png","share_this_post_to_edmo_website":false,"affiliation":"BELUX","type":"Closed Event","location":"","start_date":"","start_date_event_begins_at":"","start_date_event_ends_at":"","end_date":"","end_date_event_begins_at":"","end_date_event_ends_at":"","organizer":"","fact_checker_logo_image":false},"yoast_head":"<!-- This site is optimized with the Yoast SEO plugin v27.0 - https:\/\/yoast.com\/product\/yoast-seo-wordpress\/ -->\n<title>Faktencheck: Clickbait bedriwwen: D\u00ebs Promien hunn net \u00ebffentlech \u00ebm den Charlie Kirk getrauert - EDMO Belux<\/title>\n<meta name=\"robots\" content=\"index, follow, max-snippet:-1, max-image-preview:large, max-video-preview:-1\" \/>\n<link rel=\"canonical\" href=\"https:\/\/belux.edmo.eu\/lb\/faktencheck-clickbait-bedriwwen-ds-promien-hunn-net-ffentlech-m-den-charlie-kirk-getrauert\/\" \/>\n<meta property=\"og:locale\" content=\"en_US\" \/>\n<meta property=\"og:type\" content=\"article\" \/>\n<meta property=\"og:title\" content=\"Faktencheck: Clickbait bedriwwen: D\u00ebs Promien hunn net \u00ebffentlech \u00ebm den Charlie Kirk getrauert - EDMO Belux\" \/>\n<meta property=\"og:description\" content=\"Am US-Bundesstaat Arizona an op anere Plaze goufen Trauerzeremoni\u00eb virum Begriefnis vum rietsen Aktivist Charlie Kirk organis\u00e9iert. Op Facebook waren aus d\u00ebsem Ulass falsch B\u00e4itr\u00e4g am \u00cbmlaf, an deene behaapt gouf, prominent Pers\u00e9inlechkeeten h\u00e4tte s\u00e4i Papp bei enger vun d\u00ebse Manifestatioune getr\u00e9ischt.\" \/>\n<meta property=\"og:url\" content=\"https:\/\/belux.edmo.eu\/lb\/faktencheck-clickbait-bedriwwen-ds-promien-hunn-net-ffentlech-m-den-charlie-kirk-getrauert\/\" \/>\n<meta property=\"og:site_name\" content=\"EDMO Belux\" \/>\n<meta property=\"article:published_time\" content=\"2025-10-16T13:00:00+00:00\" \/>\n<meta property=\"article:modified_time\" content=\"2025-10-17T10:27:28+00:00\" \/>\n<meta property=\"og:image\" content=\"https:\/\/belux-edmo.s3-accelerate.amazonaws.com\/wp-content\/uploads\/2025\/10\/900f606f467a14614988d2cc39bd4bce_resized.jpeg\" \/>\n\t<meta property=\"og:image:width\" content=\"1080\" \/>\n\t<meta property=\"og:image:height\" content=\"540\" \/>\n\t<meta property=\"og:image:type\" content=\"image\/jpeg\" \/>\n<meta name=\"author\" content=\"master\" \/>\n<meta name=\"twitter:card\" content=\"summary_large_image\" \/>\n<meta name=\"twitter:creator\" content=\"@Edmo_Belux\" \/>\n<meta name=\"twitter:site\" content=\"@Edmo_Belux\" \/>\n<meta name=\"twitter:label1\" content=\"Written by\" \/>\n\t<meta name=\"twitter:data1\" content=\"master\" \/>\n\t<meta name=\"twitter:label2\" content=\"Est. reading time\" \/>\n\t<meta name=\"twitter:data2\" content=\"6 minutes\" \/>\n<script type=\"application\/ld+json\" class=\"yoast-schema-graph\">{\"@context\":\"https:\/\/schema.org\",\"@graph\":[{\"@type\":\"Article\",\"@id\":\"https:\/\/belux.edmo.eu\/lb\/faktencheck-clickbait-bedriwwen-ds-promien-hunn-net-ffentlech-m-den-charlie-kirk-getrauert\/#article\",\"isPartOf\":{\"@id\":\"https:\/\/belux.edmo.eu\/lb\/faktencheck-clickbait-bedriwwen-ds-promien-hunn-net-ffentlech-m-den-charlie-kirk-getrauert\/\"},\"author\":{\"name\":\"master\",\"@id\":\"https:\/\/belux.edmo.eu\/#\/schema\/person\/dbe3b252258537fd318f9b5645a30342\"},\"headline\":\"Faktencheck: Clickbait bedriwwen: D\u00ebs Promien hunn net \u00ebffentlech \u00ebm den Charlie Kirk getrauert\",\"datePublished\":\"2025-10-16T13:00:00+00:00\",\"dateModified\":\"2025-10-17T10:27:28+00:00\",\"mainEntityOfPage\":{\"@id\":\"https:\/\/belux.edmo.eu\/lb\/faktencheck-clickbait-bedriwwen-ds-promien-hunn-net-ffentlech-m-den-charlie-kirk-getrauert\/\"},\"wordCount\":1151,\"publisher\":{\"@id\":\"https:\/\/belux.edmo.eu\/#organization\"},\"image\":{\"@id\":\"https:\/\/belux.edmo.eu\/lb\/faktencheck-clickbait-bedriwwen-ds-promien-hunn-net-ffentlech-m-den-charlie-kirk-getrauert\/#primaryimage\"},\"thumbnailUrl\":\"https:\/\/belux-edmo.s3-accelerate.amazonaws.com\/wp-content\/uploads\/2025\/10\/900f606f467a14614988d2cc39bd4bce_resized.jpeg\",\"articleSection\":[\"De Choix vun der Redaktioun\",\"Editor's Choice Slider LU\",\"Fact Check\",\"Gesellschaft\",\"Politik\"],\"inLanguage\":\"lb-LU\"},{\"@type\":\"WebPage\",\"@id\":\"https:\/\/belux.edmo.eu\/lb\/faktencheck-clickbait-bedriwwen-ds-promien-hunn-net-ffentlech-m-den-charlie-kirk-getrauert\/\",\"url\":\"https:\/\/belux.edmo.eu\/lb\/faktencheck-clickbait-bedriwwen-ds-promien-hunn-net-ffentlech-m-den-charlie-kirk-getrauert\/\",\"name\":\"Faktencheck: Clickbait bedriwwen: D\u00ebs Promien hunn net \u00ebffentlech \u00ebm den Charlie Kirk getrauert - EDMO Belux\",\"isPartOf\":{\"@id\":\"https:\/\/belux.edmo.eu\/#website\"},\"primaryImageOfPage\":{\"@id\":\"https:\/\/belux.edmo.eu\/lb\/faktencheck-clickbait-bedriwwen-ds-promien-hunn-net-ffentlech-m-den-charlie-kirk-getrauert\/#primaryimage\"},\"image\":{\"@id\":\"https:\/\/belux.edmo.eu\/lb\/faktencheck-clickbait-bedriwwen-ds-promien-hunn-net-ffentlech-m-den-charlie-kirk-getrauert\/#primaryimage\"},\"thumbnailUrl\":\"https:\/\/belux-edmo.s3-accelerate.amazonaws.com\/wp-content\/uploads\/2025\/10\/900f606f467a14614988d2cc39bd4bce_resized.jpeg\",\"datePublished\":\"2025-10-16T13:00:00+00:00\",\"dateModified\":\"2025-10-17T10:27:28+00:00\",\"breadcrumb\":{\"@id\":\"https:\/\/belux.edmo.eu\/lb\/faktencheck-clickbait-bedriwwen-ds-promien-hunn-net-ffentlech-m-den-charlie-kirk-getrauert\/#breadcrumb\"},\"inLanguage\":\"lb-LU\",\"potentialAction\":[{\"@type\":\"ReadAction\",\"target\":[\"https:\/\/belux.edmo.eu\/lb\/faktencheck-clickbait-bedriwwen-ds-promien-hunn-net-ffentlech-m-den-charlie-kirk-getrauert\/\"]}]},{\"@type\":\"ImageObject\",\"inLanguage\":\"lb-LU\",\"@id\":\"https:\/\/belux.edmo.eu\/lb\/faktencheck-clickbait-bedriwwen-ds-promien-hunn-net-ffentlech-m-den-charlie-kirk-getrauert\/#primaryimage\",\"url\":\"https:\/\/belux-edmo.s3-accelerate.amazonaws.com\/wp-content\/uploads\/2025\/10\/900f606f467a14614988d2cc39bd4bce_resized.jpeg\",\"contentUrl\":\"https:\/\/belux-edmo.s3-accelerate.amazonaws.com\/wp-content\/uploads\/2025\/10\/900f606f467a14614988d2cc39bd4bce_resized.jpeg\",\"width\":1080,\"height\":540,\"caption\":\"Faktencheck: Clickbait bedriwwen: D\u00ebs Promien hunn net \u00ebffentlech \u00ebm den Charlie Kirk getrauert - Featured image\"},{\"@type\":\"BreadcrumbList\",\"@id\":\"https:\/\/belux.edmo.eu\/lb\/faktencheck-clickbait-bedriwwen-ds-promien-hunn-net-ffentlech-m-den-charlie-kirk-getrauert\/#breadcrumb\",\"itemListElement\":[{\"@type\":\"ListItem\",\"position\":1,\"name\":\"Home\",\"item\":\"https:\/\/belux.edmo.eu\/lb\/\"},{\"@type\":\"ListItem\",\"position\":2,\"name\":\"Faktencheck: Clickbait bedriwwen: D\u00ebs Promien hunn net \u00ebffentlech \u00ebm den Charlie Kirk getrauert\"}]},{\"@type\":\"WebSite\",\"@id\":\"https:\/\/belux.edmo.eu\/#website\",\"url\":\"https:\/\/belux.edmo.eu\/\",\"name\":\"EDMO Belux\",\"description\":\"Monitoring Disinformation in Belgium and Luxembourg\",\"publisher\":{\"@id\":\"https:\/\/belux.edmo.eu\/#organization\"},\"potentialAction\":[{\"@type\":\"SearchAction\",\"target\":{\"@type\":\"EntryPoint\",\"urlTemplate\":\"https:\/\/belux.edmo.eu\/?s={search_term_string}\"},\"query-input\":{\"@type\":\"PropertyValueSpecification\",\"valueRequired\":true,\"valueName\":\"search_term_string\"}}],\"inLanguage\":\"lb-LU\"},{\"@type\":\"Organization\",\"@id\":\"https:\/\/belux.edmo.eu\/#organization\",\"name\":\"EDMO Belux\",\"url\":\"https:\/\/belux.edmo.eu\/\",\"logo\":{\"@type\":\"ImageObject\",\"inLanguage\":\"lb-LU\",\"@id\":\"https:\/\/belux.edmo.eu\/#\/schema\/logo\/image\/\",\"url\":\"https:\/\/belux.edmo.eu\/wp-content\/uploads\/2021\/12\/belux-logo-full-color-rgb.svg\",\"contentUrl\":\"https:\/\/belux.edmo.eu\/wp-content\/uploads\/2021\/12\/belux-logo-full-color-rgb.svg\",\"width\":1,\"height\":1,\"caption\":\"EDMO Belux\"},\"image\":{\"@id\":\"https:\/\/belux.edmo.eu\/#\/schema\/logo\/image\/\"},\"sameAs\":[\"https:\/\/x.com\/Edmo_Belux\"]},{\"@type\":\"Person\",\"@id\":\"https:\/\/belux.edmo.eu\/#\/schema\/person\/dbe3b252258537fd318f9b5645a30342\",\"name\":\"master\",\"sameAs\":[\"https:\/\/belux.wpengine.com\"],\"url\":\"https:\/\/belux.edmo.eu\/lb\/author\/master\/\"}]}<\/script>\n<!-- \/ Yoast SEO plugin. -->","yoast_head_json":{"title":"Faktencheck: Clickbait bedriwwen: D\u00ebs Promien hunn net \u00ebffentlech \u00ebm den Charlie Kirk getrauert - EDMO Belux","robots":{"index":"index","follow":"follow","max-snippet":"max-snippet:-1","max-image-preview":"max-image-preview:large","max-video-preview":"max-video-preview:-1"},"canonical":"https:\/\/belux.edmo.eu\/lb\/faktencheck-clickbait-bedriwwen-ds-promien-hunn-net-ffentlech-m-den-charlie-kirk-getrauert\/","og_locale":"en_US","og_type":"article","og_title":"Faktencheck: Clickbait bedriwwen: D\u00ebs Promien hunn net \u00ebffentlech \u00ebm den Charlie Kirk getrauert - EDMO Belux","og_description":"Am US-Bundesstaat Arizona an op anere Plaze goufen Trauerzeremoni\u00eb virum Begriefnis vum rietsen Aktivist Charlie Kirk organis\u00e9iert. Op Facebook waren aus d\u00ebsem Ulass falsch B\u00e4itr\u00e4g am \u00cbmlaf, an deene behaapt gouf, prominent Pers\u00e9inlechkeeten h\u00e4tte s\u00e4i Papp bei enger vun d\u00ebse Manifestatioune getr\u00e9ischt.","og_url":"https:\/\/belux.edmo.eu\/lb\/faktencheck-clickbait-bedriwwen-ds-promien-hunn-net-ffentlech-m-den-charlie-kirk-getrauert\/","og_site_name":"EDMO Belux","article_published_time":"2025-10-16T13:00:00+00:00","article_modified_time":"2025-10-17T10:27:28+00:00","og_image":[{"width":1080,"height":540,"url":"https:\/\/belux-edmo.s3-accelerate.amazonaws.com\/wp-content\/uploads\/2025\/10\/900f606f467a14614988d2cc39bd4bce_resized.jpeg","type":"image\/jpeg"}],"author":"master","twitter_card":"summary_large_image","twitter_creator":"@Edmo_Belux","twitter_site":"@Edmo_Belux","twitter_misc":{"Written by":"master","Est. reading time":"6 minutes"},"schema":{"@context":"https:\/\/schema.org","@graph":[{"@type":"Article","@id":"https:\/\/belux.edmo.eu\/lb\/faktencheck-clickbait-bedriwwen-ds-promien-hunn-net-ffentlech-m-den-charlie-kirk-getrauert\/#article","isPartOf":{"@id":"https:\/\/belux.edmo.eu\/lb\/faktencheck-clickbait-bedriwwen-ds-promien-hunn-net-ffentlech-m-den-charlie-kirk-getrauert\/"},"author":{"name":"master","@id":"https:\/\/belux.edmo.eu\/#\/schema\/person\/dbe3b252258537fd318f9b5645a30342"},"headline":"Faktencheck: Clickbait bedriwwen: D\u00ebs Promien hunn net \u00ebffentlech \u00ebm den Charlie Kirk getrauert","datePublished":"2025-10-16T13:00:00+00:00","dateModified":"2025-10-17T10:27:28+00:00","mainEntityOfPage":{"@id":"https:\/\/belux.edmo.eu\/lb\/faktencheck-clickbait-bedriwwen-ds-promien-hunn-net-ffentlech-m-den-charlie-kirk-getrauert\/"},"wordCount":1151,"publisher":{"@id":"https:\/\/belux.edmo.eu\/#organization"},"image":{"@id":"https:\/\/belux.edmo.eu\/lb\/faktencheck-clickbait-bedriwwen-ds-promien-hunn-net-ffentlech-m-den-charlie-kirk-getrauert\/#primaryimage"},"thumbnailUrl":"https:\/\/belux-edmo.s3-accelerate.amazonaws.com\/wp-content\/uploads\/2025\/10\/900f606f467a14614988d2cc39bd4bce_resized.jpeg","articleSection":["De Choix vun der Redaktioun","Editor's Choice Slider LU","Fact Check","Gesellschaft","Politik"],"inLanguage":"lb-LU"},{"@type":"WebPage","@id":"https:\/\/belux.edmo.eu\/lb\/faktencheck-clickbait-bedriwwen-ds-promien-hunn-net-ffentlech-m-den-charlie-kirk-getrauert\/","url":"https:\/\/belux.edmo.eu\/lb\/faktencheck-clickbait-bedriwwen-ds-promien-hunn-net-ffentlech-m-den-charlie-kirk-getrauert\/","name":"Faktencheck: Clickbait bedriwwen: D\u00ebs Promien hunn net \u00ebffentlech \u00ebm den Charlie Kirk getrauert - EDMO Belux","isPartOf":{"@id":"https:\/\/belux.edmo.eu\/#website"},"primaryImageOfPage":{"@id":"https:\/\/belux.edmo.eu\/lb\/faktencheck-clickbait-bedriwwen-ds-promien-hunn-net-ffentlech-m-den-charlie-kirk-getrauert\/#primaryimage"},"image":{"@id":"https:\/\/belux.edmo.eu\/lb\/faktencheck-clickbait-bedriwwen-ds-promien-hunn-net-ffentlech-m-den-charlie-kirk-getrauert\/#primaryimage"},"thumbnailUrl":"https:\/\/belux-edmo.s3-accelerate.amazonaws.com\/wp-content\/uploads\/2025\/10\/900f606f467a14614988d2cc39bd4bce_resized.jpeg","datePublished":"2025-10-16T13:00:00+00:00","dateModified":"2025-10-17T10:27:28+00:00","breadcrumb":{"@id":"https:\/\/belux.edmo.eu\/lb\/faktencheck-clickbait-bedriwwen-ds-promien-hunn-net-ffentlech-m-den-charlie-kirk-getrauert\/#breadcrumb"},"inLanguage":"lb-LU","potentialAction":[{"@type":"ReadAction","target":["https:\/\/belux.edmo.eu\/lb\/faktencheck-clickbait-bedriwwen-ds-promien-hunn-net-ffentlech-m-den-charlie-kirk-getrauert\/"]}]},{"@type":"ImageObject","inLanguage":"lb-LU","@id":"https:\/\/belux.edmo.eu\/lb\/faktencheck-clickbait-bedriwwen-ds-promien-hunn-net-ffentlech-m-den-charlie-kirk-getrauert\/#primaryimage","url":"https:\/\/belux-edmo.s3-accelerate.amazonaws.com\/wp-content\/uploads\/2025\/10\/900f606f467a14614988d2cc39bd4bce_resized.jpeg","contentUrl":"https:\/\/belux-edmo.s3-accelerate.amazonaws.com\/wp-content\/uploads\/2025\/10\/900f606f467a14614988d2cc39bd4bce_resized.jpeg","width":1080,"height":540,"caption":"Faktencheck: Clickbait bedriwwen: D\u00ebs Promien hunn net \u00ebffentlech \u00ebm den Charlie Kirk getrauert - Featured image"},{"@type":"BreadcrumbList","@id":"https:\/\/belux.edmo.eu\/lb\/faktencheck-clickbait-bedriwwen-ds-promien-hunn-net-ffentlech-m-den-charlie-kirk-getrauert\/#breadcrumb","itemListElement":[{"@type":"ListItem","position":1,"name":"Home","item":"https:\/\/belux.edmo.eu\/lb\/"},{"@type":"ListItem","position":2,"name":"Faktencheck: Clickbait bedriwwen: D\u00ebs Promien hunn net \u00ebffentlech \u00ebm den Charlie Kirk getrauert"}]},{"@type":"WebSite","@id":"https:\/\/belux.edmo.eu\/#website","url":"https:\/\/belux.edmo.eu\/","name":"EDMO Belux","description":"Monitoring Disinformation in Belgium and Luxembourg","publisher":{"@id":"https:\/\/belux.edmo.eu\/#organization"},"potentialAction":[{"@type":"SearchAction","target":{"@type":"EntryPoint","urlTemplate":"https:\/\/belux.edmo.eu\/?s={search_term_string}"},"query-input":{"@type":"PropertyValueSpecification","valueRequired":true,"valueName":"search_term_string"}}],"inLanguage":"lb-LU"},{"@type":"Organization","@id":"https:\/\/belux.edmo.eu\/#organization","name":"EDMO Belux","url":"https:\/\/belux.edmo.eu\/","logo":{"@type":"ImageObject","inLanguage":"lb-LU","@id":"https:\/\/belux.edmo.eu\/#\/schema\/logo\/image\/","url":"https:\/\/belux.edmo.eu\/wp-content\/uploads\/2021\/12\/belux-logo-full-color-rgb.svg","contentUrl":"https:\/\/belux.edmo.eu\/wp-content\/uploads\/2021\/12\/belux-logo-full-color-rgb.svg","width":1,"height":1,"caption":"EDMO Belux"},"image":{"@id":"https:\/\/belux.edmo.eu\/#\/schema\/logo\/image\/"},"sameAs":["https:\/\/x.com\/Edmo_Belux"]},{"@type":"Person","@id":"https:\/\/belux.edmo.eu\/#\/schema\/person\/dbe3b252258537fd318f9b5645a30342","name":"master","sameAs":["https:\/\/belux.wpengine.com"],"url":"https:\/\/belux.edmo.eu\/lb\/author\/master\/"}]}},"menu_order":0,"_links":{"self":[{"href":"https:\/\/belux.edmo.eu\/lb\/wp-json\/wp\/v2\/posts\/402796","targetHints":{"allow":["GET"]}}],"collection":[{"href":"https:\/\/belux.edmo.eu\/lb\/wp-json\/wp\/v2\/posts"}],"about":[{"href":"https:\/\/belux.edmo.eu\/lb\/wp-json\/wp\/v2\/types\/post"}],"author":[{"embeddable":true,"href":"https:\/\/belux.edmo.eu\/lb\/wp-json\/wp\/v2\/users\/1"}],"replies":[{"embeddable":true,"href":"https:\/\/belux.edmo.eu\/lb\/wp-json\/wp\/v2\/comments?post=402796"}],"version-history":[{"count":0,"href":"https:\/\/belux.edmo.eu\/lb\/wp-json\/wp\/v2\/posts\/402796\/revisions"}],"wp:featuredmedia":[{"embeddable":true,"href":"https:\/\/belux.edmo.eu\/lb\/wp-json\/wp\/v2\/media\/402761"}],"wp:attachment":[{"href":"https:\/\/belux.edmo.eu\/lb\/wp-json\/wp\/v2\/media?parent=402796"}],"wp:term":[{"taxonomy":"category","embeddable":true,"href":"https:\/\/belux.edmo.eu\/lb\/wp-json\/wp\/v2\/categories?post=402796"},{"taxonomy":"post_tag","embeddable":true,"href":"https:\/\/belux.edmo.eu\/lb\/wp-json\/wp\/v2\/tags?post=402796"}],"curies":[{"name":"wp","href":"https:\/\/api.w.org\/{rel}","templated":true}]}}