{"id":403401,"date":"2025-10-20T10:00:00","date_gmt":"2025-10-20T10:00:00","guid":{"rendered":"https:\/\/belux.edmo.eu\/?p=403401"},"modified":"2025-10-20T12:12:13","modified_gmt":"2025-10-20T12:12:13","slug":"faktencheck-brittesche-premier-huet-bestietnes-tscht-noe-familljememberen-net-legalisiert","status":"publish","type":"post","link":"https:\/\/belux.edmo.eu\/lb\/faktencheck-brittesche-premier-huet-bestietnes-tscht-noe-familljememberen-net-legalisiert\/","title":{"rendered":"Faktencheck: Brittesche Premier huet Bestietnes t\u00ebscht noe Familljememberen net legalis\u00e9iert"},"content":{"rendered":"<article>\n<div>\n<div>\n<p><strong>Obwuel dacks \u00ebmstridden, ass d&#8217;Bestietnes t\u00ebscht Kosengen a Kusinne vum \u00e9ischte Grad a Groussbritannien w\u00e9i a villen aneren europ\u00e4esche L\u00e4nner legal.<\/strong><\/p>\n<\/div>\n<\/div>\n<p class=\"article-body__summary\">Enn September hat de britteschen Nationale Gesondheetsd\u00e9ngscht (NHS) e Bloggartikel publiz\u00e9iert, an deem d&#8217;Vir- an Nodeeler vun d\u00ebser Zort Verbindung duergeluecht goufen.\u00a0Duerno gouf a virale B\u00e4itr\u00e4g d&#8217;Behaaptung verbreet, de brittesche Premierminister Keir Starmer h\u00e4tt kierzlech \u00ebnner dem Afloss vun enger angeeblecher &#8220;muslimescher Lobby&#8221; d&#8217;Bestietnes t\u00ebscht Kosengen a Geschw\u00ebster oder t\u00ebscht Elteren a Kanner legalis\u00e9iert.<\/p>\n<p class=\"article-body__summary\">D\u00ebs Behaaptunge sinn onbegr\u00ebnnt. De gedeelte Video weist, w\u00e9i de Keir Starmer am M\u00e4erz 2025 de Virschlag vun engem Oppositiounsdeput\u00e9ierten ofleent, Bestietnes t\u00ebscht Kosengen a Kusinne vum \u00e9ischte Grad ze verbidden. Stand Oktober 2025 si just nach d\u00e9i leschtgenannt Bestietnesser erlaabt, w\u00e4rend Uniounen t\u00ebscht noe Familljememberen no britteschem Recht weiderhi streng verbuede sinn.<\/p>\n<p class=\"article-body__summary\">&#8220;Op Wonsch vun der muslimescher Lobby huet de Keir Starmer Bestietnesser t\u00ebscht Kosengen a Kusinne vum \u00e9ischte Grad legalis\u00e9iert&#8221;, heescht et an engem <a href=\"https:\/\/perma.cc\/33YB-HDRJ\" target=\"_blank\" rel=\"noopener\">B\u00e4itrag op der Plattform X<\/a>, deen z\u00ebnter dem 2. Oktober m\u00e9i w\u00e9i 2.000 Mol gedeelt an och vu m\u00e9i w\u00e9i 5.000 Notzer gelikt gouf.<\/p>\n<p><img src=\"https:\/\/belux-edmo.s3-accelerate.amazonaws.com\/wp-content\/uploads\/2025\/10\/45286e74f6773c9f0332c87aa9353ab9_resized.jpeg\" alt=\"RTL\" \/> \u00a9 AFP<\/p>\n<p>Duerch eng <a href=\"https:\/\/www.youtube.com\/watch?v=WLEvLB5KYNI&amp;t=2s\" target=\"_blank\" rel=\"noopener\">\u00ebmgek\u00e9iert Billersich<\/a> ka confirm\u00e9iert ginn, dass d&#8217;Sequenz vu 40 Sekonnen aus enger Debatt am <a href=\"https:\/\/www.parliament.uk\/visiting\/75-years-the-rebuilding-of-the-commons-chamber\/\" target=\"_blank\" rel=\"noopener\">\u00cbnnerhaus vum brittesche Parlament<\/a> staamt, d\u00e9i de <a href=\"https:\/\/www.youtube.com\/live\/hHZi-5LGJy4?si=n6nKVEUXSrOuSUFe&amp;t=2031\" target=\"_blank\" rel=\"noopener\">5. M\u00e4erz 2025 op YouTube<\/a> ver\u00ebffentlech gouf (Link <a href=\"https:\/\/perma.cc\/8JUK-BUJ7\" target=\"_blank\" rel=\"noopener\">hei<\/a> archiv\u00e9iert). Doran ass ze gesinn, w\u00e9i de konservativen Deput\u00e9ierte <a href=\"https:\/\/members.parliament.uk\/member\/4813\/contact\" target=\"_blank\" rel=\"noopener\">Richard Holden<\/a> fir s\u00e4i Virschlag, d&#8217;Bestietnes t\u00ebscht Kosengen a Kusinne vum \u00e9ischte Grad am Vereenegte Kinnekr\u00e4ich ze verbidden, pl\u00e4d\u00e9iert &#8211; ouni Succ\u00e8s. De <a href=\"https:\/\/labour.org.uk\/people\/keir-starmer\/\" target=\"_blank\" rel=\"noopener\">brittesche Premierminister Keir Starmer<\/a> leent et kloer of, d\u00ebs Initiativ ze \u00ebnnerst\u00ebtzen.<\/p>\n<p>\u00c4nlech B\u00e4itr\u00e4g waren och op Facebook (<a href=\"https:\/\/web.archive.org\/web\/20251013110003\/https:\/\/www.facebook.com\/reel\/1967375287137008\" target=\"_blank\" rel=\"noopener\">1<\/a>, <a href=\"https:\/\/web.archive.org\/web\/20251013104328\/https:\/\/www.facebook.com\/reel\/1133429738308340\" target=\"_blank\" rel=\"noopener\">2<\/a>, <a href=\"https:\/\/web.archive.org\/web\/20251013105103\/https:\/\/www.facebook.com\/reel\/1294394311899333\" target=\"_blank\" rel=\"noopener\">3<\/a>, <a href=\"https:\/\/web.archive.org\/web\/20251013105648\/https:\/\/www.facebook.com\/reel\/4172774669709408\" target=\"_blank\" rel=\"noopener\">4<\/a>),\u00a0<a href=\"https:\/\/perma.cc\/GNN4-2XRT?type=standard\" target=\"_blank\" rel=\"noopener\">Instagram<\/a> an X(<a href=\"https:\/\/perma.cc\/Y6X9-SARP\" target=\"_blank\" rel=\"noopener\">1<\/a>, <a href=\"https:\/\/perma.cc\/Y8N6-CR9T\" target=\"_blank\" rel=\"noopener\">2<\/a>) an diverse Sproochen am \u00cbmlaf, dor\u00ebnner <a href=\"https:\/\/perma.cc\/D3AB-BLZS\" target=\"_blank\" rel=\"noopener\">Englesch<\/a>, <a href=\"https:\/\/perma.cc\/N3U3-723S\" target=\"_blank\" rel=\"noopener\">D\u00e4itsch<\/a>, <a href=\"https:\/\/web.archive.org\/web\/20251009065930\/https:\/\/www.facebook.com\/boschak.budvarsky.7\/videos\/1756454628391582\/\" target=\"_blank\" rel=\"noopener\">Slowakesch<\/a> an <a href=\"https:\/\/napravoumiru.afp.com\/doc.afp.com.788M89H\" target=\"_blank\" rel=\"noopener\">Tschechesch<\/a>. An e puer vun d\u00ebse B\u00e4itr\u00e4g g\u00ebtt f\u00e4lschlecherweis behaapt, de Richard Holden h\u00e4tt gesot, &#8220;H\u00e4r Starmer, verstitt Dir, wat Dir maacht? Dir legitim\u00e9iert Bestietnesser t\u00ebscht Bridder a Schw\u00ebsteren, t\u00ebscht Elteren a Kanner&#8221;. <strong>D\u00ebs \u00c4usserung ass awer n\u00e9ierens a senger Interventioun ze fannen.<\/strong><\/p>\n<p><img src=\"https:\/\/belux-edmo.s3-accelerate.amazonaws.com\/wp-content\/uploads\/2025\/10\/c1d6302fad6f2061ca56d68d15470a5c_resized.jpeg\" alt=\"RTL\" \/> \u00a9 AFP<\/p>\n<p><strong>D&#8217;Behaaptung, de Keir Starmer h\u00e4tt Bestietnesser t\u00ebscht Kosengen a Kusinne vum \u00e9ischte Grad legalis\u00e9iert, ass falsch.<\/strong><\/p>\n<p>Esou Bestietnesser t\u00ebscht Familljemembere vum \u00e9ischte Grad sinn am Vereenegte Kinnekr\u00e4ich awer wuel legal. Dog\u00e9int sinn Uniounen t\u00ebscht enke Familljemembere mat direkter Bluttsverwandschaft (Papp, Mamm, Kand, Brudder, Schw\u00ebster) nom Gesetz iwwer d&#8217;Bestietnes vun 1949 strengstens verbueden. Inzestu\u00e9is sexuell Bez\u00e9iunge gi dem\u00a0<a href=\"https:\/\/www.legislation.gov.uk\/ukpga\/2003\/42\/contents\" target=\"_blank\" rel=\"noopener\">Sexual Offences Act vun 2003<\/a> no och strofrechtlech verfollegt (Link\u00a0<a href=\"https:\/\/perma.cc\/2X7H-Q55K?type=image\" target=\"_blank\" rel=\"noopener\">hei<\/a> archiv\u00e9iert).<\/p>\n<p>Virschlag fir e Verbuet vum Bestietnes t\u00ebscht Kosengen a Kusinne vum \u00e9ischte Grad<\/p>\n<p>Der offizieller Transkriptioun vun der Parlamentsdebatt (<a href=\"https:\/\/hansard.parliament.uk\/commons\/2025-03-05\/debates\/15DC8D17-99F8-492E-B70F-A88522D9BB71\/Engagements#:~:text=Marriage%20between%20first,on%20that%20Bill.\" target=\"_blank\" rel=\"noopener\">Kolonn 281<\/a>) no sot de Richard Holden: &#8220;Bestietnes t\u00ebscht Kosengen a Kusinne vum \u00e9ischte Grad f\u00e9iert bei hire Kanner zu erhiefleche Gesondheetsproblemer, vun deene vill er\u00e9ischt no der Gebuert bekannt gi k\u00ebnnen. Wa se Generatioun fir Generatioun praktiz\u00e9iert g\u00ebtt, g\u00ebtt et en erhiefleche Multiplikatiounseffekt.&#8221;<\/p>\n<p>De konservativen Deput\u00e9ierten huet och d&#8217;sozial Konsequenze vun d\u00ebser Praxis ugeschwat: &#8220;Doriwwer eraus sinn d\u00e9i tats\u00e4chlech Auswierkungen op d&#8217;Ouverture vun eiser Gesellschaft an d&#8217;Rechter vu Fraen an eisem Land vu Bedeitung. \u00cbmmerhi g\u00ebtt et signifikant Dynamiken, wann een d\u00e9i selwecht Grousselteren huet. Op d\u00ebsem Freideg huet d\u00ebs Regierung d&#8217;M\u00e9iglechkeet, mengem Gesetzesentworf fir d&#8217;Verbuet vum Bestietnes t\u00ebscht Koseng a Kusinn vum \u00e9ischte Grad an d&#8217;Kommissioun verweisen ze loossen. W\u00e4ert de Premierminister seng Entscheedung nach eng K\u00e9ier iwwerdenken, \u00e9ier hie seng Whips [Membere vum Parlament, Um. v. RTL] uweist, d\u00ebst Gesetz ze block\u00e9ieren?&#8221;<\/p>\n<p>Als \u00c4ntwert huet de Keir Starmer d&#8217;Ofleenung vum Gesetzesentworf confirm\u00e9iert. E Refus, deen a kengem Fall eng Legalis\u00e9ierung duerstellt, mee just d&#8217;B\u00e4ibehale vum aktuelle Gesetzeskader.<\/p>\n<p>De Richard Holden, deen dat selwecht Material de 5. M\u00e4erz op <a href=\"https:\/\/x.com\/RicHolden\/status\/1897299653047279731\" target=\"_blank\" rel=\"noopener\">X<\/a> publiz\u00e9iert huet, hat s\u00e4i Virschlag, d&#8217;Bestietnes t\u00ebscht Kosengen a Kusinne vum \u00e9ischte Grad ze verbidden, <a href=\"https:\/\/www.bbc.com\/news\/articles\/czend1y0xjko\" target=\"_blank\" rel=\"noopener\">urspr\u00e9nglech den 10. Dezember 2024 agereecht<\/a>. Hien hat seng Initiativ mat engem erh\u00e9ichte Risiko vu Gebuertsfeeler bei Kanner aus esou Unioune begr\u00ebnnt, an domat, dass d\u00ebs Praxis senger Meenung no zu der \u00cbnnerdr\u00e9ckung vu Fraen a best\u00ebmmte Communaut\u00e9ite b\u00e4idroe g\u00e9if, besonnesch bei ireschen Zigeinerinnen a Pakistanien a Groussbritannien (Links <a href=\"https:\/\/perma.cc\/5PJ3-M3KM\" target=\"_blank\" rel=\"noopener\">hei<\/a> an <a href=\"https:\/\/web.archive.org\/web\/20250702023842\/https:\/\/www.bbc.com\/news\/articles\/czend1y0xjko\" target=\"_blank\" rel=\"noopener\">hei<\/a> archiv\u00e9iert).<\/p>\n<p>Eng Rei St\u00ebmmen, w\u00e9i d\u00e9i vum onofh\u00e4ngegen Deput\u00e9ierten <a href=\"https:\/\/members.parliament.uk\/member\/5268\/contact\" target=\"_blank\" rel=\"noopener\">Iqbal Mohamed<\/a>, hu <a href=\"https:\/\/www.bbc.com\/news\/articles\/czend1y0xjko\" target=\"_blank\" rel=\"noopener\">sech awer g\u00e9int esou e Verbuet ausgeschwat<\/a> an hunn amplaz fir en Usaz pl\u00e4d\u00e9iert, deen op Opkl\u00e4rung, Sensibilis\u00e9ierung a fortschr\u00ebttleche Geentester berout. Si vertrieden d&#8217;Usiicht, dass eng kulturell Praxis net verbueden, mee besser medezinesch begleet gi sollt (Link <a href=\"https:\/\/web.archive.org\/web\/20250702023842\/https:\/\/www.bbc.com\/news\/articles\/czend1y0xjko\" target=\"_blank\" rel=\"noopener\">hei<\/a> archiv\u00e9iert).<\/p>\n<p>E kontroverse Sujet<\/p>\n<p>D\u00e9i \u00e9ischt B\u00e4itr\u00e4g op Frans\u00e9isch, an deenen de Keir Starmer besch\u00ebllegt gouf, d&#8217;Inzestbestietnesser legalis\u00e9iert ze hunn, waren den 2. Oktober opgedaucht, zwou Wochen no enger Publikatioun vun engem <a href=\"https:\/\/web.archive.org\/web\/20250929053102\/https:\/\/www.genomicseducation.hee.nhs.uk\/blog\/should-the-uk-government-ban-first-cousin-marriage\/\" target=\"_blank\" rel=\"noopener\">Bloggartikel<\/a> duerch den Nationale Gesondheetsd\u00e9ngscht (NHS). An d\u00ebsem Artikel goufen d&#8217;Vir- an Nodeeler vum Bestietnes t\u00ebscht Kosengen a Kusinne vum \u00e9ischte Grad differenz\u00e9iert ugeschwat, woub\u00e4i besonnesch sozial an ekonomesch Virdeeler w\u00e9i erweidert Familljen\u00ebnnerst\u00ebtzungssysteemer genannt goufen. W\u00e9inst der <a href=\"https:\/\/www.yahoo.com\/news\/articles\/nhs-supports-first-cousin-marriages-143023199.html?guce_referrer=aHR0cHM6Ly93d3cuYmluZy5jb20v&amp;guce_referrer_sig=AQAAAMB9t4xoI1ORHdzMvtScwZ54L0u5B0GBH8cvXCM1fLZ2xz-RqkJTRSo86fD-NMSgGp3F91RoOE4CjAOjAo7JKXhXST8TvZ-7ZlBvU7zCdwR95uIIUSR4O32oBo3eRX_V8MoAE8L4k6l-VbnC9EsAZ7xHIKCUkAj9lt1nz_TC3Kll&amp;guccounter=2\" target=\"_blank\" rel=\"noopener\">Kontrovers<\/a> gouf den Artikel <a href=\"https:\/\/web.archive.org\/web\/20251003001754\/https:\/\/www.genomicseducation.hee.nhs.uk\/blog\/\" target=\"_blank\" rel=\"noopener\">zer\u00e9ckgezunn<\/a> (Link <a href=\"https:\/\/perma.cc\/99MP-AHPP?type=image\" target=\"_blank\" rel=\"noopener\">hei<\/a> archiv\u00e9iert).<\/p>\n<p>Historesch gesi si <strong>Bestietnesser t\u00ebscht Kosengen a Kusinne vum \u00e9ischte Grad am Vereenegte Kinnekr\u00e4ich z\u00ebnter 1540 \u00ebnnert dem R\u00e8gne vum Henry VIII. erlaabt<\/strong>. D\u00ebsen hat mat der Kathoulescher Kierch gebrach an hat d\u00ebs Zort vun Unioune legalis\u00e9iert, fir seng f\u00ebnneft Fra Catherine Howard bestueden ze k\u00ebnnen, d\u00e9i eng Kusinn vum \u00e9ischte Grad vu senger zweeter Fra Anne Boleyn war. Deemools war et och verbueden, e Bluttsverwandte vun engem fr\u00e9iere Partner ze bestueden.<\/p>\n<p>Bis haut si Bestietnesser t\u00ebscht Kosengen a Kusinne weeder duerch d&#8217;<a href=\"https:\/\/www.legislation.gov.uk\/ukpga\/Geo6\/12-13-14\/76\/contents\" target=\"_blank\" rel=\"noopener\">Gesetz iwwer d&#8217;Bestietnes vun 1949<\/a> nach duerch seng \u00c4nnerunge verbueden. Dog\u00e9int verbitt d&#8217;Gesetz Bestietnesser t\u00ebscht verschiddenen Typpe vun enke Bluttsverwandten, dor\u00ebnner Elteren, Kanner a Geschw\u00ebster (Link <a href=\"https:\/\/perma.cc\/6ACS-ETLF?type=image\" target=\"_blank\" rel=\"noopener\">hei<\/a> archiv\u00e9iert).<\/p>\n<p><img src=\"https:\/\/belux-edmo.s3-accelerate.amazonaws.com\/wp-content\/uploads\/2025\/10\/a16c61cc4bd170eb63b88ca4f35869ba_resized.jpeg\" alt=\"RTL\" \/> \u00a9 AFP<\/p>\n<p>A villen europ\u00e4esche L\u00e4nner si Bestietnesser t\u00ebscht Kosengen a Kusinne vum \u00e9ischte Grad weiderhin erlaabt. Dem <a href=\"https:\/\/www.legifrance.gouv.fr\/codes\/article_lc\/LEGIARTI000027431987#:~:text=En%20ligne%20collat%C3%A9rale%2C%20le%20mariage%20est%20prohib%C3%A9%2C%20entre%20le%20fr%C3%A8re%20et%20la%20soeur%2C%20entre%20fr%C3%A8res%20et%20entre%20s%C5%93urs.\" target=\"_blank\" rel=\"noopener\">Artikel 162 vum Code civil<\/a> ass et a Frankr\u00e4ich <a href=\"https:\/\/www.service-public.gouv.fr\/particuliers\/vosdroits\/F802#:~:text=Il%20vous%20est%20interdit%20de,(cr%C3%A9%C3%A9%20par%20un%20mariage).\" target=\"_blank\" rel=\"noopener\">verbueden<\/a>, e Member vu senger enkster Famill ze bestueden, onofh\u00e4ngeg dovun, ob et sech \u00ebm eng Verwandtschaftsbez\u00e9iung (biologesch oder adopt\u00e9iert) oder eng Allianzbez\u00e9iung (d\u00e9i duerch e Bestietnes entstanen ass) handelt. Uniounen t\u00ebscht Kosengen a Kusinnen <a href=\"https:\/\/www.legifrance.gouv.fr\/codes\/section_lc\/LEGITEXT000006070721\/LEGISCTA000006136117\/#LEGISCTA000006136117\" target=\"_blank\" rel=\"noopener\">\u00ebnnerleien awer kengem Emp\u00eachement<\/a> a sinn dohier legal.<\/p>\n<p>Verschidde Regierungen hu Moossnamen ergraff, fir esou Bestietnesser aus Suerg \u00ebm d&#8217;Gesondheet vun de Kanner, d\u00e9i aus esou Bez\u00e9iungen ervirginn, ze verbidden. Engem <a href=\"https:\/\/www.bbc.com\/news\/articles\/c241pn09qqjo\" target=\"_blank\" rel=\"noopener\">BBC-Artikel vum 27. Februar<\/a> no sinn se an Norwegen z\u00ebnter 2024 illegal, w\u00e4rend et och an D\u00e4nemark a Schweden esou Gesetzer ab 2026 gi w\u00e4ert. Weiderhi sinn esou Bestietnesser an e puer Bundesstaate vun den USA verbueden.<\/p>\n<p>Et ass net d\u00e9i \u00e9ischt K\u00e9ier, dass de Keir Starmer G\u00e9igestand vun enger geziilter Desinformatiounscampagne ass, d\u00e9i dacks mat der muslimescher Communaut\u00e9it a Verbindung stinn. Am August 2024 hat d&#8217;<a href=\"..\/..\/storage\/data\/afp\/factcheck_v2\/FR\/doc.afp.com.36EH6WV\" target=\"_blank\" rel=\"noopener\">AFP d&#8217;ierf\u00e9ierend Behaaptung iwwerpr\u00e9ift<\/a>, ob hie w\u00e9inst senger \u00cbnnerst\u00ebtzung fir Moslemen aus engem Pub geheit gi w\u00e4r.<\/p>\n<p><em>D\u00ebse Faktencheck gouf vun RTL op L\u00ebtzebuergesch iwwersat.<\/em><\/p>\n<\/article>\n","protected":false},"excerpt":{"rendered":"<p>Obwuel dacks \u00ebmstridden, ass d&#8217;Bestietnes t\u00ebscht Kosengen a Kusinne vum \u00e9ischte Grad a Groussbritannien w\u00e9i a villen aneren europ\u00e4esche L\u00e4nner legal.<\/p>\n","protected":false},"author":1,"featured_media":403381,"comment_status":"closed","ping_status":"closed","sticky":false,"template":"","format":"standard","meta":{"_acf_changed":false,"footnotes":""},"categories":[470,183,193,191],"tags":[],"class_list":{"0":"post-403401","1":"post","2":"type-post","3":"status-publish","4":"format-standard","5":"has-post-thumbnail","7":"category-editors-choice-lu","8":"category-fact-check-lb","9":"category-gesellschaft","10":"category-politik"},"acf":{"show_metatags":true,"id":"2346689","authors":"RTL L\u00ebtzebuerg","organization":"RTL","featured_image_copyright":"","text_copyright":"Copyright RTL \/ CLT-UFA S.A.","source":"https:\/\/www.rtl.lu\/news\/faktencheck\/a\/2346689.html","fact_checker":"https:\/\/belux.wpengine.com\/wp-content\/uploads\/2021\/12\/rtl_logo.png","share_this_post_to_edmo_website":false,"affiliation":"BELUX","type":"Closed Event","location":"","start_date":"","start_date_event_begins_at":"","start_date_event_ends_at":"","end_date":"","end_date_event_begins_at":"","end_date_event_ends_at":"","organizer":"","fact_checker_logo_image":false},"yoast_head":"<!-- This site is optimized with the Yoast SEO plugin v27.0 - https:\/\/yoast.com\/product\/yoast-seo-wordpress\/ -->\n<title>Faktencheck: Brittesche Premier huet Bestietnes t\u00ebscht noe Familljememberen net legalis\u00e9iert - EDMO Belux<\/title>\n<meta name=\"robots\" content=\"index, follow, max-snippet:-1, max-image-preview:large, max-video-preview:-1\" \/>\n<link rel=\"canonical\" href=\"https:\/\/belux.edmo.eu\/lb\/faktencheck-brittesche-premier-huet-bestietnes-tscht-noe-familljememberen-net-legalisiert\/\" \/>\n<meta property=\"og:locale\" content=\"en_US\" \/>\n<meta property=\"og:type\" content=\"article\" \/>\n<meta property=\"og:title\" content=\"Faktencheck: Brittesche Premier huet Bestietnes t\u00ebscht noe Familljememberen net legalis\u00e9iert - EDMO Belux\" \/>\n<meta property=\"og:description\" content=\"Obwuel dacks \u00ebmstridden, ass d&#039;Bestietnes t\u00ebscht Kosengen a Kusinne vum \u00e9ischte Grad a Groussbritannien w\u00e9i a villen aneren europ\u00e4esche L\u00e4nner legal.\" \/>\n<meta property=\"og:url\" content=\"https:\/\/belux.edmo.eu\/lb\/faktencheck-brittesche-premier-huet-bestietnes-tscht-noe-familljememberen-net-legalisiert\/\" \/>\n<meta property=\"og:site_name\" content=\"EDMO Belux\" \/>\n<meta property=\"article:published_time\" content=\"2025-10-20T10:00:00+00:00\" \/>\n<meta property=\"article:modified_time\" content=\"2025-10-20T12:12:13+00:00\" \/>\n<meta property=\"og:image\" content=\"https:\/\/belux-edmo.s3-accelerate.amazonaws.com\/wp-content\/uploads\/2025\/10\/6c675d02ac072c24ee77af73b4731303_resized.jpeg\" \/>\n\t<meta property=\"og:image:width\" content=\"1080\" \/>\n\t<meta property=\"og:image:height\" content=\"608\" \/>\n\t<meta property=\"og:image:type\" content=\"image\/jpeg\" \/>\n<meta name=\"author\" content=\"master\" \/>\n<meta name=\"twitter:card\" content=\"summary_large_image\" \/>\n<meta name=\"twitter:creator\" content=\"@Edmo_Belux\" \/>\n<meta name=\"twitter:site\" content=\"@Edmo_Belux\" \/>\n<meta name=\"twitter:label1\" content=\"Written by\" \/>\n\t<meta name=\"twitter:data1\" content=\"master\" \/>\n\t<meta name=\"twitter:label2\" content=\"Est. reading time\" \/>\n\t<meta name=\"twitter:data2\" content=\"6 minutes\" \/>\n<script type=\"application\/ld+json\" class=\"yoast-schema-graph\">{\"@context\":\"https:\/\/schema.org\",\"@graph\":[{\"@type\":\"Article\",\"@id\":\"https:\/\/belux.edmo.eu\/lb\/faktencheck-brittesche-premier-huet-bestietnes-tscht-noe-familljememberen-net-legalisiert\/#article\",\"isPartOf\":{\"@id\":\"https:\/\/belux.edmo.eu\/lb\/faktencheck-brittesche-premier-huet-bestietnes-tscht-noe-familljememberen-net-legalisiert\/\"},\"author\":{\"name\":\"master\",\"@id\":\"https:\/\/belux.edmo.eu\/#\/schema\/person\/dbe3b252258537fd318f9b5645a30342\"},\"headline\":\"Faktencheck: Brittesche Premier huet Bestietnes t\u00ebscht noe Familljememberen net legalis\u00e9iert\",\"datePublished\":\"2025-10-20T10:00:00+00:00\",\"dateModified\":\"2025-10-20T12:12:13+00:00\",\"mainEntityOfPage\":{\"@id\":\"https:\/\/belux.edmo.eu\/lb\/faktencheck-brittesche-premier-huet-bestietnes-tscht-noe-familljememberen-net-legalisiert\/\"},\"wordCount\":1269,\"publisher\":{\"@id\":\"https:\/\/belux.edmo.eu\/#organization\"},\"image\":{\"@id\":\"https:\/\/belux.edmo.eu\/lb\/faktencheck-brittesche-premier-huet-bestietnes-tscht-noe-familljememberen-net-legalisiert\/#primaryimage\"},\"thumbnailUrl\":\"https:\/\/belux-edmo.s3-accelerate.amazonaws.com\/wp-content\/uploads\/2025\/10\/6c675d02ac072c24ee77af73b4731303_resized.jpeg\",\"articleSection\":[\"Editor's Choice Slider LU\",\"Fact Check\",\"Gesellschaft\",\"Politik\"],\"inLanguage\":\"lb-LU\"},{\"@type\":\"WebPage\",\"@id\":\"https:\/\/belux.edmo.eu\/lb\/faktencheck-brittesche-premier-huet-bestietnes-tscht-noe-familljememberen-net-legalisiert\/\",\"url\":\"https:\/\/belux.edmo.eu\/lb\/faktencheck-brittesche-premier-huet-bestietnes-tscht-noe-familljememberen-net-legalisiert\/\",\"name\":\"Faktencheck: Brittesche Premier huet Bestietnes t\u00ebscht noe Familljememberen net legalis\u00e9iert - EDMO Belux\",\"isPartOf\":{\"@id\":\"https:\/\/belux.edmo.eu\/#website\"},\"primaryImageOfPage\":{\"@id\":\"https:\/\/belux.edmo.eu\/lb\/faktencheck-brittesche-premier-huet-bestietnes-tscht-noe-familljememberen-net-legalisiert\/#primaryimage\"},\"image\":{\"@id\":\"https:\/\/belux.edmo.eu\/lb\/faktencheck-brittesche-premier-huet-bestietnes-tscht-noe-familljememberen-net-legalisiert\/#primaryimage\"},\"thumbnailUrl\":\"https:\/\/belux-edmo.s3-accelerate.amazonaws.com\/wp-content\/uploads\/2025\/10\/6c675d02ac072c24ee77af73b4731303_resized.jpeg\",\"datePublished\":\"2025-10-20T10:00:00+00:00\",\"dateModified\":\"2025-10-20T12:12:13+00:00\",\"breadcrumb\":{\"@id\":\"https:\/\/belux.edmo.eu\/lb\/faktencheck-brittesche-premier-huet-bestietnes-tscht-noe-familljememberen-net-legalisiert\/#breadcrumb\"},\"inLanguage\":\"lb-LU\",\"potentialAction\":[{\"@type\":\"ReadAction\",\"target\":[\"https:\/\/belux.edmo.eu\/lb\/faktencheck-brittesche-premier-huet-bestietnes-tscht-noe-familljememberen-net-legalisiert\/\"]}]},{\"@type\":\"ImageObject\",\"inLanguage\":\"lb-LU\",\"@id\":\"https:\/\/belux.edmo.eu\/lb\/faktencheck-brittesche-premier-huet-bestietnes-tscht-noe-familljememberen-net-legalisiert\/#primaryimage\",\"url\":\"https:\/\/belux-edmo.s3-accelerate.amazonaws.com\/wp-content\/uploads\/2025\/10\/6c675d02ac072c24ee77af73b4731303_resized.jpeg\",\"contentUrl\":\"https:\/\/belux-edmo.s3-accelerate.amazonaws.com\/wp-content\/uploads\/2025\/10\/6c675d02ac072c24ee77af73b4731303_resized.jpeg\",\"width\":1080,\"height\":608,\"caption\":\"Faktencheck: Brittesche Premier huet Bestietnes t\u00ebscht noe Familljememberen net legalis\u00e9iert - Featured image\"},{\"@type\":\"BreadcrumbList\",\"@id\":\"https:\/\/belux.edmo.eu\/lb\/faktencheck-brittesche-premier-huet-bestietnes-tscht-noe-familljememberen-net-legalisiert\/#breadcrumb\",\"itemListElement\":[{\"@type\":\"ListItem\",\"position\":1,\"name\":\"Home\",\"item\":\"https:\/\/belux.edmo.eu\/lb\/\"},{\"@type\":\"ListItem\",\"position\":2,\"name\":\"Faktencheck: Brittesche Premier huet Bestietnes t\u00ebscht noe Familljememberen net legalis\u00e9iert\"}]},{\"@type\":\"WebSite\",\"@id\":\"https:\/\/belux.edmo.eu\/#website\",\"url\":\"https:\/\/belux.edmo.eu\/\",\"name\":\"EDMO Belux\",\"description\":\"Monitoring Disinformation in Belgium and Luxembourg\",\"publisher\":{\"@id\":\"https:\/\/belux.edmo.eu\/#organization\"},\"potentialAction\":[{\"@type\":\"SearchAction\",\"target\":{\"@type\":\"EntryPoint\",\"urlTemplate\":\"https:\/\/belux.edmo.eu\/?s={search_term_string}\"},\"query-input\":{\"@type\":\"PropertyValueSpecification\",\"valueRequired\":true,\"valueName\":\"search_term_string\"}}],\"inLanguage\":\"lb-LU\"},{\"@type\":\"Organization\",\"@id\":\"https:\/\/belux.edmo.eu\/#organization\",\"name\":\"EDMO Belux\",\"url\":\"https:\/\/belux.edmo.eu\/\",\"logo\":{\"@type\":\"ImageObject\",\"inLanguage\":\"lb-LU\",\"@id\":\"https:\/\/belux.edmo.eu\/#\/schema\/logo\/image\/\",\"url\":\"https:\/\/belux.edmo.eu\/wp-content\/uploads\/2021\/12\/belux-logo-full-color-rgb.svg\",\"contentUrl\":\"https:\/\/belux.edmo.eu\/wp-content\/uploads\/2021\/12\/belux-logo-full-color-rgb.svg\",\"width\":1,\"height\":1,\"caption\":\"EDMO Belux\"},\"image\":{\"@id\":\"https:\/\/belux.edmo.eu\/#\/schema\/logo\/image\/\"},\"sameAs\":[\"https:\/\/x.com\/Edmo_Belux\"]},{\"@type\":\"Person\",\"@id\":\"https:\/\/belux.edmo.eu\/#\/schema\/person\/dbe3b252258537fd318f9b5645a30342\",\"name\":\"master\",\"sameAs\":[\"https:\/\/belux.wpengine.com\"],\"url\":\"https:\/\/belux.edmo.eu\/lb\/author\/master\/\"}]}<\/script>\n<!-- \/ Yoast SEO plugin. -->","yoast_head_json":{"title":"Faktencheck: Brittesche Premier huet Bestietnes t\u00ebscht noe Familljememberen net legalis\u00e9iert - EDMO Belux","robots":{"index":"index","follow":"follow","max-snippet":"max-snippet:-1","max-image-preview":"max-image-preview:large","max-video-preview":"max-video-preview:-1"},"canonical":"https:\/\/belux.edmo.eu\/lb\/faktencheck-brittesche-premier-huet-bestietnes-tscht-noe-familljememberen-net-legalisiert\/","og_locale":"en_US","og_type":"article","og_title":"Faktencheck: Brittesche Premier huet Bestietnes t\u00ebscht noe Familljememberen net legalis\u00e9iert - EDMO Belux","og_description":"Obwuel dacks \u00ebmstridden, ass d'Bestietnes t\u00ebscht Kosengen a Kusinne vum \u00e9ischte Grad a Groussbritannien w\u00e9i a villen aneren europ\u00e4esche L\u00e4nner legal.","og_url":"https:\/\/belux.edmo.eu\/lb\/faktencheck-brittesche-premier-huet-bestietnes-tscht-noe-familljememberen-net-legalisiert\/","og_site_name":"EDMO Belux","article_published_time":"2025-10-20T10:00:00+00:00","article_modified_time":"2025-10-20T12:12:13+00:00","og_image":[{"width":1080,"height":608,"url":"https:\/\/belux-edmo.s3-accelerate.amazonaws.com\/wp-content\/uploads\/2025\/10\/6c675d02ac072c24ee77af73b4731303_resized.jpeg","type":"image\/jpeg"}],"author":"master","twitter_card":"summary_large_image","twitter_creator":"@Edmo_Belux","twitter_site":"@Edmo_Belux","twitter_misc":{"Written by":"master","Est. reading time":"6 minutes"},"schema":{"@context":"https:\/\/schema.org","@graph":[{"@type":"Article","@id":"https:\/\/belux.edmo.eu\/lb\/faktencheck-brittesche-premier-huet-bestietnes-tscht-noe-familljememberen-net-legalisiert\/#article","isPartOf":{"@id":"https:\/\/belux.edmo.eu\/lb\/faktencheck-brittesche-premier-huet-bestietnes-tscht-noe-familljememberen-net-legalisiert\/"},"author":{"name":"master","@id":"https:\/\/belux.edmo.eu\/#\/schema\/person\/dbe3b252258537fd318f9b5645a30342"},"headline":"Faktencheck: Brittesche Premier huet Bestietnes t\u00ebscht noe Familljememberen net legalis\u00e9iert","datePublished":"2025-10-20T10:00:00+00:00","dateModified":"2025-10-20T12:12:13+00:00","mainEntityOfPage":{"@id":"https:\/\/belux.edmo.eu\/lb\/faktencheck-brittesche-premier-huet-bestietnes-tscht-noe-familljememberen-net-legalisiert\/"},"wordCount":1269,"publisher":{"@id":"https:\/\/belux.edmo.eu\/#organization"},"image":{"@id":"https:\/\/belux.edmo.eu\/lb\/faktencheck-brittesche-premier-huet-bestietnes-tscht-noe-familljememberen-net-legalisiert\/#primaryimage"},"thumbnailUrl":"https:\/\/belux-edmo.s3-accelerate.amazonaws.com\/wp-content\/uploads\/2025\/10\/6c675d02ac072c24ee77af73b4731303_resized.jpeg","articleSection":["Editor's Choice Slider LU","Fact Check","Gesellschaft","Politik"],"inLanguage":"lb-LU"},{"@type":"WebPage","@id":"https:\/\/belux.edmo.eu\/lb\/faktencheck-brittesche-premier-huet-bestietnes-tscht-noe-familljememberen-net-legalisiert\/","url":"https:\/\/belux.edmo.eu\/lb\/faktencheck-brittesche-premier-huet-bestietnes-tscht-noe-familljememberen-net-legalisiert\/","name":"Faktencheck: Brittesche Premier huet Bestietnes t\u00ebscht noe Familljememberen net legalis\u00e9iert - EDMO Belux","isPartOf":{"@id":"https:\/\/belux.edmo.eu\/#website"},"primaryImageOfPage":{"@id":"https:\/\/belux.edmo.eu\/lb\/faktencheck-brittesche-premier-huet-bestietnes-tscht-noe-familljememberen-net-legalisiert\/#primaryimage"},"image":{"@id":"https:\/\/belux.edmo.eu\/lb\/faktencheck-brittesche-premier-huet-bestietnes-tscht-noe-familljememberen-net-legalisiert\/#primaryimage"},"thumbnailUrl":"https:\/\/belux-edmo.s3-accelerate.amazonaws.com\/wp-content\/uploads\/2025\/10\/6c675d02ac072c24ee77af73b4731303_resized.jpeg","datePublished":"2025-10-20T10:00:00+00:00","dateModified":"2025-10-20T12:12:13+00:00","breadcrumb":{"@id":"https:\/\/belux.edmo.eu\/lb\/faktencheck-brittesche-premier-huet-bestietnes-tscht-noe-familljememberen-net-legalisiert\/#breadcrumb"},"inLanguage":"lb-LU","potentialAction":[{"@type":"ReadAction","target":["https:\/\/belux.edmo.eu\/lb\/faktencheck-brittesche-premier-huet-bestietnes-tscht-noe-familljememberen-net-legalisiert\/"]}]},{"@type":"ImageObject","inLanguage":"lb-LU","@id":"https:\/\/belux.edmo.eu\/lb\/faktencheck-brittesche-premier-huet-bestietnes-tscht-noe-familljememberen-net-legalisiert\/#primaryimage","url":"https:\/\/belux-edmo.s3-accelerate.amazonaws.com\/wp-content\/uploads\/2025\/10\/6c675d02ac072c24ee77af73b4731303_resized.jpeg","contentUrl":"https:\/\/belux-edmo.s3-accelerate.amazonaws.com\/wp-content\/uploads\/2025\/10\/6c675d02ac072c24ee77af73b4731303_resized.jpeg","width":1080,"height":608,"caption":"Faktencheck: Brittesche Premier huet Bestietnes t\u00ebscht noe Familljememberen net legalis\u00e9iert - Featured image"},{"@type":"BreadcrumbList","@id":"https:\/\/belux.edmo.eu\/lb\/faktencheck-brittesche-premier-huet-bestietnes-tscht-noe-familljememberen-net-legalisiert\/#breadcrumb","itemListElement":[{"@type":"ListItem","position":1,"name":"Home","item":"https:\/\/belux.edmo.eu\/lb\/"},{"@type":"ListItem","position":2,"name":"Faktencheck: Brittesche Premier huet Bestietnes t\u00ebscht noe Familljememberen net legalis\u00e9iert"}]},{"@type":"WebSite","@id":"https:\/\/belux.edmo.eu\/#website","url":"https:\/\/belux.edmo.eu\/","name":"EDMO Belux","description":"Monitoring Disinformation in Belgium and Luxembourg","publisher":{"@id":"https:\/\/belux.edmo.eu\/#organization"},"potentialAction":[{"@type":"SearchAction","target":{"@type":"EntryPoint","urlTemplate":"https:\/\/belux.edmo.eu\/?s={search_term_string}"},"query-input":{"@type":"PropertyValueSpecification","valueRequired":true,"valueName":"search_term_string"}}],"inLanguage":"lb-LU"},{"@type":"Organization","@id":"https:\/\/belux.edmo.eu\/#organization","name":"EDMO Belux","url":"https:\/\/belux.edmo.eu\/","logo":{"@type":"ImageObject","inLanguage":"lb-LU","@id":"https:\/\/belux.edmo.eu\/#\/schema\/logo\/image\/","url":"https:\/\/belux.edmo.eu\/wp-content\/uploads\/2021\/12\/belux-logo-full-color-rgb.svg","contentUrl":"https:\/\/belux.edmo.eu\/wp-content\/uploads\/2021\/12\/belux-logo-full-color-rgb.svg","width":1,"height":1,"caption":"EDMO Belux"},"image":{"@id":"https:\/\/belux.edmo.eu\/#\/schema\/logo\/image\/"},"sameAs":["https:\/\/x.com\/Edmo_Belux"]},{"@type":"Person","@id":"https:\/\/belux.edmo.eu\/#\/schema\/person\/dbe3b252258537fd318f9b5645a30342","name":"master","sameAs":["https:\/\/belux.wpengine.com"],"url":"https:\/\/belux.edmo.eu\/lb\/author\/master\/"}]}},"menu_order":0,"_links":{"self":[{"href":"https:\/\/belux.edmo.eu\/lb\/wp-json\/wp\/v2\/posts\/403401","targetHints":{"allow":["GET"]}}],"collection":[{"href":"https:\/\/belux.edmo.eu\/lb\/wp-json\/wp\/v2\/posts"}],"about":[{"href":"https:\/\/belux.edmo.eu\/lb\/wp-json\/wp\/v2\/types\/post"}],"author":[{"embeddable":true,"href":"https:\/\/belux.edmo.eu\/lb\/wp-json\/wp\/v2\/users\/1"}],"replies":[{"embeddable":true,"href":"https:\/\/belux.edmo.eu\/lb\/wp-json\/wp\/v2\/comments?post=403401"}],"version-history":[{"count":0,"href":"https:\/\/belux.edmo.eu\/lb\/wp-json\/wp\/v2\/posts\/403401\/revisions"}],"wp:featuredmedia":[{"embeddable":true,"href":"https:\/\/belux.edmo.eu\/lb\/wp-json\/wp\/v2\/media\/403381"}],"wp:attachment":[{"href":"https:\/\/belux.edmo.eu\/lb\/wp-json\/wp\/v2\/media?parent=403401"}],"wp:term":[{"taxonomy":"category","embeddable":true,"href":"https:\/\/belux.edmo.eu\/lb\/wp-json\/wp\/v2\/categories?post=403401"},{"taxonomy":"post_tag","embeddable":true,"href":"https:\/\/belux.edmo.eu\/lb\/wp-json\/wp\/v2\/tags?post=403401"}],"curies":[{"name":"wp","href":"https:\/\/api.w.org\/{rel}","templated":true}]}}