{"id":506665,"date":"2026-01-28T14:00:00","date_gmt":"2026-01-28T14:00:00","guid":{"rendered":"https:\/\/belux.edmo.eu\/?p=506665"},"modified":"2026-01-29T00:09:47","modified_gmt":"2026-01-29T00:09:47","slug":"faktencheck-mercedes-benz-huet-mark-a-russland-ugemellt-plangt-awer-kee-retour","status":"publish","type":"post","link":"https:\/\/belux.edmo.eu\/lb\/faktencheck-mercedes-benz-huet-mark-a-russland-ugemellt-plangt-awer-kee-retour\/","title":{"rendered":"Faktencheck: Mercedes-Benz huet Mark a Russland ugemellt, plangt awer kee Retour"},"content":{"rendered":"<article>\n<div>\n<div>\n<p><b>Eng Hickecht Entreprisen hu sech z\u00ebnter dem russeschen Iwwerfall op d&#8217;Ukrain am Joer 2022 aus Russland zer\u00e9ckgezunn. Am Januar 2026 hu Userinnen a User am Internet doriwwer spekul\u00e9iert, ob den Autohiersteller Mercedes-Benz op de russesche Maart zer\u00e9ckk\u00e9im. Belee\u00eb soll dat en Dokument, dat awer aus dem Kontext gerappt gouf.<\/b><\/p>\n<p>Et g\u00e9if sech \u00ebm eng Registr\u00e9ierung vun der Mark handelen, d\u00e9i keng Absichtserkl\u00e4rung w\u00e4r, d\u2019Gesch\u00e4fter a Russland nees opzehuelen, hu Fachleit erkl\u00e4ert. Och d\u2019Entreprise selwer huet entspriechend Pl\u00e4ng fir e Retour bestridden.<\/p>\n<p>De Stuttgarter Autohiersteller <a href=\"https:\/\/perma.cc\/9UR2-HZWD\" target=\"_blank\" rel=\"noopener noreferrer\">Mercedes-Benz<\/a> huet nom russeschen Ugr\u00ebff op d\u2019Ukrain de 24. Februar 2022 seng Exporter a Russland agestallt an d\u2019Produktioun am Land gestoppt. Mee d\u2019<a href=\"https:\/\/perma.cc\/M4BJ-LQBG\" target=\"_blank\" rel=\"noopener noreferrer\">prorussesch Bloggerin Alina Lipp<\/a> huet zum Beispill an engem <a href=\"https:\/\/perma.cc\/5RA4-ERUP\" target=\"_blank\" rel=\"noopener noreferrer\">X-Post<\/a> vum 12. Januar 2026, dee m\u00e9i w\u00e9i 44.000 Mol gekuckt gouf, spekul\u00e9iert: \u201c<i>K\u00ebnnt Mercedes zer\u00e9ck a Russland?<\/i>\u201d Hir Begr\u00ebnnung: \u201c<i>Mercedes-Benz, dat Russland 2022 verlooss huet, huet op en Neits seng Mark am Land registr\u00e9iert.<\/i>\u201d Als Beleeg huet si en Dokument mat engem russeschen Text gedeelt. Dora sinn en Datum, d\u2019<a href=\"https:\/\/perma.cc\/NL98-RJPU\" target=\"_blank\" rel=\"noopener noreferrer\">russescht Wope<\/a> souw\u00e9i den Numm vum Autohiersteller a lat\u00e9ngescher Schr\u00ebft ze gesinn. \u201cDat war et mat der Solidarit\u00e9it fir d\u2019Ukrain\u201d, heescht et an der Lipp hirem B\u00e4itrag um Enn. D\u2019AFP huet schonn <a href=\"https:\/\/faktencheck.afp.com\/doc.afp.com.89FF4ZQ\" target=\"_blank\" rel=\"noopener noreferrer\">eng R\u00ebtsch<\/a> Behaaptunge <a href=\"https:\/\/faktencheck.afp.com\/doc.afp.com.77GU69E\" target=\"_blank\" rel=\"noopener noreferrer\">richteggestallt<\/a>, d\u00e9i si gedeelt huet.<\/p>\n<p>D\u2019Behaaptung gouf och an enger Abberzuel <a href=\"https:\/\/perma.cc\/R6NK-E2CA\" target=\"_blank\" rel=\"noopener noreferrer\">Telegram-Kaneel<\/a> , op <a href=\"https:\/\/perma.cc\/9GVQ-PP5H\" target=\"_blank\" rel=\"noopener noreferrer\">Fa<\/a><a href=\"https:\/\/perma.cc\/9GVQ-PP5H\" target=\"_blank\" rel=\"noopener noreferrer\">cebook<\/a> an a Sprooche w\u00e9i <a href=\"https:\/\/perma.cc\/B7CU-PZ65\" target=\"_blank\" rel=\"noopener noreferrer\">Englesch<\/a>, <a href=\"https:\/\/perma.cc\/D8XB-VC85\" target=\"_blank\" rel=\"noopener noreferrer\">Frans\u00e9isch<\/a>, <a href=\"https:\/\/perma.cc\/M4RK-NCUX\" target=\"_blank\" rel=\"noopener noreferrer\">Polnesch<\/a> a <a href=\"https:\/\/perma.cc\/77FN-JX4Z\" target=\"_blank\" rel=\"noopener noreferrer\">Rum\u00e4nesch<\/a> verbreet. Och d\u2019d\u00e4itschsproocheg <a href=\"https:\/\/perma.cc\/6ZHG-FRTB\" target=\"_blank\" rel=\"noopener noreferrer\">Webs\u00e4it<\/a> vum \u201cPravda&#8221;-Netzwierk, dat Russland fir d\u2019<a href=\"https:\/\/faktencheck.afp.com\/doc.afp.com.372R6WT\" target=\"_blank\" rel=\"noopener noreferrer\">Verbreedung<\/a> vu Falschinformatiounen notzt, huet d\u2019Behaaptung gedeelt.<\/p>\n<p><img style=\"max-width: 100%;\" src=\"https:\/\/belux-edmo.s3-accelerate.amazonaws.com\/wp-content\/uploads\/2026\/01\/90_resized-5979.jpg\" \/><\/p>\n<p>D\u2019B\u00e4itr\u00e4g mat der aus dem Kontext gerappter Behaaptung \u00e4nele vun der Sprooch hier enger <a href=\"https:\/\/perma.cc\/L4RC-PJC9\" target=\"_blank\" rel=\"noopener noreferrer\">Meldung<\/a> vun der staatlecher russescher Noriichtenagence \u201c<a href=\"https:\/\/perma.cc\/NF4M-CVHV\" target=\"_blank\" rel=\"noopener noreferrer\">Ria Novosti<\/a>\u201d vum 12. Januar 2026, d\u00e9i a munche B\u00e4itr\u00e4g och als Quell genannt gouf.<\/p>\n<p>Mee dat gedeelt Dokument ass kee Beleeg dofir, dass Mercedes-Benz wirtschaftlech Aktivit\u00e9iten op dem russesche Maart oph\u00eblt oder plangt.<\/p>\n<p>Dat gedeelt Dokument ass an \u00e4nlecher Form an der Datebank vum russesche Patentamt <a href=\"https:\/\/perma.cc\/2QRB-7RQD\" target=\"_blank\" rel=\"noopener noreferrer\">Rospatent<\/a> ze <a href=\"https:\/\/perma.cc\/7HCN-9M36\" target=\"_blank\" rel=\"noopener noreferrer\">fannen<\/a>. D\u2019AFP huet et <a href=\"https:\/\/perma.cc\/3XE9-JJU7\" target=\"_blank\" rel=\"noopener noreferrer\">fir d\u2019lescht<\/a> den 20. Januar 2026 opgeruff. Dob\u00e4i handelt et sech tats\u00e4chlech \u00ebm d\u2019Registr\u00e9ierung vun enger Mark vu Mercedes-Benz.<\/p>\n<p>Informatiounen am Dokument no handelt et sech beim Propriet\u00e4r vun der Mark \u00ebm den Autohiersteller mat S\u00ebtz zu Stuttgart. D\u2019Mark gouf deemno de 5. Januar 2026 registr\u00e9iert. De Schutz leeft am September 2035 of, also z\u00e9ng Joer no der Demande am Hierscht 2025. An der online gedeelter Versioun sinn Informatioune w\u00e9i d\u2019Registr\u00e9ierungs- oder d\u2019Umellungsnummer net ze gesinn.<\/p>\n<p>Eng Rei d\u00e4itsch Konzerner hu sech am Joer 2022 vum russesche Maart zer\u00e9ckgezunn, dor\u00ebnner <a href=\"https:\/\/perma.cc\/2L8R-NT54\" target=\"_blank\" rel=\"noopener noreferrer\">Mercedes-Benz<\/a>. D\u2019Entreprise hat <a href=\"https:\/\/perma.cc\/GP8M-7WXY\" target=\"_blank\" rel=\"noopener noreferrer\">Medieberichter<\/a> no am M\u00e4erz 2022 matgedeelt, Exporter a Russland an d\u2019Produktioun sur place ze stoppen. Och Konkurrente w\u00e9i <a href=\"https:\/\/perma.cc\/6QA2-XLKX\" target=\"_blank\" rel=\"noopener noreferrer\">BMW<\/a> an de <a href=\"https:\/\/perma.cc\/WHP5-SLBJ\" target=\"_blank\" rel=\"noopener noreferrer\">VW-Konzern<\/a> haten hir gesch\u00e4ftlech Aktivit\u00e9iten am Land agefruer. Vun <a href=\"https:\/\/perma.cc\/JV9A-RQV3\" target=\"_blank\" rel=\"noopener noreferrer\">Audi<\/a> huet d\u2019AFP beispillsweis och entspriechend Berichter fonnt. W\u00e9inst dem R\u00e9ckzuch wierkt eng Registr\u00e9ierung vun der Mark Mercedes-Benz op den \u00e9ischte Bl\u00e9ck widderspr\u00e9chlech. Mee Expertinnen an Experten, d\u00e9i vun der AFP kontakt\u00e9iert goufen, hunn erkl\u00e4ert, dass d\u00ebs <a href=\"https:\/\/perma.cc\/9AMT-EF8E\" target=\"_blank\" rel=\"noopener noreferrer\">Moossnam<\/a> s\u00ebnnvoll w\u00e4r &#8211; a virun allem net zwangsleefeg bedeite g\u00e9if, dass Entrepris\u00eb plange g\u00e9ifen, am Land ze produz\u00e9ieren oder dohin ze export\u00e9ieren.<\/p>\n<p>Eng reegelm\u00e9isseg Registr\u00e9ierung vun enger Mark a Russland g\u00e9if der Rechtsofs\u00e9cherung d\u00e9ngen, huet d\u2019<a href=\"https:\/\/perma.cc\/TMT4-73LX\" target=\"_blank\" rel=\"noopener noreferrer\">Marisa Michels<\/a>, Affekotin fir industriell Propriet\u00e9it, de 16. Januar 2026 op AFP-Ufro erkl\u00e4ert. Esou eng Registr\u00e9ierung eleng w\u00e4r \u201c<i>kee Bekenntnis fir Produktiounspl\u00e4ng<\/i>\u201d. Villm\u00e9i g\u00e9ife \u201c<i>vill international Entreprisen\u201d <\/i>hir Marken a Russland oprechterhalen,<i> \u201cfir M\u00ebssbrauch duerch Dr\u00ebtter ze verh\u00ebnneren<\/i>\u201d.<\/p>\n<p>D\u2019Umelldung g\u00e9if preventiv \u201c<i>fir eng m\u00e9iglech zuk\u00fcnfteg Notzung nom Enn vun de Sanktioune<\/i>\u201d gesch\u00e9ien. Opgrond vum russeschen Ugr\u00ebffskrich hat d\u2019EU an enger Rei vu Schr\u00ebtt <a href=\"https:\/\/perma.cc\/2ES9-4QA8\" target=\"_blank\" rel=\"noopener noreferrer\">Finanz- a Wirtschaftssanktioune<\/a> g\u00e9int Russland decid\u00e9iert. Gl\u00e4ichz\u00e4iteg huet d\u2019Registr\u00e9ierung bei Rospatent \u201c<i>keng Verflichtung (an och kee Recht), am Land ze produz\u00e9ieren oder ze verkafen<\/i>\u201d, huet d\u2019Michels geschriwwen.<\/p>\n<p>\u00c4nlech huet den <a href=\"https:\/\/web.archive.org\/web\/20260120161207\/https:\/\/bbpartners.ru\/newsletter\/newsletter-lschung-einer-marke-wegen-nichtbenutzung-risiken-fr-auslndische-rechteinhaber\" target=\"_blank\" rel=\"noopener noreferrer\">Thomas Brand<\/a>, Affekot an enger d\u00e4itsch-russescher Etude zu Moskau, d\u2019Rechtssituatioun duergeluecht, w\u00e9i et op der Internets\u00e4it vun der Etude heescht. Gefrot, ob Entreprise sech mat der Registr\u00e9ierung vun enger Mark automatesch zu enger Produktioun oder dem Export bekennen, huet de Brand dat de 15. Januar 2026 g\u00e9intiwwer der AFP mat Nee komment\u00e9iert. \u201c<i>Et geet just \u00ebm de rechtleche Schutz vun der Mark<\/i>.\u201d Dat g\u00e9if bedeiten, dass eng Entreprise aneren \u00ebnnersoe k\u00e9int, \u00ebnner hirer Mark zum Beispill Autoen ze verkafen.<\/p>\n<p>\u201c<i>Dem russesche Recht no kann de Markeschutz annul\u00e9iert ginn, wann eng Mark fir <\/i><a href=\"https:\/\/perma.cc\/3BWK-Y9ZN\" target=\"_blank\" rel=\"noopener noreferrer\"><i>dr\u00e4i Joer<\/i><\/a><i> oder m\u00e9i a Russland net m\u00e9i genotzt g\u00ebtt<\/i>\u201d, huet de Brand erkl\u00e4ert. Gronds\u00e4tzlech g\u00e9if d\u00ebse fir z\u00e9ng Joer g\u00ebllen a k\u00e9int verl\u00e4ngert ginn. Zwar sinn d\u00e4itsch Autoen a Russland trotz Sanktiounen duerch Dr\u00ebtter <a href=\"https:\/\/perma.cc\/FX36-7ALM\" target=\"_blank\" rel=\"noopener noreferrer\">verf\u00fcgbar<\/a>, w\u00e9i vill <a href=\"https:\/\/perma.cc\/G5QU-SK52\" target=\"_blank\" rel=\"noopener noreferrer\">Medie gemellt<\/a> hunn. Hiersteller k\u00e9inten dat dem Affekot Brand no kaum verh\u00ebnneren. Mee well si den Export a Russland opgrond vun EU-Sanktiounen am Moment net selwer duerchf\u00e9iere k\u00ebnnen, w\u00e4r d\u2019Oprechterhale vum Markeschutz net garant\u00e9iert. \u00cbmmerhi g\u00e9if Rospatent d\u00e9i aktuell Netnotzung net suiv\u00e9ieren, Konkurrenten oder iergendwellech Dr\u00ebtter k\u00e9inten awer eng Demande stellen, dass d\u2019Registr\u00e9ierung gel\u00e4scht g\u00ebtt. Entspriechend Kloe w\u00e4ren \u201c<i>am Moment zimmlech verbreet<\/i>\u201d.<\/p>\n<p>De Brand huet ugemierkt, dass d\u2019Markeregistr\u00e9ierung \u201c<i>net d\u00e9i scho gesch\u00fctzt Mark betreffe<\/i>\u201d k\u00e9int. Dat bedeit, dass eng Mark net duebel ugemellt ka ginn. Dohier g\u00e9ifen Entrepris\u00eb versichen, \u201c<i>\u00e4nlech Marke fir aner Produkter oder Servicer ze registr\u00e9ieren, fir w\u00e9instens e gew\u00ebsse Schutz opzebauen<\/i>\u201d, huet den Affekot op Nofro geschriwwen. Dat gel\u00e9ngt zum Beispill duerch d\u2019Erg\u00e4nzung vun enger Mark \u00ebm Bildelementer oder d\u2019Aktualis\u00e9ierung vum Markebild souw\u00e9i vum Wuereverzeechnes, w\u00e9i a <a href=\"https:\/\/perma.cc\/3BWK-Y9ZN\" target=\"_blank\" rel=\"noopener noreferrer\">Medieberichter<\/a> ugef\u00e9iert g\u00ebtt. Trotz engem ver\u00e4nnerte Schutz\u00ebmfang k\u00e9inte Marken duerch gesch\u00e9ckt \u00cbmsetzung gesch\u00fctzt ginn.<\/p>\n<p>\u201c<i>D\u00ebs Strategie kann h\u00ebllefen, d\u2019Mark fir e m\u00e9igleche sp\u00e9idere Retour op de Maart virzebereeden &#8211; och wann eng aktiv Notzung aktuell net ausgeschloss ass<\/i>\u201d, hat och d\u2019Michels an enger <a href=\"https:\/\/perma.cc\/TMT4-73LX\" target=\"_blank\" rel=\"noopener noreferrer\">Emissioun am August 2025<\/a> gesot.<\/p>\n<p>Eng <a href=\"https:\/\/www.youtube.com\/watch?v=51u0SkyaAA0\" target=\"_blank\" rel=\"noopener noreferrer\">St\u00e9chwierdersich<\/a> ergouf keng d\u00e4itschsproocheg Meldungen iwwer en Neesophuele vun de Russland-Gesch\u00e4fter vu Mercedes-Benz. D\u00e9i staatseege russesch Noriichtenagence Tass hat den 12. September 2025 <a href=\"https:\/\/perma.cc\/23K4-HY5K\" target=\"_blank\" rel=\"noopener noreferrer\">iwwer d\u2019Demande vun der Entreprise fir eng Registr\u00e9ierung vun der Mark bericht<\/a>. An d\u00e4r Meldung heescht et \u00ebnner anerem, dass den Autoshiersteller seng Exporter a Russland an d\u2019Produktioun sur place am M\u00e4erz 2022 op en Enn bruecht hat. Ernimmt g\u00ebtt och, dass d\u2019russesch Entreprise <a href=\"https:\/\/perma.cc\/RJ5N-2S3E\" target=\"_blank\" rel=\"noopener noreferrer\">Avtodom<\/a> d\u00e9i <a href=\"https:\/\/perma.cc\/N6ND-TJHZ\" target=\"_blank\" rel=\"noopener noreferrer\">fr\u00e9ier Produktiounsanlagen<\/a> an der G\u00e9igend vu Moskau <a href=\"https:\/\/perma.cc\/2Z6S-59RA\" target=\"_blank\" rel=\"noopener noreferrer\">iwwerholl<\/a> huet. \u201c<i>D\u00ebs Moossnam sollt net als Schr\u00ebtt a Richtung vun engem Retour a Russland ugesi ginn<\/i>\u201d, g\u00ebtt e Spriecher vun Avtodom zit\u00e9iert. Des Weidere sot hien dem Bericht no: \u201c<i>D\u2019Registr\u00e9ierung vun enger Mark ass just eng Schutzmoossnam, fir s\u00e9cherzestellen, dass de Copyright net vun anere genotzt g\u00ebtt a keng Schied ausl\u00e9ise k\u00ebnnen.<\/i>\u201d Aner Marken aus der Automobilindustrie h\u00e4tten \u201c<i>dat selwecht gemaach<\/i>\u201d.<\/p>\n<p>Den d\u00e4itsche Konzern huet sech awer de Berichter no eng <a href=\"https:\/\/perma.cc\/58CN-JAU3\" target=\"_blank\" rel=\"noopener noreferrer\">R\u00e9ckkafoptioun<\/a> ges\u00e9chert. Falls d\u2019Sanktioune g\u00e9int Russland also nees opgehuewe g\u00e9ifen, ka Mercedes-Benz seng Undeeler un der Entreprise nees zer\u00e9ckkafen.<\/p>\n<p><img style=\"max-width: 100%;\" src=\"https:\/\/belux-edmo.s3-accelerate.amazonaws.com\/wp-content\/uploads\/2026\/01\/90_resized-5980.jpg\" \/><\/p>\n<p>E Spriecher vu Mercedes-Benz huet de 15. Januar 2026 der AFP geschriwwen: \u201c<i>Mir erhalen eis jeeweileg Marken am Konzern oprecht, fir dass keen Dr\u00ebtte sech d\u00ebse Markerechter bem\u00e4chtege kann.<\/i>\u201d Hien huet dat och mam russesche Markerecht begr\u00ebnnt. \u201c<i>Dat ass keen Hiweis op eng Virbereedung fir e Retour op de russesche Maart, mee d\u00e9ngt dem Erhale vun der Propriet\u00e9it<\/i>.\u201d<\/p>\n<p>D\u00ebs Markenumellunge w\u00e4ren ausserdeem net vun de Sanktioune betraff, sot de Spriecher a goung domat op d\u2019Spekulatiounen, d\u00e9i am Internet verbreet goufen, an, dass den d\u00e4itsche Konzern \u201c<i>d\u2019Solidaris\u00e9ierung mat der Ukrain<\/i>\u201d vun der EU m\u00ebssuechte g\u00e9if. Dass d\u2019Umeldung vun der Mark net \u00ebnner d\u2019Sanktioune f\u00e4lt, hunn och d\u2019Affekote Michels a Brand der AFP confirm\u00e9iert.<\/p>\n<p>Berichter, d\u00e9i e \u201c<i>Retour vu westlechen Entrepris\u00eb<\/i>\u201d sugger\u00e9ieren, sinn <a href=\"https:\/\/perma.cc\/9AMT-EF8E\" target=\"_blank\" rel=\"noopener noreferrer\">a russesche Medie w\u00e4it verbreet<\/a>, Eng <a href=\"https:\/\/perma.cc\/L7Z7-ELAZ\" target=\"_blank\" rel=\"noopener noreferrer\">Sich am Internet<\/a> no de St\u00e9chwierder \u201cMark\u201d a \u201cregistr\u00e9iert\u201d op Russesch hat eng R\u00ebtsch Treffer als Resultat. Russesch Medien hunn am Januar 2026 dacks iwwer <a href=\"https:\/\/perma.cc\/5TAQ-8PF4\" target=\"_blank\" rel=\"noopener noreferrer\">Markeregistr\u00e9ierunge vun internationalen Entrepris\u00eb bericht<\/a>.<\/p>\n<p>D\u2019AFP huet weider Faktenchecken iwwer den <a href=\"https:\/\/faktencheck.afp.com\/list\/Ukrainekrieg\" target=\"_blank\" rel=\"noopener noreferrer\">Ukrain-Krich<\/a> ver\u00ebffentlecht.<\/p>\n<p><b>Fazit:<\/b> En am Internet gedeelt Dokument soll belee\u00ebn, dass Mercedes-Benz seng wirtschaftlech Aktivit\u00e9iten a Russland nees ophuele w\u00e9ilt. Mee dob\u00e4i handelt et sech \u00ebm eng Registr\u00e9ierung vun der Mark beim russesche Patentamt. W\u00e9i Fachleit confirm\u00e9iert hunn, beleet dat net d\u2019Absicht vun engem Retour op de russesche Maart. D\u2019Entreprise selwer huet entspriechend Pl\u00e4ng bestridden.<\/p>\n<p><i>D\u00ebse Faktencheck gouf vun RTL op L\u00ebtzebuergesch iwwersat.<\/i><\/p>\n<\/div>\n<\/div>\n<\/article>\n","protected":false},"excerpt":{"rendered":"<p>Eng Hickecht Entreprisen hu sech z\u00ebnter dem russeschen Iwwerfall op d&#8217;Ukrain am Joer 2022 aus Russland zer\u00e9ckgezunn. Am Januar 2026 hu Userinnen a User am Internet doriwwer spekul\u00e9iert, ob den Autohiersteller Mercedes-Benz op de russesche Maart zer\u00e9ckk\u00e9im. Belee\u00eb soll dat en Dokument, dat awer aus dem Kontext gerappt gouf.<\/p>\n","protected":false},"author":1,"featured_media":506650,"comment_status":"closed","ping_status":"closed","sticky":false,"template":"","format":"standard","meta":{"_acf_changed":false,"footnotes":""},"categories":[470,183,217,185],"tags":[],"class_list":{"0":"post-506665","1":"post","2":"type-post","3":"status-publish","4":"format-standard","5":"has-post-thumbnail","7":"category-editors-choice-lu","8":"category-fact-check-lb","9":"category-ukraine-lb","10":"category-wirtschaft"},"acf":{"show_metatags":true,"id":"0000019b-eadc-d6c1-af9b-fbdd5fef0000","authors":"AFP","organization":"FAKTENCHECK","featured_image_copyright":"","text_copyright":"RTL L\u00ebtzebuerg","source":"https:\/\/www.rtl.lu\/news\/international\/mercedes-benz-meldete-marke-in-russland-an-plant-aber-keine-ruckkehr-447229063","fact_checker":"https:\/\/belux.wpengine.com\/wp-content\/uploads\/2021\/12\/rtl_logo.png","share_this_post_to_edmo_website":false,"affiliation":"BELUX","type":"Closed Event","location":"","start_date":"","start_date_event_begins_at":"","start_date_event_ends_at":"","end_date":"","end_date_event_begins_at":"","end_date_event_ends_at":"","organizer":"","fact_checker_logo_image":false},"yoast_head":"<!-- This site is optimized with the Yoast SEO plugin v27.0 - https:\/\/yoast.com\/product\/yoast-seo-wordpress\/ -->\n<title>Faktencheck: Mercedes-Benz huet Mark a Russland ugemellt, plangt awer kee Retour - EDMO Belux<\/title>\n<meta name=\"robots\" content=\"index, follow, max-snippet:-1, max-image-preview:large, max-video-preview:-1\" \/>\n<link rel=\"canonical\" href=\"https:\/\/belux.edmo.eu\/lb\/faktencheck-mercedes-benz-huet-mark-a-russland-ugemellt-plangt-awer-kee-retour\/\" \/>\n<meta property=\"og:locale\" content=\"en_US\" \/>\n<meta property=\"og:type\" content=\"article\" \/>\n<meta property=\"og:title\" content=\"Faktencheck: Mercedes-Benz huet Mark a Russland ugemellt, plangt awer kee Retour - EDMO Belux\" \/>\n<meta property=\"og:description\" content=\"Eng Hickecht Entreprisen hu sech z\u00ebnter dem russeschen Iwwerfall op d&#039;Ukrain am Joer 2022 aus Russland zer\u00e9ckgezunn. Am Januar 2026 hu Userinnen a User am Internet doriwwer spekul\u00e9iert, ob den Autohiersteller Mercedes-Benz op de russesche Maart zer\u00e9ckk\u00e9im. Belee\u00eb soll dat en Dokument, dat awer aus dem Kontext gerappt gouf.\" \/>\n<meta property=\"og:url\" content=\"https:\/\/belux.edmo.eu\/lb\/faktencheck-mercedes-benz-huet-mark-a-russland-ugemellt-plangt-awer-kee-retour\/\" \/>\n<meta property=\"og:site_name\" content=\"EDMO Belux\" \/>\n<meta property=\"article:published_time\" content=\"2026-01-28T14:00:00+00:00\" \/>\n<meta property=\"article:modified_time\" content=\"2026-01-29T00:09:47+00:00\" \/>\n<meta property=\"og:image\" content=\"https:\/\/belux-edmo.s3-accelerate.amazonaws.com\/wp-content\/uploads\/2026\/01\/a29cb069ffa85dcd7713be2cfebf35e1_resized.jpg\" \/>\n\t<meta property=\"og:image:width\" content=\"768\" \/>\n\t<meta property=\"og:image:height\" content=\"512\" \/>\n\t<meta property=\"og:image:type\" content=\"image\/jpeg\" \/>\n<meta name=\"author\" content=\"master\" \/>\n<meta name=\"twitter:card\" content=\"summary_large_image\" \/>\n<meta name=\"twitter:creator\" content=\"@Edmo_Belux\" \/>\n<meta name=\"twitter:site\" content=\"@Edmo_Belux\" \/>\n<meta name=\"twitter:label1\" content=\"Written by\" \/>\n\t<meta name=\"twitter:data1\" content=\"master\" \/>\n\t<meta name=\"twitter:label2\" content=\"Est. reading time\" \/>\n\t<meta name=\"twitter:data2\" content=\"7 minutes\" \/>\n<script type=\"application\/ld+json\" class=\"yoast-schema-graph\">{\"@context\":\"https:\/\/schema.org\",\"@graph\":[{\"@type\":\"Article\",\"@id\":\"https:\/\/belux.edmo.eu\/lb\/faktencheck-mercedes-benz-huet-mark-a-russland-ugemellt-plangt-awer-kee-retour\/#article\",\"isPartOf\":{\"@id\":\"https:\/\/belux.edmo.eu\/lb\/faktencheck-mercedes-benz-huet-mark-a-russland-ugemellt-plangt-awer-kee-retour\/\"},\"author\":{\"name\":\"master\",\"@id\":\"https:\/\/belux.edmo.eu\/#\/schema\/person\/dbe3b252258537fd318f9b5645a30342\"},\"headline\":\"Faktencheck: Mercedes-Benz huet Mark a Russland ugemellt, plangt awer kee Retour\",\"datePublished\":\"2026-01-28T14:00:00+00:00\",\"dateModified\":\"2026-01-29T00:09:47+00:00\",\"mainEntityOfPage\":{\"@id\":\"https:\/\/belux.edmo.eu\/lb\/faktencheck-mercedes-benz-huet-mark-a-russland-ugemellt-plangt-awer-kee-retour\/\"},\"wordCount\":1558,\"publisher\":{\"@id\":\"https:\/\/belux.edmo.eu\/#organization\"},\"image\":{\"@id\":\"https:\/\/belux.edmo.eu\/lb\/faktencheck-mercedes-benz-huet-mark-a-russland-ugemellt-plangt-awer-kee-retour\/#primaryimage\"},\"thumbnailUrl\":\"https:\/\/belux-edmo.s3-accelerate.amazonaws.com\/wp-content\/uploads\/2026\/01\/a29cb069ffa85dcd7713be2cfebf35e1_resized.jpg\",\"articleSection\":[\"Editor's Choice Slider LU\",\"Fact Check\",\"Ukraine\",\"Wirtschaft\"],\"inLanguage\":\"lb-LU\"},{\"@type\":\"WebPage\",\"@id\":\"https:\/\/belux.edmo.eu\/lb\/faktencheck-mercedes-benz-huet-mark-a-russland-ugemellt-plangt-awer-kee-retour\/\",\"url\":\"https:\/\/belux.edmo.eu\/lb\/faktencheck-mercedes-benz-huet-mark-a-russland-ugemellt-plangt-awer-kee-retour\/\",\"name\":\"Faktencheck: Mercedes-Benz huet Mark a Russland ugemellt, plangt awer kee Retour - EDMO Belux\",\"isPartOf\":{\"@id\":\"https:\/\/belux.edmo.eu\/#website\"},\"primaryImageOfPage\":{\"@id\":\"https:\/\/belux.edmo.eu\/lb\/faktencheck-mercedes-benz-huet-mark-a-russland-ugemellt-plangt-awer-kee-retour\/#primaryimage\"},\"image\":{\"@id\":\"https:\/\/belux.edmo.eu\/lb\/faktencheck-mercedes-benz-huet-mark-a-russland-ugemellt-plangt-awer-kee-retour\/#primaryimage\"},\"thumbnailUrl\":\"https:\/\/belux-edmo.s3-accelerate.amazonaws.com\/wp-content\/uploads\/2026\/01\/a29cb069ffa85dcd7713be2cfebf35e1_resized.jpg\",\"datePublished\":\"2026-01-28T14:00:00+00:00\",\"dateModified\":\"2026-01-29T00:09:47+00:00\",\"breadcrumb\":{\"@id\":\"https:\/\/belux.edmo.eu\/lb\/faktencheck-mercedes-benz-huet-mark-a-russland-ugemellt-plangt-awer-kee-retour\/#breadcrumb\"},\"inLanguage\":\"lb-LU\",\"potentialAction\":[{\"@type\":\"ReadAction\",\"target\":[\"https:\/\/belux.edmo.eu\/lb\/faktencheck-mercedes-benz-huet-mark-a-russland-ugemellt-plangt-awer-kee-retour\/\"]}]},{\"@type\":\"ImageObject\",\"inLanguage\":\"lb-LU\",\"@id\":\"https:\/\/belux.edmo.eu\/lb\/faktencheck-mercedes-benz-huet-mark-a-russland-ugemellt-plangt-awer-kee-retour\/#primaryimage\",\"url\":\"https:\/\/belux-edmo.s3-accelerate.amazonaws.com\/wp-content\/uploads\/2026\/01\/a29cb069ffa85dcd7713be2cfebf35e1_resized.jpg\",\"contentUrl\":\"https:\/\/belux-edmo.s3-accelerate.amazonaws.com\/wp-content\/uploads\/2026\/01\/a29cb069ffa85dcd7713be2cfebf35e1_resized.jpg\",\"width\":768,\"height\":512,\"caption\":\"Faktencheck: Mercedes-Benz huet Mark a Russland ugemellt, plangt awer kee Retour - Featured image\"},{\"@type\":\"BreadcrumbList\",\"@id\":\"https:\/\/belux.edmo.eu\/lb\/faktencheck-mercedes-benz-huet-mark-a-russland-ugemellt-plangt-awer-kee-retour\/#breadcrumb\",\"itemListElement\":[{\"@type\":\"ListItem\",\"position\":1,\"name\":\"Home\",\"item\":\"https:\/\/belux.edmo.eu\/lb\/\"},{\"@type\":\"ListItem\",\"position\":2,\"name\":\"Faktencheck: Mercedes-Benz huet Mark a Russland ugemellt, plangt awer kee Retour\"}]},{\"@type\":\"WebSite\",\"@id\":\"https:\/\/belux.edmo.eu\/#website\",\"url\":\"https:\/\/belux.edmo.eu\/\",\"name\":\"EDMO Belux\",\"description\":\"Monitoring Disinformation in Belgium and Luxembourg\",\"publisher\":{\"@id\":\"https:\/\/belux.edmo.eu\/#organization\"},\"potentialAction\":[{\"@type\":\"SearchAction\",\"target\":{\"@type\":\"EntryPoint\",\"urlTemplate\":\"https:\/\/belux.edmo.eu\/?s={search_term_string}\"},\"query-input\":{\"@type\":\"PropertyValueSpecification\",\"valueRequired\":true,\"valueName\":\"search_term_string\"}}],\"inLanguage\":\"lb-LU\"},{\"@type\":\"Organization\",\"@id\":\"https:\/\/belux.edmo.eu\/#organization\",\"name\":\"EDMO Belux\",\"url\":\"https:\/\/belux.edmo.eu\/\",\"logo\":{\"@type\":\"ImageObject\",\"inLanguage\":\"lb-LU\",\"@id\":\"https:\/\/belux.edmo.eu\/#\/schema\/logo\/image\/\",\"url\":\"https:\/\/belux.edmo.eu\/wp-content\/uploads\/2021\/12\/belux-logo-full-color-rgb.svg\",\"contentUrl\":\"https:\/\/belux.edmo.eu\/wp-content\/uploads\/2021\/12\/belux-logo-full-color-rgb.svg\",\"width\":1,\"height\":1,\"caption\":\"EDMO Belux\"},\"image\":{\"@id\":\"https:\/\/belux.edmo.eu\/#\/schema\/logo\/image\/\"},\"sameAs\":[\"https:\/\/x.com\/Edmo_Belux\"]},{\"@type\":\"Person\",\"@id\":\"https:\/\/belux.edmo.eu\/#\/schema\/person\/dbe3b252258537fd318f9b5645a30342\",\"name\":\"master\",\"sameAs\":[\"https:\/\/belux.wpengine.com\"],\"url\":\"https:\/\/belux.edmo.eu\/lb\/author\/master\/\"}]}<\/script>\n<!-- \/ Yoast SEO plugin. -->","yoast_head_json":{"title":"Faktencheck: Mercedes-Benz huet Mark a Russland ugemellt, plangt awer kee Retour - EDMO Belux","robots":{"index":"index","follow":"follow","max-snippet":"max-snippet:-1","max-image-preview":"max-image-preview:large","max-video-preview":"max-video-preview:-1"},"canonical":"https:\/\/belux.edmo.eu\/lb\/faktencheck-mercedes-benz-huet-mark-a-russland-ugemellt-plangt-awer-kee-retour\/","og_locale":"en_US","og_type":"article","og_title":"Faktencheck: Mercedes-Benz huet Mark a Russland ugemellt, plangt awer kee Retour - EDMO Belux","og_description":"Eng Hickecht Entreprisen hu sech z\u00ebnter dem russeschen Iwwerfall op d'Ukrain am Joer 2022 aus Russland zer\u00e9ckgezunn. Am Januar 2026 hu Userinnen a User am Internet doriwwer spekul\u00e9iert, ob den Autohiersteller Mercedes-Benz op de russesche Maart zer\u00e9ckk\u00e9im. Belee\u00eb soll dat en Dokument, dat awer aus dem Kontext gerappt gouf.","og_url":"https:\/\/belux.edmo.eu\/lb\/faktencheck-mercedes-benz-huet-mark-a-russland-ugemellt-plangt-awer-kee-retour\/","og_site_name":"EDMO Belux","article_published_time":"2026-01-28T14:00:00+00:00","article_modified_time":"2026-01-29T00:09:47+00:00","og_image":[{"width":768,"height":512,"url":"https:\/\/belux-edmo.s3-accelerate.amazonaws.com\/wp-content\/uploads\/2026\/01\/a29cb069ffa85dcd7713be2cfebf35e1_resized.jpg","type":"image\/jpeg"}],"author":"master","twitter_card":"summary_large_image","twitter_creator":"@Edmo_Belux","twitter_site":"@Edmo_Belux","twitter_misc":{"Written by":"master","Est. reading time":"7 minutes"},"schema":{"@context":"https:\/\/schema.org","@graph":[{"@type":"Article","@id":"https:\/\/belux.edmo.eu\/lb\/faktencheck-mercedes-benz-huet-mark-a-russland-ugemellt-plangt-awer-kee-retour\/#article","isPartOf":{"@id":"https:\/\/belux.edmo.eu\/lb\/faktencheck-mercedes-benz-huet-mark-a-russland-ugemellt-plangt-awer-kee-retour\/"},"author":{"name":"master","@id":"https:\/\/belux.edmo.eu\/#\/schema\/person\/dbe3b252258537fd318f9b5645a30342"},"headline":"Faktencheck: Mercedes-Benz huet Mark a Russland ugemellt, plangt awer kee Retour","datePublished":"2026-01-28T14:00:00+00:00","dateModified":"2026-01-29T00:09:47+00:00","mainEntityOfPage":{"@id":"https:\/\/belux.edmo.eu\/lb\/faktencheck-mercedes-benz-huet-mark-a-russland-ugemellt-plangt-awer-kee-retour\/"},"wordCount":1558,"publisher":{"@id":"https:\/\/belux.edmo.eu\/#organization"},"image":{"@id":"https:\/\/belux.edmo.eu\/lb\/faktencheck-mercedes-benz-huet-mark-a-russland-ugemellt-plangt-awer-kee-retour\/#primaryimage"},"thumbnailUrl":"https:\/\/belux-edmo.s3-accelerate.amazonaws.com\/wp-content\/uploads\/2026\/01\/a29cb069ffa85dcd7713be2cfebf35e1_resized.jpg","articleSection":["Editor's Choice Slider LU","Fact Check","Ukraine","Wirtschaft"],"inLanguage":"lb-LU"},{"@type":"WebPage","@id":"https:\/\/belux.edmo.eu\/lb\/faktencheck-mercedes-benz-huet-mark-a-russland-ugemellt-plangt-awer-kee-retour\/","url":"https:\/\/belux.edmo.eu\/lb\/faktencheck-mercedes-benz-huet-mark-a-russland-ugemellt-plangt-awer-kee-retour\/","name":"Faktencheck: Mercedes-Benz huet Mark a Russland ugemellt, plangt awer kee Retour - EDMO Belux","isPartOf":{"@id":"https:\/\/belux.edmo.eu\/#website"},"primaryImageOfPage":{"@id":"https:\/\/belux.edmo.eu\/lb\/faktencheck-mercedes-benz-huet-mark-a-russland-ugemellt-plangt-awer-kee-retour\/#primaryimage"},"image":{"@id":"https:\/\/belux.edmo.eu\/lb\/faktencheck-mercedes-benz-huet-mark-a-russland-ugemellt-plangt-awer-kee-retour\/#primaryimage"},"thumbnailUrl":"https:\/\/belux-edmo.s3-accelerate.amazonaws.com\/wp-content\/uploads\/2026\/01\/a29cb069ffa85dcd7713be2cfebf35e1_resized.jpg","datePublished":"2026-01-28T14:00:00+00:00","dateModified":"2026-01-29T00:09:47+00:00","breadcrumb":{"@id":"https:\/\/belux.edmo.eu\/lb\/faktencheck-mercedes-benz-huet-mark-a-russland-ugemellt-plangt-awer-kee-retour\/#breadcrumb"},"inLanguage":"lb-LU","potentialAction":[{"@type":"ReadAction","target":["https:\/\/belux.edmo.eu\/lb\/faktencheck-mercedes-benz-huet-mark-a-russland-ugemellt-plangt-awer-kee-retour\/"]}]},{"@type":"ImageObject","inLanguage":"lb-LU","@id":"https:\/\/belux.edmo.eu\/lb\/faktencheck-mercedes-benz-huet-mark-a-russland-ugemellt-plangt-awer-kee-retour\/#primaryimage","url":"https:\/\/belux-edmo.s3-accelerate.amazonaws.com\/wp-content\/uploads\/2026\/01\/a29cb069ffa85dcd7713be2cfebf35e1_resized.jpg","contentUrl":"https:\/\/belux-edmo.s3-accelerate.amazonaws.com\/wp-content\/uploads\/2026\/01\/a29cb069ffa85dcd7713be2cfebf35e1_resized.jpg","width":768,"height":512,"caption":"Faktencheck: Mercedes-Benz huet Mark a Russland ugemellt, plangt awer kee Retour - Featured image"},{"@type":"BreadcrumbList","@id":"https:\/\/belux.edmo.eu\/lb\/faktencheck-mercedes-benz-huet-mark-a-russland-ugemellt-plangt-awer-kee-retour\/#breadcrumb","itemListElement":[{"@type":"ListItem","position":1,"name":"Home","item":"https:\/\/belux.edmo.eu\/lb\/"},{"@type":"ListItem","position":2,"name":"Faktencheck: Mercedes-Benz huet Mark a Russland ugemellt, plangt awer kee Retour"}]},{"@type":"WebSite","@id":"https:\/\/belux.edmo.eu\/#website","url":"https:\/\/belux.edmo.eu\/","name":"EDMO Belux","description":"Monitoring Disinformation in Belgium and Luxembourg","publisher":{"@id":"https:\/\/belux.edmo.eu\/#organization"},"potentialAction":[{"@type":"SearchAction","target":{"@type":"EntryPoint","urlTemplate":"https:\/\/belux.edmo.eu\/?s={search_term_string}"},"query-input":{"@type":"PropertyValueSpecification","valueRequired":true,"valueName":"search_term_string"}}],"inLanguage":"lb-LU"},{"@type":"Organization","@id":"https:\/\/belux.edmo.eu\/#organization","name":"EDMO Belux","url":"https:\/\/belux.edmo.eu\/","logo":{"@type":"ImageObject","inLanguage":"lb-LU","@id":"https:\/\/belux.edmo.eu\/#\/schema\/logo\/image\/","url":"https:\/\/belux.edmo.eu\/wp-content\/uploads\/2021\/12\/belux-logo-full-color-rgb.svg","contentUrl":"https:\/\/belux.edmo.eu\/wp-content\/uploads\/2021\/12\/belux-logo-full-color-rgb.svg","width":1,"height":1,"caption":"EDMO Belux"},"image":{"@id":"https:\/\/belux.edmo.eu\/#\/schema\/logo\/image\/"},"sameAs":["https:\/\/x.com\/Edmo_Belux"]},{"@type":"Person","@id":"https:\/\/belux.edmo.eu\/#\/schema\/person\/dbe3b252258537fd318f9b5645a30342","name":"master","sameAs":["https:\/\/belux.wpengine.com"],"url":"https:\/\/belux.edmo.eu\/lb\/author\/master\/"}]}},"menu_order":0,"_links":{"self":[{"href":"https:\/\/belux.edmo.eu\/lb\/wp-json\/wp\/v2\/posts\/506665","targetHints":{"allow":["GET"]}}],"collection":[{"href":"https:\/\/belux.edmo.eu\/lb\/wp-json\/wp\/v2\/posts"}],"about":[{"href":"https:\/\/belux.edmo.eu\/lb\/wp-json\/wp\/v2\/types\/post"}],"author":[{"embeddable":true,"href":"https:\/\/belux.edmo.eu\/lb\/wp-json\/wp\/v2\/users\/1"}],"replies":[{"embeddable":true,"href":"https:\/\/belux.edmo.eu\/lb\/wp-json\/wp\/v2\/comments?post=506665"}],"version-history":[{"count":0,"href":"https:\/\/belux.edmo.eu\/lb\/wp-json\/wp\/v2\/posts\/506665\/revisions"}],"wp:featuredmedia":[{"embeddable":true,"href":"https:\/\/belux.edmo.eu\/lb\/wp-json\/wp\/v2\/media\/506650"}],"wp:attachment":[{"href":"https:\/\/belux.edmo.eu\/lb\/wp-json\/wp\/v2\/media?parent=506665"}],"wp:term":[{"taxonomy":"category","embeddable":true,"href":"https:\/\/belux.edmo.eu\/lb\/wp-json\/wp\/v2\/categories?post=506665"},{"taxonomy":"post_tag","embeddable":true,"href":"https:\/\/belux.edmo.eu\/lb\/wp-json\/wp\/v2\/tags?post=506665"}],"curies":[{"name":"wp","href":"https:\/\/api.w.org\/{rel}","templated":true}]}}