{"id":54850,"date":"2022-07-04T09:00:44","date_gmt":"2022-07-04T09:00:44","guid":{"rendered":"https:\/\/belux.edmo.eu\/?p=54850"},"modified":"2022-10-06T13:39:35","modified_gmt":"2022-10-06T13:39:35","slug":"faktencheck-de-greenwashing-vu-ptrolsentreprisen-eng-klimatesch-desinformatioun","status":"publish","type":"post","link":"https:\/\/belux.edmo.eu\/lb\/faktencheck-de-greenwashing-vu-ptrolsentreprisen-eng-klimatesch-desinformatioun\/","title":{"rendered":"Faktencheck: De &#8220;Greenwashing&#8221; vu P\u00ebtrolsentreprisen: eng klimatesch Desinformatioun"},"content":{"rendered":"<article>\n<div>\n<div>\n<p>&nbsp;<\/p>\n<\/div>\n<div>\n<p>De Klimawandel ass e wichtege Sujet och fir P\u00ebtrols- a Gaskonzerner. A selwer produz\u00e9ierte Reklamme weise si hiert Engagement fir de Klimaschutz. M\u00e4 ass dat Engagement reell oder just Fassad?<\/p>\n<p>D&#8217;Wuert &#8220;Greenwashing&#8221;, dat vun den ONGe reegelm\u00e9isseg g\u00e9int Entreprisen oder Regierunge benotzt g\u00ebtt, bezeechent dem <a href=\"https:\/\/www.larousse.fr\/dictionnaires\/francais\/%C3%A9coblanchiment\/10910961#:~:text=Utilisation%20fallacieuse%20d'arguments%20faisant,de%20l'anglais%20greenwashing.)\" target=\"_blank\" rel=\"noopener\">Larousse-Dictionnaire<\/a> no &#8220;dat ierf\u00e9ierend Benotze vun Argumenter iwwer gutt \u00cbmweltpraktiken a Marketing- oder Kommunikatiounsmoossnamen&#8221;, well d\u00ebs Argumenter falsch sinn oder, wat nach m\u00e9i heefeg de Fall ass, well se net mat enger Ried a virun allem mat Aktiounen iwwerenee st\u00ebmmen, d\u00e9i dorop ofzilen, g\u00e9int d\u00ebs &#8220;gr\u00e9ng&#8221; Kommunikatioun virzegoen, an zwar sou w\u00e4it, dass se ierf\u00e9ierend ginn.<\/p>\n<p>Zesummefaassend sch\u00e4tzen d&#8217;Kritiker, dass d\u00ebs Messagen de gr\u00e9issten Deel vun den Aktivit\u00e9iten vun Entreprisen, d\u00e9i d&#8217;\u00cbmwelt verknaschten, verschleieren, obwuel d&#8217;Auswierkunge vu fossillen Energien op d\u00e9i global Erwiermung wuel <a href=\"https:\/\/www.ipcc.ch\/languages-2\/francais\/\" target=\"_blank\" rel=\"noopener\">bekannt an dokument\u00e9iert sinn<\/a>.<\/p>\n<p>Den intergouvernementale Grupp vun Experten iwwer d&#8217;Entw\u00e9cklung vum Klima (<a href=\"https:\/\/perma.cc\/WVL7-9KT9\" target=\"_blank\" rel=\"noopener\">IPCC<\/a>) vun de Vereenten Natiounen erkl\u00e4ert, dass d&#8217;Z\u00e4regasemissioune bis 2050 op &#8220;netto Null&#8221; gesenkt musse ginn, fir d&#8217;Zil vun 1,5 \u00b0C Erwiermung ze erreechen, dat theoreetesch dozou f\u00e9iert, dass d\u00e9i schl\u00ebmmst Konsequenze fir d&#8217;\u00cbmwelt verh\u00ebnnert k\u00ebnne ginn.<\/p>\n<p>D\u00e9i International Energieagence (<a href=\"https:\/\/perma.cc\/AX5J-B5JV\" target=\"_blank\" rel=\"noopener\">IEA<\/a>) huet hirers\u00e4its am Joer 2021 e <a href=\"https:\/\/perma.cc\/4JFF-FT7N\" target=\"_blank\" rel=\"noopener\">Fuerplang<\/a> fir d&#8217;\u00cbmstellung op net fossil Energi\u00eb publiz\u00e9iert, fir dat Zil ze erreechen. &#8220;Et geet virun allem dor\u00ebm, ab haut net m\u00e9i an nei Projete fir d&#8217;Versuergung mat fossiller Energie ze invest\u00e9ieren&#8221;, prezis\u00e9iert se.<\/p>\n<p>&#8220;Null Emissiounen&#8221;<\/p>\n<p>Eng ganz Partie Entreprisen hu sech verflicht, d\u00ebst &#8220;Null-Emissiounszil&#8221; ze erreechen, d\u00e9i erfuerderlech ass, fir d\u00e9i global Erwiermung konform zum <a href=\"https:\/\/unfccc.int\/fr\/processus-et-reunions\/l-accord-de-paris\/l-accord-de-paris\" target=\"_blank\" rel=\"noopener\">Par\u00e4isser Klimaaccord vun 2015<\/a> op 1,5 \u00b0C ze begrenzen. Gl\u00e4ichz\u00e4iteg f\u00ebrdere si awer, w\u00e9i <a href=\"https:\/\/perma.cc\/T5PF-CYJL\" target=\"_blank\" rel=\"noopener\">Fuerscher<\/a> betounen, fossil Energien a starte souguer nei Buerprojeten.<\/p>\n<p>Wourop besonnesch Klimaaktivisten a vill Experten hiweisen, ass d&#8217;Diskrepanz t\u00ebscht &#8220;gr\u00e9ngem&#8221; Discours an Aktiounen, d\u00e9i net nokommen oder souguer an d\u00e9i aner Richtung ginn.<\/p>\n<p>Op Ufro vun der AFP verdeedege sech ExxonMobil a Chevron mam Hiweis, dass d&#8217;Zenarie vum Accord vu Par\u00e4is a vun der IEA dovun ausginn, dass fossil Energien nieft den erneierbaren Energiequellen eng Roll bei der \u00cbmstellung spille mussen.<\/p>\n<p>An der Suitte sinn zwee Beispiller fir widderspr\u00e9chlech Kommunikatioun vu BP op Facebook ze gesinn: <a href=\"https:\/\/perma.cc\/55W7-T32R\" target=\"_blank\" rel=\"noopener\">L\u00e9nks<\/a>: &#8220;Entreprisen, d\u00e9i gr\u00e9ng ginn, erm\u00e9iglechen et opgrond vun hirer Gr\u00e9isst an hire Ressourcen, d&#8217;Ziler vum Par\u00e4isser Klimaaccord m\u00e9i s\u00e9ier ze erreechen.&#8221; Op der <a href=\"https:\/\/www.facebook.com\/ads\/library\/?active_status=all&amp;ad_type=political_and_issue_ads&amp;country=FR&amp;media_type=all\" target=\"_blank\" rel=\"noopener\">rietser S\u00e4it<\/a> steet eng Annonce (aus S\u00fcdafrika), an d\u00e4r erkl\u00e4ert g\u00ebtt, dass ee beim Tanke bei BP un engem Gew\u00ebnnspill deelhuele kann, fir vill Suen ze gewannen.<\/p>\n<p><img src=\"https:\/\/belux.edmo.eu\/wp-content\/uploads\/2022\/06\/7a0d098165a7c4202d9722045e225001.jpeg\" alt=\"RTL\" \/> Capture d\u2019\u00e9cran r\u00e9alis\u00e9e le 2 mai 2022 d\u2019une publication Facebook du 6 janvier de BP ( Roland LLOYD PARRY)<\/p>\n<p><img src=\"https:\/\/belux.edmo.eu\/wp-content\/uploads\/2022\/06\/4d46c74aab2c935be230c9fb4df00a5f.jpeg\" alt=\"RTL\" \/> Capture d\u2019\u00e9cran r\u00e9alis\u00e9e le 2 mai 2022 d\u2019une publicit\u00e9 de BP sur Facebook en avril 2022 ( Facebook Ad Library \/ )<\/p>\n<p>An engem B\u00e4itrag op <a href=\"https:\/\/www.facebook.com\/TotalEnergiesPolynesie\/videos\/362519488787347\/?__tn__=%2CO\" target=\"_blank\" rel=\"noopener\">senger Facebook-S\u00e4it<\/a> vum Februar 2022 sot de frans\u00e9ische Konzern TotalEnergies, dass hie sech un der Dekarbonis\u00e9ierung vum Stroosseverk\u00e9ier bedeelege w\u00e4ert. Gl\u00e4ichz\u00e4iteg huet d&#8217;Entreprise hire Clienten an enger Reklamm propos\u00e9iert &#8220;Bensinn fir ee Joer&#8221; ze gewannen.<\/p>\n<p>Fir d\u00ebsen Artikel kontakt\u00e9iert, huet TotalEnergies op eng Ried vum CEO Patrick Pouyann\u00e9 op der Generalversammlung am Mee 2022 verwisen, an d\u00e4r hien de Plang vun der Entreprise fir null Netto-Emissioune bis 2050 ausf\u00e9ierlech expliz\u00e9iert huet.<\/p>\n<p>&#8220;D\u00ebs Visioun ass keng Illusioun oder Greenwashing, se ass a quantifiz\u00e9ierbaren Objektiver fir d&#8217;Reduz\u00e9ierung vun eisen Z\u00e4regasemissioune verankert&#8221;, huet hie vers\u00e9chert.<\/p>\n<p>BP huet op d&#8217;Demande vun der AFP fir e Commentaire net reag\u00e9iert.<\/p>\n<p><img src=\"https:\/\/belux.edmo.eu\/wp-content\/uploads\/2022\/06\/58e1ad7fc1be2307530218fd49bf2682.jpeg\" alt=\"RTL\" \/> Capture d\u2019\u00e9cran r\u00e9alis\u00e9e le 18 mai 2022 d\u2019une publication Facebook du 12 f\u00e9vrier 2022 de TotalEnergies<\/p>\n<p><img src=\"https:\/\/belux.edmo.eu\/wp-content\/uploads\/2022\/06\/55687701b669fc40780e1d48f464d801.jpeg\" alt=\"RTL\" \/> Capture d\u2019\u00e9cran r\u00e9alis\u00e9e le 18 mai 2022 d\u2019une publicit\u00e9 de TotalEnergies sur Facebook en f\u00e9vrier 2022 ( Facebook Ad Library \/ )<\/p>\n<p>Vu Pinguinen a P\u00ebtrol<\/p>\n<p>Och wann et net verwonnerlech ass, dass Entreprisen, d\u00e9i fossil Energi\u00eb bedreiwen, weiderhin no P\u00ebtrol, Gas oder Kuel sichen a f\u00ebrderen, kann ee vun &#8220;Eko-Blanchiment&#8221; schw\u00e4tzen, wa si esou Projeten envisag\u00e9ieren a gl\u00e4ichz\u00e4iteg behaapten, si g\u00e9ifen d'&#8221;Null-Emissiounszil&#8221; verfollegen, mengt d\u00e9i amerikanesch Fuerscherin an Aktivistin <a href=\"https:\/\/www.genevieveguenther.com\/\" target=\"_blank\" rel=\"noopener\">Genevieve Guenther<\/a> g\u00e9intiwwer der AFP.<\/p>\n<p>De Schl\u00ebssel fir &#8220;Greenwashing&#8221; ze identifiz\u00e9iere l\u00e4it doran, d&#8217;Diskrepanz t\u00ebscht de Mesuren, mat deenen d&#8217;Entrepris\u00eb sech bretzen, an den Normen ze moossen, d\u00e9i no der Usiicht vun der W\u00ebssenschaftlerin erfuerderlech sinn, fir d&#8217;Emissiounen effektiv ze reduz\u00e9ieren.<\/p>\n<p>Greenpeace <a href=\"https:\/\/perma.cc\/J2PG-SC94\" target=\"_blank\" rel=\"noopener\">verweist<\/a> op &#8220;riskant Behaaptungen, vun der Natur inspir\u00e9iert Biller oder moudesch &#8216;gr\u00e9ng Wierder'&#8221; a &#8220;symbolesch Gesten &#8230; d\u00e9i e &#8216;gr\u00e9nge&#8217; Charakter f\u00ebrderen, w\u00e4rend aner m\u00e9i wichteg \u00cbmweltfroen ignor\u00e9iert ginn.&#8221;<\/p>\n<p>De Weltwirtschaftsforum zu Davos <a href=\"https:\/\/perma.cc\/KMN9-YV5L\" target=\"_blank\" rel=\"noopener\">selwer warnt<\/a> virun &#8220;Aussoen, d\u00e9i d&#8217;Opmierksamkeet op m\u00e9i kleng Probleemer lenken, ouni dass entspriechend Mesuren ergraff ginn.&#8221;<\/p>\n<p>Den digitalen Observatoire <a href=\"https:\/\/eco-bot.net\/\" target=\"_blank\" rel=\"noopener\">Eco-Bot.net<\/a> (deem s\u00e4in Zil et ass, &#8220;Feelinformatiounen iwwer de Klimawandel an de Greenwashing vun Entreprisen a sozialen Netzwierker w\u00e4rend der COP26 zu Glasgow Enn 2021 opzedecken&#8221;) verweist op d&#8217;Matdeelung, d\u00e9i &#8220;selektiv d&#8217;Referenze vun den Entreprisen opweist oder symbolesch Aktioune virstellt, fir e sympathescht Bild vun der Mark opzebauen.&#8221;<\/p>\n<p>D&#8217;Organisatioun huet a sozialen Netzwierker Reklammen a Messagen iwwer de Schutz vu Seidenraupen (d\u00e9i mexikanesch Entreprise Cemex), Fr\u00e4schen (de Gaskonzern TransCanada), Opposumen (Electronuclear, eng Duechtergesellschaft vum brasilianesche Konzern Eletrobras), B\u00ebscher (verschidden Entrepris\u00eb w\u00e9i d\u00e9i spuenesch Ueleggesellschaft Repsol a Petronas aus Malaysia) an e Message vum amerikanesche Gigant ExxonMobil iwwer de Recycling vun Aangelschnoueren a Patagonien.<\/p>\n<p><img src=\"https:\/\/belux.edmo.eu\/wp-content\/uploads\/2022\/06\/83d276f65ba041170430148bf4236180.jpeg\" alt=\"RTL\" \/> Capture d\u2019\u00e9cran r\u00e9alis\u00e9e le 8 avril 2022 d\u2019une publication Facebook du 28 juillet 2021 de l\u2019entreprise br\u00e9silienne Petrobras ( AFP \/ )<\/p>\n<p>An d\u00ebse Screenshots schw\u00e4tzt d\u00e9i brasilianesch Ueleggesellschaft Petrobras (uewen) dovun, <a href=\"https:\/\/perma.cc\/QYZ6-GSKY?type=image\" target=\"_blank\" rel=\"noopener\">Pinguinen<\/a> an Nout ze h\u00ebllefen, w\u00e4rend (\u00ebnnen) de russesche Gasgigant Gazprom mat <a href=\"https:\/\/perma.cc\/7KTN-65PU?type=image\" target=\"_blank\" rel=\"noopener\">Walrosse<\/a> schafft an d\u00e9i chineesech Staatsgesellschaft Sinopec behaapt, dass <a href=\"https:\/\/perma.cc\/D6S8-PKKP?type=image\" target=\"_blank\" rel=\"noopener\">Fiederkrounen<\/a> an der G\u00e9igend vun enger vun hire Raffinerie wuessen, &#8220;dank enger exzellenter Kl\u00e4rung vum Ofwaasser.&#8221;<\/p>\n<p><img src=\"https:\/\/belux.edmo.eu\/wp-content\/uploads\/2022\/06\/1105d01b138e17846a1b8c4aa155a399.jpeg\" alt=\"RTL\" \/> Capture d\u2019\u00e9cran r\u00e9alis\u00e9e le 8 avril 2022 d\u2019une publication Facebook du 5 ao\u00fbt 2021 de l\u2019entreprise russe Gazprom ( AFP \/ )<\/p>\n<p><img src=\"https:\/\/belux.edmo.eu\/wp-content\/uploads\/2022\/06\/c98c8057da87e704d10b8c8528e95c6b.jpeg\" alt=\"RTL\" \/> Capture d\u2019\u00e9cran r\u00e9alis\u00e9e le 8 avril 2022 d\u2019une publication Facebook du 27 juillet 2021 de l\u2019entreprise chinoise Sinopec ( AFP \/ )<\/p>\n<p>Gro-gr\u00e9ng Zon<\/p>\n<p>D\u00ebse Genre vu Messagen entzitt sech an de meeschte F\u00e4ll der traditioneller journalistescher Verfikatiounsaarbecht (&#8220;fact-checking&#8221;), w\u00e9i verschidde Fachleit, d\u00e9i vun der AFP befrot goufen, festgestallt hunn.<\/p>\n<p>&#8220;Den Eko-Blanchiment ass eng vill m\u00e9i komplex Form vun Infox&#8221;, w\u00e9i just ze pr\u00e9iwen, ob eppes &#8220;wouer&#8221; oder &#8220;falsch&#8221; ass, seet d&#8217;<a href=\"https:\/\/perma.cc\/3RBC-HRE3\" target=\"_blank\" rel=\"noopener\">Melissa Aronczyk<\/a>, stellvertriedend Professorin fir Kommunikatioun op der Rutgers University an New Jersey, d\u00e9i eng Rei Et\u00fcden zu d\u00ebsem Sujet mat verfaasst huet.<\/p>\n<p>&#8220;Et st\u00ebmmt, dass d&#8217;Desinformatioun, d\u00e9i dora besteet, einfach d&#8217;Existenz vum vu M\u00ebnsch verursaachte Klimawandel ze ni\u00e9ieren, haut net m\u00e9i esou offensichtlech ass w\u00e9i fr\u00e9ier. Nei Forme vun Desinformatioun, d\u00e9i dorop ofzilen, d&#8217;Adoptioun vu Klimawandelmoossnamen ofzebremsen, betreffen \u00ebmmer m\u00e9i d&#8217;L\u00e9isungen (w\u00e9i Attacken op erneierbar Energien)&#8221;, seet och den Emmanuel Vincent, Gr\u00ebnner vum Verifikatiounssite <a href=\"https:\/\/climatefeedback.org\/\" target=\"_blank\" rel=\"noopener\">Climate Feedback<\/a>, dee sech op Klimafroe spezialis\u00e9iert huet, am Gespr\u00e9ich mat der AFP.<\/p>\n<p>&#8220;Greenwashing&#8221; ass eng &#8220;Grozon&#8221; mat kommerzielle Messagen, d\u00e9i &#8220;net direkt an d&#8217;Aktivit\u00e9ite vun de &#8216;Faktenchecker&#8217; afl\u00e9issen&#8221;, seet hien.<\/p>\n<p>No Usiicht vun der Madamm Guenther sinn d\u00e9i grouss Entreprisen, d\u00e9i fossil Energien hierstellen, schlau genuch, fir net in flagranti erw\u00ebscht ze ginn. &#8220;Si hunn aus der Zweedeitegkeet eng W\u00ebssenschaft gemaach&#8221;, seet si.<\/p>\n<p><img src=\"https:\/\/belux.edmo.eu\/wp-content\/uploads\/2022\/06\/459c2c2170d04f9c5147a3c985b9380d.jpeg\" alt=\"RTL\" \/> Des militants \u00e9cologistes lors d\u2019un rassemblement en France en ao\u00fbt 2021 ( AFP \/ Alain Jocard)<\/p>\n<p>D&#8217;Natur vun de Behaaptungen iwwer &#8220;ekologesche Blanchiment&#8221; m\u00e9cht se &#8220;schw\u00e9ier ze erkennen&#8221;, seet nach d&#8217;Madamm Aronczyk.<\/p>\n<p>&#8220;Et ass schwiereg, d&#8217;Resultat vu best\u00ebmmten Aarte vun \u00cbmweltengagementer ze moossen, virun allem, wann et sech \u00ebm laangfristeg Verflichtungen handelt&#8221;, f\u00fc\u00fcgt d&#8217;Expertin dob\u00e4i a weist dorop hin, dass munch Behaaptunge sou vag sinn, dass se schw\u00e9ier ze widderlee\u00eb sinn.<\/p>\n<p>&#8220;Wann eng Entreprise seet, dass se mat Elektroautoen &#8216;dem Zil vun Null-Emissioune m\u00e9i no k\u00ebnnt&#8217; oder &#8216;de Klimawandel bek\u00e4mpft&#8217; [&#8230;], w\u00e9i kann een dat \u00ebnnersichen oder bek\u00e4mpfen?, freet si.<\/p>\n<p>Fir d&#8217;\u00cbmweltsch\u00fctzer erg\u00ebtt sech doduerch eng wierklech Front vun Desinformatioun, wat d&#8217;Engagementer g\u00e9int de Klimawandel betr\u00ebfft.<\/p>\n<p>Auswierkungen a Retard<\/p>\n<p><a href=\"https:\/\/perma.cc\/6H9E-CEAV\" target=\"_blank\" rel=\"noopener\">Klimaaktivisten argument\u00e9ieren<\/a>, dass d&#8217;Promotioun vu berouegenden \u00cbmweltsloganen (z.B. d\u00e9i vill Initiativen, d\u00e9i Entrepris\u00eb fir de Schutz vun der Fauna an de lokale Communaut\u00e9iten ugek\u00ebnnegt hunn) an Aktiounspl\u00e4ng, d\u00e9i heiansdo just vu begrenztem Notze sinn, d&#8217;Ustrengunge fir d&#8217;Auswierkunge vum Klimawandel ze limit\u00e9ieren, \u00ebnnergruewen.<\/p>\n<p>&#8220;D\u00ebsen &#8216;ekologesche Blanchiment&#8217; ass am Grond eng Taktik, d\u00e9i dorop ofziilt, staatlech Reglementatiounen an d&#8217;L\u00e4ngt ze z\u00e9ien. Et huet och d&#8217;Potenzial, d&#8217;\u00cbffentlechkeet an d&#8217;Ier ze f\u00e9ieren a se dovun ze iwwerzeegen, dass scho Mesuren am S\u00ebnn vum Klimaschutz ergraff goufen, w\u00e4rend &#8216;Big Oil&#8217; (d\u00e9i grouss P\u00ebtrolskonzerner, Um. v. d. Red.) hannert de Kulisse weiderhin Drock op nei Ueleg- a Gasfelder aus\u00fc\u00fcbt&#8221;, mengt d&#8217;Faye Holder, Programmdirektesch bei <a href=\"https:\/\/influencemap.org\/\" target=\"_blank\" rel=\"noopener\">InfluenceMap<\/a>.<\/p>\n<p>D\u00ebse Think Tank ass op d&#8217;Analys vun Aktioune vun Entreprisen am Bezuch op Klimaziler spezialis\u00e9iert. En analys\u00e9iert Dausende vun Dokumenter, fir d\u00e9i \u00ebffentlech Messag\u00eb vun Energieentreprisen a sozialen Netzwierker ze bew\u00e4erten a se mat hiren Aktiounen ze vergl\u00e4ichen.<\/p>\n<p>&#8220;Mir hu gesinn, w\u00e9i d\u00e9i grouss P\u00ebtrolskonzerner \u00ebnnerschiddlech Kommunikatiounsstrategien asetzen, fir hir Besuergnes iwwer den Zesummenhang mam Klimawandel ze zerstree\u00ebn, andeem si ze verstoe ginn, dass si d&#8217;Zil vun enger &#8216;Null-Emissioun&#8217;-Zukunft deelen&#8221;, erkl\u00e4ert d&#8217;Faye Holder.<\/p>\n<p>An enger <a href=\"https:\/\/perma.cc\/T5PF-CYJL\" target=\"_blank\" rel=\"noopener\">Et\u00fcd<\/a>, d\u00e9i am Februar vun der Fachz\u00e4itschr\u00ebft PLOS One publiz\u00e9iert gouf, hu W\u00ebssenschaftler och den Ecart t\u00ebscht Wierder an Aktioune vu v\u00e9ier multinationalen Energiekonzerner \u00ebnnersicht: BP, Shell, ExxonMobil a Chevron.<\/p>\n<p>Obwuel se \u00ebmmer m\u00e9i vu gr\u00e9nge Strategi\u00eb schw\u00e4tzen, &#8220;ginn d\u00ebs \u00e9ischter vu Verspriechunge w\u00e9i vu konkreten Aktiounen domin\u00e9iert&#8221;, heescht et an der Et\u00fcd, vun d\u00e4r d&#8217;Mei Li vun der Tohoku Universit\u00e9it a Japan d&#8217;Haaptautorin ass.<\/p>\n<p>&#8220;Soulaang Aktien an Investitiounsverhalen net mam Discours iwwereneest\u00ebmmen, sch\u00e9ngen d&#8217;Virw\u00ebrf vum Greenwashing fond\u00e9iert ze sinn&#8221;, f\u00fcgen d&#8217;Auteure b\u00e4i.<\/p>\n<p><img src=\"https:\/\/belux.edmo.eu\/wp-content\/uploads\/2022\/06\/4d7e476f9e452025148997f5d78acfc9.jpeg\" alt=\"RTL\" \/> Capture d\u2019\u00e9cran r\u00e9alis\u00e9e le 2 mai 2022 d\u2019une publication Facebook du 18 janvier 2022 de l\u2019entreprise am\u00e9ricaine ExxonMobil ( AFP \/ )<\/p>\n<p><img src=\"https:\/\/belux.edmo.eu\/wp-content\/uploads\/2022\/06\/3686d5a27e20db7b672b82b257b8e95b.jpeg\" alt=\"RTL\" \/> Capture d\u2019\u00e9cran r\u00e9alis\u00e9e le 2 mai 2022 d\u2019une publicit\u00e9 sur Facebook de l\u2019entreprise am\u00e9ricaine ExxonMobil en f\u00e9vrier 2022 ( Facebook Ad Library \/ )<\/p>\n<p>A Bezuch op d\u00e9i grouss Energiekonzerner, &#8220;sti verschidde Mesuren am Widdersproch zu de Verspriechungen&#8221;, schreiwen d&#8217;W\u00ebssenschaftler an der <a href=\"https:\/\/perma.cc\/T5PF-CYJL\" target=\"_blank\" rel=\"noopener\">Et\u00fcd PLOS One<\/a>. &#8220;Dat betr\u00ebfft besonnesch d&#8217;Intentioun, d&#8217;Produktioun vu fossillen Energien ze bremsen an d&#8217;Exploratioun an nei Entw\u00e9cklungen anzeschr\u00e4nken.&#8221;<\/p>\n<p>Nodeems d&#8217;AFP d\u00ebs Entrepris\u00eb kontakt\u00e9iert huet, hunn d\u00ebs hir Klimaschutzbem\u00e9iungen detaill\u00e9iert duergeluecht: alternativ Energiequellen (Wand- a Solarenergie, asw.), d&#8217;Af\u00e4nken an d&#8217;Sp\u00e4ichere vun CO2 (der IEA an dem IPCC no spillt d&#8217;Af\u00e4nke vun CO2 eng wichteg Roll, awer d\u00e9i aktuell Capacit\u00e9ite ginn net duer, fir d&#8217;Klimaziler ze erreechen).<\/p>\n<p><a href=\"https:\/\/perma.cc\/2FJV-TCJZ\" target=\"_blank\" rel=\"noopener\">ExxonMobil<\/a> a <a href=\"https:\/\/perma.cc\/T8SM-WMUE\" target=\"_blank\" rel=\"noopener\">Chevron<\/a> stellen hir Klimaschutzmoossnamen an enger Rei Rapporte vir. Shell huet d&#8217;Null-Emissiouns-Zil an d&#8217;<a href=\"https:\/\/perma.cc\/JT63-L9ZC\" target=\"_blank\" rel=\"noopener\">Iwwergangsmesuren<\/a> ervirgehuewen. D&#8217;Entreprise sot, dass Reklamm wichteg war, fir d&#8217;Clienten iwwer CO2-aarm L\u00e9isungen ze inform\u00e9ieren.<\/p>\n<p>BP huet d&#8217;Ufroe vun der AFP net be\u00e4ntwert. D\u00e9i detaill\u00e9iert Klimastrategie kann <a href=\"https:\/\/perma.cc\/9GW2-BEGS\" target=\"_blank\" rel=\"noopener\">hei<\/a> nogelies ginn.<\/p>\n<p>Tats\u00e4chlech hunn e puer Entreprisen hir Strategien an de leschte f\u00ebnnef Joer op CO2-aarm Energien \u00ebmgestallt. <a href=\"https:\/\/perma.cc\/RBT4-RA8M\" target=\"_blank\" rel=\"noopener\">Shell behaapt<\/a>, dass d&#8217;Uelegproduktioun hiren H\u00e9ichpunkt am Joer 2019 erreecht hat. BP behaapt, Milliarden an CO2-aarm Energiequellen invest\u00e9iert ze hunn.<\/p>\n<p>Entrepris\u00eb w\u00e9i TotalEnergies hunn en Deel vun hirer Produktioun op Gas \u00ebmgestallt, eng Energie, d\u00e9i vu Klimaaktiviste kritis\u00e9iert g\u00ebtt, d\u00e9i <a href=\"https:\/\/perma.cc\/45YF-QBEM\" target=\"_blank\" rel=\"noopener\">awer als M\u00ebttel fir \u00cbmstellung op fossil Energi\u00eb virgeschloe g\u00ebtt<\/a>, well se manner Z\u00e4regasen emitt\u00e9iert w\u00e9i Kuel oder Ueleg.<\/p>\n<p><img src=\"https:\/\/belux.edmo.eu\/wp-content\/uploads\/2022\/06\/114cee581c06f976ba13c3ca869f4e98.jpeg\" alt=\"RTL\" \/> Un conducteur fait le plein dans une station-service TotalEnergies en Corse en f\u00e9vrier 2022 ( AFP \/ Pascal POCHARD-CASABIANCA)<\/p>\n<p>D\u00e9i vun TotalEnergies ergraffe Mesur\u00eb fir d&#8217;Reduz\u00e9ierung vun der Ueleg- a Gasproduktioun hunn dozou b\u00e4igedroen, dass d&#8217;Entreprise vun Observateure w\u00e9i der <a href=\"https:\/\/www.transitionpathwayinitiative.org\/\" target=\"_blank\" rel=\"noopener\">Transition Pathway Initiative<\/a>, enger Organisatioun fir Investisseuren, d\u00e9i d&#8217;Bem\u00e9iunge vun Entrepris\u00eb fir CO2 anzespuere berechent, als eng vun de w\u00e9inegen agestuuft gouf, d\u00e9i konform zu den Objektiver vu Par\u00e4is sinn (m\u00e4 d\u00ebs Berechnunge gi <a href=\"https:\/\/perma.cc\/BEP4-66H2\" target=\"_blank\" rel=\"noopener\">vu verschiddenen ONGe kontest\u00e9iert<\/a>).<\/p>\n<p><strong>De &#8216;Greenwashing&#8217; viru Geriicht<\/strong><\/p>\n<p>An awer steet de frans\u00e9ische Konzern z\u00ebnter M\u00e4erz 2022 w\u00e9inst &#8220;ierf\u00e9ierende Gesch\u00e4ftspraktike&#8221; <a href=\"https:\/\/perma.cc\/LXT8-Z4YC\" target=\"_blank\" rel=\"noopener\">viru Geriicht<\/a>, well <a href=\"https:\/\/www.lefigaro.fr\/flash-eco\/climat-trois-ong-attaquent-totalenergies-pour-pratiques-commerciales-trompeuses-20220302#:~:text=GONZALO%20FUENTES%20%2F%20REUTERS-,Greenpeace%20France%2C%20les%20Amis%20de%20la%20Terre%20France%20et%20Notre,%2C%20ont%2Delles%20annonc%C3%A9%20jeudi.\" target=\"_blank\" rel=\"noopener\">ONGe Plainte gemaach<\/a> hunn. D\u00ebs geheien der Entreprise vir, d&#8217;Konsumente bei der Presentatioun vun hire Produkter duerch eng Werbecampagne an de Medien, am Internet an an de sozialen Netzwierker am Joer 2021 get\u00e4uscht ze hunn. Se stelle besonnesch dat erkl\u00e4ertent Zil vun der Entreprise vun der CO2-Neutralit\u00e9it bis 2050 an d&#8217;Duerstellung vun Erdgas als &#8220;propperst&#8221; fossil Energie a Fro.<\/p>\n<p>&#8220;TotalEnergies setzt seng Strategie konkreet \u00ebm (Investissementer, nei Gesch\u00e4ftsfelder, signifikant Reduz\u00e9ierung vun Z\u00e4regasemissiounen, &#8230;) an ass op enger Linn mat den Ziler, d\u00e9i sech d&#8217;Entreprise gesat huet, fir bis 2050 CO2-neutral ze sinn&#8221;, huet eng Spriecherin vum P\u00ebtrolskonzern ge\u00e4ntwert. &#8220;Et ass dohier falsch ze behaapten, dass eis Strategie &#8216;Greenwashing&#8217; w\u00e4r&#8221;, sot si g\u00e9intiwwer der AFP.<\/p>\n<p>An den USA huet d&#8217;Stad New York am Joer 2021 <a href=\"https:\/\/perma.cc\/5BP5-YBFH\" target=\"_blank\" rel=\"noopener\">en \u00e4nlecht Verfare<\/a> g\u00e9int ExxonMobil, Shell, BP an den American Petroleum Institute (API), eng m\u00e4chteg Lobby vum Secteur, entam\u00e9iert. Hinne g\u00ebtt virgeheit, &#8220;d&#8217;New Yorker Bierger <a href=\"https:\/\/www1.nyc.gov\/office-of-the-mayor\/news\/293-21\/new-york-city-sues-exxonmobil-shell-bp-the-american-petroleum-institute-systematically\" target=\"_blank\" rel=\"noopener\">systematesch a virs\u00e4tzlech ze bel\u00e9ien<\/a>&#8220;, besonnesch duerch ierf\u00e9ierend Reklamm.<\/p>\n<p><img src=\"https:\/\/belux.edmo.eu\/wp-content\/uploads\/2022\/06\/978db0008c265ccf97845c8b202e4d79.jpeg\" alt=\"RTL\" \/> Des militants du climat manifestent \u00e0 New York en 2019 alors qu&amp;#039;ExxonMobil est jug\u00e9 pour avoir tromp\u00e9 les investisseurs sur l&amp;#039;impact financier du changement climatique ( AFP \/ Angela Weiss)<\/p>\n<p>Frankr\u00e4ich huet am Abr\u00ebll 2022 en <a href=\"https:\/\/www.legifrance.gouv.fr\/jorf\/id\/JORFTEXT000045570611\" target=\"_blank\" rel=\"noopener\">Dekret<\/a> erlooss, fir d&#8217;Behaaptungen iwwer d'&#8221;CO2-Neutralit\u00e9it&#8221; ze \u00ebnnermaueren. Ab 2023 w\u00e4ert et verbuede sinn, e Produkt an der Reklamm als &#8220;CO2-neutral&#8221; duerzestellen, ouni seng CO2-Bilanz an aner Ausgl\u00e4ichsmesuren ze erkl\u00e4ren.<\/p>\n<p>Den Dekret soll &#8220;Transparenz g\u00e9intiwwer der \u00cbffentlechkeet garant\u00e9ieren an all Risiko vu &#8216;Greenwashing&#8217; verh\u00ebnneren&#8221;, huet d&#8217;Regierung bei hirer \u00ebffentlecher Consultatioun am Januar erkl\u00e4ert.<\/p>\n<p>D\u00e9i sozial Netzwierker<\/p>\n<p>Duerch d&#8217;Kommunikatioun iwwer sozial Netzwierker k\u00ebnne Millioune vu M\u00ebnsche fir manner Sue mat Messagen erreecht ginn&#8221;, betount d&#8217;<a href=\"https:\/\/perma.cc\/3RBC-HRE3\" target=\"_blank\" rel=\"noopener\">Melissa Aronczyk<\/a>.<\/p>\n<p>&#8220;Et ass ganz einfach a m\u00e9i b\u00eblleg, Reklamm a Campagn\u00eb fir sozial Netzwierker ze produz\u00e9ieren, d\u00e9i eng massiv Wierkung k\u00ebnnen hunn&#8221;, seet si, &#8220;w\u00e9i mir bei den amerikanesche Presidentschaftswalen 2016 gel\u00e9iert hunn.&#8221;<\/p>\n<p>An enger <a href=\"https:\/\/perma.cc\/T6RN-CNWU\" target=\"_blank\" rel=\"noopener\">Et\u00fcd aus dem Joer 2021<\/a> hunn amerikanesch Soziologen \u00ebnnersicht, w\u00e9i PR-Firmen d&#8217;Messag\u00eb vun den P\u00ebtrolskonzerner iwwer &#8220;Informatiouns- an Beaflossungscampagnen (CII) verbreeden, d\u00e9i w\u00e4itgoend am Internet propag\u00e9iert ginn.<\/p>\n<p>&#8220;All \u00ebnnersicht PR-Firmen hu souwuel Reklammen an de Medien w\u00e9i och Campagnen an de sozialen Netzwierker geschalt. D\u00ebs sinn essentiell Aufgabe vu modernen CII&#8221;, estim\u00e9ieren d&#8217;Auteuren.<\/p>\n<p>&#8220;Den Departement fir Relations publiques kann aggressiv Reklamme fir eng best\u00ebmmt Perspektiv bedreiwen, d\u00e9i duerch &#8216;Trolls&#8217; oder &#8216;Bots&#8217; verst\u00e4erkt g\u00ebtt&#8230; a bezuelte Participatioun an Online-Diskussiounsforen (&#8230;) fir d&#8217;Geschicht ze diffus\u00e9ieren a Persounen unzegr\u00e4ifen, d\u00e9i aner Us\u00e4tz vertrieden&#8221;, soen d&#8217;Auteure weider.<\/p>\n<p><img src=\"https:\/\/belux.edmo.eu\/wp-content\/uploads\/2022\/06\/64e242207761bd6e174539a9bf45136e.jpeg\" alt=\"RTL\" \/> Une sculpture de glace r\u00e9alis\u00e9e par des militants pr\u00e8s du Capitole \u00e0 Washington DC en novembre 2021, accusant Facebook de diffuser de la d\u00e9sinformation sur le climat ( AFP \/ Olivier DOULIERY)<\/p>\n<p>De sozialen Netzwierker g\u00ebtt am Iwwregen \u00ebmmer nees virgeheit, dass se d\u00ebs Entrepris\u00eb &#8220;Greenwashing&#8221; praktiz\u00e9iere loossen, obwuel se sech dog\u00e9int wieren.<\/p>\n<p>Wat fir Emissiounen?<\/p>\n<p>Aktivisten a Fuerscher weisen dorop hin, dass d&#8217;CO2-Bilanz vun den Entreprisen duerch hir Kommunikatioun heefeg am Donkele bleift an den Androck verm\u00ebttelt, d&#8217;Entrepris\u00eb w\u00e4re m\u00e9i gew\u00ebssenhaft, w\u00e9i se et tats\u00e4chlech sinn.<\/p>\n<p>D&#8217;Z\u00e4regasemissioune ginn an <a href=\"https:\/\/bilans-ges.ademe.fr\/fr\/accueil\/contenu\/index\/page\/categorie\/siGras\/0\" target=\"_blank\" rel=\"noopener\">dr\u00e4i Kategorien agedeelt: <\/a><a href=\"https:\/\/bilans-ges.ademe.fr\/fr\/accueil\/contenu\/index\/page\/categorie\/siGras\/0\" target=\"_blank\" rel=\"noopener\">&#8220;Scope 1&#8221;, &#8220;Scope 2&#8221; a &#8220;Scope 3&#8221;.<\/a><\/p>\n<p>Awer eng Entreprise, d\u00e9i just d&#8217;Emissiounen am Zesummenhang mat der Exploitatioun vun hiren Uelegquellen (&#8220;Scope 1&#8221;) oder vun der Versuergung vun hire B\u00fcroen (&#8220;Scope 2&#8221;) comptabilis\u00e9iert, net awer d\u00e9i vun de Milliounen Autoen, d\u00e9i Sprit aus dem eegenen Ueleg verbrauchen, an den Heizungen an de St\u00e9it, d\u00e9i Gas verbrauchen (&#8220;Scope 3&#8221;), verschweigt de gr\u00e9issten Deel vun hiren <a href=\"https:\/\/perma.cc\/U59U-562M\" target=\"_blank\" rel=\"noopener\">Emissiounen<\/a>.<\/p>\n<p><img src=\"https:\/\/belux.edmo.eu\/wp-content\/uploads\/2022\/06\/52aaf9dafb2b2b853144309ec6295419.jpeg\" alt=\"RTL\" \/><\/p>\n<p>Wann d&#8217;Entreprise just a Bezuch op Scope 1 an 2 kommuniz\u00e9iert, k\u00e9int se sech de Virw\u00ebrf vun Eko-Blanchiment aussetzen.<\/p>\n<p>Enger <a href=\"https:\/\/perma.cc\/4SM7-GNXE\" target=\"_blank\" rel=\"noopener\">Et\u00fcd<\/a> vum <a href=\"https:\/\/newclimate.org\/home\" target=\"_blank\" rel=\"noopener\">NewClimate<\/a> Institute for Climate Policy and Global Sustainability no, enger d\u00e4itscher Fuerschungsgrupp, un d\u00e4r 25 grouss Entreprisen aus \u00ebnnerschiddleche Branchen, d\u00e9i grouss Quantit\u00e9iten un Z\u00e4regasen emitt\u00e9ieren, bedeelegt waren, hunn d\u00e9i Meescht vun hinnen net uginn, ob se d\u00e9i kritesch Scope-3-Emissiounen an Ugr\u00ebff geholl hunn.<\/p>\n<p>&#8220;Aacht vu 25 Entreprisen hunn Null-Emissiouns- oder CO2-Neutralit\u00e9itsziler festgeluecht, d\u00e9i just hir direkt operationell Emissiounen (Scope 1 an 2) ofdecken, obwuel d\u00e9i vir- an nogelagert Emissiounen an der W\u00e4ertsch\u00f6pfungsketten (Scope 3) duerchschn\u00ebttlech 87% vun den Emissioune vun d\u00ebsen Entreprisen ausmaachen&#8221;, schreift d&#8217;Institut.<\/p>\n<p>&#8220;D\u00ebs Nuanc\u00eb sinn net \u00ebmmer transparent a k\u00ebnne Consommateuren, Aktion\u00e4ren, Regulateuren an Observateuren ierf\u00e9ieren, well se d&#8217;Integrit\u00e9it vum Zil falsch interpret\u00e9iere k\u00e9inten&#8221;, mengt d&#8217;Organisatioun.<\/p>\n<p>Lobbying an Interessensgruppen<\/p>\n<p>No der Usiicht vun Aktiviste weisen d&#8217;Verbindungen t\u00ebscht d\u00ebsen Entreprisen a Lobbygruppen, d\u00e9i sech fir fossil Energie asetzen, d\u00e9i ambivalent Aart vun hirer \u00ebffentlecher Kommunikatioun iwwer Energie a Klimawandel.<\/p>\n<p>Eng <a href=\"https:\/\/perma.cc\/UW6A-KSBE\" target=\"_blank\" rel=\"noopener\">Analys vun InfluenceMap<\/a> huet gewisen, dass d\u00e9i f\u00ebnnef gr\u00e9isst P\u00ebtrols- a Gasentreprisen, d\u00e9i un der Bourse kot\u00e9iert sinn, an den dr\u00e4i Joer nom Par\u00e4isser Accord eng Milliard US-Dollar ausginn hunn, fir &#8220;ierf\u00e9ierend&#8221; Messagen iwwer d&#8217;Klima duerch &#8220;Markenimagen a Lobbying&#8221; ze f\u00ebrderen.<\/p>\n<p>An den USA huet eng demokratesch gef\u00e9iert Kommissioun d\u00e9i grouss Uelegkonzerner w\u00e9inst hirer Lobbyaarbecht a Saache Klima verurteelt a verlaangt, dass hir Cheffen aussoen.<\/p>\n<p>&#8220;Engers\u00e4its maache si sou, w\u00e9i wa si d\u00ebs wichteg Klimaschutzziler erf\u00ebllen. Anerers\u00e4its bilde si esou (Interessens-) Gruppen, fir e Message ze verm\u00ebttelen, dee komplett g\u00e9int d\u00ebs Ziler geet&#8221;, huet den demokrateschen Deput\u00e9ierten John Sarbanes den 8. Februar bei enger <a href=\"https:\/\/factcheckiris.afp.com\/fr\/oversight.house.gov\/legislation\/hearings\/fueling-the-climate-crisis-examining-big-oils-climate-pledges\" target=\"_blank\" rel=\"noopener\">Unh\u00e9ierung an der Kommissioun<\/a> erkl\u00e4ert.<\/p>\n<p><img src=\"https:\/\/belux.edmo.eu\/wp-content\/uploads\/2022\/06\/d0be6843a0732385fe21083caf9246f8.jpeg\" alt=\"RTL\" \/> Une capture d\u2019\u00e9cran r\u00e9alis\u00e9e le 8 avril 2022 d\u2019une publicit\u00e9 Facebook de l\u2019Americain Petroleum Institute en ao\u00fbt 2020 ( Facebook Ad Library \/ )<\/p>\n<p>&#8220;E groussen Deel vun der Lobbyaarbecht gouf indirekt, op intelligent, clever an zynesch Man\u00e9ier vu kommerziellen Industriegruppe bedriwwen, d\u00e9i vun d\u00ebse Firme form\u00e9iert goufen&#8221;, sot de Sarbanes virun der Kommissioun.<\/p>\n<p>Eng vun de bekanntste Lobbyen ass d&#8217;American Petroleum Institute (API). <a href=\"https:\/\/perma.cc\/KA4B-E574\" target=\"_blank\" rel=\"noopener\">Zu senge Membere geh\u00e9ieren<\/a> zuelr\u00e4ich grouss Ueleg- a Gaskonzerner. W\u00e4rend Entreprisen d&#8217;Meritte vun alternative Methode w\u00e9i dem Opf\u00e4nke vun CO2 luewen, \u00ebnnerst\u00ebtzt d&#8217;API d&#8217;Extraktioun vu Kuelewaasserstoff duerch Reklamm a Lobbyaarbecht.<\/p>\n<p>&#8220;Abordabel an zouverl\u00e4sseg Energiel\u00e9isunge ginn an Amerika hiergestallt. Entdeckt d&#8217;Virdeeler vun der amerikanescher \u00c4erdgas- an Uelegproduktioun&#8221;, heescht et an enger vum API am September an Oktober 2021 <a href=\"https:\/\/www.facebook.com\/ads\/library\/?id=558615575413471\" target=\"_blank\" rel=\"noopener\">diffus\u00e9ierter Reklamm (sponsor\u00e9iert Reklamm)<\/a>, d\u00e9i am Virfeld vun der Klimakonferenz COP26, dem Klimasommet zu Glasgow, geschalt gouf.<\/p>\n<p>&#8220;Zesumme k\u00ebnne mir de Klimawandel bek\u00e4mpfen an den Energiebedarf decken&#8221;, heescht et an enger <a href=\"https:\/\/www.facebook.com\/ads\/library\/?id=680192809242600\" target=\"_blank\" rel=\"noopener\">anerer API-Reklamm<\/a>, d\u00e9i am Abr\u00ebll\/Mee 2021 diffus\u00e9iert gouf.<\/p>\n<p>An enger <a href=\"https:\/\/www.channel4.com\/news\/revealed-exxonmobils-lobbying-war-on-climate-change-legislation\" target=\"_blank\" rel=\"noopener\">Reportage vun Channel 4 News<\/a> aus dem Joer 2021 gouf e Lobbyist, dee fir ExxonMobil geschafft huet, gefilmt, w\u00e9i hien an engem Interview mat Greenpeace-Aktivisten, d\u00e9i sech als Kappgeldjee\u00ebr ausginn hunn, zouginn huet, dass hien tats\u00e4chlech &#8220;ganz aktiv g\u00e9int best\u00ebmmt w\u00ebssenschaftlech Erkenntnisser gek\u00e4mpft&#8221; h\u00e4tt, an erkl\u00e4ert, dass hie &#8220;seng Investissementer besch\u00fctze&#8221; w\u00e9ilt.<\/p>\n<p>Op d&#8217;Zitat aus der Reportage ugeschwat, huet ExxonMobil ge\u00e4ntwert, dass &#8220;Greenpeace an anerer eis Positioun zur Klimaw\u00ebssenschaft an eis \u00cbnnerst\u00ebtzung fir effektiv L\u00e9isunge verzerrt hunn.&#8221;<\/p>\n<p>A Bezuch op Lobbyaarbecht huet de multinationale Konzern erkl\u00e4ert, dass e sech &#8220;an transparenter Man\u00e9ier mat verschiddene Wirtschaftsassociatiounen, Denkfabricken a Koalitiounen zesummeschl\u00e9isst, fir en informativen Dialog an eng vern\u00ebnfteg \u00ebffentlech Politik a Ber\u00e4icher ze promouv\u00e9ieren, d\u00e9i fir d&#8217;Inter\u00eate vun der Gesellschaft pertinent sinn.&#8221;<\/p>\n<p><img src=\"https:\/\/belux.edmo.eu\/wp-content\/uploads\/2022\/06\/3a08506756acd7b28aee81c6ad64545e.jpeg\" alt=\"RTL\" \/> Rex Tillerson, alors PDG d&amp;#039;ExxonMobil, prend la parole lors d&amp;#039;une conf\u00e9rence sur le gaz \u00e0 Paris en juin 2015 ( AFP \/ Eric PIERMONT)<\/p>\n<p>D\u00e9i Zommen, d\u00e9i vu verschiddene Konzerner vu fossillen Energi\u00eb fir Lobbyaarbecht vun der amerikanescher Regierung an d&#8217;Lobbyaarbecht bei den EU-Institutiounen zu Br\u00e9issel ausgi ginn, sinn <a href=\"https:\/\/ec.europa.eu\/transparencyregister\/public\/homePage.do\" target=\"_blank\" rel=\"noopener\">disponibel an \u00ebffentlech zoug\u00e4nglech<\/a>.<\/p>\n<p>D\u00e9i deklar\u00e9iert Montante sinn awer am Verglach zu de Gesamtzommen, d\u00e9i d&#8217;Entrepris\u00eb fir Reklammen, \u00cbffentlechkeetsaarbecht an aner Forme vu Beaflossung ausginn, l\u00e4cherlech, soen d&#8217;Et\u00fcde vu Fuerscher w\u00e9i d&#8217;Madamm Aronczyk.<\/p>\n<p>Enn M\u00e4erz huet d&#8217;UNO eng <a href=\"https:\/\/www.france24.com\/en\/live-news\/20220331-un-starts-task-force-for-company-climate-targets\" target=\"_blank\" rel=\"noopener\">Aarbechtsgrupp<\/a> en place gesat, fir Drock op d&#8217;Entreprisen ausze\u00fcben, fir dass se hir Versprieche vun den Emissiounsreduktiounen anhalen.<\/p>\n<p>&#8220;Munch F\u00e9ierungspers\u00e9inlechkeeten a Regierungen an Entreprisen soen dat eent, maachen awer dat anert&#8221;, sot de Generalsekret\u00e4r vun de Vereenten Natiounen, <a href=\"https:\/\/perma.cc\/2S5W-C664\" target=\"_blank\" rel=\"noopener\">Antonio Guterres<\/a>, de 4. Abr\u00ebll 2022 bei der Presentatioun vum leschte groussen UN-Rapport zum Klimawandel.<\/p>\n<p>&#8220;Fir et einfach auszedr\u00e9cken, se l\u00e9ien. An d&#8217;Resultater w\u00e4erte katastrophal sinn.&#8221;<\/p>\n<\/div>\n<p><em>D\u00ebsen Artikel vun der AFP gouf vun RTL op L\u00ebtzebuergesch iwwersat.<\/em><\/p>\n<\/div>\n<\/article>\n","protected":false},"excerpt":{"rendered":"<p>&nbsp; De Klimawandel ass e wichtege Sujet och fir P\u00ebtrols- a Gaskonzerner. A selwer produz\u00e9ierte Reklamme weise si hiert Engagement&#8230;<\/p>\n","protected":false},"author":1,"featured_media":54845,"comment_status":"closed","ping_status":"open","sticky":false,"template":"","format":"standard","meta":{"_acf_changed":false,"footnotes":""},"categories":[189,193,185],"tags":[],"class_list":{"0":"post-54850","1":"post","2":"type-post","3":"status-publish","4":"format-standard","5":"has-post-thumbnail","7":"category-emwelt","8":"category-gesellschaft","9":"category-wirtschaft"},"acf":{"show_metatags":true,"id":"1934646","authors":"RTL L\u00ebtzebuerg","organization":"RTL","featured_image_copyright":"","text_copyright":"Copyright RTL \/ CLT-UFA S.A.","source":"http:\/\/www.rtl.lu\/news\/faktencheck\/a\/1934646.html","fact_checker":"https:\/\/belux.wpengine.com\/wp-content\/uploads\/2021\/12\/rtl_logo.png","type":"Closed Event","location":"","start_date":"","start_date_event_begins_at":"","start_date_event_ends_at":"","end_date":"","end_date_event_begins_at":"","end_date_event_ends_at":"","organizer":"","fact_checker_logo_image":false},"yoast_head":"<!-- This site is optimized with the Yoast SEO plugin v27.0 - https:\/\/yoast.com\/product\/yoast-seo-wordpress\/ -->\n<title>Faktencheck: De &quot;Greenwashing&quot; vu P\u00ebtrolsentreprisen: eng klimatesch Desinformatioun - EDMO Belux<\/title>\n<meta name=\"robots\" content=\"index, follow, max-snippet:-1, max-image-preview:large, max-video-preview:-1\" \/>\n<link rel=\"canonical\" href=\"https:\/\/belux.edmo.eu\/lb\/faktencheck-de-greenwashing-vu-ptrolsentreprisen-eng-klimatesch-desinformatioun\/\" \/>\n<meta property=\"og:locale\" content=\"en_US\" \/>\n<meta property=\"og:type\" content=\"article\" \/>\n<meta property=\"og:title\" content=\"Faktencheck: De &quot;Greenwashing&quot; vu P\u00ebtrolsentreprisen: eng klimatesch Desinformatioun - EDMO Belux\" \/>\n<meta property=\"og:description\" content=\"&nbsp; De Klimawandel ass e wichtege Sujet och fir P\u00ebtrols- a Gaskonzerner. A selwer produz\u00e9ierte Reklamme weise si hiert Engagement...\" \/>\n<meta property=\"og:url\" content=\"https:\/\/belux.edmo.eu\/lb\/faktencheck-de-greenwashing-vu-ptrolsentreprisen-eng-klimatesch-desinformatioun\/\" \/>\n<meta property=\"og:site_name\" content=\"EDMO Belux\" \/>\n<meta property=\"article:published_time\" content=\"2022-07-04T09:00:44+00:00\" \/>\n<meta property=\"article:modified_time\" content=\"2022-10-06T13:39:35+00:00\" \/>\n<meta property=\"og:image\" content=\"https:\/\/belux.edmo.eu\/wp-content\/uploads\/2022\/06\/555043709bad69921c6113b5c51474bc.jpeg\" \/>\n\t<meta property=\"og:image:width\" content=\"1024\" \/>\n\t<meta property=\"og:image:height\" content=\"576\" \/>\n\t<meta property=\"og:image:type\" content=\"image\/jpeg\" \/>\n<meta name=\"author\" content=\"master\" \/>\n<meta name=\"twitter:card\" content=\"summary_large_image\" \/>\n<meta name=\"twitter:creator\" content=\"@Edmo_Belux\" \/>\n<meta name=\"twitter:site\" content=\"@Edmo_Belux\" \/>\n<meta name=\"twitter:label1\" content=\"Written by\" \/>\n\t<meta name=\"twitter:data1\" content=\"master\" \/>\n\t<meta name=\"twitter:label2\" content=\"Est. reading time\" \/>\n\t<meta name=\"twitter:data2\" content=\"18 minutes\" \/>\n<script type=\"application\/ld+json\" class=\"yoast-schema-graph\">{\"@context\":\"https:\/\/schema.org\",\"@graph\":[{\"@type\":\"Article\",\"@id\":\"https:\/\/belux.edmo.eu\/lb\/faktencheck-de-greenwashing-vu-ptrolsentreprisen-eng-klimatesch-desinformatioun\/#article\",\"isPartOf\":{\"@id\":\"https:\/\/belux.edmo.eu\/lb\/faktencheck-de-greenwashing-vu-ptrolsentreprisen-eng-klimatesch-desinformatioun\/\"},\"author\":{\"name\":\"master\",\"@id\":\"https:\/\/belux.edmo.eu\/#\/schema\/person\/dbe3b252258537fd318f9b5645a30342\"},\"headline\":\"Faktencheck: De &#8220;Greenwashing&#8221; vu P\u00ebtrolsentreprisen: eng klimatesch Desinformatioun\",\"datePublished\":\"2022-07-04T09:00:44+00:00\",\"dateModified\":\"2022-10-06T13:39:35+00:00\",\"mainEntityOfPage\":{\"@id\":\"https:\/\/belux.edmo.eu\/lb\/faktencheck-de-greenwashing-vu-ptrolsentreprisen-eng-klimatesch-desinformatioun\/\"},\"wordCount\":3691,\"publisher\":{\"@id\":\"https:\/\/belux.edmo.eu\/#organization\"},\"image\":{\"@id\":\"https:\/\/belux.edmo.eu\/lb\/faktencheck-de-greenwashing-vu-ptrolsentreprisen-eng-klimatesch-desinformatioun\/#primaryimage\"},\"thumbnailUrl\":\"https:\/\/belux.edmo.eu\/wp-content\/uploads\/2022\/06\/555043709bad69921c6113b5c51474bc.jpeg\",\"articleSection\":[\"\u00cbmwelt\",\"Gesellschaft\",\"Wirtschaft\"],\"inLanguage\":\"lb-LU\"},{\"@type\":\"WebPage\",\"@id\":\"https:\/\/belux.edmo.eu\/lb\/faktencheck-de-greenwashing-vu-ptrolsentreprisen-eng-klimatesch-desinformatioun\/\",\"url\":\"https:\/\/belux.edmo.eu\/lb\/faktencheck-de-greenwashing-vu-ptrolsentreprisen-eng-klimatesch-desinformatioun\/\",\"name\":\"Faktencheck: De \\\"Greenwashing\\\" vu P\u00ebtrolsentreprisen: eng klimatesch Desinformatioun - EDMO Belux\",\"isPartOf\":{\"@id\":\"https:\/\/belux.edmo.eu\/#website\"},\"primaryImageOfPage\":{\"@id\":\"https:\/\/belux.edmo.eu\/lb\/faktencheck-de-greenwashing-vu-ptrolsentreprisen-eng-klimatesch-desinformatioun\/#primaryimage\"},\"image\":{\"@id\":\"https:\/\/belux.edmo.eu\/lb\/faktencheck-de-greenwashing-vu-ptrolsentreprisen-eng-klimatesch-desinformatioun\/#primaryimage\"},\"thumbnailUrl\":\"https:\/\/belux.edmo.eu\/wp-content\/uploads\/2022\/06\/555043709bad69921c6113b5c51474bc.jpeg\",\"datePublished\":\"2022-07-04T09:00:44+00:00\",\"dateModified\":\"2022-10-06T13:39:35+00:00\",\"breadcrumb\":{\"@id\":\"https:\/\/belux.edmo.eu\/lb\/faktencheck-de-greenwashing-vu-ptrolsentreprisen-eng-klimatesch-desinformatioun\/#breadcrumb\"},\"inLanguage\":\"lb-LU\",\"potentialAction\":[{\"@type\":\"ReadAction\",\"target\":[\"https:\/\/belux.edmo.eu\/lb\/faktencheck-de-greenwashing-vu-ptrolsentreprisen-eng-klimatesch-desinformatioun\/\"]}]},{\"@type\":\"ImageObject\",\"inLanguage\":\"lb-LU\",\"@id\":\"https:\/\/belux.edmo.eu\/lb\/faktencheck-de-greenwashing-vu-ptrolsentreprisen-eng-klimatesch-desinformatioun\/#primaryimage\",\"url\":\"https:\/\/belux.edmo.eu\/wp-content\/uploads\/2022\/06\/555043709bad69921c6113b5c51474bc.jpeg\",\"contentUrl\":\"https:\/\/belux.edmo.eu\/wp-content\/uploads\/2022\/06\/555043709bad69921c6113b5c51474bc.jpeg\",\"width\":1024,\"height\":576,\"caption\":\"Faktencheck: De \\\"Greenwashing\\\" vu P\u00ebtrolsentreprisen: eng klimatesch Desinformatioun - Featured image\"},{\"@type\":\"BreadcrumbList\",\"@id\":\"https:\/\/belux.edmo.eu\/lb\/faktencheck-de-greenwashing-vu-ptrolsentreprisen-eng-klimatesch-desinformatioun\/#breadcrumb\",\"itemListElement\":[{\"@type\":\"ListItem\",\"position\":1,\"name\":\"Home\",\"item\":\"https:\/\/belux.edmo.eu\/lb\/\"},{\"@type\":\"ListItem\",\"position\":2,\"name\":\"Faktencheck: De &#8220;Greenwashing&#8221; vu P\u00ebtrolsentreprisen: eng klimatesch Desinformatioun\"}]},{\"@type\":\"WebSite\",\"@id\":\"https:\/\/belux.edmo.eu\/#website\",\"url\":\"https:\/\/belux.edmo.eu\/\",\"name\":\"EDMO Belux\",\"description\":\"Monitoring Disinformation in Belgium and Luxembourg\",\"publisher\":{\"@id\":\"https:\/\/belux.edmo.eu\/#organization\"},\"potentialAction\":[{\"@type\":\"SearchAction\",\"target\":{\"@type\":\"EntryPoint\",\"urlTemplate\":\"https:\/\/belux.edmo.eu\/?s={search_term_string}\"},\"query-input\":{\"@type\":\"PropertyValueSpecification\",\"valueRequired\":true,\"valueName\":\"search_term_string\"}}],\"inLanguage\":\"lb-LU\"},{\"@type\":\"Organization\",\"@id\":\"https:\/\/belux.edmo.eu\/#organization\",\"name\":\"EDMO Belux\",\"url\":\"https:\/\/belux.edmo.eu\/\",\"logo\":{\"@type\":\"ImageObject\",\"inLanguage\":\"lb-LU\",\"@id\":\"https:\/\/belux.edmo.eu\/#\/schema\/logo\/image\/\",\"url\":\"https:\/\/belux.edmo.eu\/wp-content\/uploads\/2021\/12\/belux-logo-full-color-rgb.svg\",\"contentUrl\":\"https:\/\/belux.edmo.eu\/wp-content\/uploads\/2021\/12\/belux-logo-full-color-rgb.svg\",\"width\":1,\"height\":1,\"caption\":\"EDMO Belux\"},\"image\":{\"@id\":\"https:\/\/belux.edmo.eu\/#\/schema\/logo\/image\/\"},\"sameAs\":[\"https:\/\/x.com\/Edmo_Belux\"]},{\"@type\":\"Person\",\"@id\":\"https:\/\/belux.edmo.eu\/#\/schema\/person\/dbe3b252258537fd318f9b5645a30342\",\"name\":\"master\",\"sameAs\":[\"https:\/\/belux.wpengine.com\"],\"url\":\"https:\/\/belux.edmo.eu\/lb\/author\/master\/\"}]}<\/script>\n<!-- \/ Yoast SEO plugin. -->","yoast_head_json":{"title":"Faktencheck: De \"Greenwashing\" vu P\u00ebtrolsentreprisen: eng klimatesch Desinformatioun - EDMO Belux","robots":{"index":"index","follow":"follow","max-snippet":"max-snippet:-1","max-image-preview":"max-image-preview:large","max-video-preview":"max-video-preview:-1"},"canonical":"https:\/\/belux.edmo.eu\/lb\/faktencheck-de-greenwashing-vu-ptrolsentreprisen-eng-klimatesch-desinformatioun\/","og_locale":"en_US","og_type":"article","og_title":"Faktencheck: De \"Greenwashing\" vu P\u00ebtrolsentreprisen: eng klimatesch Desinformatioun - EDMO Belux","og_description":"&nbsp; De Klimawandel ass e wichtege Sujet och fir P\u00ebtrols- a Gaskonzerner. A selwer produz\u00e9ierte Reklamme weise si hiert Engagement...","og_url":"https:\/\/belux.edmo.eu\/lb\/faktencheck-de-greenwashing-vu-ptrolsentreprisen-eng-klimatesch-desinformatioun\/","og_site_name":"EDMO Belux","article_published_time":"2022-07-04T09:00:44+00:00","article_modified_time":"2022-10-06T13:39:35+00:00","og_image":[{"width":1024,"height":576,"url":"https:\/\/belux.edmo.eu\/wp-content\/uploads\/2022\/06\/555043709bad69921c6113b5c51474bc.jpeg","type":"image\/jpeg"}],"author":"master","twitter_card":"summary_large_image","twitter_creator":"@Edmo_Belux","twitter_site":"@Edmo_Belux","twitter_misc":{"Written by":"master","Est. reading time":"18 minutes"},"schema":{"@context":"https:\/\/schema.org","@graph":[{"@type":"Article","@id":"https:\/\/belux.edmo.eu\/lb\/faktencheck-de-greenwashing-vu-ptrolsentreprisen-eng-klimatesch-desinformatioun\/#article","isPartOf":{"@id":"https:\/\/belux.edmo.eu\/lb\/faktencheck-de-greenwashing-vu-ptrolsentreprisen-eng-klimatesch-desinformatioun\/"},"author":{"name":"master","@id":"https:\/\/belux.edmo.eu\/#\/schema\/person\/dbe3b252258537fd318f9b5645a30342"},"headline":"Faktencheck: De &#8220;Greenwashing&#8221; vu P\u00ebtrolsentreprisen: eng klimatesch Desinformatioun","datePublished":"2022-07-04T09:00:44+00:00","dateModified":"2022-10-06T13:39:35+00:00","mainEntityOfPage":{"@id":"https:\/\/belux.edmo.eu\/lb\/faktencheck-de-greenwashing-vu-ptrolsentreprisen-eng-klimatesch-desinformatioun\/"},"wordCount":3691,"publisher":{"@id":"https:\/\/belux.edmo.eu\/#organization"},"image":{"@id":"https:\/\/belux.edmo.eu\/lb\/faktencheck-de-greenwashing-vu-ptrolsentreprisen-eng-klimatesch-desinformatioun\/#primaryimage"},"thumbnailUrl":"https:\/\/belux.edmo.eu\/wp-content\/uploads\/2022\/06\/555043709bad69921c6113b5c51474bc.jpeg","articleSection":["\u00cbmwelt","Gesellschaft","Wirtschaft"],"inLanguage":"lb-LU"},{"@type":"WebPage","@id":"https:\/\/belux.edmo.eu\/lb\/faktencheck-de-greenwashing-vu-ptrolsentreprisen-eng-klimatesch-desinformatioun\/","url":"https:\/\/belux.edmo.eu\/lb\/faktencheck-de-greenwashing-vu-ptrolsentreprisen-eng-klimatesch-desinformatioun\/","name":"Faktencheck: De \"Greenwashing\" vu P\u00ebtrolsentreprisen: eng klimatesch Desinformatioun - EDMO Belux","isPartOf":{"@id":"https:\/\/belux.edmo.eu\/#website"},"primaryImageOfPage":{"@id":"https:\/\/belux.edmo.eu\/lb\/faktencheck-de-greenwashing-vu-ptrolsentreprisen-eng-klimatesch-desinformatioun\/#primaryimage"},"image":{"@id":"https:\/\/belux.edmo.eu\/lb\/faktencheck-de-greenwashing-vu-ptrolsentreprisen-eng-klimatesch-desinformatioun\/#primaryimage"},"thumbnailUrl":"https:\/\/belux.edmo.eu\/wp-content\/uploads\/2022\/06\/555043709bad69921c6113b5c51474bc.jpeg","datePublished":"2022-07-04T09:00:44+00:00","dateModified":"2022-10-06T13:39:35+00:00","breadcrumb":{"@id":"https:\/\/belux.edmo.eu\/lb\/faktencheck-de-greenwashing-vu-ptrolsentreprisen-eng-klimatesch-desinformatioun\/#breadcrumb"},"inLanguage":"lb-LU","potentialAction":[{"@type":"ReadAction","target":["https:\/\/belux.edmo.eu\/lb\/faktencheck-de-greenwashing-vu-ptrolsentreprisen-eng-klimatesch-desinformatioun\/"]}]},{"@type":"ImageObject","inLanguage":"lb-LU","@id":"https:\/\/belux.edmo.eu\/lb\/faktencheck-de-greenwashing-vu-ptrolsentreprisen-eng-klimatesch-desinformatioun\/#primaryimage","url":"https:\/\/belux.edmo.eu\/wp-content\/uploads\/2022\/06\/555043709bad69921c6113b5c51474bc.jpeg","contentUrl":"https:\/\/belux.edmo.eu\/wp-content\/uploads\/2022\/06\/555043709bad69921c6113b5c51474bc.jpeg","width":1024,"height":576,"caption":"Faktencheck: De \"Greenwashing\" vu P\u00ebtrolsentreprisen: eng klimatesch Desinformatioun - Featured image"},{"@type":"BreadcrumbList","@id":"https:\/\/belux.edmo.eu\/lb\/faktencheck-de-greenwashing-vu-ptrolsentreprisen-eng-klimatesch-desinformatioun\/#breadcrumb","itemListElement":[{"@type":"ListItem","position":1,"name":"Home","item":"https:\/\/belux.edmo.eu\/lb\/"},{"@type":"ListItem","position":2,"name":"Faktencheck: De &#8220;Greenwashing&#8221; vu P\u00ebtrolsentreprisen: eng klimatesch Desinformatioun"}]},{"@type":"WebSite","@id":"https:\/\/belux.edmo.eu\/#website","url":"https:\/\/belux.edmo.eu\/","name":"EDMO Belux","description":"Monitoring Disinformation in Belgium and Luxembourg","publisher":{"@id":"https:\/\/belux.edmo.eu\/#organization"},"potentialAction":[{"@type":"SearchAction","target":{"@type":"EntryPoint","urlTemplate":"https:\/\/belux.edmo.eu\/?s={search_term_string}"},"query-input":{"@type":"PropertyValueSpecification","valueRequired":true,"valueName":"search_term_string"}}],"inLanguage":"lb-LU"},{"@type":"Organization","@id":"https:\/\/belux.edmo.eu\/#organization","name":"EDMO Belux","url":"https:\/\/belux.edmo.eu\/","logo":{"@type":"ImageObject","inLanguage":"lb-LU","@id":"https:\/\/belux.edmo.eu\/#\/schema\/logo\/image\/","url":"https:\/\/belux.edmo.eu\/wp-content\/uploads\/2021\/12\/belux-logo-full-color-rgb.svg","contentUrl":"https:\/\/belux.edmo.eu\/wp-content\/uploads\/2021\/12\/belux-logo-full-color-rgb.svg","width":1,"height":1,"caption":"EDMO Belux"},"image":{"@id":"https:\/\/belux.edmo.eu\/#\/schema\/logo\/image\/"},"sameAs":["https:\/\/x.com\/Edmo_Belux"]},{"@type":"Person","@id":"https:\/\/belux.edmo.eu\/#\/schema\/person\/dbe3b252258537fd318f9b5645a30342","name":"master","sameAs":["https:\/\/belux.wpengine.com"],"url":"https:\/\/belux.edmo.eu\/lb\/author\/master\/"}]}},"menu_order":0,"_links":{"self":[{"href":"https:\/\/belux.edmo.eu\/lb\/wp-json\/wp\/v2\/posts\/54850","targetHints":{"allow":["GET"]}}],"collection":[{"href":"https:\/\/belux.edmo.eu\/lb\/wp-json\/wp\/v2\/posts"}],"about":[{"href":"https:\/\/belux.edmo.eu\/lb\/wp-json\/wp\/v2\/types\/post"}],"author":[{"embeddable":true,"href":"https:\/\/belux.edmo.eu\/lb\/wp-json\/wp\/v2\/users\/1"}],"replies":[{"embeddable":true,"href":"https:\/\/belux.edmo.eu\/lb\/wp-json\/wp\/v2\/comments?post=54850"}],"version-history":[{"count":0,"href":"https:\/\/belux.edmo.eu\/lb\/wp-json\/wp\/v2\/posts\/54850\/revisions"}],"wp:featuredmedia":[{"embeddable":true,"href":"https:\/\/belux.edmo.eu\/lb\/wp-json\/wp\/v2\/media\/54845"}],"wp:attachment":[{"href":"https:\/\/belux.edmo.eu\/lb\/wp-json\/wp\/v2\/media?parent=54850"}],"wp:term":[{"taxonomy":"category","embeddable":true,"href":"https:\/\/belux.edmo.eu\/lb\/wp-json\/wp\/v2\/categories?post=54850"},{"taxonomy":"post_tag","embeddable":true,"href":"https:\/\/belux.edmo.eu\/lb\/wp-json\/wp\/v2\/tags?post=54850"}],"curies":[{"name":"wp","href":"https:\/\/api.w.org\/{rel}","templated":true}]}}