{"id":227569,"date":"2023-01-05T13:14:43","date_gmt":"2023-01-05T13:14:43","guid":{"rendered":"https:\/\/belux.edmo.eu\/?p=227569"},"modified":"2023-01-05T15:44:55","modified_gmt":"2023-01-05T15:44:55","slug":"deze-foto-van-olena-zelenska-in-een-privjet-werd-bewerkt","status":"publish","type":"post","link":"https:\/\/belux.edmo.eu\/nl\/deze-foto-van-olena-zelenska-in-een-privjet-werd-bewerkt\/","title":{"rendered":"Deze foto van Olena Zelenska in een priv\u00e9jet werd bewerkt"},"content":{"rendered":"<p><b>Onjuiste beweringen over de Oekra\u00efense presidenti\u00eble familie blijven de ronde doen sinds de invasie van Oekra\u00efne door Rusland. In december 2022 deelden gebruikers op sociale media een afbeelding waarop de Oekra\u00efense First Lady Olena Zelenska in een priv\u00e9jet te zien zou zijn met dure accessoires. De foto was echter bewerkt. De oorspronkelijke foto toont eigenlijk een Amerikaanse zakenman, de foto werd later bewerkt en Zelenska&#8217;s hoofd werd er toegevoegd.<\/b><\/p>\n<p>De bewerkte foto van Olena Zelenska in een priv\u00e9jet verspreidde zich eind december 2022 op <a href=\"https:\/\/perma.cc\/3TWB-TETJ?type=image\" shape=\"rect\">Facebook<\/a> en <a href=\"https:\/\/perma.cc\/N36T-6BJ4\" shape=\"rect\">Twitter<\/a> en werd ook gedeeld in verschillende andere talen, waaronder <a href=\"https:\/\/archive.ph\/piJ1n\" target=\"_blank\" rel=\"noopener\" shape=\"rect\">Duits<\/a>, <a href=\"https:\/\/perma.cc\/Q2EV-WFEY\" target=\"_blank\" rel=\"noopener\" shape=\"rect\">Engels<\/a>, <a href=\"https:\/\/perma.cc\/M7P8-PSYW\" target=\"_blank\" rel=\"noopener\" shape=\"rect\">Frans<\/a> of <a href=\"https:\/\/perma.cc\/LBT3-V5QC\" target=\"_blank\" rel=\"noopener\" shape=\"rect\">Chinees<\/a>.<\/p>\n<p>Op de valse foto die tientallen keren in het Nederlands is gedeeld, zou de vrouw van de Oekra\u00efense president, Olena Zelenska, in een priv\u00e9jet zitten. De foto toont ook infoboxen van de verschillende accessoires en kleding die Zelenska zou dragen.<\/p>\n<p>&#8220;De vrouw van Zelensky&#8221;, luidden verschillende posts van internetgebruikers die de foto hebben gedeeld. &#8220;Zelensky, s vrouw gaat doodleuk shoppen in Parijs met priv\u00e9jet&#8221;, beweert een <a href=\"https:\/\/perma.cc\/Z2C6-8WUD\" target=\"_blank\" rel=\"noopener\" shape=\"rect\">andere.<\/a><\/p>\n<div id=\"wysiwyg\" class=\"www-item image\"><img class=\"lazyload blur-up aligncenter\" src=\"https:\/\/belux.edmo.eu\/wp-content\/uploads\/2023\/01\/323e23c27a6052bb3b24717084dc0981d7f17c76-ipad.jpg\" data-original=\"\" \/><\/div>\n<div class=\"www-item image\" style=\"text-align: center;\"><span class=\"legend\">Screenshot van bewerkte foto vastgelegd op 3 januari 2023<\/span><\/div>\n<div><\/div>\n<p>In sommige commentaren zeggen verschillende mensen dat de foto onwaar is, zoals <a href=\"https:\/\/perma.cc\/65Y9-GJUB\" target=\"_blank\" rel=\"noopener\" shape=\"rect\">hier<\/a> en <a href=\"https:\/\/perma.cc\/G6PZ-344B\" target=\"_blank\" rel=\"noopener\" shape=\"rect\">hier<\/a>, terwijl andere ervan <a href=\"https:\/\/perma.cc\/RGH6-WXGZ\" target=\"_blank\" rel=\"noopener\" shape=\"rect\">overtuigd<\/a> zijn dat de <a href=\"https:\/\/perma.cc\/M975-SJ83\" target=\"_blank\" rel=\"noopener\" shape=\"rect\">foto echt<\/a> de echtgenote van president Zelensky, Olena Zelenska, toont.<\/p>\n<p>Olena Zelenska en haar echtgenoot Volodymyr Zelensky zijn herhaaldelijk het middelpunt geweest van valse informatie, die AFP ook in verschillende talen heeft geverifieerd. Er is bijvoorbeeld beweerd dat president Volodymyr Zelensky <a href=\"https:\/\/factchecknederland.afp.com\/doc.afp.com.32LB6W8\" target=\"_blank\" rel=\"noopener\" shape=\"rect\">17 miljoen hectare landbouwgrond<\/a> heeft verkocht aan buitenlandse bedrijven of dat zijn bezoek aan soldaten in een ziekenhuis in Kiev in maart 2022 <a href=\"https:\/\/factchecknederland.afp.com\/doc.afp.com.32768TW\" target=\"_blank\" rel=\"noopener\" shape=\"rect\">vooraf was opgenomen<\/a>. Een andere <a href=\"https:\/\/factuel.afp.com\/doc.afp.com.324U9XQ\" target=\"_blank\" rel=\"noopener\" shape=\"rect\">valse bewering die AFP in het Frans<\/a> heeft geverifieerd liet denken dat de Oekra\u00efense first lady tijdens de oorlog in Oekra\u00efne in Nice, Frankrijk, zou hebben verbleven: ook deze bewering was gebaseerd op een bewerkt beeld.<\/p>\n<p><b>Originele opname toont zakenman<\/b><\/p>\n<p>Op Twitter gaven gebruikers commentaar op de valse bewering. Een <a href=\"https:\/\/perma.cc\/P44Z-AW94\" target=\"_blank\" rel=\"noopener\" shape=\"rect\">gebruiker verwees<\/a> naar een afbeelding die Richard Heart in augustus 2022 op <a href=\"https:\/\/perma.cc\/MS4N-U8P8\" target=\"_blank\" rel=\"noopener\" shape=\"rect\">Twitter<\/a> plaatste en die hij op 16 april 2022 ook op <a href=\"https:\/\/perma.cc\/5X84-9MJH\" shape=\"rect\">Instagram<\/a> publiceerde. De Amerikaanse zakenman, <a href=\"https:\/\/perma.cc\/SJ4Y-PRVV\" target=\"_blank\" rel=\"noopener\" shape=\"rect\">Richard Heart<\/a>, verdient volgens zijn website zijn geld met cryptocurrencies en pronkt graag zijn rijkdom op sociale media. Een omgekeerde zoekopdracht op Google naar de gedeelde afbeelding leidde AFP ook naar andere fact checks (<a href=\"https:\/\/perma.cc\/B2WK-3QEE\" target=\"_blank\" rel=\"noopener\" shape=\"rect\">hier<\/a>, <a href=\"https:\/\/perma.cc\/K6GA-FRN3\" target=\"_blank\" rel=\"noopener\" shape=\"rect\">hier<\/a>, <a href=\"https:\/\/perma.cc\/T68H-4CME\" target=\"_blank\" rel=\"noopener\" shape=\"rect\">hier<\/a>), waarbij ook Hearts posts als bron wordt genoemd.<\/p>\n<p>Een vergelijking van Heart&#8217;s afbeelding met de nu gedeelde foto laat zien dat veel details overeenkomen, zoals de achtergrond met het cr\u00e8mekleurige interieur, de kleurrijke bagagetassen en de accessoires van de afgebeelde persoon. Op beide foto&#8217;s zijn hetzelfde horloge, gouden ketting en gedessineerde outfit te zien. Beide hebben een waterfles naast de zittende persoon.<\/p>\n<p>In de afbeelding die in de berichten gedeeld werd die AFP heeft geverifieerd, is het hoofd van Heart echter vervangen door een afbeelding van het hoofd van Olena Zelenska. Details zoals de handen, die wel erg groot zijn voor Zelenska, wijzen er ook op dat de foto is bewerkt.<\/p>\n<p>Heart heeft niet gereageerd op een verzoek van AFP om details te weten te komen over waar en wanneer de foto werd genomen voor AFP&#8217;s verificatie artikel werd gepubliceerd. Hij pinde de foto van zichzelf in zijn <a href=\"https:\/\/archive.ph\/0OUio\" target=\"_blank\" rel=\"noopener\" shape=\"rect\">Instagram-profiel<\/a>.<\/p>\n<div id=\"wysiwyg\" class=\"www-item image\"><img class=\"lazyload blur-up aligncenter\" src=\"https:\/\/belux.edmo.eu\/wp-content\/uploads\/2023\/01\/c41cdc7606bbfc1cd7cc24ad48d35da2d79e6880-ipad.jpg\" data-original=\"\" \/><\/div>\n<div class=\"www-item image\" style=\"text-align: center;\"><span class=\"legend\">Screenshot van de nep foto (links) en screenshot van de Instagram-post van 16 april 2022 (rechts)<\/span><\/div>\n<div><\/div>\n<p>Een nadere beschouwing van het afgebeelde hoofd bevestigt ook dat de originele foto Zelenska niet toont. Dit deel van de foto heeft een lagere resolutie dan de rest van het lichaam en schaduwen en beeldtemperatuur komen niet precies overeen met de rest van het beeld. Een journalist van de Zwitserse nieuwssite &#8220;NZZ&#8221; wees op <a href=\"https:\/\/perma.cc\/ACC2-XZFE\" target=\"_blank\" rel=\"noopener\" shape=\"rect\">Twitter<\/a> op de originele opname, dat werd gespiegeld.<\/p>\n<p>Een vergelijking van het <a href=\"https:\/\/perma.cc\/9J5L-4DLT\" target=\"_blank\" rel=\"noopener\" shape=\"rect\">originele beeld<\/a> uit de Alamy fotodatabase (links) en het vermeende beeld van Zelenska in de jet (rechts), gespiegeld door AFP voor een betere vergelijking, laat zien dat de foto links werd gebruikt en waarbij Zelenskas hoofd werd uitgesneden en in de foto van Heart werd geplaatst. Zelenska&#8217;s blik en het standpunt van de opname zijn voor beide hetzelfde, haar haar is ook identiek. In de originele foto valt het licht van links op haar; in het bewerkte beeld komen de lichtomstandigheden niet overeen.<\/p>\n<div id=\"wysiwyg\" class=\"www-item image\"><img class=\"lazyload blur-up aligncenter\" src=\"https:\/\/belux.edmo.eu\/wp-content\/uploads\/2023\/01\/20f229e80565cd3e728b4bdac0ae74c13d3dead9-ipad.jpg\" data-original=\"\" \/><\/div>\n<div class=\"www-item image\" style=\"text-align: center;\"><span class=\"legend\">Originele afbeelding in de Alamy-fotodatabase van Olena Zelenska in Kiev (links) en nepfoto gespiegeld door AFP (rechts); Schermafbeeldingen: 29 december 2022<\/span><\/div>\n<div><\/div>\n<p>Op de originele foto is Olena Zelenska <a href=\"https:\/\/perma.cc\/SFP8-DRNJ\" target=\"_blank\" rel=\"noopener\" shape=\"rect\">te zien<\/a> terwijl ze op de <a href=\"https:\/\/archive.ph\/2rq5C\" target=\"_blank\" rel=\"noopener\" shape=\"rect\">First Ladies and First Gentlemen Summit <\/a>in Kiev op 23 juli 2022 spreekt. Alamy&#8217;s fotodatabase toont de originele afbeelding in haar <a href=\"https:\/\/perma.cc\/9J5L-4DLT\" target=\"_blank\" rel=\"noopener\" shape=\"rect\">archief<\/a>. Het is ook gedateerd op die dag in de Alamy fotodatabase, en het werd genomen door de fotograaf Hennadii Minschenko. Verschillende media gebruikten de foto van de Oekra\u00efense first lady voor hun verslag (<a href=\"https:\/\/archive.ph\/pDbs2\" target=\"_blank\" rel=\"noopener\" shape=\"rect\">hier<\/a>, <a href=\"https:\/\/archive.ph\/DuvGp\" target=\"_blank\" rel=\"noopener\" shape=\"rect\">hier<\/a>). Zelenska plaatste ook beelden van zichzelf tijdens de top op 23 juli op <a href=\"https:\/\/perma.cc\/W59Q-AKC6\" shape=\"rect\">Twitter<\/a>, waar ze te zien is met hetzelfde kapsel en dezelfde kleding.<\/p>\n<p>Op 13 december 2022 werd in Parijs een <a href=\"https:\/\/www.hln.be\/buitenland\/conferentie-in-parijs-levert-800-miljoen-euro-op-om-oekraine-door-de-winter-te-helpen~a762da2a\/\" target=\"_blank\" rel=\"noopener\" shape=\"rect\">conferentie<\/a> gehouden over de organisatie van winterhulp voor Oekra\u00efne, waarbij ook de vrouw van de president aanwezig was en om <a href=\"https:\/\/perma.cc\/4GVK-QXZD\" target=\"_blank\" rel=\"noopener\" shape=\"rect\">steun vroe<\/a>g voor de wederopbouw van de verwoeste infrastructuur van het land. Een week later pleitte haar echtgenoot voor meer hulp tijdens een historisch <a href=\"https:\/\/perma.cc\/K989-KMNS\" target=\"_blank\" rel=\"noopener\" shape=\"rect\">bezoek aan het Amerikaanse Congres<\/a>.<\/p>\n","protected":false},"excerpt":{"rendered":"<p>De bewerkte foto van Olena Zelenska in een priv\u00e9jet verspreidde zich eind december 2022 op Facebook en Twitter en werd ook gedeeld in verschillende andere talen, waaronder Duits, Engels, Frans of Chinees.<\/p>\n","protected":false},"author":1,"featured_media":227549,"comment_status":"closed","ping_status":"open","sticky":false,"template":"","format":"standard","meta":{"_acf_changed":false,"footnotes":""},"categories":[124,216],"tags":[],"class_list":{"0":"post-227569","1":"post","2":"type-post","3":"status-publish","4":"format-standard","5":"has-post-thumbnail","7":"category-fact-check-nl","8":"category-oekraine"},"acf":{"show_metatags":true,"id":"doc-336f73t-6","authors":"Charlotte STEENACKERS, Eva WACKENREUTHER, AFP Oostenrijk","organization":"AFP","featured_image_copyright":"AFP","text_copyright":"\u00a9 AGENCE FRANCE-PRESSE | 2024 | All rights reserved. Elk gebruik van AFP-inhoud op deze website is onderworpen aan de gebruiksvoorwaarden die beschikbaar zijn op <a href='https:\/\/www.afp.com\/en\/terms-use' target='_blank'>CGU<\/a>. Door de inhoud van AFP op deze website te openen en\/of te gebruiken, gaat u ermee akkoord gebonden te zijn aan de bovengenoemde gebruiksvoorwaarden. Any use of AFP content is under your sole and full responsibility.","source":"https:\/\/factchecknederland.afp.com\/doc.afp.com.336F73T","fact_checker":"https:\/\/belux.wpengine.com\/wp-content\/uploads\/2021\/12\/afp_logo.png","type":"Gesloten evenement","location":"","start_date":"","start_date_event_begins_at":"","start_date_event_ends_at":"","end_date":"","end_date_event_begins_at":"","end_date_event_ends_at":"","organizer":"","fact_checker_logo_image":false},"yoast_head":"<!-- This site is optimized with the Yoast SEO plugin v27.0 - https:\/\/yoast.com\/product\/yoast-seo-wordpress\/ -->\n<title>Deze foto van Olena Zelenska in een priv\u00e9jet werd bewerkt - EDMO Belux<\/title>\n<meta name=\"robots\" content=\"index, follow, max-snippet:-1, max-image-preview:large, max-video-preview:-1\" \/>\n<link rel=\"canonical\" href=\"https:\/\/belux.edmo.eu\/nl\/deze-foto-van-olena-zelenska-in-een-privjet-werd-bewerkt\/\" \/>\n<meta property=\"og:locale\" content=\"nl_NL\" \/>\n<meta property=\"og:type\" content=\"article\" \/>\n<meta property=\"og:title\" content=\"Deze foto van Olena Zelenska in een priv\u00e9jet werd bewerkt - EDMO Belux\" \/>\n<meta property=\"og:description\" content=\"De bewerkte foto van Olena Zelenska in een priv\u00e9jet verspreidde zich eind december 2022 op Facebook en Twitter en werd ook gedeeld in verschillende andere talen, waaronder Duits, Engels, Frans of Chinees.\" \/>\n<meta property=\"og:url\" content=\"https:\/\/belux.edmo.eu\/nl\/deze-foto-van-olena-zelenska-in-een-privjet-werd-bewerkt\/\" \/>\n<meta property=\"og:site_name\" content=\"EDMO Belux\" \/>\n<meta property=\"article:published_time\" content=\"2023-01-05T13:14:43+00:00\" \/>\n<meta property=\"article:modified_time\" content=\"2023-01-05T15:44:55+00:00\" \/>\n<meta property=\"og:image\" content=\"https:\/\/belux.edmo.eu\/wp-content\/uploads\/2023\/01\/ca47507ae2e2bea57b5cce03bca41fbccb54377b-ipad.jpg\" \/>\n\t<meta property=\"og:image:width\" content=\"1080\" \/>\n\t<meta property=\"og:image:height\" content=\"540\" \/>\n\t<meta property=\"og:image:type\" content=\"image\/jpeg\" \/>\n<meta name=\"author\" content=\"master\" \/>\n<meta name=\"twitter:card\" content=\"summary_large_image\" \/>\n<meta name=\"twitter:creator\" content=\"@Edmo_Belux\" \/>\n<meta name=\"twitter:site\" content=\"@Edmo_Belux\" \/>\n<meta name=\"twitter:label1\" content=\"Geschreven door\" \/>\n\t<meta name=\"twitter:data1\" content=\"master\" \/>\n\t<meta name=\"twitter:label2\" content=\"Geschatte leestijd\" \/>\n\t<meta name=\"twitter:data2\" content=\"4 minuten\" \/>\n<script type=\"application\/ld+json\" class=\"yoast-schema-graph\">{\"@context\":\"https:\/\/schema.org\",\"@graph\":[{\"@type\":\"Article\",\"@id\":\"https:\/\/belux.edmo.eu\/nl\/deze-foto-van-olena-zelenska-in-een-privjet-werd-bewerkt\/#article\",\"isPartOf\":{\"@id\":\"https:\/\/belux.edmo.eu\/nl\/deze-foto-van-olena-zelenska-in-een-privjet-werd-bewerkt\/\"},\"author\":{\"name\":\"master\",\"@id\":\"https:\/\/belux.edmo.eu\/#\/schema\/person\/dbe3b252258537fd318f9b5645a30342\"},\"headline\":\"Deze foto van Olena Zelenska in een priv\u00e9jet werd bewerkt\",\"datePublished\":\"2023-01-05T13:14:43+00:00\",\"dateModified\":\"2023-01-05T15:44:55+00:00\",\"mainEntityOfPage\":{\"@id\":\"https:\/\/belux.edmo.eu\/nl\/deze-foto-van-olena-zelenska-in-een-privjet-werd-bewerkt\/\"},\"wordCount\":883,\"publisher\":{\"@id\":\"https:\/\/belux.edmo.eu\/#organization\"},\"image\":{\"@id\":\"https:\/\/belux.edmo.eu\/nl\/deze-foto-van-olena-zelenska-in-een-privjet-werd-bewerkt\/#primaryimage\"},\"thumbnailUrl\":\"https:\/\/belux.edmo.eu\/wp-content\/uploads\/2023\/01\/ca47507ae2e2bea57b5cce03bca41fbccb54377b-ipad.jpg\",\"articleSection\":[\"Fact Check\",\"Oekra\u00efne\"],\"inLanguage\":\"nl-NL\"},{\"@type\":\"WebPage\",\"@id\":\"https:\/\/belux.edmo.eu\/nl\/deze-foto-van-olena-zelenska-in-een-privjet-werd-bewerkt\/\",\"url\":\"https:\/\/belux.edmo.eu\/nl\/deze-foto-van-olena-zelenska-in-een-privjet-werd-bewerkt\/\",\"name\":\"Deze foto van Olena Zelenska in een priv\u00e9jet werd bewerkt - EDMO Belux\",\"isPartOf\":{\"@id\":\"https:\/\/belux.edmo.eu\/#website\"},\"primaryImageOfPage\":{\"@id\":\"https:\/\/belux.edmo.eu\/nl\/deze-foto-van-olena-zelenska-in-een-privjet-werd-bewerkt\/#primaryimage\"},\"image\":{\"@id\":\"https:\/\/belux.edmo.eu\/nl\/deze-foto-van-olena-zelenska-in-een-privjet-werd-bewerkt\/#primaryimage\"},\"thumbnailUrl\":\"https:\/\/belux.edmo.eu\/wp-content\/uploads\/2023\/01\/ca47507ae2e2bea57b5cce03bca41fbccb54377b-ipad.jpg\",\"datePublished\":\"2023-01-05T13:14:43+00:00\",\"dateModified\":\"2023-01-05T15:44:55+00:00\",\"breadcrumb\":{\"@id\":\"https:\/\/belux.edmo.eu\/nl\/deze-foto-van-olena-zelenska-in-een-privjet-werd-bewerkt\/#breadcrumb\"},\"inLanguage\":\"nl-NL\",\"potentialAction\":[{\"@type\":\"ReadAction\",\"target\":[\"https:\/\/belux.edmo.eu\/nl\/deze-foto-van-olena-zelenska-in-een-privjet-werd-bewerkt\/\"]}]},{\"@type\":\"ImageObject\",\"inLanguage\":\"nl-NL\",\"@id\":\"https:\/\/belux.edmo.eu\/nl\/deze-foto-van-olena-zelenska-in-een-privjet-werd-bewerkt\/#primaryimage\",\"url\":\"https:\/\/belux.edmo.eu\/wp-content\/uploads\/2023\/01\/ca47507ae2e2bea57b5cce03bca41fbccb54377b-ipad.jpg\",\"contentUrl\":\"https:\/\/belux.edmo.eu\/wp-content\/uploads\/2023\/01\/ca47507ae2e2bea57b5cce03bca41fbccb54377b-ipad.jpg\",\"width\":1080,\"height\":540,\"caption\":\"Deze foto van Olena Zelenska in een priv\u00e9jet werd bewerkt - Featured image\"},{\"@type\":\"BreadcrumbList\",\"@id\":\"https:\/\/belux.edmo.eu\/nl\/deze-foto-van-olena-zelenska-in-een-privjet-werd-bewerkt\/#breadcrumb\",\"itemListElement\":[{\"@type\":\"ListItem\",\"position\":1,\"name\":\"Home\",\"item\":\"https:\/\/belux.edmo.eu\/nl\/redesign-homepage\/\"},{\"@type\":\"ListItem\",\"position\":2,\"name\":\"Deze foto van Olena Zelenska in een priv\u00e9jet werd bewerkt\"}]},{\"@type\":\"WebSite\",\"@id\":\"https:\/\/belux.edmo.eu\/#website\",\"url\":\"https:\/\/belux.edmo.eu\/\",\"name\":\"EDMO Belux\",\"description\":\"Monitoring Disinformation in Belgium and Luxembourg\",\"publisher\":{\"@id\":\"https:\/\/belux.edmo.eu\/#organization\"},\"potentialAction\":[{\"@type\":\"SearchAction\",\"target\":{\"@type\":\"EntryPoint\",\"urlTemplate\":\"https:\/\/belux.edmo.eu\/?s={search_term_string}\"},\"query-input\":{\"@type\":\"PropertyValueSpecification\",\"valueRequired\":true,\"valueName\":\"search_term_string\"}}],\"inLanguage\":\"nl-NL\"},{\"@type\":\"Organization\",\"@id\":\"https:\/\/belux.edmo.eu\/#organization\",\"name\":\"EDMO Belux\",\"url\":\"https:\/\/belux.edmo.eu\/\",\"logo\":{\"@type\":\"ImageObject\",\"inLanguage\":\"nl-NL\",\"@id\":\"https:\/\/belux.edmo.eu\/#\/schema\/logo\/image\/\",\"url\":\"https:\/\/belux.edmo.eu\/wp-content\/uploads\/2021\/12\/belux-logo-full-color-rgb.svg\",\"contentUrl\":\"https:\/\/belux.edmo.eu\/wp-content\/uploads\/2021\/12\/belux-logo-full-color-rgb.svg\",\"width\":1,\"height\":1,\"caption\":\"EDMO Belux\"},\"image\":{\"@id\":\"https:\/\/belux.edmo.eu\/#\/schema\/logo\/image\/\"},\"sameAs\":[\"https:\/\/x.com\/Edmo_Belux\"]},{\"@type\":\"Person\",\"@id\":\"https:\/\/belux.edmo.eu\/#\/schema\/person\/dbe3b252258537fd318f9b5645a30342\",\"name\":\"master\",\"sameAs\":[\"https:\/\/belux.wpengine.com\"],\"url\":\"https:\/\/belux.edmo.eu\/nl\/author\/master\/\"}]}<\/script>\n<!-- \/ Yoast SEO plugin. -->","yoast_head_json":{"title":"Deze foto van Olena Zelenska in een priv\u00e9jet werd bewerkt - EDMO Belux","robots":{"index":"index","follow":"follow","max-snippet":"max-snippet:-1","max-image-preview":"max-image-preview:large","max-video-preview":"max-video-preview:-1"},"canonical":"https:\/\/belux.edmo.eu\/nl\/deze-foto-van-olena-zelenska-in-een-privjet-werd-bewerkt\/","og_locale":"nl_NL","og_type":"article","og_title":"Deze foto van Olena Zelenska in een priv\u00e9jet werd bewerkt - EDMO Belux","og_description":"De bewerkte foto van Olena Zelenska in een priv\u00e9jet verspreidde zich eind december 2022 op Facebook en Twitter en werd ook gedeeld in verschillende andere talen, waaronder Duits, Engels, Frans of Chinees.","og_url":"https:\/\/belux.edmo.eu\/nl\/deze-foto-van-olena-zelenska-in-een-privjet-werd-bewerkt\/","og_site_name":"EDMO Belux","article_published_time":"2023-01-05T13:14:43+00:00","article_modified_time":"2023-01-05T15:44:55+00:00","og_image":[{"width":1080,"height":540,"url":"https:\/\/belux.edmo.eu\/wp-content\/uploads\/2023\/01\/ca47507ae2e2bea57b5cce03bca41fbccb54377b-ipad.jpg","type":"image\/jpeg"}],"author":"master","twitter_card":"summary_large_image","twitter_creator":"@Edmo_Belux","twitter_site":"@Edmo_Belux","twitter_misc":{"Geschreven door":"master","Geschatte leestijd":"4 minuten"},"schema":{"@context":"https:\/\/schema.org","@graph":[{"@type":"Article","@id":"https:\/\/belux.edmo.eu\/nl\/deze-foto-van-olena-zelenska-in-een-privjet-werd-bewerkt\/#article","isPartOf":{"@id":"https:\/\/belux.edmo.eu\/nl\/deze-foto-van-olena-zelenska-in-een-privjet-werd-bewerkt\/"},"author":{"name":"master","@id":"https:\/\/belux.edmo.eu\/#\/schema\/person\/dbe3b252258537fd318f9b5645a30342"},"headline":"Deze foto van Olena Zelenska in een priv\u00e9jet werd bewerkt","datePublished":"2023-01-05T13:14:43+00:00","dateModified":"2023-01-05T15:44:55+00:00","mainEntityOfPage":{"@id":"https:\/\/belux.edmo.eu\/nl\/deze-foto-van-olena-zelenska-in-een-privjet-werd-bewerkt\/"},"wordCount":883,"publisher":{"@id":"https:\/\/belux.edmo.eu\/#organization"},"image":{"@id":"https:\/\/belux.edmo.eu\/nl\/deze-foto-van-olena-zelenska-in-een-privjet-werd-bewerkt\/#primaryimage"},"thumbnailUrl":"https:\/\/belux.edmo.eu\/wp-content\/uploads\/2023\/01\/ca47507ae2e2bea57b5cce03bca41fbccb54377b-ipad.jpg","articleSection":["Fact Check","Oekra\u00efne"],"inLanguage":"nl-NL"},{"@type":"WebPage","@id":"https:\/\/belux.edmo.eu\/nl\/deze-foto-van-olena-zelenska-in-een-privjet-werd-bewerkt\/","url":"https:\/\/belux.edmo.eu\/nl\/deze-foto-van-olena-zelenska-in-een-privjet-werd-bewerkt\/","name":"Deze foto van Olena Zelenska in een priv\u00e9jet werd bewerkt - EDMO Belux","isPartOf":{"@id":"https:\/\/belux.edmo.eu\/#website"},"primaryImageOfPage":{"@id":"https:\/\/belux.edmo.eu\/nl\/deze-foto-van-olena-zelenska-in-een-privjet-werd-bewerkt\/#primaryimage"},"image":{"@id":"https:\/\/belux.edmo.eu\/nl\/deze-foto-van-olena-zelenska-in-een-privjet-werd-bewerkt\/#primaryimage"},"thumbnailUrl":"https:\/\/belux.edmo.eu\/wp-content\/uploads\/2023\/01\/ca47507ae2e2bea57b5cce03bca41fbccb54377b-ipad.jpg","datePublished":"2023-01-05T13:14:43+00:00","dateModified":"2023-01-05T15:44:55+00:00","breadcrumb":{"@id":"https:\/\/belux.edmo.eu\/nl\/deze-foto-van-olena-zelenska-in-een-privjet-werd-bewerkt\/#breadcrumb"},"inLanguage":"nl-NL","potentialAction":[{"@type":"ReadAction","target":["https:\/\/belux.edmo.eu\/nl\/deze-foto-van-olena-zelenska-in-een-privjet-werd-bewerkt\/"]}]},{"@type":"ImageObject","inLanguage":"nl-NL","@id":"https:\/\/belux.edmo.eu\/nl\/deze-foto-van-olena-zelenska-in-een-privjet-werd-bewerkt\/#primaryimage","url":"https:\/\/belux.edmo.eu\/wp-content\/uploads\/2023\/01\/ca47507ae2e2bea57b5cce03bca41fbccb54377b-ipad.jpg","contentUrl":"https:\/\/belux.edmo.eu\/wp-content\/uploads\/2023\/01\/ca47507ae2e2bea57b5cce03bca41fbccb54377b-ipad.jpg","width":1080,"height":540,"caption":"Deze foto van Olena Zelenska in een priv\u00e9jet werd bewerkt - Featured image"},{"@type":"BreadcrumbList","@id":"https:\/\/belux.edmo.eu\/nl\/deze-foto-van-olena-zelenska-in-een-privjet-werd-bewerkt\/#breadcrumb","itemListElement":[{"@type":"ListItem","position":1,"name":"Home","item":"https:\/\/belux.edmo.eu\/nl\/redesign-homepage\/"},{"@type":"ListItem","position":2,"name":"Deze foto van Olena Zelenska in een priv\u00e9jet werd bewerkt"}]},{"@type":"WebSite","@id":"https:\/\/belux.edmo.eu\/#website","url":"https:\/\/belux.edmo.eu\/","name":"EDMO Belux","description":"Monitoring Disinformation in Belgium and Luxembourg","publisher":{"@id":"https:\/\/belux.edmo.eu\/#organization"},"potentialAction":[{"@type":"SearchAction","target":{"@type":"EntryPoint","urlTemplate":"https:\/\/belux.edmo.eu\/?s={search_term_string}"},"query-input":{"@type":"PropertyValueSpecification","valueRequired":true,"valueName":"search_term_string"}}],"inLanguage":"nl-NL"},{"@type":"Organization","@id":"https:\/\/belux.edmo.eu\/#organization","name":"EDMO Belux","url":"https:\/\/belux.edmo.eu\/","logo":{"@type":"ImageObject","inLanguage":"nl-NL","@id":"https:\/\/belux.edmo.eu\/#\/schema\/logo\/image\/","url":"https:\/\/belux.edmo.eu\/wp-content\/uploads\/2021\/12\/belux-logo-full-color-rgb.svg","contentUrl":"https:\/\/belux.edmo.eu\/wp-content\/uploads\/2021\/12\/belux-logo-full-color-rgb.svg","width":1,"height":1,"caption":"EDMO Belux"},"image":{"@id":"https:\/\/belux.edmo.eu\/#\/schema\/logo\/image\/"},"sameAs":["https:\/\/x.com\/Edmo_Belux"]},{"@type":"Person","@id":"https:\/\/belux.edmo.eu\/#\/schema\/person\/dbe3b252258537fd318f9b5645a30342","name":"master","sameAs":["https:\/\/belux.wpengine.com"],"url":"https:\/\/belux.edmo.eu\/nl\/author\/master\/"}]}},"menu_order":0,"_links":{"self":[{"href":"https:\/\/belux.edmo.eu\/nl\/wp-json\/wp\/v2\/posts\/227569","targetHints":{"allow":["GET"]}}],"collection":[{"href":"https:\/\/belux.edmo.eu\/nl\/wp-json\/wp\/v2\/posts"}],"about":[{"href":"https:\/\/belux.edmo.eu\/nl\/wp-json\/wp\/v2\/types\/post"}],"author":[{"embeddable":true,"href":"https:\/\/belux.edmo.eu\/nl\/wp-json\/wp\/v2\/users\/1"}],"replies":[{"embeddable":true,"href":"https:\/\/belux.edmo.eu\/nl\/wp-json\/wp\/v2\/comments?post=227569"}],"version-history":[{"count":0,"href":"https:\/\/belux.edmo.eu\/nl\/wp-json\/wp\/v2\/posts\/227569\/revisions"}],"wp:featuredmedia":[{"embeddable":true,"href":"https:\/\/belux.edmo.eu\/nl\/wp-json\/wp\/v2\/media\/227549"}],"wp:attachment":[{"href":"https:\/\/belux.edmo.eu\/nl\/wp-json\/wp\/v2\/media?parent=227569"}],"wp:term":[{"taxonomy":"category","embeddable":true,"href":"https:\/\/belux.edmo.eu\/nl\/wp-json\/wp\/v2\/categories?post=227569"},{"taxonomy":"post_tag","embeddable":true,"href":"https:\/\/belux.edmo.eu\/nl\/wp-json\/wp\/v2\/tags?post=227569"}],"curies":[{"name":"wp","href":"https:\/\/api.w.org\/{rel}","templated":true}]}}