{"id":291031,"date":"2023-10-11T09:50:03","date_gmt":"2023-10-11T09:50:03","guid":{"rendered":"https:\/\/belux.edmo.eu\/?p=291031"},"modified":"2023-10-16T12:28:29","modified_gmt":"2023-10-16T12:28:29","slug":"twin-towers-en-pentagon-werden-geraakt-door-vliegtuigen-tijdens-911-aanvallen-in-tegenstelling-tot-valse-beweringen","status":"publish","type":"post","link":"https:\/\/belux.edmo.eu\/nl\/twin-towers-en-pentagon-werden-geraakt-door-vliegtuigen-tijdens-911-aanvallen-in-tegenstelling-tot-valse-beweringen\/","title":{"rendered":"Twin towers en Pentagon werden geraakt door vliegtuigen tijdens 9\/11 aanvallen, in tegenstelling tot valse beweringen"},"content":{"rendered":"<p><b>Op 11 september 2001 kwamen meer dan 3000 mensen om toen terroristen van Al-Qaeda twee commerci\u00eble vliegtuigen in de twin towers van het World Trade Center in New York vlogen. Een derde gekaapt vliegtuig stortte neer in het Pentagon en een ander in een veld in Pennsylvania. Ondanks meerdere ooggetuigenverslagen, live beelden van die dag, onderzoeksbevindingen en brokstukken die op de locaties zijn gevonden, blijven er echter ongegronde beweringen circuleren, waaronder dat er geen vliegtuigen betrokken waren bij de aanslagen.\u00a0<\/b><\/p>\n<p>Berichten gedeeld in september 2023 in het nederlands op<a href=\"https:\/\/web.archive.org\/web\/20230926081833\/https:\/\/twitter.com\/blijvendQRvrij\/status\/1701189684389413020\" shape=\"rect\"> X, voorheen Twitter<\/a>, en<a href=\"https:\/\/www.facebook.com\/permalink.php?story_fbid=pfbid037u9KnQnK43EpdRJWYQPfAxfYsDYZrxe7EmH2C62JEbeMXHHC6rXYXc7NictJvasBl&amp;id=100095140020304\" shape=\"rect\"> Facebook<\/a> beweren ten onrechte dat er geen vliegtuig in de zuidelijke toren van het World Trade Center vloog, de tweede toren die op 9\/11 werd aangevallen, maar dat deze werd verwoest door een geplande explosie.<\/p>\n<p>De beelden in de posts op X zijn echter bewerkt om het vliegtuig uit de originele video te wissen en in de bewering gevonden op Facebook wordt een fragment van ooggetuigen uit zijn context gehaald, zoals we hieronder zullen uitleggen.<\/p>\n<p>&nbsp;<\/p>\n<div class=\"g2image\">\n<figure><img src=\"https:\/\/belux-edmo.s3-accelerate.amazonaws.com\/wp-content\/uploads\/2023\/10\/761787936ee721e394ac142d95583c5510be345d-ipad.jpg\" \/><figcaption>Screenshot van een van de misleidende post vastgelegd op 29 september 2023<\/figcaption><\/figure>\n<\/div>\n<p>&nbsp;<\/p>\n<p>Vergelijkbare beweringen deden de ronde in andere talen, zoals beschreven in deze AFP factchecks:<a href=\"https:\/\/factcheck.afp.com\/doc.afp.com.33UZ6HN\" shape=\"rect\"> hier<\/a> in het Engels en<a href=\"https:\/\/faktencheck.afp.com\/doc.afp.com.33UC8Q7\" shape=\"rect\"> hier<\/a> in het Duits.<\/p>\n<p>Ongegronde beweringen over de aanslagen werden ook herhaald door Thierry Baudet, leider van de extreem-rechtse partij Forum voor Democratie, tijdens een politiek debat op 20 september 2023. Hij werd uitgedaagd door Geert Wilders, leider van de Partij voor de Vrijheid, over zijn overtuiging dat de aanslagen van 9\/11 een &#8220;inside job&#8221; waren.<\/p>\n<p>In reactie op zijn opmerkingen tijdens de Algemene Politieke Beschouwingen (<a href=\"https:\/\/perma.cc\/YA78-X9UC\" shape=\"rect\">APB<\/a>), zei Baudet dat hij ervan overtuigd was dat de vliegtuigen niet de oorzaak waren van het instorten van de gebouwen van het World Trade Center. Hij verklaarde ook dat hij het &#8220;extreem onwaarschijnlijk&#8221; achtte dat een vliegtuig in het Pentagon was neergestort, waarbij hij ten onrechte verklaarde dat er geen brokstukken van een vliegtuig waren gevonden. Sommige<a href=\"https:\/\/www.facebook.com\/davidjsorensen\/posts\/pfbid02738mmNPGcH9dQNGNRQDcb846Zmm5XSVycqtR5skYC1CC4f16SqfScwHaknRnMB2yl\" shape=\"rect\"> gebruikers op sociale media geloofden wat hij zei<\/a>.<\/p>\n<p>Baudet is al eerder bekritiseerd voor het<a href=\"https:\/\/nos.nl\/artikel\/2448865-grote-zorgen-in-de-tweede-kamer-over-complottheorieen-baudet\" shape=\"rect\"> verspreiden van complottheorie\u00ebn<\/a>. AFP heeft zijn valse beweringen verschillende keren ontkracht (<a href=\"https:\/\/factchecknederland.afp.com\/wees-voorzichtig-met-deze-ongefundeerde-en-onjuiste-beweringen-over-vaccinatie-en-coronasterfte\" shape=\"rect\">hier<\/a>,<a href=\"https:\/\/factchecknederland.afp.com\/doc.afp.com.33AF7FY\" shape=\"rect\"> hier<\/a> en<a href=\"https:\/\/factchecknederland.afp.com\/doc.afp.com.329T637\" shape=\"rect\"> hier<\/a>).<\/p>\n<p><b><strong>Wat gebeurde er op 11 september 2001?<\/strong><\/b><\/p>\n<p>Twee vliegtuigen, gekaapt door <a href=\"https:\/\/perma.cc\/N9Q9-MRJ8\" target=\"_blank\" rel=\"noopener\" shape=\"rect\">Al Qaida<\/a>, een islamitische groepering die internationaal is aangemerkt als terroristische organisatie, stortten <a href=\"https:\/\/www.france24.com\/en\/live-news\/20210824-on-9-11-the-deadliest-attacks-in-history\" target=\"_blank\" rel=\"noopener\" shape=\"rect\">op 11 september 2001<\/a> neer in de Twin Towers in New York (link <a href=\"https:\/\/perma.cc\/753V-R56X\" target=\"_blank\" rel=\"noopener\" shape=\"rect\">hier<\/a> gearchiveerd). Een derde vliegtuig stortte op dezelfde dag neer in het Pentagon, terwijl een vierde neerstortte in een veld in Pennsylvania. Bij de aanvallen kwamen <a href=\"https:\/\/www.911memorial.org\/connect\/commemoration\" target=\"_blank\" rel=\"noopener\" shape=\"rect\">2.977 mensen<\/a> om het leven (link <a href=\"https:\/\/perma.cc\/F87M-RSQ4\" target=\"_blank\" rel=\"noopener\" shape=\"rect\">hier<\/a> gearchiveerd) en duizenden raakte gewond. De schokkende gebeurtenis werd vereeuwigd in duizenden <a href=\"https:\/\/www.youtube.com\/watch?v=i4CAwjfY-dU&amp;ab_channel=SkyNews\" target=\"_blank\" rel=\"noopener\" shape=\"rect\">video<\/a>&#8217;s en <a href=\"https:\/\/abcnews.go.com\/US\/photos\/photos-remembering-911-148555\/image-57734337\" target=\"_blank\" rel=\"noopener\" shape=\"rect\">foto<\/a>&#8217;s die werden gemaakt door journalisten, reddingswerkers, politieagenten en getuigen.<\/p>\n<p>De<a href=\"https:\/\/timeline.911memorial.org\/#Timeline\/\" target=\"_blank\" rel=\"noopener\" shape=\"rect\"> volledige tijdlijn<\/a> van de gebeurtenissen (link <a href=\"https:\/\/archive.is\/lZ1V9\" target=\"_blank\" rel=\"noopener\" shape=\"rect\">hier<\/a> gearchiveerd) die zijn begonnen om 5:45 uur lokale tijd toen kapers Mohammed Atta en Abdulaziz al-Omari door de beveiliging gingen op Portland International Airport in Maine, is beschikbaar op deze <a href=\"https:\/\/perma.cc\/6L27-298X\" target=\"_blank\" rel=\"noopener\" shape=\"rect\">herdenkingswebsite over de aanval<\/a>.<\/p>\n<p>AFP heeft het verloop van de ramp in een grafiek weergegeven:<\/p>\n<div class=\"g2image\">\n<figure><img src=\"https:\/\/belux-edmo.s3-accelerate.amazonaws.com\/wp-content\/uploads\/2023\/10\/9c1894b6050de5ffc30bf07d9c9ad6abf8f5cba0-ipad.jpg\" \/><figcaption>Grafiek over de terroristische aanslagen van 11 september 2001 in New York, VS, gemaakt door AFP &#8211; AFP<\/figcaption><\/figure>\n<\/div>\n<p>Er zijn echter veel complottheorie\u00ebn opgedoken die ontkennen wat de beelden, getuigenverklaringen en onderzoeken hebben aangetoond. E\u00e9n van deze complottheorie\u00ebn is dat de vernietiging werd veroorzaakt door een geplande explosie en niet door vliegtuigen die gekaapt waren door leden van Al-Qaeda.<\/p>\n<p><b>Gemanipuleerde beelden<\/b><\/p>\n<p>Het bericht dat in het Nederlands circuleert op <a href=\"https:\/\/web.archive.org\/web\/20230926081833\/https:\/\/twitter.com\/blijvendQRvrij\/status\/1701189684389413020\" target=\"_blank\" rel=\"noopener\" shape=\"rect\">X (voorheen Twitter<\/a>) en waarin wordt beweerd dat er &#8220;geen vliegtuigen&#8221; betrokken waren bij de aanslagen in New York, maakt gebruik van beelden waarin het tweede vliegtuig dat het World Trade Centre binnenvloog, is gewist. Deze bewerkte video met exact hetzelfde onderschrift circuleerde in het Engels in 2021 toen het <a href=\"https:\/\/factcheck.afp.com\/http%253A%252F%252Fdoc.afp.com%252F9MQ7KH-1\" target=\"_blank\" rel=\"noopener\" shape=\"rect\">hier<\/a> werd gedebunked door AFP&#8217;s Australische factcheckteam.<\/p>\n<p>Zoals wordt uitgelegd in het factcheckartikel van AFP, hebben we dankzij omgekeerde zoekopdrachten op trefwoorden de originele clip in <a href=\"https:\/\/youtu.be\/PusI_dM_lpM?t=115\" target=\"_blank\" rel=\"noopener\" shape=\"rect\">deze video<\/a> op YouTube terug gevonden. De beelden zijn afkomstig van fotojournalist Keith Lopez van WPIX-TV, een Amerikaanse zender gevestigd in New York die sindsdien zijn naam heeft veranderd in PIX11.<\/p>\n<p>In de video is duidelijk te zien hoe een vliegtuig de zuidertoren raakt. De video van Lopez komt overeen met de beelden die circuleren op sociale media. De beelden zijn genomen vanuit hetzelfde perspectief op de torens en de vogels die wegvliegen na de explosie zijn ook op de beelden te zien.<\/p>\n<div class=\"g2image\">\n<figure><img src=\"https:\/\/belux-edmo.s3-accelerate.amazonaws.com\/wp-content\/uploads\/2023\/10\/d33fd6b5b40a755205d755d0f2b03c9f40e44bde-ipad.jpg\" \/><figcaption>Screenshot van de originele beelden links, en screenshot van de valse post gedeeld op X met de link naar de gemanipuleerde originele video rechts.<\/figcaption><\/figure>\n<\/div>\n<p><span style=\"color: #000000;\">De gemanipuleerde video is al eerder ontkracht door andere factcheckorganisaties, waaronder <a href=\"https:\/\/www.politifact.com\/factchecks\/2022\/may\/17\/viral-image\/doctored-video-appears-show-911-attack-without-pla\/\" target=\"_blank\" rel=\"noopener\" shape=\"rect\">hier<\/a> door Politifact in 2022. \u00a0<br clear=\"none\" \/><\/span><\/p>\n<p><b><span style=\"color: #000000;\"><strong>Overvloed aan bewijs toont aan dat een vliegtuig de tweede toren raakte\u00a0<br clear=\"none\" \/><\/strong><\/span><\/b><\/p>\n<p>In tegenstelling tot de valse beweringen die de ronde doen op sociale media, is er is een overvloed aan bewijs dat een vliegtuig de tweede toren raakte, waaronder een foto van AFP-fotograaf Seth McAllister die dicht bij de plek van de aanslagen in New York was.<\/p>\n<div class=\"g2image\">\n<figure><img src=\"https:\/\/belux-edmo.s3-accelerate.amazonaws.com\/wp-content\/uploads\/2023\/10\/fe32ed7fe1e06b349570ea62f293d163ffcbf3c8-ipad.jpg\" \/><figcaption>Een gekaapt commercieel vliegtuig nadert het World Trade Center vlak voordat het neerstortte in de tweede toren van het World Trade Center op 11 september 2001 in New York. &#8211; SETH MCALLISTER \/ AFP<\/figcaption><\/figure>\n<\/div>\n<p>Veel tv-zenders onderbraken reclamespots en ochtendprogramma&#8217;s om live beelden van de Twin Towers uit te zenden na de eerste aanval, zoals CNN <a href=\"https:\/\/archive.org\/details\/911\/day\/20010911#id\/CNN_20010911_110000_CNN_Live_at_Daybreak\/start\/12:49:26UTC\" target=\"_blank\" rel=\"noopener\" shape=\"rect\">hier<\/a> en TCN <a href=\"https:\/\/archive.org\/details\/911\/day\/20010911#id\/TCN_20010911_123000_Texas_Cable_News\/start\/12:53:57UTC\" target=\"_blank\" rel=\"noopener\" shape=\"rect\">hier<\/a> in Texas, BBC World <a href=\"https:\/\/archive.org\/details\/911\/day\/20010911#id\/BBC_20010911_124500_Sport_Today\/start\/12:58:26UTC\" target=\"_blank\" rel=\"noopener\" shape=\"rect\">hier<\/a> in Groot-Brittanni\u00eb, Canadian News V (NEWSW) <a href=\"https:\/\/archive.org\/details\/911\/day\/20010911#id\/NEWSW_20010911_100000_CBC_Morning\/start\/12:52:26UTC\" target=\"_blank\" rel=\"noopener\" shape=\"rect\">hier<\/a> of het Mexicaanse AZT <a href=\"https:\/\/archive.org\/details\/911\/day\/20010911#id\/AZT_20010911_110000_Noticiario_Hechos\/start\/12:50:00UTC\/chan\/AZT\" target=\"_blank\" rel=\"noopener\" shape=\"rect\">hier<\/a>.<\/p>\n<p>De inslag van het tweede vliegtuig werd daarom live uitgezonden op televisie. Mensen die ter plaatse waren,\u00a0 waaronder verschillende journalisten van AFP, hebben het ook gezien.<\/p>\n<p>CBS zond ook live nieuws uit toen het tweede vliegtuig de South Tower raakte, zoals te zien is <a href=\"https:\/\/www.facebook.com\/watch\/?v=289753845184524\" target=\"_blank\" rel=\"noopener\" shape=\"rect\">in deze video van 11 september 2001<\/a> (<a href=\"https:\/\/perma.cc\/6ZRL-8MJT?type=image\" target=\"_blank\" rel=\"noopener\" shape=\"rect\">hier<\/a> gearchiveerd ). Tv-presentator Bryant Gumbel vraagt een vrouw genaamd Theresa <a href=\"https:\/\/perma.cc\/TXW2-8ZCB\" target=\"_blank\" rel=\"noopener\" shape=\"rect\">Renaud<\/a> wat ze zag toen de tweede inslag plaatsvond en te zien was op een live tv-kanaal om 06:07 uur. &#8220;Oh, er is er nog \u00e9\u00e9n, een ander vliegtuig heeft net &#8211; oh mijn god &#8211; een ander vliegtuig heeft net nog een gebouw geraak&#8221;, roept ze uit.<\/p>\n<p>Michel Moutot, een AFP-verslaggever in New York ten tijde van de aanval, <a href=\"https:\/\/making-of.afp.com\/nous-signale-un-incendie-en-hauteur-du-world-trade-center\" target=\"_blank\" rel=\"noopener\" shape=\"rect\">sprak in 2016<\/a> over zijn herinneringen aan het verslaan van de gebeurtenissen en het live kijken <a href=\"https:\/\/archive.org\/details\/911\/day\/20010911#id\/CNN_20010911_130000_CNN_Live_This_Morning\/start\/13:02:56UTC\" target=\"_blank\" rel=\"noopener\" shape=\"rect\">op CNN<\/a> toen de tweede toren werd geraakt.<\/p>\n<p>Na de gebeurtenis werden <a href=\"https:\/\/perma.cc\/76J7-5S9Y\" target=\"_blank\" rel=\"noopener\" shape=\"rect\">fragmenten van het vliegtuig verzameld<\/a> rondom het WTC en zelfs tot <a href=\"https:\/\/perma.cc\/5PBJ-EREH\" target=\"_blank\" rel=\"noopener\" shape=\"rect\">een paar blokken verderop<\/a>. &#8220;Voetgangers in de blokken rondom het World Trade Center kwamen onbekende metalen voorwerpen tegen op de grond. Niet iedereen herkende deze meteen als stukken van de vliegtuigen die net de torens waren ingevlogen&#8221;, wordt uitgelegd op de herdenkingswebsite van de aanslagen.<\/p>\n<div class=\"g2image\">\n<figure><img src=\"https:\/\/belux-edmo.s3-accelerate.amazonaws.com\/wp-content\/uploads\/2023\/10\/d73547eaf078f7078c4e6981def46a76a91f54fa-ipad.jpg\" \/><figcaption>Voetgangers lopen door het puin na het instorten van een van de torens van het World Trade Center op 11 september 2001 in New York. &#8211; STAN HONDA \/ AFP<\/figcaption><\/figure>\n<\/div>\n<p><b><strong>Ooggetuigenverslag is uit zijn verband gerukt<\/strong>\u00a0<\/b><\/p>\n<p>De bewering die in het Nederlands op Facebook te vinden is waarin een ooggetuige wordt geciteerd die suggereert dat de tweede toren werd geveld door een bom in plaats van door een vliegtuig, is uit zijn verband gerukt.<\/p>\n<p>Het fragment dat in de posts wordt<strong>\u00a0<\/strong>gekoppeld aan de bewering is afkomstig uit een veel langere <a href=\"https:\/\/web.archive.org\/web\/20231006122144\/https:\/\/nsfwyoutube.com\/watchmore?v=siYkDNbeRZk\" target=\"_blank\" rel=\"noopener\" shape=\"rect\">video<\/a> op YouTube. Zowel het bericht als de oorspronkelijke video laat zien dat vlak voordat het tweede vliegtuig in de tweede toren vloog, de camera niet op het WTC was gericht. Op de originele beelden ondervragen de cameraman en de groep mensen met wie hij is elkaar verschillende keren over wat er zojuist is gebeurd, waarbij sommigen van hen suggereren dat het een vliegtuig was dat in de tweede wolkenkrabber vloog en anderen beweren dat het een bom was.<\/p>\n<p>Uit de lange video blijkt duidelijk dat de groep mensen speculeert over wat er zojuist is gebeurd, omdat ze niet zeker weten wat ze hebben gezien. Zoals uitgelegd in de vorige paragraaf, hebben veel andere mensen het tweede vliegtuig gezien dat in de tweede van de twin towers vloog.<\/p>\n<p>DPA heeft ook een factcheck artikel over geschreven (lees dat artikel <a href=\"https:\/\/dpa-factchecking.com\/netherlands\/230911-99-156382\/?fbclid=IwAR1dG0tB8P5dIkG1z1z4gxFH9sZGJjxkvxYbb80L0k6fnHvJiHOMQdfhb-A\" shape=\"rect\">hier<\/a>).<\/p>\n<p><b>Onderzoek wees uit dat wijdverspreide branden tot instorting leidden\u00a0<\/b><\/p>\n<p>Offici\u00eble rapporten van Amerikaanse federale rampenonderzoekers en analyses van bouwtechnische experts tonen aan dat de branden als gevolg van de vliegtuigen die de torens raakten, de draagconstructies van de gebouwen verzwakten, wat uiteindelijk leidde tot hun instorting.<\/p>\n<p>Het Amerikaanse Federal Emergency Management Agency (FEMA) en het National Institute of Standards and Technology (NIST) onderzochten de instorting van de WTC-torens. <a href=\"https:\/\/www.fema.gov\/pdf\/library\/fema403_cb.pdf#page=36\" target=\"_blank\" rel=\"noopener\" shape=\"rect\">Het FEMA-rapport<\/a> (gearchiveerde versie <a href=\"https:\/\/perma.cc\/AZ7W-5NH4\" target=\"_blank\" rel=\"noopener\" shape=\"rect\">hier<\/a>) werd in 2002 gepubliceerd en dat van <a href=\"https:\/\/www.nist.gov\/el\/final-reports-nist-world-trade-center-disaster-investigation\" target=\"_blank\" rel=\"noopener\" shape=\"rect\">NIST in 2005<\/a> (<a href=\"https:\/\/perma.cc\/2TKZ-HZFN\" target=\"_blank\" rel=\"noopener\" shape=\"rect\">hier<\/a> gearchiveerd). Zoals gesteld in een <a href=\"https:\/\/theconversation.com\/9-11-conspiracy-theories-debunked-20-years-later-engineering-experts-explain-how-the-twin-towers-collapsed-167353\" target=\"_blank\" rel=\"noopener\" shape=\"rect\">artikel<\/a> uit 2021 in The Conversation (gearchiveerde versie <a href=\"https:\/\/perma.cc\/5YF7-CW2U\" target=\"_blank\" rel=\"noopener\" shape=\"rect\">hier<\/a>) door drie civieltechnische experts (waarvan er \u00e9\u00e9n betrokken was bij het NIST-onderzoek), zijn beide rapporten bekritiseerd en waren de rapporten niet &#8220;foutloos&#8221;, maar &#8220;hun verklaring voor het instorten van de gebouwen wordt algemeen geaccepteerd&#8221;.<\/p>\n<p>Zoals samengevat op de pagina met <a href=\"https:\/\/www.nist.gov\/world-trade-center-investigation\/study-faqs\/wtc-towers-investigation\" target=\"_blank\" rel=\"noopener\" shape=\"rect\">veelgestelde vragen<\/a> (<a href=\"https:\/\/perma.cc\/8JDJ-CWGC\" target=\"_blank\" rel=\"noopener\" shape=\"rect\">hier<\/a> gearchiveerd) over het NIST-onderzoek, werd er geen &#8220;bevestigend bewijs [gevonden] voor alternatieve hypotheses die suggereren dat de WTC-torens werden neergehaald door gecontroleerde demolitie met behulp van explosieven&#8221;.<\/p>\n<p>&#8220;In plaats daarvan laten foto&#8217;s en video&#8217;s vanuit verschillende hoeken duidelijk zien dat de instorting begon bij de brand- en inslagverdiepingen en dat de instorting zich vanaf de initi\u00ebrende verdiepingen naar beneden voortzette totdat de stofwolken het zicht ontnamen,&#8221; volgens het NIST op haar webpagina.<\/p>\n<p>Verder wordt uitgelegd dat door de impact van de vliegtuigen steunpilaren en brandwerend materiaal werden beschadigd, en dat de vliegtuigbrandstof zich op grote schaal over meerdere verdiepingen verspreidde. De grote hoeveelheid vliegtuigbrandstof die op veel verdiepingen brand veroorzaakte, zorgde ervoor dat deze doorzakten en naar binnen werden getrokken, aldus de site.\u00a0 &#8220;Dit leidde tot het naar binnen buigen van de perimeter kolommen en het bezwijken van de zuidkant van WTC 1 en de oostkant van WTC 2, wat de instorting van allebei de torens in gang zette&#8221;, werd geconcludeerd in het rapport.<\/p>\n<p>In het FEMA-rapport werd ontdekt dat, hoewel de hitte van brandende vliegtuigbrandstof niet genoeg leek te zijn om de instortingen te veroorzaken, de brandende brandstof zich verspreidde naar verschillende verdiepingen en een groot deel van hun interieur aanstak, wat leidde tot gelijktijdige branden op meerdere verdiepingen. Volgens het rapport was de hitte vergelijkbaar met &#8220;het vermogen geproduceerd door een grote commerci\u00eble elektriciteitscentrale&#8221;. De onderste lagen konden het gewicht van de bovenste lagen niet dragen.<\/p>\n<p><a href=\"https:\/\/perma.cc\/R9P2-NARZ\" target=\"_blank\" rel=\"noopener\" shape=\"rect\">James G. Quintiere<\/a>, emeritus hoogleraar brandveiligheid aan de Universiteit van Maryland, zei dat de vloeren bezweken onder het gewicht van de bovenste verdiepingen die bovenop hen vielen. &#8220;De torens storten recht naar beneden in, omdat wanneer verschillende brandende verdiepingen instortten, het gewicht op de volgende verdieping te veel was voor de verbindingen van de spanten. Dat wil zeggen, ze vielen als dominostenen&#8221;, liet hij per email aan AFP weten\u00a0in deze <a href=\"https:\/\/faktantarkistus.afp.com\/doc.afp.com.33WT66J\" target=\"_blank\" rel=\"noopener\" shape=\"rect\">factcheck artikel in het Fins<\/a> op 18 september 2023.<\/p>\n<p>Op de pagina met veelgestelde vragen van het NIST-rapport wordt ook uigelegd ook uit dat het gewicht &#8220;meer dan voldoende&#8221; was om de instorting van de lagen onder de eerste ingestorte lagen te veroorzaken. Een intacte laag had 11 extra lagen kunnen dragen als het gewicht er gelijkmatig op was geplaatst, en zes extra lagen als het gewicht er plotseling op was geplaatst, volgens de FAQ. Bij de instorting werkte het gewicht op de laatste manier, d.w.z. plotseling, en &#8220;omdat het aantal verdiepingen boven de geschatte instortingsvloer meer dan zes was in allebei de WTC-torens (12 verdiepingen in WTC 1 en 29 verdiepingen in WTC 2), waren de verdiepingen onder het instortingsinitiatiepunt niet in staat om de bovenste delen van de gebouwen te ondersteunen door het plotselinge gewicht van de lagen&#8221;.<\/p>\n<div class=\"g2image\">\n<figure><img src=\"https:\/\/belux-edmo.s3-accelerate.amazonaws.com\/wp-content\/uploads\/2023\/10\/559581a7820a813c0944cb30325491493367f635-ipad.jpg\" \/><figcaption>Screenshot van de FAQ-pagina van het NIST-rapport, genomen op 21\/9\/2023<\/figcaption><\/figure>\n<\/div>\n<p>Zoals vermeld <a href=\"https:\/\/nvlpubs.nist.gov\/nistpubs\/Legacy\/NCSTAR\/ncstar1.pdf#page=39\" target=\"_blank\" rel=\"noopener\" shape=\"rect\">in Sectie E.3<\/a> (<a href=\"https:\/\/perma.cc\/6KZZ-EGMN\" target=\"_blank\" rel=\"noopener\" shape=\"rect\">hier<\/a> gearchiveerd) van het volledige rapport, weerstonden de torens de inslagen van vliegtuigen en &#8220;zouden ze overeind zijn gebleven als de isolatie (vuurvaste laag) niet was losgeraakt en er geen branden waren geweest op meerdere verdiepingen&#8221;.<\/p>\n<p>In het <a href=\"https:\/\/www.fema.gov\/pdf\/library\/fema403_cb.pdf#page=36\" target=\"_blank\" rel=\"noopener\" shape=\"rect\">FEMA-rapport<\/a> (gearchiveerd <a href=\"https:\/\/perma.cc\/AZ7W-5NH4\" target=\"_blank\" rel=\"noopener\" shape=\"rect\">hier<\/a>) wordt er ook gezegd dat de torens &#8220;met schade overeind hadden kunnen blijven staan&#8221; als er geen &#8220;aanzienlijke extra belasting&#8221; was geweest. Branden veroorzaakt door vliegtuigbotsingen waren zo&#8217;n belasting. &#8220;Gedurende enkele minuten veroorzaakte de hitte extra spanning op de beschadigde structurele frames, terwijl deze frames zachter en zwakker werden. Deze extra spanning en de resulterende schade was voldoende om de instorting van beide structuren te initi\u00ebren,&#8221; aldus het rapport.<\/p>\n<p><b><strong>Onderzoek, beeldmateriaal en ooggetuigen tonen vliegtuigcrash op Pentagon<\/strong>\u00a0<\/b><\/p>\n<p><span style=\"color: #000000;\">Op Nederlandse sociale media duiken regelmatig valse beweringen op, die in twijfel trekken dat er een vliegtuig in het Pentagon is gestort, en suggereren dat er geen stukken van het vliegtuig te vinden waren na de aanval (<a href=\"https:\/\/web.archive.org\/web\/20230929125657\/https:\/\/twitter.com\/georgevanhouts\/status\/1701448476393881719\" target=\"_blank\" rel=\"noopener\" shape=\"rect\">hier<\/a> en <a href=\"https:\/\/perma.cc\/WYG7-Q9H9?type=image\" target=\"_blank\" rel=\"noopener\" shape=\"rect\">hier<\/a> en <a href=\"https:\/\/perma.cc\/XKF4-NH64\" target=\"_blank\" rel=\"noopener\" shape=\"rect\">hier<\/a>).\u00a0<br clear=\"none\" \/><\/span><\/p>\n<p>De FBI en de Amerikaanse marine hebben echter foto&#8217;s vrijgegeven die zijn genomen op de plaats van de aanval, waar de resten van het vliegtuig zijn gevonden (<a href=\"https:\/\/perma.cc\/3X9V-HXGT\" target=\"_blank\" rel=\"noopener\" shape=\"rect\">hier<\/a> en <a href=\"https:\/\/perma.cc\/9SZT-NGVA\" target=\"_blank\" rel=\"noopener\" shape=\"rect\">hier<\/a>). <a href=\"https:\/\/archive.is\/hCQ70\" target=\"_blank\" rel=\"noopener\" shape=\"rect\">De zwarte doos met stemopnames en vluchtgegevens werd gevonden in het ingestorte gebouw<\/a> op 14 september 2001.<\/p>\n<p>Bovendien zagen veel mensen het vliegtuig dat het Amerikaanse ministerie van Defensie binnenvloog, omdat het Pentagon <a href=\"https:\/\/perma.cc\/3SQG-2G8J\" target=\"_blank\" rel=\"noopener\" shape=\"rect\">omgeven is door drukke snelwegen<\/a>. Mary Ann Owens, een professor aan de Virginia Commonwealth University, was <a href=\"https:\/\/perma.cc\/HN9A-Q25T\" target=\"_blank\" rel=\"noopener\" shape=\"rect\">een van die getuigen<\/a>. Ze zag het vliegtuig toen ze vastzat in het verkeer. &#8220;De gedachte dat ik zou sterven was onmiddellijk en zeker. Dit vliegtuig zou me raken samen met alle andere mensen die vastzaten in auto&#8217;s op Washington Boulevard,&#8221; vertelde ze zich <a href=\"https:\/\/perma.cc\/6AAB-FALZ\" target=\"_blank\" rel=\"noopener\" shape=\"rect\">een jaar later<\/a>.<\/p>\n<div class=\"g2image\">\n<figure><img src=\"https:\/\/belux-edmo.s3-accelerate.amazonaws.com\/wp-content\/uploads\/2023\/10\/6c70c88ae75978a8a08fe7f645492b1e8e2e6656-ipad.jpg\" \/><figcaption>Vlammen slaan uit een brandhaard in het Pentagon in Washington, DC, eind 13 september 2001. &#8211; SHAWN THEW \/ AFP<\/figcaption><\/figure>\n<\/div>\n<p>Beweringen dat de schade aan het gebouw niet veroorzaakt kon zijn door een vliegtuig zijn al vele malen ontkracht door journalisten, onderzoekers en experts, bijvoorbeeld <a href=\"https:\/\/www.popularmechanics.com\/military\/a5659\/debunking-911-myths-pentagon\/\" target=\"_blank\" rel=\"noopener\" shape=\"rect\">hier<\/a> op de website van het gespecialiseerde tijdschrift &#8220;Popular Mechanics&#8221; en <a href=\"https:\/\/perma.cc\/9749-LS9L\" target=\"_blank\" rel=\"noopener\" shape=\"rect\">hier<\/a> door de factchecking organisatie Snopes.<\/p>\n<p>De <a href=\"https:\/\/perma.cc\/J6BW-EJ52\" target=\"_blank\" rel=\"noopener\" shape=\"rect\">American Society of Civil Engineers<\/a>\u00a0(ASCE) stelde in 2003 een <a href=\"https:\/\/perma.cc\/ZR5E-U43C\" target=\"_blank\" rel=\"noopener\" shape=\"rect\">gedetailleerd rapport<\/a> op over de aanval en de stabiliteit van het Pentagon-gebouw. Dit is ook opgenomen in het 2007 &#8220;<a href=\"https:\/\/perma.cc\/WAP3-W2QF\" target=\"_blank\" rel=\"noopener\" shape=\"rect\">Pentagon 9\/11<\/a>&#8221; rapport van het <a href=\"https:\/\/perma.cc\/K9EZ-WJD4\" target=\"_blank\" rel=\"noopener\" shape=\"rect\">Defense Department&#8217;s Office of History<\/a>.<\/p>\n<p>Het ASCE rapport bevat onder andere <a href=\"https:\/\/perma.cc\/SM6V-67ZQ\" target=\"_blank\" rel=\"noopener\" shape=\"rect\">screenshot van een bewakingscamera<\/a> die seconde-voor-seconde beelden opnam van het neerstortende vliegtuig en de inslag op de buitenmuur van het Pentagon, evenals details van de schade aan individuele kolommen <a href=\"https:\/\/archive.ph\/oV3hr\" target=\"_blank\" rel=\"noopener\" shape=\"rect\">binnen het gebouw<\/a>.<\/p>\n<div class=\"g2image\">\n<figure><img src=\"https:\/\/belux-edmo.s3-accelerate.amazonaws.com\/wp-content\/uploads\/2023\/10\/5d169f7f5a0803f1d6e602cf629f95d1cb8bc77d-ipad.jpg\" \/><figcaption>Screenshot van pagina 21 van het &#8220;Pentagon 9\/11&#8221; rapport, genomen op 17 augustus 2022<\/figcaption><\/figure>\n<\/div>\n<p>Het &#8220;Pentagon 9\/11&#8221;-rapport toont de <a href=\"https:\/\/perma.cc\/C9JV-PYUH\" target=\"_blank\" rel=\"noopener\" shape=\"rect\">baan van het vliegtuig en de inslag op het gebouw<\/a>. &#8220;Terwijl het onmiddellijke gebied in het gebouw dat werd geraakt door de neus van het vliegtuig klein was, besloeg het gebied dat vervolgens werd vernietigd door de grote brokstukken van het vliegtuig en de meervoudige explosies van vliegtuigbrandstof uit de verbrijzelde tanks seconden na de inslag een groter onregelmatig gebied van meer dan een hectare op de eerste en tweede verdieping,&#8221; aldus het rapport. &#8220;Delen van het vliegtuig &#8211; inclusief een bandgedeelte &#8211; stortten neer door de drie buitenste ringen van de Pentagonkantoren en kwamen tevoorschijn uit wat bekend staat als een &#8216;gat in de C-ringmuur,'&#8221; staat er.<\/p>\n<p>Op de <a href=\"https:\/\/www.defense.gov\/Multimedia\/Experience\/Pentagon-Memorial\/\" target=\"_blank\" rel=\"noopener\" shape=\"rect\">herdenkingswebsite van het Pentagon<\/a> wordt vermeld dat 125 mensen omkwamen in het Pentagon door de aanslag en alle 64 passagiers in het vliegtuig.<strong>\u00a0<\/strong><\/p>\n","protected":false},"excerpt":{"rendered":"<p>Berichten gedeeld in september 2023 in het nederlands op X, voorheen Twitter, en Facebook beweren ten onrechte dat er geen vliegtuig in de zuidelijke toren van het World Trade Center vloog, de tweede toren die op 9\/11 werd aangevallen, maar dat deze werd verwoest door een geplande explosie.<\/p>\n","protected":false},"author":1,"featured_media":290986,"comment_status":"closed","ping_status":"open","sticky":false,"template":"","format":"standard","meta":{"_acf_changed":false,"footnotes":""},"categories":[124,137,131],"tags":[],"class_list":{"0":"post-291031","1":"post","2":"type-post","3":"status-publish","4":"format-standard","5":"has-post-thumbnail","7":"category-fact-check-nl","8":"category-maatschappij","9":"category-politiek"},"acf":{"show_metatags":true,"id":"http:\/\/doc.afp.com\/33XK88T","authors":"Charlotte STEENACKERS \/ AFP USA \/ AFP Finland \/ AFP Belgrado","organization":"AFP","featured_image_copyright":"","text_copyright":"\u00a9 AGENCE FRANCE-PRESSE | 2024 | All rights reserved. Elk gebruik van AFP-inhoud op deze website is onderworpen aan de gebruiksvoorwaarden die beschikbaar zijn op <a href='https:\/\/www.afp.com\/en\/terms-use' target='_blank'>CGU<\/a>. Door de inhoud van AFP op deze website te openen en\/of te gebruiken, gaat u ermee akkoord gebonden te zijn aan de bovengenoemde gebruiksvoorwaarden. Any use of AFP content is under your sole and full responsibility.","source":"https:\/\/factchecknederland.afp.com\/doc.afp.com.33XK88T","fact_checker":"https:\/\/belux.wpengine.com\/wp-content\/uploads\/2021\/12\/afp_logo.png","type":"Gesloten evenement","location":"","start_date":"","start_date_event_begins_at":"","start_date_event_ends_at":"","end_date":"","end_date_event_begins_at":"","end_date_event_ends_at":"","organizer":"","fact_checker_logo_image":false},"yoast_head":"<!-- This site is optimized with the Yoast SEO plugin v27.0 - https:\/\/yoast.com\/product\/yoast-seo-wordpress\/ -->\n<title>Twin towers en Pentagon werden geraakt door vliegtuigen tijdens 9\/11 aanvallen, in tegenstelling tot valse beweringen - EDMO Belux<\/title>\n<meta name=\"robots\" content=\"index, follow, max-snippet:-1, max-image-preview:large, max-video-preview:-1\" \/>\n<link rel=\"canonical\" href=\"https:\/\/belux.edmo.eu\/nl\/twin-towers-en-pentagon-werden-geraakt-door-vliegtuigen-tijdens-911-aanvallen-in-tegenstelling-tot-valse-beweringen\/\" \/>\n<meta property=\"og:locale\" content=\"nl_NL\" \/>\n<meta property=\"og:type\" content=\"article\" \/>\n<meta property=\"og:title\" content=\"Twin towers en Pentagon werden geraakt door vliegtuigen tijdens 9\/11 aanvallen, in tegenstelling tot valse beweringen - EDMO Belux\" \/>\n<meta property=\"og:description\" content=\"Berichten gedeeld in september 2023 in het nederlands op X, voorheen Twitter, en Facebook beweren ten onrechte dat er geen vliegtuig in de zuidelijke toren van het World Trade Center vloog, de tweede toren die op 9\/11 werd aangevallen, maar dat deze werd verwoest door een geplande explosie.\" \/>\n<meta property=\"og:url\" content=\"https:\/\/belux.edmo.eu\/nl\/twin-towers-en-pentagon-werden-geraakt-door-vliegtuigen-tijdens-911-aanvallen-in-tegenstelling-tot-valse-beweringen\/\" \/>\n<meta property=\"og:site_name\" content=\"EDMO Belux\" \/>\n<meta property=\"article:published_time\" content=\"2023-10-11T09:50:03+00:00\" \/>\n<meta property=\"article:modified_time\" content=\"2023-10-16T12:28:29+00:00\" \/>\n<meta property=\"og:image\" content=\"https:\/\/belux-edmo.s3-accelerate.amazonaws.com\/wp-content\/uploads\/2023\/10\/eda85c62c7a02f330b9e5254351f3fe9c8b49001-ipad.jpg\" \/>\n\t<meta property=\"og:image:width\" content=\"1080\" \/>\n\t<meta property=\"og:image:height\" content=\"540\" \/>\n\t<meta property=\"og:image:type\" content=\"image\/jpeg\" \/>\n<meta name=\"author\" content=\"master\" \/>\n<meta name=\"twitter:card\" content=\"summary_large_image\" \/>\n<meta name=\"twitter:creator\" content=\"@Edmo_Belux\" \/>\n<meta name=\"twitter:site\" content=\"@Edmo_Belux\" \/>\n<meta name=\"twitter:label1\" content=\"Geschreven door\" \/>\n\t<meta name=\"twitter:data1\" content=\"master\" \/>\n\t<meta name=\"twitter:label2\" content=\"Geschatte leestijd\" \/>\n\t<meta name=\"twitter:data2\" content=\"13 minuten\" \/>\n<script type=\"application\/ld+json\" class=\"yoast-schema-graph\">{\"@context\":\"https:\/\/schema.org\",\"@graph\":[{\"@type\":\"Article\",\"@id\":\"https:\/\/belux.edmo.eu\/nl\/twin-towers-en-pentagon-werden-geraakt-door-vliegtuigen-tijdens-911-aanvallen-in-tegenstelling-tot-valse-beweringen\/#article\",\"isPartOf\":{\"@id\":\"https:\/\/belux.edmo.eu\/nl\/twin-towers-en-pentagon-werden-geraakt-door-vliegtuigen-tijdens-911-aanvallen-in-tegenstelling-tot-valse-beweringen\/\"},\"author\":{\"name\":\"master\",\"@id\":\"https:\/\/belux.edmo.eu\/#\/schema\/person\/dbe3b252258537fd318f9b5645a30342\"},\"headline\":\"Twin towers en Pentagon werden geraakt door vliegtuigen tijdens 9\/11 aanvallen, in tegenstelling tot valse beweringen\",\"datePublished\":\"2023-10-11T09:50:03+00:00\",\"dateModified\":\"2023-10-16T12:28:29+00:00\",\"mainEntityOfPage\":{\"@id\":\"https:\/\/belux.edmo.eu\/nl\/twin-towers-en-pentagon-werden-geraakt-door-vliegtuigen-tijdens-911-aanvallen-in-tegenstelling-tot-valse-beweringen\/\"},\"wordCount\":2503,\"publisher\":{\"@id\":\"https:\/\/belux.edmo.eu\/#organization\"},\"image\":{\"@id\":\"https:\/\/belux.edmo.eu\/nl\/twin-towers-en-pentagon-werden-geraakt-door-vliegtuigen-tijdens-911-aanvallen-in-tegenstelling-tot-valse-beweringen\/#primaryimage\"},\"thumbnailUrl\":\"https:\/\/belux-edmo.s3-accelerate.amazonaws.com\/wp-content\/uploads\/2023\/10\/eda85c62c7a02f330b9e5254351f3fe9c8b49001-ipad.jpg\",\"articleSection\":[\"Fact Check\",\"Maatschappij\",\"Politiek\"],\"inLanguage\":\"nl-NL\"},{\"@type\":\"WebPage\",\"@id\":\"https:\/\/belux.edmo.eu\/nl\/twin-towers-en-pentagon-werden-geraakt-door-vliegtuigen-tijdens-911-aanvallen-in-tegenstelling-tot-valse-beweringen\/\",\"url\":\"https:\/\/belux.edmo.eu\/nl\/twin-towers-en-pentagon-werden-geraakt-door-vliegtuigen-tijdens-911-aanvallen-in-tegenstelling-tot-valse-beweringen\/\",\"name\":\"Twin towers en Pentagon werden geraakt door vliegtuigen tijdens 9\/11 aanvallen, in tegenstelling tot valse beweringen - EDMO Belux\",\"isPartOf\":{\"@id\":\"https:\/\/belux.edmo.eu\/#website\"},\"primaryImageOfPage\":{\"@id\":\"https:\/\/belux.edmo.eu\/nl\/twin-towers-en-pentagon-werden-geraakt-door-vliegtuigen-tijdens-911-aanvallen-in-tegenstelling-tot-valse-beweringen\/#primaryimage\"},\"image\":{\"@id\":\"https:\/\/belux.edmo.eu\/nl\/twin-towers-en-pentagon-werden-geraakt-door-vliegtuigen-tijdens-911-aanvallen-in-tegenstelling-tot-valse-beweringen\/#primaryimage\"},\"thumbnailUrl\":\"https:\/\/belux-edmo.s3-accelerate.amazonaws.com\/wp-content\/uploads\/2023\/10\/eda85c62c7a02f330b9e5254351f3fe9c8b49001-ipad.jpg\",\"datePublished\":\"2023-10-11T09:50:03+00:00\",\"dateModified\":\"2023-10-16T12:28:29+00:00\",\"breadcrumb\":{\"@id\":\"https:\/\/belux.edmo.eu\/nl\/twin-towers-en-pentagon-werden-geraakt-door-vliegtuigen-tijdens-911-aanvallen-in-tegenstelling-tot-valse-beweringen\/#breadcrumb\"},\"inLanguage\":\"nl-NL\",\"potentialAction\":[{\"@type\":\"ReadAction\",\"target\":[\"https:\/\/belux.edmo.eu\/nl\/twin-towers-en-pentagon-werden-geraakt-door-vliegtuigen-tijdens-911-aanvallen-in-tegenstelling-tot-valse-beweringen\/\"]}]},{\"@type\":\"ImageObject\",\"inLanguage\":\"nl-NL\",\"@id\":\"https:\/\/belux.edmo.eu\/nl\/twin-towers-en-pentagon-werden-geraakt-door-vliegtuigen-tijdens-911-aanvallen-in-tegenstelling-tot-valse-beweringen\/#primaryimage\",\"url\":\"https:\/\/belux-edmo.s3-accelerate.amazonaws.com\/wp-content\/uploads\/2023\/10\/eda85c62c7a02f330b9e5254351f3fe9c8b49001-ipad.jpg\",\"contentUrl\":\"https:\/\/belux-edmo.s3-accelerate.amazonaws.com\/wp-content\/uploads\/2023\/10\/eda85c62c7a02f330b9e5254351f3fe9c8b49001-ipad.jpg\",\"width\":1080,\"height\":540,\"caption\":\"Twin towers en Pentagon werden geraakt door vliegtuigen tijdens 9\/11 aanvallen, in tegenstelling tot valse beweringen - Featured image\"},{\"@type\":\"BreadcrumbList\",\"@id\":\"https:\/\/belux.edmo.eu\/nl\/twin-towers-en-pentagon-werden-geraakt-door-vliegtuigen-tijdens-911-aanvallen-in-tegenstelling-tot-valse-beweringen\/#breadcrumb\",\"itemListElement\":[{\"@type\":\"ListItem\",\"position\":1,\"name\":\"Home\",\"item\":\"https:\/\/belux.edmo.eu\/nl\/redesign-homepage\/\"},{\"@type\":\"ListItem\",\"position\":2,\"name\":\"Twin towers en Pentagon werden geraakt door vliegtuigen tijdens 9\/11 aanvallen, in tegenstelling tot valse beweringen\"}]},{\"@type\":\"WebSite\",\"@id\":\"https:\/\/belux.edmo.eu\/#website\",\"url\":\"https:\/\/belux.edmo.eu\/\",\"name\":\"EDMO Belux\",\"description\":\"Monitoring Disinformation in Belgium and Luxembourg\",\"publisher\":{\"@id\":\"https:\/\/belux.edmo.eu\/#organization\"},\"potentialAction\":[{\"@type\":\"SearchAction\",\"target\":{\"@type\":\"EntryPoint\",\"urlTemplate\":\"https:\/\/belux.edmo.eu\/?s={search_term_string}\"},\"query-input\":{\"@type\":\"PropertyValueSpecification\",\"valueRequired\":true,\"valueName\":\"search_term_string\"}}],\"inLanguage\":\"nl-NL\"},{\"@type\":\"Organization\",\"@id\":\"https:\/\/belux.edmo.eu\/#organization\",\"name\":\"EDMO Belux\",\"url\":\"https:\/\/belux.edmo.eu\/\",\"logo\":{\"@type\":\"ImageObject\",\"inLanguage\":\"nl-NL\",\"@id\":\"https:\/\/belux.edmo.eu\/#\/schema\/logo\/image\/\",\"url\":\"https:\/\/belux.edmo.eu\/wp-content\/uploads\/2021\/12\/belux-logo-full-color-rgb.svg\",\"contentUrl\":\"https:\/\/belux.edmo.eu\/wp-content\/uploads\/2021\/12\/belux-logo-full-color-rgb.svg\",\"width\":1,\"height\":1,\"caption\":\"EDMO Belux\"},\"image\":{\"@id\":\"https:\/\/belux.edmo.eu\/#\/schema\/logo\/image\/\"},\"sameAs\":[\"https:\/\/x.com\/Edmo_Belux\"]},{\"@type\":\"Person\",\"@id\":\"https:\/\/belux.edmo.eu\/#\/schema\/person\/dbe3b252258537fd318f9b5645a30342\",\"name\":\"master\",\"sameAs\":[\"https:\/\/belux.wpengine.com\"],\"url\":\"https:\/\/belux.edmo.eu\/nl\/author\/master\/\"}]}<\/script>\n<!-- \/ Yoast SEO plugin. -->","yoast_head_json":{"title":"Twin towers en Pentagon werden geraakt door vliegtuigen tijdens 9\/11 aanvallen, in tegenstelling tot valse beweringen - EDMO Belux","robots":{"index":"index","follow":"follow","max-snippet":"max-snippet:-1","max-image-preview":"max-image-preview:large","max-video-preview":"max-video-preview:-1"},"canonical":"https:\/\/belux.edmo.eu\/nl\/twin-towers-en-pentagon-werden-geraakt-door-vliegtuigen-tijdens-911-aanvallen-in-tegenstelling-tot-valse-beweringen\/","og_locale":"nl_NL","og_type":"article","og_title":"Twin towers en Pentagon werden geraakt door vliegtuigen tijdens 9\/11 aanvallen, in tegenstelling tot valse beweringen - EDMO Belux","og_description":"Berichten gedeeld in september 2023 in het nederlands op X, voorheen Twitter, en Facebook beweren ten onrechte dat er geen vliegtuig in de zuidelijke toren van het World Trade Center vloog, de tweede toren die op 9\/11 werd aangevallen, maar dat deze werd verwoest door een geplande explosie.","og_url":"https:\/\/belux.edmo.eu\/nl\/twin-towers-en-pentagon-werden-geraakt-door-vliegtuigen-tijdens-911-aanvallen-in-tegenstelling-tot-valse-beweringen\/","og_site_name":"EDMO Belux","article_published_time":"2023-10-11T09:50:03+00:00","article_modified_time":"2023-10-16T12:28:29+00:00","og_image":[{"width":1080,"height":540,"url":"https:\/\/belux-edmo.s3-accelerate.amazonaws.com\/wp-content\/uploads\/2023\/10\/eda85c62c7a02f330b9e5254351f3fe9c8b49001-ipad.jpg","type":"image\/jpeg"}],"author":"master","twitter_card":"summary_large_image","twitter_creator":"@Edmo_Belux","twitter_site":"@Edmo_Belux","twitter_misc":{"Geschreven door":"master","Geschatte leestijd":"13 minuten"},"schema":{"@context":"https:\/\/schema.org","@graph":[{"@type":"Article","@id":"https:\/\/belux.edmo.eu\/nl\/twin-towers-en-pentagon-werden-geraakt-door-vliegtuigen-tijdens-911-aanvallen-in-tegenstelling-tot-valse-beweringen\/#article","isPartOf":{"@id":"https:\/\/belux.edmo.eu\/nl\/twin-towers-en-pentagon-werden-geraakt-door-vliegtuigen-tijdens-911-aanvallen-in-tegenstelling-tot-valse-beweringen\/"},"author":{"name":"master","@id":"https:\/\/belux.edmo.eu\/#\/schema\/person\/dbe3b252258537fd318f9b5645a30342"},"headline":"Twin towers en Pentagon werden geraakt door vliegtuigen tijdens 9\/11 aanvallen, in tegenstelling tot valse beweringen","datePublished":"2023-10-11T09:50:03+00:00","dateModified":"2023-10-16T12:28:29+00:00","mainEntityOfPage":{"@id":"https:\/\/belux.edmo.eu\/nl\/twin-towers-en-pentagon-werden-geraakt-door-vliegtuigen-tijdens-911-aanvallen-in-tegenstelling-tot-valse-beweringen\/"},"wordCount":2503,"publisher":{"@id":"https:\/\/belux.edmo.eu\/#organization"},"image":{"@id":"https:\/\/belux.edmo.eu\/nl\/twin-towers-en-pentagon-werden-geraakt-door-vliegtuigen-tijdens-911-aanvallen-in-tegenstelling-tot-valse-beweringen\/#primaryimage"},"thumbnailUrl":"https:\/\/belux-edmo.s3-accelerate.amazonaws.com\/wp-content\/uploads\/2023\/10\/eda85c62c7a02f330b9e5254351f3fe9c8b49001-ipad.jpg","articleSection":["Fact Check","Maatschappij","Politiek"],"inLanguage":"nl-NL"},{"@type":"WebPage","@id":"https:\/\/belux.edmo.eu\/nl\/twin-towers-en-pentagon-werden-geraakt-door-vliegtuigen-tijdens-911-aanvallen-in-tegenstelling-tot-valse-beweringen\/","url":"https:\/\/belux.edmo.eu\/nl\/twin-towers-en-pentagon-werden-geraakt-door-vliegtuigen-tijdens-911-aanvallen-in-tegenstelling-tot-valse-beweringen\/","name":"Twin towers en Pentagon werden geraakt door vliegtuigen tijdens 9\/11 aanvallen, in tegenstelling tot valse beweringen - EDMO Belux","isPartOf":{"@id":"https:\/\/belux.edmo.eu\/#website"},"primaryImageOfPage":{"@id":"https:\/\/belux.edmo.eu\/nl\/twin-towers-en-pentagon-werden-geraakt-door-vliegtuigen-tijdens-911-aanvallen-in-tegenstelling-tot-valse-beweringen\/#primaryimage"},"image":{"@id":"https:\/\/belux.edmo.eu\/nl\/twin-towers-en-pentagon-werden-geraakt-door-vliegtuigen-tijdens-911-aanvallen-in-tegenstelling-tot-valse-beweringen\/#primaryimage"},"thumbnailUrl":"https:\/\/belux-edmo.s3-accelerate.amazonaws.com\/wp-content\/uploads\/2023\/10\/eda85c62c7a02f330b9e5254351f3fe9c8b49001-ipad.jpg","datePublished":"2023-10-11T09:50:03+00:00","dateModified":"2023-10-16T12:28:29+00:00","breadcrumb":{"@id":"https:\/\/belux.edmo.eu\/nl\/twin-towers-en-pentagon-werden-geraakt-door-vliegtuigen-tijdens-911-aanvallen-in-tegenstelling-tot-valse-beweringen\/#breadcrumb"},"inLanguage":"nl-NL","potentialAction":[{"@type":"ReadAction","target":["https:\/\/belux.edmo.eu\/nl\/twin-towers-en-pentagon-werden-geraakt-door-vliegtuigen-tijdens-911-aanvallen-in-tegenstelling-tot-valse-beweringen\/"]}]},{"@type":"ImageObject","inLanguage":"nl-NL","@id":"https:\/\/belux.edmo.eu\/nl\/twin-towers-en-pentagon-werden-geraakt-door-vliegtuigen-tijdens-911-aanvallen-in-tegenstelling-tot-valse-beweringen\/#primaryimage","url":"https:\/\/belux-edmo.s3-accelerate.amazonaws.com\/wp-content\/uploads\/2023\/10\/eda85c62c7a02f330b9e5254351f3fe9c8b49001-ipad.jpg","contentUrl":"https:\/\/belux-edmo.s3-accelerate.amazonaws.com\/wp-content\/uploads\/2023\/10\/eda85c62c7a02f330b9e5254351f3fe9c8b49001-ipad.jpg","width":1080,"height":540,"caption":"Twin towers en Pentagon werden geraakt door vliegtuigen tijdens 9\/11 aanvallen, in tegenstelling tot valse beweringen - Featured image"},{"@type":"BreadcrumbList","@id":"https:\/\/belux.edmo.eu\/nl\/twin-towers-en-pentagon-werden-geraakt-door-vliegtuigen-tijdens-911-aanvallen-in-tegenstelling-tot-valse-beweringen\/#breadcrumb","itemListElement":[{"@type":"ListItem","position":1,"name":"Home","item":"https:\/\/belux.edmo.eu\/nl\/redesign-homepage\/"},{"@type":"ListItem","position":2,"name":"Twin towers en Pentagon werden geraakt door vliegtuigen tijdens 9\/11 aanvallen, in tegenstelling tot valse beweringen"}]},{"@type":"WebSite","@id":"https:\/\/belux.edmo.eu\/#website","url":"https:\/\/belux.edmo.eu\/","name":"EDMO Belux","description":"Monitoring Disinformation in Belgium and Luxembourg","publisher":{"@id":"https:\/\/belux.edmo.eu\/#organization"},"potentialAction":[{"@type":"SearchAction","target":{"@type":"EntryPoint","urlTemplate":"https:\/\/belux.edmo.eu\/?s={search_term_string}"},"query-input":{"@type":"PropertyValueSpecification","valueRequired":true,"valueName":"search_term_string"}}],"inLanguage":"nl-NL"},{"@type":"Organization","@id":"https:\/\/belux.edmo.eu\/#organization","name":"EDMO Belux","url":"https:\/\/belux.edmo.eu\/","logo":{"@type":"ImageObject","inLanguage":"nl-NL","@id":"https:\/\/belux.edmo.eu\/#\/schema\/logo\/image\/","url":"https:\/\/belux.edmo.eu\/wp-content\/uploads\/2021\/12\/belux-logo-full-color-rgb.svg","contentUrl":"https:\/\/belux.edmo.eu\/wp-content\/uploads\/2021\/12\/belux-logo-full-color-rgb.svg","width":1,"height":1,"caption":"EDMO Belux"},"image":{"@id":"https:\/\/belux.edmo.eu\/#\/schema\/logo\/image\/"},"sameAs":["https:\/\/x.com\/Edmo_Belux"]},{"@type":"Person","@id":"https:\/\/belux.edmo.eu\/#\/schema\/person\/dbe3b252258537fd318f9b5645a30342","name":"master","sameAs":["https:\/\/belux.wpengine.com"],"url":"https:\/\/belux.edmo.eu\/nl\/author\/master\/"}]}},"menu_order":0,"_links":{"self":[{"href":"https:\/\/belux.edmo.eu\/nl\/wp-json\/wp\/v2\/posts\/291031","targetHints":{"allow":["GET"]}}],"collection":[{"href":"https:\/\/belux.edmo.eu\/nl\/wp-json\/wp\/v2\/posts"}],"about":[{"href":"https:\/\/belux.edmo.eu\/nl\/wp-json\/wp\/v2\/types\/post"}],"author":[{"embeddable":true,"href":"https:\/\/belux.edmo.eu\/nl\/wp-json\/wp\/v2\/users\/1"}],"replies":[{"embeddable":true,"href":"https:\/\/belux.edmo.eu\/nl\/wp-json\/wp\/v2\/comments?post=291031"}],"version-history":[{"count":0,"href":"https:\/\/belux.edmo.eu\/nl\/wp-json\/wp\/v2\/posts\/291031\/revisions"}],"wp:featuredmedia":[{"embeddable":true,"href":"https:\/\/belux.edmo.eu\/nl\/wp-json\/wp\/v2\/media\/290986"}],"wp:attachment":[{"href":"https:\/\/belux.edmo.eu\/nl\/wp-json\/wp\/v2\/media?parent=291031"}],"wp:term":[{"taxonomy":"category","embeddable":true,"href":"https:\/\/belux.edmo.eu\/nl\/wp-json\/wp\/v2\/categories?post=291031"},{"taxonomy":"post_tag","embeddable":true,"href":"https:\/\/belux.edmo.eu\/nl\/wp-json\/wp\/v2\/tags?post=291031"}],"curies":[{"name":"wp","href":"https:\/\/api.w.org\/{rel}","templated":true}]}}